{"id":55905,"date":"2012-01-12T17:17:58","date_gmt":"2012-01-12T16:17:58","guid":{"rendered":"http:\/\/www.visit-ulcinj.com\/blog\/?p=55905"},"modified":"2012-01-12T17:17:58","modified_gmt":"2012-01-12T16:17:58","slug":"shkreli-gjuha-shqipe-e-pa-barabarte","status":"publish","type":"post","link":"https:\/\/www.visit-ulcinj.com\/blog\/2012\/01\/12\/shkreli-gjuha-shqipe-e-pa-barabarte\/","title":{"rendered":"Shkreli: Gjuha shqipe e pa barabart\u00eb"},"content":{"rendered":"<p><a href=\"http:\/\/www.visit-ulcinj.com\/blog\/wp-content\/uploads\/2012\/01\/luigj-shkreli_ulqin.jpg\"><img loading=\"lazy\" class=\"alignleft  wp-image-55906\" title=\"luigj-shkreli_ulqin\" src=\"http:\/\/www.visit-ulcinj.com\/blog\/wp-content\/uploads\/2012\/01\/luigj-shkreli_ulqin.jpg\" alt=\"\" width=\"509\" height=\"360\" \/><\/a>An\u00ebtari i k\u00ebshillit kuvendor p\u00ebr \u00e7\u00ebshtjet kushtetuese Luigj Shkrela konsideron se iniciativa e PSD p\u00ebr vler\u00ebsimin e kushtetutshm\u00ebris\u00eb t\u00eb ligjit t\u00eb p\u00ebrgjithsh\u00ebm p\u00ebr arsimim, n\u00eb t\u00eb cilin vler\u00ebsohet se neni i cili ka t\u00eb b\u00ebj\u00eb me gjuh\u00ebn n\u00eb t\u00eb cilin zhvillohet procesi m\u00ebsimor, \u00ebsht\u00eb jokushtetutes nga aspekti formalo-juridik, por n\u00eb esenc\u00eb \u00ebsht\u00eb n\u00eb rregull.<\/p>\n<p>Ai vler\u00ebsoi se pajtohet me vler\u00ebsime e PSD p\u00ebr nenin 11 t\u00eb ligjit i cili \u00ebsht\u00eb n\u00eb kund\u00ebrshtim me zgjidhjet kushtetuese, sipas t\u00eb cilit gjuha serbe \u00ebsht\u00eb e barabart\u00eb me gjuh\u00ebn malazeze, derisa gjuh\u00ebt tjera t\u00eb cilat jan\u00eb n\u00eb p\u00ebrdorimin zyrtar, jan\u00eb n\u00eb pozit\u00eb t\u00eb pabarabart\u00eb, edhe pse sipas ligjit nuk do t\u00eb duhej t\u00eb ishte ashtu.<\/p>\n<p><strong>TVCG<\/strong><\/p>\n","protected":false},"excerpt":{"rendered":"<p>An\u00ebtari i k\u00ebshillit kuvendor p\u00ebr \u00e7\u00ebshtjet kushtetuese Luigj Shkrela konsideron se iniciativa e PSD p\u00ebr vler\u00ebsimin e kushtetutshm\u00ebris\u00eb t\u00eb ligjit t\u00eb p\u00ebrgjithsh\u00ebm p\u00ebr arsimim, n\u00eb t\u00eb cilin vler\u00ebsohet se neni i cili ka t\u00eb b\u00ebj\u00eb me gjuh\u00ebn n\u00eb t\u00eb cilin zhvillohet procesi m\u00ebsimor, \u00ebsht\u00eb jokushtetutes nga aspekti formalo-juridik, por n\u00eb esenc\u00eb \u00ebsht\u00eb n\u00eb rregull. Ai [&hellip;]<\/p>\n","protected":false},"author":1,"featured_media":0,"comment_status":"open","ping_status":"closed","sticky":false,"template":"","format":"standard","meta":{"spay_email":"","jetpack_publicize_message":"","jetpack_is_tweetstorm":false,"jetpack_publicize_feature_enabled":true},"categories":[6],"tags":[729,200],"jetpack_publicize_connections":[],"yoast_head":"<!-- This site is optimized with the Yoast SEO plugin v19.1 - https:\/\/yoast.com\/wordpress\/plugins\/seo\/ -->\n<title>Shkreli: Gjuha shqipe e pa barabart\u00eb - Lajme nga Ulqini<\/title>\n<meta name=\"description\" content=\"An\u00ebtari i k\u00ebshillit kuvendor p\u00ebr \u00e7\u00ebshtjet kushtetuese Luigj Shkrela konsideron se iniciativa e PSD p\u00ebr vler\u00ebsimin e kushtetutshm\u00ebris\u00eb t\u00eb ligjit t\u00eb\" \/>\n<meta name=\"robots\" content=\"index, follow, max-snippet:-1, max-image-preview:large, max-video-preview:-1\" \/>\n<link rel=\"canonical\" href=\"https:\/\/www.visit-ulcinj.com\/blog\/2012\/01\/12\/shkreli-gjuha-shqipe-e-pa-barabarte\/\" \/>\n<meta property=\"og:locale\" content=\"en_US\" \/>\n<meta property=\"og:type\" content=\"article\" \/>\n<meta property=\"og:title\" content=\"Shkreli: Gjuha shqipe e pa barabart\u00eb - Lajme nga Ulqini\" \/>\n<meta property=\"og:description\" content=\"An\u00ebtari i k\u00ebshillit kuvendor p\u00ebr \u00e7\u00ebshtjet kushtetuese Luigj Shkrela konsideron se iniciativa e PSD p\u00ebr vler\u00ebsimin e kushtetutshm\u00ebris\u00eb t\u00eb ligjit t\u00eb\" \/>\n<meta property=\"og:url\" content=\"https:\/\/www.visit-ulcinj.com\/blog\/2012\/01\/12\/shkreli-gjuha-shqipe-e-pa-barabarte\/\" \/>\n<meta property=\"og:site_name\" content=\"Lajme nga Ulqini\" \/>\n<meta property=\"article:published_time\" content=\"2012-01-12T16:17:58+00:00\" \/>\n<meta property=\"og:image\" content=\"http:\/\/www.visit-ulcinj.com\/blog\/wp-content\/uploads\/2012\/01\/luigj-shkreli_ulqin.jpg\" \/>\n<meta name=\"twitter:label1\" content=\"Written by\" \/>\n\t<meta name=\"twitter:data1\" content=\"ulqini\" \/>\n\t<meta name=\"twitter:label2\" content=\"Est. reading time\" \/>\n\t<meta name=\"twitter:data2\" content=\"1 minute\" \/>\n<script type=\"application\/ld+json\" class=\"yoast-schema-graph\">{\"@context\":\"https:\/\/schema.org\",\"@graph\":[{\"@type\":\"WebSite\",\"@id\":\"https:\/\/www.visit-ulcinj.com\/blog\/#website\",\"url\":\"https:\/\/www.visit-ulcinj.com\/blog\/\",\"name\":\"Lajme nga Ulqini\",\"description\":\"Lajme,Vijesti,Ulqini,Ulqin,Crna Gora,Mali i Zi\",\"potentialAction\":[{\"@type\":\"SearchAction\",\"target\":{\"@type\":\"EntryPoint\",\"urlTemplate\":\"https:\/\/www.visit-ulcinj.com\/blog\/?s={search_term_string}\"},\"query-input\":\"required name=search_term_string\"}],\"inLanguage\":\"en-US\"},{\"@type\":\"ImageObject\",\"inLanguage\":\"en-US\",\"@id\":\"https:\/\/www.visit-ulcinj.com\/blog\/2012\/01\/12\/shkreli-gjuha-shqipe-e-pa-barabarte\/#primaryimage\",\"url\":\"https:\/\/www.visit-ulcinj.com\/blog\/wp-content\/uploads\/2012\/01\/luigj-shkreli_ulqin.jpg\",\"contentUrl\":\"https:\/\/www.visit-ulcinj.com\/blog\/wp-content\/uploads\/2012\/01\/luigj-shkreli_ulqin.jpg\",\"width\":\"600\",\"height\":\"400\"},{\"@type\":\"WebPage\",\"@id\":\"https:\/\/www.visit-ulcinj.com\/blog\/2012\/01\/12\/shkreli-gjuha-shqipe-e-pa-barabarte\/#webpage\",\"url\":\"https:\/\/www.visit-ulcinj.com\/blog\/2012\/01\/12\/shkreli-gjuha-shqipe-e-pa-barabarte\/\",\"name\":\"Shkreli: Gjuha shqipe e pa barabart\u00eb - Lajme nga Ulqini\",\"isPartOf\":{\"@id\":\"https:\/\/www.visit-ulcinj.com\/blog\/#website\"},\"primaryImageOfPage\":{\"@id\":\"https:\/\/www.visit-ulcinj.com\/blog\/2012\/01\/12\/shkreli-gjuha-shqipe-e-pa-barabarte\/#primaryimage\"},\"datePublished\":\"2012-01-12T16:17:58+00:00\",\"dateModified\":\"2012-01-12T16:17:58+00:00\",\"author\":{\"@id\":\"https:\/\/www.visit-ulcinj.com\/blog\/#\/schema\/person\/dcab619c614d3038751c63bc2aadc06d\"},\"description\":\"An\u00ebtari i k\u00ebshillit kuvendor p\u00ebr \u00e7\u00ebshtjet kushtetuese Luigj Shkrela konsideron se iniciativa e PSD p\u00ebr vler\u00ebsimin e kushtetutshm\u00ebris\u00eb t\u00eb ligjit t\u00eb\",\"breadcrumb\":{\"@id\":\"https:\/\/www.visit-ulcinj.com\/blog\/2012\/01\/12\/shkreli-gjuha-shqipe-e-pa-barabarte\/#breadcrumb\"},\"inLanguage\":\"en-US\",\"potentialAction\":[{\"@type\":\"ReadAction\",\"target\":[\"https:\/\/www.visit-ulcinj.com\/blog\/2012\/01\/12\/shkreli-gjuha-shqipe-e-pa-barabarte\/\"]}]},{\"@type\":\"BreadcrumbList\",\"@id\":\"https:\/\/www.visit-ulcinj.com\/blog\/2012\/01\/12\/shkreli-gjuha-shqipe-e-pa-barabarte\/#breadcrumb\",\"itemListElement\":[{\"@type\":\"ListItem\",\"position\":1,\"name\":\"Shkreli: Gjuha shqipe e pa barabart\u00eb\"}]},{\"@type\":\"Person\",\"@id\":\"https:\/\/www.visit-ulcinj.com\/blog\/#\/schema\/person\/dcab619c614d3038751c63bc2aadc06d\",\"name\":\"ulqini\",\"sameAs\":[\"http:\/\/www.visit-ulcinj.com\"],\"url\":\"https:\/\/www.visit-ulcinj.com\/blog\/author\/admin\/\"}]}<\/script>\n<!-- \/ Yoast SEO plugin. -->","yoast_head_json":{"title":"Shkreli: Gjuha shqipe e pa barabart\u00eb - Lajme nga Ulqini","description":"An\u00ebtari i k\u00ebshillit kuvendor p\u00ebr \u00e7\u00ebshtjet kushtetuese Luigj Shkrela konsideron se iniciativa e PSD p\u00ebr vler\u00ebsimin e kushtetutshm\u00ebris\u00eb t\u00eb ligjit t\u00eb","robots":{"index":"index","follow":"follow","max-snippet":"max-snippet:-1","max-image-preview":"max-image-preview:large","max-video-preview":"max-video-preview:-1"},"canonical":"https:\/\/www.visit-ulcinj.com\/blog\/2012\/01\/12\/shkreli-gjuha-shqipe-e-pa-barabarte\/","og_locale":"en_US","og_type":"article","og_title":"Shkreli: Gjuha shqipe e pa barabart\u00eb - Lajme nga Ulqini","og_description":"An\u00ebtari i k\u00ebshillit kuvendor p\u00ebr \u00e7\u00ebshtjet kushtetuese Luigj Shkrela konsideron se iniciativa e PSD p\u00ebr vler\u00ebsimin e kushtetutshm\u00ebris\u00eb t\u00eb ligjit t\u00eb","og_url":"https:\/\/www.visit-ulcinj.com\/blog\/2012\/01\/12\/shkreli-gjuha-shqipe-e-pa-barabarte\/","og_site_name":"Lajme nga Ulqini","article_published_time":"2012-01-12T16:17:58+00:00","og_image":[{"url":"http:\/\/www.visit-ulcinj.com\/blog\/wp-content\/uploads\/2012\/01\/luigj-shkreli_ulqin.jpg"}],"twitter_misc":{"Written by":"ulqini","Est. reading time":"1 minute"},"schema":{"@context":"https:\/\/schema.org","@graph":[{"@type":"WebSite","@id":"https:\/\/www.visit-ulcinj.com\/blog\/#website","url":"https:\/\/www.visit-ulcinj.com\/blog\/","name":"Lajme nga Ulqini","description":"Lajme,Vijesti,Ulqini,Ulqin,Crna Gora,Mali i Zi","potentialAction":[{"@type":"SearchAction","target":{"@type":"EntryPoint","urlTemplate":"https:\/\/www.visit-ulcinj.com\/blog\/?s={search_term_string}"},"query-input":"required name=search_term_string"}],"inLanguage":"en-US"},{"@type":"ImageObject","inLanguage":"en-US","@id":"https:\/\/www.visit-ulcinj.com\/blog\/2012\/01\/12\/shkreli-gjuha-shqipe-e-pa-barabarte\/#primaryimage","url":"https:\/\/www.visit-ulcinj.com\/blog\/wp-content\/uploads\/2012\/01\/luigj-shkreli_ulqin.jpg","contentUrl":"https:\/\/www.visit-ulcinj.com\/blog\/wp-content\/uploads\/2012\/01\/luigj-shkreli_ulqin.jpg","width":"600","height":"400"},{"@type":"WebPage","@id":"https:\/\/www.visit-ulcinj.com\/blog\/2012\/01\/12\/shkreli-gjuha-shqipe-e-pa-barabarte\/#webpage","url":"https:\/\/www.visit-ulcinj.com\/blog\/2012\/01\/12\/shkreli-gjuha-shqipe-e-pa-barabarte\/","name":"Shkreli: Gjuha shqipe e pa barabart\u00eb - Lajme nga Ulqini","isPartOf":{"@id":"https:\/\/www.visit-ulcinj.com\/blog\/#website"},"primaryImageOfPage":{"@id":"https:\/\/www.visit-ulcinj.com\/blog\/2012\/01\/12\/shkreli-gjuha-shqipe-e-pa-barabarte\/#primaryimage"},"datePublished":"2012-01-12T16:17:58+00:00","dateModified":"2012-01-12T16:17:58+00:00","author":{"@id":"https:\/\/www.visit-ulcinj.com\/blog\/#\/schema\/person\/dcab619c614d3038751c63bc2aadc06d"},"description":"An\u00ebtari i k\u00ebshillit kuvendor p\u00ebr \u00e7\u00ebshtjet kushtetuese Luigj Shkrela konsideron se iniciativa e PSD p\u00ebr vler\u00ebsimin e kushtetutshm\u00ebris\u00eb t\u00eb ligjit t\u00eb","breadcrumb":{"@id":"https:\/\/www.visit-ulcinj.com\/blog\/2012\/01\/12\/shkreli-gjuha-shqipe-e-pa-barabarte\/#breadcrumb"},"inLanguage":"en-US","potentialAction":[{"@type":"ReadAction","target":["https:\/\/www.visit-ulcinj.com\/blog\/2012\/01\/12\/shkreli-gjuha-shqipe-e-pa-barabarte\/"]}]},{"@type":"BreadcrumbList","@id":"https:\/\/www.visit-ulcinj.com\/blog\/2012\/01\/12\/shkreli-gjuha-shqipe-e-pa-barabarte\/#breadcrumb","itemListElement":[{"@type":"ListItem","position":1,"name":"Shkreli: Gjuha shqipe e pa barabart\u00eb"}]},{"@type":"Person","@id":"https:\/\/www.visit-ulcinj.com\/blog\/#\/schema\/person\/dcab619c614d3038751c63bc2aadc06d","name":"ulqini","sameAs":["http:\/\/www.visit-ulcinj.com"],"url":"https:\/\/www.visit-ulcinj.com\/blog\/author\/admin\/"}]}},"jetpack_featured_media_url":"","jetpack_sharing_enabled":true,"jetpack_shortlink":"https:\/\/wp.me\/pe6lTn-exH","_links":{"self":[{"href":"https:\/\/www.visit-ulcinj.com\/blog\/wp-json\/wp\/v2\/posts\/55905"}],"collection":[{"href":"https:\/\/www.visit-ulcinj.com\/blog\/wp-json\/wp\/v2\/posts"}],"about":[{"href":"https:\/\/www.visit-ulcinj.com\/blog\/wp-json\/wp\/v2\/types\/post"}],"author":[{"embeddable":true,"href":"https:\/\/www.visit-ulcinj.com\/blog\/wp-json\/wp\/v2\/users\/1"}],"replies":[{"embeddable":true,"href":"https:\/\/www.visit-ulcinj.com\/blog\/wp-json\/wp\/v2\/comments?post=55905"}],"version-history":[{"count":1,"href":"https:\/\/www.visit-ulcinj.com\/blog\/wp-json\/wp\/v2\/posts\/55905\/revisions"}],"predecessor-version":[{"id":55907,"href":"https:\/\/www.visit-ulcinj.com\/blog\/wp-json\/wp\/v2\/posts\/55905\/revisions\/55907"}],"wp:attachment":[{"href":"https:\/\/www.visit-ulcinj.com\/blog\/wp-json\/wp\/v2\/media?parent=55905"}],"wp:term":[{"taxonomy":"category","embeddable":true,"href":"https:\/\/www.visit-ulcinj.com\/blog\/wp-json\/wp\/v2\/categories?post=55905"},{"taxonomy":"post_tag","embeddable":true,"href":"https:\/\/www.visit-ulcinj.com\/blog\/wp-json\/wp\/v2\/tags?post=55905"}],"curies":[{"name":"wp","href":"https:\/\/api.w.org\/{rel}","templated":true}]}}