{"id":55909,"date":"2012-01-12T23:01:16","date_gmt":"2012-01-12T22:01:16","guid":{"rendered":"http:\/\/www.visit-ulcinj.com\/blog\/?p=55909"},"modified":"2012-01-12T23:10:53","modified_gmt":"2012-01-12T22:10:53","slug":"dielleza-ramaradica-dashiq-dhe-ibrahim-zogaj-me-te-miret","status":"publish","type":"post","link":"https:\/\/www.visit-ulcinj.com\/blog\/2012\/01\/12\/dielleza-ramaradica-dashiq-dhe-ibrahim-zogaj-me-te-miret\/","title":{"rendered":"Diell\u00ebza Rama,Radica Dashiq dhe Ibrahim Zogaj m\u00eb t\u00eb mir\u00ebt"},"content":{"rendered":"<p><a href=\"http:\/\/www.visit-ulcinj.com\/blog\/wp-content\/uploads\/2012\/01\/Diell\u00ebza-RamaRadica-Dashiq-dhe-Ibrahim-Zogaj-m\u00eb-t\u00eb-mir\u00ebt.jpg\"><img loading=\"lazy\" class=\"alignleft  wp-image-55916\" title=\"Diell\u00ebza Rama,Radica Dashiq dhe Ibrahim Zogaj m\u00eb t\u00eb mir\u00ebt\" src=\"http:\/\/www.visit-ulcinj.com\/blog\/wp-content\/uploads\/2012\/01\/Diell\u00ebza-RamaRadica-Dashiq-dhe-Ibrahim-Zogaj-m\u00eb-t\u00eb-mir\u00ebt.jpg\" alt=\"\" width=\"350\" height=\"440\" \/><\/a>N\u00eb Ulqin, t\u00eb mart\u00ebn, m\u00eb 10 janar 2012 u mbajt vrapimi i par\u00eb nd\u00ebrkomb\u00ebtar rrugor \u201cUlqini 2012\u201d, n\u00eb organizimin e Komun\u00ebs s\u00eb Ulqinit, Federat\u00ebs s\u00eb Atletik\u00ebs t\u00eb Malit t\u00eb Zi dhe t\u00eb OJQ \u201cUlqini Sport\u201d.<\/p>\n<p>N\u00eb k\u00ebt\u00eb manifestim mor\u00ebn pjes\u00eb p\u00ebrfaq\u00ebsues t\u00eb atletik\u00ebs nga Mali i Zi, Shqip\u00ebria, Kosova dhe Serbia dhe sportist\u00eb nga tet\u00eb klube t\u00eb sporteve t\u00eb ndryshme nga Ulqini. N\u00eb mesin e pjes\u00ebmarr\u00ebsve ishin edhe an\u00ebtar\u00ebt e Klubit t\u00eb Karates\u00eb \u201cUlqini\u201d. Djemt\u00eb dhe vajzat garuan n\u00eb tri disiplina t\u00eb ndar\u00eb sipas grupmoshave.<\/p>\n<p>N\u00eb disiplin\u00ebn vrapim 800 m p\u00ebr vajza vendin e par\u00eb e zuri Diell\u00ebza Rama dhe me k\u00ebt\u00eb u kuror\u00ebzua me medalje t\u00eb art\u00eb. N\u00eb po t\u00eb nj\u00ebt\u00ebn disiplin\u00eb p\u00ebr djem medaljen e art\u00eb e mori Ibrahim Zogaj, nd\u00ebrsa n\u00eb disiplin\u00ebn vrapim 1500 m p\u00ebr vajza (senioret) e para doli Radica Dashiq. P\u00ebrve\u00e7 tyre, n\u00eb t\u00eb nj\u00ebjtat disiplina, Flaka Avdiu dhe Ena Kova\u00e7eviq u kuror\u00ebzuan me medalje t\u00eb argjendta.<\/p>\n<p>Ky \u00ebsht\u00eb edhe nj\u00eb sukses i an\u00ebtar\u00ebve t\u00eb Klubit t\u00eb karates\u00eb \u201cUlqini\u201d, sepse nga 6 medalje t\u00eb arta t\u00eb mundshme, tri mor\u00ebn an\u00ebtar\u00ebt e k\u00ebtij klubi, \u00e7ka d\u00ebshmon p\u00ebr p\u00ebrgatitjen e mir\u00eb sportive t\u00eb tyre jo vet\u00ebm n\u00eb sportin e karates\u00eb.<\/p>\n<p>Ceremonia e ndarjes s\u00eb medaljeve, diplomave dhe kupave u b\u00eb n\u00eb mbr\u00ebmje n\u00eb sall\u00ebn e Qendr\u00ebs p\u00ebr kultur\u00eb, ku p\u00ebrve\u00e7 k\u00ebsaj organizator\u00ebt ndan\u00eb mir\u00ebnjohje klubit m\u00eb t\u00eb mir\u00eb, sportistit m\u00eb t\u00eb mir\u00eb, sportistit m\u00eb p\u00ebrsektiv dhe pun\u00ebtorit m\u00eb t\u00eb mir\u00eb sportiv n\u00eb komun\u00ebn e Ulqinit p\u00ebr vitin 2011. Para klubit t\u00eb karates\u00eb \u201cUlqini\u201d, i cili n\u00eb baz\u00eb t\u00eb rezultateve u shpall klubi m\u00eb i mir\u00eb n\u00eb komun\u00ebn e Ulqinit p\u00ebr vitin 2011 mir\u00ebnjohjen e mori drejtori i marketingut Skender Tahiri.<\/p>\n<p>P\u00ebr organizimin e k\u00ebtij manifestimi meritat i takojn\u00eb pun\u00ebtorit sportiv Misho Causheviq.<\/p>\n<p><a href=\"https:\/\/www.facebook.com\/media\/set\/?set=a.2629232486293.2120987.1119765684&amp;type=1\" target=\"_blank\"><strong>Foto dhe teksti nga Ruzhdi Rama Facebook<\/strong><\/a><\/p>\n\n\t\t<style type=\"text\/css\">\n\t\t\t#gallery-1 {\n\t\t\t\tmargin: auto;\n\t\t\t}\n\t\t\t#gallery-1 .gallery-item {\n\t\t\t\tfloat: left;\n\t\t\t\tmargin-top: 10px;\n\t\t\t\ttext-align: center;\n\t\t\t\twidth: 50%;\n\t\t\t}\n\t\t\t#gallery-1 img {\n\t\t\t\tborder: 2px solid #cfcfcf;\n\t\t\t}\n\t\t\t#gallery-1 .gallery-caption {\n\t\t\t\tmargin-left: 0;\n\t\t\t}\n\t\t\t\/* see gallery_shortcode() in wp-includes\/media.php *\/\n\t\t<\/style>\n\t\t<div id='gallery-1' class='gallery galleryid-55909 gallery-columns-2 gallery-size-thumbnail'><dl class='gallery-item'>\n\t\t\t<dt class='gallery-icon portrait'>\n\t\t\t\t<a href='https:\/\/www.visit-ulcinj.com\/blog\/wp-content\/uploads\/2012\/01\/Diell\u00ebza-RamaRadica-Dashiq-dhe-Ibrahim-Zogaj-m\u00eb-t\u00eb-mir\u00ebt.1.jpg'><img width=\"150\" height=\"150\" src=\"https:\/\/www.visit-ulcinj.com\/blog\/wp-content\/uploads\/2012\/01\/Diell\u00ebza-RamaRadica-Dashiq-dhe-Ibrahim-Zogaj-m\u00eb-t\u00eb-mir\u00ebt.1-150x150.jpg\" class=\"attachment-thumbnail size-thumbnail\" alt=\"\" loading=\"lazy\" \/><\/a>\n\t\t\t<\/dt><\/dl><dl class='gallery-item'>\n\t\t\t<dt class='gallery-icon landscape'>\n\t\t\t\t<a href='https:\/\/www.visit-ulcinj.com\/blog\/wp-content\/uploads\/2012\/01\/Diell\u00ebza-RamaRadica-Dashiq-dhe-Ibrahim-Zogaj-m\u00eb-t\u00eb-mir\u00ebt.2.jpg'><img width=\"150\" height=\"150\" src=\"https:\/\/www.visit-ulcinj.com\/blog\/wp-content\/uploads\/2012\/01\/Diell\u00ebza-RamaRadica-Dashiq-dhe-Ibrahim-Zogaj-m\u00eb-t\u00eb-mir\u00ebt.2-150x150.jpg\" class=\"attachment-thumbnail size-thumbnail\" alt=\"\" loading=\"lazy\" \/><\/a>\n\t\t\t<\/dt><\/dl><br style=\"clear: both\" \/><dl class='gallery-item'>\n\t\t\t<dt class='gallery-icon landscape'>\n\t\t\t\t<a href='https:\/\/www.visit-ulcinj.com\/blog\/wp-content\/uploads\/2012\/01\/Diell\u00ebza-RamaRadica-Dashiq-dhe-Ibrahim-Zogaj-m\u00eb-t\u00eb-mir\u00ebt.3.jpg'><img width=\"150\" height=\"150\" src=\"https:\/\/www.visit-ulcinj.com\/blog\/wp-content\/uploads\/2012\/01\/Diell\u00ebza-RamaRadica-Dashiq-dhe-Ibrahim-Zogaj-m\u00eb-t\u00eb-mir\u00ebt.3-150x150.jpg\" class=\"attachment-thumbnail size-thumbnail\" alt=\"\" loading=\"lazy\" \/><\/a>\n\t\t\t<\/dt><\/dl><dl class='gallery-item'>\n\t\t\t<dt class='gallery-icon landscape'>\n\t\t\t\t<a href='https:\/\/www.visit-ulcinj.com\/blog\/wp-content\/uploads\/2012\/01\/Diell\u00ebza-RamaRadica-Dashiq-dhe-Ibrahim-Zogaj-m\u00eb-t\u00eb-mir\u00ebt.4.jpg'><img width=\"150\" height=\"150\" src=\"https:\/\/www.visit-ulcinj.com\/blog\/wp-content\/uploads\/2012\/01\/Diell\u00ebza-RamaRadica-Dashiq-dhe-Ibrahim-Zogaj-m\u00eb-t\u00eb-mir\u00ebt.4-150x150.jpg\" class=\"attachment-thumbnail size-thumbnail\" alt=\"\" loading=\"lazy\" \/><\/a>\n\t\t\t<\/dt><\/dl><br style=\"clear: both\" \/><dl class='gallery-item'>\n\t\t\t<dt class='gallery-icon landscape'>\n\t\t\t\t<a href='https:\/\/www.visit-ulcinj.com\/blog\/wp-content\/uploads\/2012\/01\/Diell\u00ebza-RamaRadica-Dashiq-dhe-Ibrahim-Zogaj-m\u00eb-t\u00eb-mir\u00ebt.5.jpg'><img width=\"150\" height=\"150\" src=\"https:\/\/www.visit-ulcinj.com\/blog\/wp-content\/uploads\/2012\/01\/Diell\u00ebza-RamaRadica-Dashiq-dhe-Ibrahim-Zogaj-m\u00eb-t\u00eb-mir\u00ebt.5-150x150.jpg\" class=\"attachment-thumbnail size-thumbnail\" alt=\"\" loading=\"lazy\" \/><\/a>\n\t\t\t<\/dt><\/dl><dl class='gallery-item'>\n\t\t\t<dt class='gallery-icon portrait'>\n\t\t\t\t<a href='https:\/\/www.visit-ulcinj.com\/blog\/wp-content\/uploads\/2012\/01\/Diell\u00ebza-RamaRadica-Dashiq-dhe-Ibrahim-Zogaj-m\u00eb-t\u00eb-mir\u00ebt.6.jpg'><img width=\"150\" height=\"150\" src=\"https:\/\/www.visit-ulcinj.com\/blog\/wp-content\/uploads\/2012\/01\/Diell\u00ebza-RamaRadica-Dashiq-dhe-Ibrahim-Zogaj-m\u00eb-t\u00eb-mir\u00ebt.6-150x150.jpg\" class=\"attachment-thumbnail size-thumbnail\" alt=\"\" loading=\"lazy\" \/><\/a>\n\t\t\t<\/dt><\/dl><br style=\"clear: both\" \/><dl class='gallery-item'>\n\t\t\t<dt class='gallery-icon portrait'>\n\t\t\t\t<a href='https:\/\/www.visit-ulcinj.com\/blog\/wp-content\/uploads\/2012\/01\/Diell\u00ebza-RamaRadica-Dashiq-dhe-Ibrahim-Zogaj-m\u00eb-t\u00eb-mir\u00ebt.jpg'><img width=\"150\" height=\"150\" src=\"https:\/\/www.visit-ulcinj.com\/blog\/wp-content\/uploads\/2012\/01\/Diell\u00ebza-RamaRadica-Dashiq-dhe-Ibrahim-Zogaj-m\u00eb-t\u00eb-mir\u00ebt-150x150.jpg\" class=\"attachment-thumbnail size-thumbnail\" alt=\"\" loading=\"lazy\" \/><\/a>\n\t\t\t<\/dt><\/dl><dl class='gallery-item'>\n\t\t\t<dt class='gallery-icon landscape'>\n\t\t\t\t<a href='https:\/\/www.visit-ulcinj.com\/blog\/wp-content\/uploads\/2012\/01\/vrapimi-i-par\u00eb-nd\u00ebrkomb\u00ebtar-rrugor-Ulqini-2012.jpg'><img width=\"150\" height=\"150\" src=\"https:\/\/www.visit-ulcinj.com\/blog\/wp-content\/uploads\/2012\/01\/vrapimi-i-par\u00eb-nd\u00ebrkomb\u00ebtar-rrugor-Ulqini-2012-150x150.jpg\" class=\"attachment-thumbnail size-thumbnail\" alt=\"\" loading=\"lazy\" \/><\/a>\n\t\t\t<\/dt><\/dl><br style=\"clear: both\" \/>\n\t\t<\/div>\n\n","protected":false},"excerpt":{"rendered":"<p>N\u00eb Ulqin, t\u00eb mart\u00ebn, m\u00eb 10 janar 2012 u mbajt vrapimi i par\u00eb nd\u00ebrkomb\u00ebtar rrugor \u201cUlqini 2012\u201d, n\u00eb organizimin e Komun\u00ebs s\u00eb Ulqinit, Federat\u00ebs s\u00eb Atletik\u00ebs t\u00eb Malit t\u00eb Zi dhe t\u00eb OJQ \u201cUlqini Sport\u201d. N\u00eb k\u00ebt\u00eb manifestim mor\u00ebn pjes\u00eb p\u00ebrfaq\u00ebsues t\u00eb atletik\u00ebs nga Mali i Zi, Shqip\u00ebria, Kosova dhe Serbia dhe sportist\u00eb nga tet\u00eb [&hellip;]<\/p>\n","protected":false},"author":1,"featured_media":0,"comment_status":"open","ping_status":"closed","sticky":false,"template":"","format":"standard","meta":{"spay_email":"","jetpack_publicize_message":"","jetpack_is_tweetstorm":false,"jetpack_publicize_feature_enabled":true},"categories":[3],"tags":[5025],"jetpack_publicize_connections":[],"yoast_head":"<!-- This site is optimized with the Yoast SEO plugin v19.1 - https:\/\/yoast.com\/wordpress\/plugins\/seo\/ -->\n<title>Diell\u00ebza Rama,Radica Dashiq dhe Ibrahim Zogaj m\u00eb t\u00eb mir\u00ebt - Lajme nga Ulqini<\/title>\n<meta name=\"description\" content=\"N\u00eb Ulqin, t\u00eb mart\u00ebn, m\u00eb 10 janar 2012 u mbajt vrapimi i par\u00eb nd\u00ebrkomb\u00ebtar rrugor \u201cUlqini 2012\u201d, n\u00eb organizimin e Komun\u00ebs s\u00eb Ulqinit, Federat\u00ebs s\u00eb\" \/>\n<meta name=\"robots\" content=\"index, follow, max-snippet:-1, max-image-preview:large, max-video-preview:-1\" \/>\n<link rel=\"canonical\" href=\"https:\/\/www.visit-ulcinj.com\/blog\/2012\/01\/12\/dielleza-ramaradica-dashiq-dhe-ibrahim-zogaj-me-te-miret\/\" \/>\n<meta property=\"og:locale\" content=\"en_US\" \/>\n<meta property=\"og:type\" content=\"article\" \/>\n<meta property=\"og:title\" content=\"Diell\u00ebza Rama,Radica Dashiq dhe Ibrahim Zogaj m\u00eb t\u00eb mir\u00ebt - Lajme nga Ulqini\" \/>\n<meta property=\"og:description\" content=\"N\u00eb Ulqin, t\u00eb mart\u00ebn, m\u00eb 10 janar 2012 u mbajt vrapimi i par\u00eb nd\u00ebrkomb\u00ebtar rrugor \u201cUlqini 2012\u201d, n\u00eb organizimin e Komun\u00ebs s\u00eb Ulqinit, Federat\u00ebs s\u00eb\" \/>\n<meta property=\"og:url\" content=\"https:\/\/www.visit-ulcinj.com\/blog\/2012\/01\/12\/dielleza-ramaradica-dashiq-dhe-ibrahim-zogaj-me-te-miret\/\" \/>\n<meta property=\"og:site_name\" content=\"Lajme nga Ulqini\" \/>\n<meta property=\"article:published_time\" content=\"2012-01-12T22:01:16+00:00\" \/>\n<meta property=\"article:modified_time\" content=\"2012-01-12T22:10:53+00:00\" \/>\n<meta property=\"og:image\" content=\"https:\/\/www.visit-ulcinj.com\/blog\/wp-content\/uploads\/2012\/01\/Diell\u00ebza-RamaRadica-Dashiq-dhe-Ibrahim-Zogaj-m\u00eb-t\u00eb-mir\u00ebt.1-150x150.jpg\" \/>\n<meta name=\"twitter:label1\" content=\"Written by\" \/>\n\t<meta name=\"twitter:data1\" content=\"ulqini\" \/>\n\t<meta name=\"twitter:label2\" content=\"Est. reading time\" \/>\n\t<meta name=\"twitter:data2\" content=\"2 minutes\" \/>\n<script type=\"application\/ld+json\" class=\"yoast-schema-graph\">{\"@context\":\"https:\/\/schema.org\",\"@graph\":[{\"@type\":\"WebSite\",\"@id\":\"https:\/\/www.visit-ulcinj.com\/blog\/#website\",\"url\":\"https:\/\/www.visit-ulcinj.com\/blog\/\",\"name\":\"Lajme nga Ulqini\",\"description\":\"Lajme,Vijesti,Ulqini,Ulqin,Crna Gora,Mali i Zi\",\"potentialAction\":[{\"@type\":\"SearchAction\",\"target\":{\"@type\":\"EntryPoint\",\"urlTemplate\":\"https:\/\/www.visit-ulcinj.com\/blog\/?s={search_term_string}\"},\"query-input\":\"required name=search_term_string\"}],\"inLanguage\":\"en-US\"},{\"@type\":\"WebPage\",\"@id\":\"https:\/\/www.visit-ulcinj.com\/blog\/2012\/01\/12\/dielleza-ramaradica-dashiq-dhe-ibrahim-zogaj-me-te-miret\/#webpage\",\"url\":\"https:\/\/www.visit-ulcinj.com\/blog\/2012\/01\/12\/dielleza-ramaradica-dashiq-dhe-ibrahim-zogaj-me-te-miret\/\",\"name\":\"Diell\u00ebza Rama,Radica Dashiq dhe Ibrahim Zogaj m\u00eb t\u00eb mir\u00ebt - Lajme nga Ulqini\",\"isPartOf\":{\"@id\":\"https:\/\/www.visit-ulcinj.com\/blog\/#website\"},\"datePublished\":\"2012-01-12T22:01:16+00:00\",\"dateModified\":\"2012-01-12T22:10:53+00:00\",\"author\":{\"@id\":\"https:\/\/www.visit-ulcinj.com\/blog\/#\/schema\/person\/dcab619c614d3038751c63bc2aadc06d\"},\"description\":\"N\u00eb Ulqin, t\u00eb mart\u00ebn, m\u00eb 10 janar 2012 u mbajt vrapimi i par\u00eb nd\u00ebrkomb\u00ebtar rrugor \u201cUlqini 2012\u201d, n\u00eb organizimin e Komun\u00ebs s\u00eb Ulqinit, Federat\u00ebs s\u00eb\",\"breadcrumb\":{\"@id\":\"https:\/\/www.visit-ulcinj.com\/blog\/2012\/01\/12\/dielleza-ramaradica-dashiq-dhe-ibrahim-zogaj-me-te-miret\/#breadcrumb\"},\"inLanguage\":\"en-US\",\"potentialAction\":[{\"@type\":\"ReadAction\",\"target\":[\"https:\/\/www.visit-ulcinj.com\/blog\/2012\/01\/12\/dielleza-ramaradica-dashiq-dhe-ibrahim-zogaj-me-te-miret\/\"]}]},{\"@type\":\"BreadcrumbList\",\"@id\":\"https:\/\/www.visit-ulcinj.com\/blog\/2012\/01\/12\/dielleza-ramaradica-dashiq-dhe-ibrahim-zogaj-me-te-miret\/#breadcrumb\",\"itemListElement\":[{\"@type\":\"ListItem\",\"position\":1,\"name\":\"Diell\u00ebza Rama,Radica Dashiq dhe Ibrahim Zogaj m\u00eb t\u00eb mir\u00ebt\"}]},{\"@type\":\"Person\",\"@id\":\"https:\/\/www.visit-ulcinj.com\/blog\/#\/schema\/person\/dcab619c614d3038751c63bc2aadc06d\",\"name\":\"ulqini\",\"sameAs\":[\"http:\/\/www.visit-ulcinj.com\"],\"url\":\"https:\/\/www.visit-ulcinj.com\/blog\/author\/admin\/\"}]}<\/script>\n<!-- \/ Yoast SEO plugin. -->","yoast_head_json":{"title":"Diell\u00ebza Rama,Radica Dashiq dhe Ibrahim Zogaj m\u00eb t\u00eb mir\u00ebt - Lajme nga Ulqini","description":"N\u00eb Ulqin, t\u00eb mart\u00ebn, m\u00eb 10 janar 2012 u mbajt vrapimi i par\u00eb nd\u00ebrkomb\u00ebtar rrugor \u201cUlqini 2012\u201d, n\u00eb organizimin e Komun\u00ebs s\u00eb Ulqinit, Federat\u00ebs s\u00eb","robots":{"index":"index","follow":"follow","max-snippet":"max-snippet:-1","max-image-preview":"max-image-preview:large","max-video-preview":"max-video-preview:-1"},"canonical":"https:\/\/www.visit-ulcinj.com\/blog\/2012\/01\/12\/dielleza-ramaradica-dashiq-dhe-ibrahim-zogaj-me-te-miret\/","og_locale":"en_US","og_type":"article","og_title":"Diell\u00ebza Rama,Radica Dashiq dhe Ibrahim Zogaj m\u00eb t\u00eb mir\u00ebt - Lajme nga Ulqini","og_description":"N\u00eb Ulqin, t\u00eb mart\u00ebn, m\u00eb 10 janar 2012 u mbajt vrapimi i par\u00eb nd\u00ebrkomb\u00ebtar rrugor \u201cUlqini 2012\u201d, n\u00eb organizimin e Komun\u00ebs s\u00eb Ulqinit, Federat\u00ebs s\u00eb","og_url":"https:\/\/www.visit-ulcinj.com\/blog\/2012\/01\/12\/dielleza-ramaradica-dashiq-dhe-ibrahim-zogaj-me-te-miret\/","og_site_name":"Lajme nga Ulqini","article_published_time":"2012-01-12T22:01:16+00:00","article_modified_time":"2012-01-12T22:10:53+00:00","og_image":[{"url":"https:\/\/www.visit-ulcinj.com\/blog\/wp-content\/uploads\/2012\/01\/Diell\u00ebza-RamaRadica-Dashiq-dhe-Ibrahim-Zogaj-m\u00eb-t\u00eb-mir\u00ebt.1-150x150.jpg"}],"twitter_misc":{"Written by":"ulqini","Est. reading time":"2 minutes"},"schema":{"@context":"https:\/\/schema.org","@graph":[{"@type":"WebSite","@id":"https:\/\/www.visit-ulcinj.com\/blog\/#website","url":"https:\/\/www.visit-ulcinj.com\/blog\/","name":"Lajme nga Ulqini","description":"Lajme,Vijesti,Ulqini,Ulqin,Crna Gora,Mali i Zi","potentialAction":[{"@type":"SearchAction","target":{"@type":"EntryPoint","urlTemplate":"https:\/\/www.visit-ulcinj.com\/blog\/?s={search_term_string}"},"query-input":"required name=search_term_string"}],"inLanguage":"en-US"},{"@type":"WebPage","@id":"https:\/\/www.visit-ulcinj.com\/blog\/2012\/01\/12\/dielleza-ramaradica-dashiq-dhe-ibrahim-zogaj-me-te-miret\/#webpage","url":"https:\/\/www.visit-ulcinj.com\/blog\/2012\/01\/12\/dielleza-ramaradica-dashiq-dhe-ibrahim-zogaj-me-te-miret\/","name":"Diell\u00ebza Rama,Radica Dashiq dhe Ibrahim Zogaj m\u00eb t\u00eb mir\u00ebt - Lajme nga Ulqini","isPartOf":{"@id":"https:\/\/www.visit-ulcinj.com\/blog\/#website"},"datePublished":"2012-01-12T22:01:16+00:00","dateModified":"2012-01-12T22:10:53+00:00","author":{"@id":"https:\/\/www.visit-ulcinj.com\/blog\/#\/schema\/person\/dcab619c614d3038751c63bc2aadc06d"},"description":"N\u00eb Ulqin, t\u00eb mart\u00ebn, m\u00eb 10 janar 2012 u mbajt vrapimi i par\u00eb nd\u00ebrkomb\u00ebtar rrugor \u201cUlqini 2012\u201d, n\u00eb organizimin e Komun\u00ebs s\u00eb Ulqinit, Federat\u00ebs s\u00eb","breadcrumb":{"@id":"https:\/\/www.visit-ulcinj.com\/blog\/2012\/01\/12\/dielleza-ramaradica-dashiq-dhe-ibrahim-zogaj-me-te-miret\/#breadcrumb"},"inLanguage":"en-US","potentialAction":[{"@type":"ReadAction","target":["https:\/\/www.visit-ulcinj.com\/blog\/2012\/01\/12\/dielleza-ramaradica-dashiq-dhe-ibrahim-zogaj-me-te-miret\/"]}]},{"@type":"BreadcrumbList","@id":"https:\/\/www.visit-ulcinj.com\/blog\/2012\/01\/12\/dielleza-ramaradica-dashiq-dhe-ibrahim-zogaj-me-te-miret\/#breadcrumb","itemListElement":[{"@type":"ListItem","position":1,"name":"Diell\u00ebza Rama,Radica Dashiq dhe Ibrahim Zogaj m\u00eb t\u00eb mir\u00ebt"}]},{"@type":"Person","@id":"https:\/\/www.visit-ulcinj.com\/blog\/#\/schema\/person\/dcab619c614d3038751c63bc2aadc06d","name":"ulqini","sameAs":["http:\/\/www.visit-ulcinj.com"],"url":"https:\/\/www.visit-ulcinj.com\/blog\/author\/admin\/"}]}},"jetpack_featured_media_url":"","jetpack_sharing_enabled":true,"jetpack_shortlink":"https:\/\/wp.me\/pe6lTn-exL","_links":{"self":[{"href":"https:\/\/www.visit-ulcinj.com\/blog\/wp-json\/wp\/v2\/posts\/55909"}],"collection":[{"href":"https:\/\/www.visit-ulcinj.com\/blog\/wp-json\/wp\/v2\/posts"}],"about":[{"href":"https:\/\/www.visit-ulcinj.com\/blog\/wp-json\/wp\/v2\/types\/post"}],"author":[{"embeddable":true,"href":"https:\/\/www.visit-ulcinj.com\/blog\/wp-json\/wp\/v2\/users\/1"}],"replies":[{"embeddable":true,"href":"https:\/\/www.visit-ulcinj.com\/blog\/wp-json\/wp\/v2\/comments?post=55909"}],"version-history":[{"count":4,"href":"https:\/\/www.visit-ulcinj.com\/blog\/wp-json\/wp\/v2\/posts\/55909\/revisions"}],"predecessor-version":[{"id":55922,"href":"https:\/\/www.visit-ulcinj.com\/blog\/wp-json\/wp\/v2\/posts\/55909\/revisions\/55922"}],"wp:attachment":[{"href":"https:\/\/www.visit-ulcinj.com\/blog\/wp-json\/wp\/v2\/media?parent=55909"}],"wp:term":[{"taxonomy":"category","embeddable":true,"href":"https:\/\/www.visit-ulcinj.com\/blog\/wp-json\/wp\/v2\/categories?post=55909"},{"taxonomy":"post_tag","embeddable":true,"href":"https:\/\/www.visit-ulcinj.com\/blog\/wp-json\/wp\/v2\/tags?post=55909"}],"curies":[{"name":"wp","href":"https:\/\/api.w.org\/{rel}","templated":true}]}}