{"id":55924,"date":"2012-01-13T11:05:23","date_gmt":"2012-01-13T10:05:23","guid":{"rendered":"http:\/\/www.visit-ulcinj.com\/blog\/?p=55924"},"modified":"2012-01-13T11:05:23","modified_gmt":"2012-01-13T10:05:23","slug":"labinot-tahiri-i-shpeton-atentatit","status":"publish","type":"post","link":"https:\/\/www.visit-ulcinj.com\/blog\/2012\/01\/13\/labinot-tahiri-i-shpeton-atentatit\/","title":{"rendered":"Labinot Tahiri i shp\u00ebton atentatit"},"content":{"rendered":"<p><a href=\"http:\/\/www.visit-ulcinj.com\/blog\/wp-content\/uploads\/2012\/01\/Labinot-Tahiri-i-shp\u00ebton-atentatit.jpg\"><img loading=\"lazy\" class=\"alignleft size-full wp-image-55925\" title=\"Labinot Tahiri i shp\u00ebton atentatit\" src=\"http:\/\/www.visit-ulcinj.com\/blog\/wp-content\/uploads\/2012\/01\/Labinot-Tahiri-i-shp\u00ebton-atentatit.jpg\" alt=\"\" width=\"508\" height=\"314\" srcset=\"https:\/\/www.visit-ulcinj.com\/blog\/wp-content\/uploads\/2012\/01\/Labinot-Tahiri-i-shp\u00ebton-atentatit.jpg 508w, https:\/\/www.visit-ulcinj.com\/blog\/wp-content\/uploads\/2012\/01\/Labinot-Tahiri-i-shp\u00ebton-atentatit-300x185.jpg 300w\" sizes=\"(max-width: 508px) 100vw, 508px\" \/><\/a>K\u00ebng\u00ebtari i mir\u00ebnjohur, Labinot Tahiri, i ka shp\u00ebtuar nj\u00eb atentati ndaj tij, pasi vetura e tij ka shp\u00ebrthyer nga nj\u00eb bomb\u00eb e montuar n\u00eb t\u00eb, vet\u00ebm pes\u00eb minuta pasi k\u00ebng\u00ebtari e parkoi para dyerve t\u00eb sht\u00ebpis\u00eb s\u00eb tij q\u00eb gjendet n\u00eb Ferizaj.<\/p>\n<p>Labi me nj\u00eb sens t\u00eb pa par\u00eb qet\u00ebsie ka rr\u00ebfyer p\u00ebr Dukagjini.com se ai \u00ebsht\u00eb shum\u00eb mir\u00eb me sh\u00ebndet.<\/p>\n<p>\u201cVetura m\u2019u shkat\u00ebrrua plot\u00ebsisht, ishte nj\u00eb bomb\u00eb e kurdisur n\u00eb t\u00eb, p\u00ebr fat nuk q\u00ebllova af\u00ebr un\u00eb apo ndonj\u00eb kalimtar tjet\u00ebr. Vet\u00ebm fansat e mi t\u00eb mos shqet\u00ebsohen e t\u00eb tjerat t\u2019ia l\u00ebm\u00eb policis\u00eb n\u00eb dor\u00eb. Un\u00eb askujt nuk i kam borxh, e as q\u00eb i kam b\u00ebr\u00eb dikujt keq\u201d, theksoi Labi.<\/p>\n<p>Nuk \u00ebsht\u00eb hera e par\u00eb q\u00eb Labi b\u00ebhet pre e atentateve, pasi koh\u00eb m\u00eb par\u00eb edhe n\u00eb lokalin e tij ishte montuar nj\u00eb bomb\u00eb, ku p\u00ebr fat nuk kishte t\u00eb l\u00ebnduar. \/Dukagjini\/<\/p>\n<!--YouTube Error: bad URL entered-->\n","protected":false},"excerpt":{"rendered":"<p>K\u00ebng\u00ebtari i mir\u00ebnjohur, Labinot Tahiri, i ka shp\u00ebtuar nj\u00eb atentati ndaj tij, pasi vetura e tij ka shp\u00ebrthyer nga nj\u00eb bomb\u00eb e montuar n\u00eb t\u00eb, vet\u00ebm pes\u00eb minuta pasi k\u00ebng\u00ebtari e parkoi para dyerve t\u00eb sht\u00ebpis\u00eb s\u00eb tij q\u00eb gjendet n\u00eb Ferizaj. Labi me nj\u00eb sens t\u00eb pa par\u00eb qet\u00ebsie ka rr\u00ebfyer p\u00ebr Dukagjini.com se [&hellip;]<\/p>\n","protected":false},"author":1,"featured_media":0,"comment_status":"open","ping_status":"closed","sticky":false,"template":"","format":"standard","meta":{"spay_email":"","jetpack_publicize_message":"","jetpack_is_tweetstorm":false,"jetpack_publicize_feature_enabled":true},"categories":[1],"tags":[19846,19848,5016,19847],"jetpack_publicize_connections":[],"yoast_head":"<!-- This site is optimized with the Yoast SEO plugin v19.1 - https:\/\/yoast.com\/wordpress\/plugins\/seo\/ -->\n<title>Labinot Tahiri i shp\u00ebton atentatit - Lajme nga Ulqini<\/title>\n<meta name=\"description\" content=\"K\u00ebng\u00ebtari i mir\u00ebnjohur, Labinot Tahiri, i ka shp\u00ebtuar nj\u00eb atentati ndaj tij, pasi vetura e tij ka shp\u00ebrthyer nga nj\u00eb bomb\u00eb e montuar n\u00eb t\u00eb, vet\u00ebm pes\u00eb\" \/>\n<meta name=\"robots\" content=\"index, follow, max-snippet:-1, max-image-preview:large, max-video-preview:-1\" \/>\n<link rel=\"canonical\" href=\"https:\/\/www.visit-ulcinj.com\/blog\/2012\/01\/13\/labinot-tahiri-i-shpeton-atentatit\/\" \/>\n<meta property=\"og:locale\" content=\"en_US\" \/>\n<meta property=\"og:type\" content=\"article\" \/>\n<meta property=\"og:title\" content=\"Labinot Tahiri i shp\u00ebton atentatit - Lajme nga Ulqini\" \/>\n<meta property=\"og:description\" content=\"K\u00ebng\u00ebtari i mir\u00ebnjohur, Labinot Tahiri, i ka shp\u00ebtuar nj\u00eb atentati ndaj tij, pasi vetura e tij ka shp\u00ebrthyer nga nj\u00eb bomb\u00eb e montuar n\u00eb t\u00eb, vet\u00ebm pes\u00eb\" \/>\n<meta property=\"og:url\" content=\"https:\/\/www.visit-ulcinj.com\/blog\/2012\/01\/13\/labinot-tahiri-i-shpeton-atentatit\/\" \/>\n<meta property=\"og:site_name\" content=\"Lajme nga Ulqini\" \/>\n<meta property=\"article:published_time\" content=\"2012-01-13T10:05:23+00:00\" \/>\n<meta name=\"twitter:label1\" content=\"Written by\" \/>\n\t<meta name=\"twitter:data1\" content=\"ulqini\" \/>\n\t<meta name=\"twitter:label2\" content=\"Est. reading time\" \/>\n\t<meta name=\"twitter:data2\" content=\"1 minute\" \/>\n<script type=\"application\/ld+json\" class=\"yoast-schema-graph\">{\"@context\":\"https:\/\/schema.org\",\"@graph\":[{\"@type\":\"WebSite\",\"@id\":\"https:\/\/www.visit-ulcinj.com\/blog\/#website\",\"url\":\"https:\/\/www.visit-ulcinj.com\/blog\/\",\"name\":\"Lajme nga Ulqini\",\"description\":\"Lajme,Vijesti,Ulqini,Ulqin,Crna Gora,Mali i Zi\",\"potentialAction\":[{\"@type\":\"SearchAction\",\"target\":{\"@type\":\"EntryPoint\",\"urlTemplate\":\"https:\/\/www.visit-ulcinj.com\/blog\/?s={search_term_string}\"},\"query-input\":\"required name=search_term_string\"}],\"inLanguage\":\"en-US\"},{\"@type\":\"WebPage\",\"@id\":\"https:\/\/www.visit-ulcinj.com\/blog\/2012\/01\/13\/labinot-tahiri-i-shpeton-atentatit\/#webpage\",\"url\":\"https:\/\/www.visit-ulcinj.com\/blog\/2012\/01\/13\/labinot-tahiri-i-shpeton-atentatit\/\",\"name\":\"Labinot Tahiri i shp\u00ebton atentatit - Lajme nga Ulqini\",\"isPartOf\":{\"@id\":\"https:\/\/www.visit-ulcinj.com\/blog\/#website\"},\"datePublished\":\"2012-01-13T10:05:23+00:00\",\"dateModified\":\"2012-01-13T10:05:23+00:00\",\"author\":{\"@id\":\"https:\/\/www.visit-ulcinj.com\/blog\/#\/schema\/person\/dcab619c614d3038751c63bc2aadc06d\"},\"description\":\"K\u00ebng\u00ebtari i mir\u00ebnjohur, Labinot Tahiri, i ka shp\u00ebtuar nj\u00eb atentati ndaj tij, pasi vetura e tij ka shp\u00ebrthyer nga nj\u00eb bomb\u00eb e montuar n\u00eb t\u00eb, vet\u00ebm pes\u00eb\",\"breadcrumb\":{\"@id\":\"https:\/\/www.visit-ulcinj.com\/blog\/2012\/01\/13\/labinot-tahiri-i-shpeton-atentatit\/#breadcrumb\"},\"inLanguage\":\"en-US\",\"potentialAction\":[{\"@type\":\"ReadAction\",\"target\":[\"https:\/\/www.visit-ulcinj.com\/blog\/2012\/01\/13\/labinot-tahiri-i-shpeton-atentatit\/\"]}]},{\"@type\":\"BreadcrumbList\",\"@id\":\"https:\/\/www.visit-ulcinj.com\/blog\/2012\/01\/13\/labinot-tahiri-i-shpeton-atentatit\/#breadcrumb\",\"itemListElement\":[{\"@type\":\"ListItem\",\"position\":1,\"name\":\"Labinot Tahiri i shp\u00ebton atentatit\"}]},{\"@type\":\"Person\",\"@id\":\"https:\/\/www.visit-ulcinj.com\/blog\/#\/schema\/person\/dcab619c614d3038751c63bc2aadc06d\",\"name\":\"ulqini\",\"sameAs\":[\"http:\/\/www.visit-ulcinj.com\"],\"url\":\"https:\/\/www.visit-ulcinj.com\/blog\/author\/admin\/\"}]}<\/script>\n<!-- \/ Yoast SEO plugin. -->","yoast_head_json":{"title":"Labinot Tahiri i shp\u00ebton atentatit - Lajme nga Ulqini","description":"K\u00ebng\u00ebtari i mir\u00ebnjohur, Labinot Tahiri, i ka shp\u00ebtuar nj\u00eb atentati ndaj tij, pasi vetura e tij ka shp\u00ebrthyer nga nj\u00eb bomb\u00eb e montuar n\u00eb t\u00eb, vet\u00ebm pes\u00eb","robots":{"index":"index","follow":"follow","max-snippet":"max-snippet:-1","max-image-preview":"max-image-preview:large","max-video-preview":"max-video-preview:-1"},"canonical":"https:\/\/www.visit-ulcinj.com\/blog\/2012\/01\/13\/labinot-tahiri-i-shpeton-atentatit\/","og_locale":"en_US","og_type":"article","og_title":"Labinot Tahiri i shp\u00ebton atentatit - Lajme nga Ulqini","og_description":"K\u00ebng\u00ebtari i mir\u00ebnjohur, Labinot Tahiri, i ka shp\u00ebtuar nj\u00eb atentati ndaj tij, pasi vetura e tij ka shp\u00ebrthyer nga nj\u00eb bomb\u00eb e montuar n\u00eb t\u00eb, vet\u00ebm pes\u00eb","og_url":"https:\/\/www.visit-ulcinj.com\/blog\/2012\/01\/13\/labinot-tahiri-i-shpeton-atentatit\/","og_site_name":"Lajme nga Ulqini","article_published_time":"2012-01-13T10:05:23+00:00","twitter_misc":{"Written by":"ulqini","Est. reading time":"1 minute"},"schema":{"@context":"https:\/\/schema.org","@graph":[{"@type":"WebSite","@id":"https:\/\/www.visit-ulcinj.com\/blog\/#website","url":"https:\/\/www.visit-ulcinj.com\/blog\/","name":"Lajme nga Ulqini","description":"Lajme,Vijesti,Ulqini,Ulqin,Crna Gora,Mali i Zi","potentialAction":[{"@type":"SearchAction","target":{"@type":"EntryPoint","urlTemplate":"https:\/\/www.visit-ulcinj.com\/blog\/?s={search_term_string}"},"query-input":"required name=search_term_string"}],"inLanguage":"en-US"},{"@type":"WebPage","@id":"https:\/\/www.visit-ulcinj.com\/blog\/2012\/01\/13\/labinot-tahiri-i-shpeton-atentatit\/#webpage","url":"https:\/\/www.visit-ulcinj.com\/blog\/2012\/01\/13\/labinot-tahiri-i-shpeton-atentatit\/","name":"Labinot Tahiri i shp\u00ebton atentatit - Lajme nga Ulqini","isPartOf":{"@id":"https:\/\/www.visit-ulcinj.com\/blog\/#website"},"datePublished":"2012-01-13T10:05:23+00:00","dateModified":"2012-01-13T10:05:23+00:00","author":{"@id":"https:\/\/www.visit-ulcinj.com\/blog\/#\/schema\/person\/dcab619c614d3038751c63bc2aadc06d"},"description":"K\u00ebng\u00ebtari i mir\u00ebnjohur, Labinot Tahiri, i ka shp\u00ebtuar nj\u00eb atentati ndaj tij, pasi vetura e tij ka shp\u00ebrthyer nga nj\u00eb bomb\u00eb e montuar n\u00eb t\u00eb, vet\u00ebm pes\u00eb","breadcrumb":{"@id":"https:\/\/www.visit-ulcinj.com\/blog\/2012\/01\/13\/labinot-tahiri-i-shpeton-atentatit\/#breadcrumb"},"inLanguage":"en-US","potentialAction":[{"@type":"ReadAction","target":["https:\/\/www.visit-ulcinj.com\/blog\/2012\/01\/13\/labinot-tahiri-i-shpeton-atentatit\/"]}]},{"@type":"BreadcrumbList","@id":"https:\/\/www.visit-ulcinj.com\/blog\/2012\/01\/13\/labinot-tahiri-i-shpeton-atentatit\/#breadcrumb","itemListElement":[{"@type":"ListItem","position":1,"name":"Labinot Tahiri i shp\u00ebton atentatit"}]},{"@type":"Person","@id":"https:\/\/www.visit-ulcinj.com\/blog\/#\/schema\/person\/dcab619c614d3038751c63bc2aadc06d","name":"ulqini","sameAs":["http:\/\/www.visit-ulcinj.com"],"url":"https:\/\/www.visit-ulcinj.com\/blog\/author\/admin\/"}]}},"jetpack_featured_media_url":"","jetpack_sharing_enabled":true,"jetpack_shortlink":"https:\/\/wp.me\/pe6lTn-ey0","_links":{"self":[{"href":"https:\/\/www.visit-ulcinj.com\/blog\/wp-json\/wp\/v2\/posts\/55924"}],"collection":[{"href":"https:\/\/www.visit-ulcinj.com\/blog\/wp-json\/wp\/v2\/posts"}],"about":[{"href":"https:\/\/www.visit-ulcinj.com\/blog\/wp-json\/wp\/v2\/types\/post"}],"author":[{"embeddable":true,"href":"https:\/\/www.visit-ulcinj.com\/blog\/wp-json\/wp\/v2\/users\/1"}],"replies":[{"embeddable":true,"href":"https:\/\/www.visit-ulcinj.com\/blog\/wp-json\/wp\/v2\/comments?post=55924"}],"version-history":[{"count":2,"href":"https:\/\/www.visit-ulcinj.com\/blog\/wp-json\/wp\/v2\/posts\/55924\/revisions"}],"predecessor-version":[{"id":55927,"href":"https:\/\/www.visit-ulcinj.com\/blog\/wp-json\/wp\/v2\/posts\/55924\/revisions\/55927"}],"wp:attachment":[{"href":"https:\/\/www.visit-ulcinj.com\/blog\/wp-json\/wp\/v2\/media?parent=55924"}],"wp:term":[{"taxonomy":"category","embeddable":true,"href":"https:\/\/www.visit-ulcinj.com\/blog\/wp-json\/wp\/v2\/categories?post=55924"},{"taxonomy":"post_tag","embeddable":true,"href":"https:\/\/www.visit-ulcinj.com\/blog\/wp-json\/wp\/v2\/tags?post=55924"}],"curies":[{"name":"wp","href":"https:\/\/api.w.org\/{rel}","templated":true}]}}