{"id":55929,"date":"2012-01-13T11:36:36","date_gmt":"2012-01-13T10:36:36","guid":{"rendered":"http:\/\/www.visit-ulcinj.com\/blog\/?p=55929"},"modified":"2012-01-13T11:36:36","modified_gmt":"2012-01-13T10:36:36","slug":"big-mama-duet-me-genten-klipi-xhirohet-ne-bullgari","status":"publish","type":"post","link":"https:\/\/www.visit-ulcinj.com\/blog\/2012\/01\/13\/big-mama-duet-me-genten-klipi-xhirohet-ne-bullgari\/","title":{"rendered":"Big Mama duet me Gent\u00ebn, klipi xhirohet n\u00eb Bullgari"},"content":{"rendered":"<p><strong><a href=\"http:\/\/www.visit-ulcinj.com\/blog\/wp-content\/uploads\/2012\/01\/Big-Mama-duet-me-Gent\u00ebn.jpg\"><img loading=\"lazy\" class=\"alignleft  wp-image-55930\" title=\"Big Mama duet me Gent\u00ebn\" src=\"http:\/\/www.visit-ulcinj.com\/blog\/wp-content\/uploads\/2012\/01\/Big-Mama-duet-me-Gent\u00ebn.jpg\" alt=\"\" width=\"508\" height=\"367\" \/><\/a>Gjat\u00eb nj\u00eb prononcimi p\u00ebr nj\u00eb media n\u00eb Kosov\u00eb lidhur me k\u00ebt\u00eb k\u00ebng\u00eb ajo \u00ebsht\u00eb shprehur: \u2018\u2019K\u00ebnga \u00ebsht\u00eb gati, nd\u00ebrsa tani pritet vet\u00ebm xhirimi i videoklipit.<\/strong><\/p>\n<p>Nuk dua t\u00eb zbuloj m\u00eb shum\u00eb p\u00ebr k\u00ebt\u00eb projekt, sepse jam duke u munduar t\u00eb sjell\u00eb befasi p\u00ebr publikun\u201d, ka th\u00ebn\u00eb k\u00ebng\u00ebtarja teksa tashm\u00eb jan\u00eb zbuluar detaje t\u00eb shumta lidhur me videoklipin ku Bigu do t\u00eb shfaqet me veshje t\u00eb Joni Pecit.<\/p>\n<p>Gjat\u00eb gjith\u00eb vitit ajo ka qen\u00eb shum\u00eb e angazhuar me koncerte, nd\u00ebrsa nat\u00ebn e Vitit t\u00eb Ri k\u00ebng\u00ebtarja ka performuar p\u00ebr tri or\u00eb live koncert n\u00eb sheshin e Tetov\u00ebs, derisa gjat\u00eb dit\u00ebs ajo kishte vizituar edhe sht\u00ebpin\u00eb e f\u00ebmij\u00ebve jetim po n\u00eb k\u00ebt\u00eb qytet me cka kishte ndar\u00eb dhe dhurata. \u201cEdhe pse kam qen\u00eb e angazhuar me k\u00ebng\u00eb, p\u00ebrs\u00ebri kam gjetur koh\u00ebn t\u00eb jem me f\u00ebmij\u00ebt m\u00eb t\u00eb mir\u00eb t\u00eb bot\u00ebs, ku gjat\u00eb t\u00ebr\u00eb dit\u00ebs u kam shp\u00ebrndar\u00eb dhurata\u201d, \u00ebsht\u00eb shprehur k\u00ebng\u00ebtarja e njohur.<\/p>\n<p>Edhe pse i quan surpriza, ne si medium nuk ia lejojm\u00eb nj\u00eb gj\u00eb t\u00eb till\u00eb sepse i zbulojm\u00eb para kohe. Pas k\u00ebtij projekti t\u00eb cilin \u00ebsht\u00eb duke e p\u00ebrfunduar, Big Mama ka vendosur q\u00eb t\u00eb realizoj\u00eb nj\u00eb duet me k\u00ebng\u00ebtaren kosovare nj\u00ebherit edhe mike shum\u00eb e mir\u00eb e saj, Genta Ismajlin. Dueti padyshim do t\u00eb jet\u00eb nj\u00eb hit i k\u00ebtij viti nd\u00ebrsa p\u00ebr videoklipin, k\u00ebng\u00ebtaret kan\u00eb menduar q\u00eb ta realizojn\u00eb n\u00eb Bullgari.<\/p>\n<p><strong>Koha Net<br \/>\n<!--YouTube Error: bad URL entered--><br \/>\n<\/strong><\/p>\n","protected":false},"excerpt":{"rendered":"<p>Gjat\u00eb nj\u00eb prononcimi p\u00ebr nj\u00eb media n\u00eb Kosov\u00eb lidhur me k\u00ebt\u00eb k\u00ebng\u00eb ajo \u00ebsht\u00eb shprehur: \u2018\u2019K\u00ebnga \u00ebsht\u00eb gati, nd\u00ebrsa tani pritet vet\u00ebm xhirimi i videoklipit. Nuk dua t\u00eb zbuloj m\u00eb shum\u00eb p\u00ebr k\u00ebt\u00eb projekt, sepse jam duke u munduar t\u00eb sjell\u00eb befasi p\u00ebr publikun\u201d, ka th\u00ebn\u00eb k\u00ebng\u00ebtarja teksa tashm\u00eb jan\u00eb zbuluar detaje t\u00eb shumta lidhur [&hellip;]<\/p>\n","protected":false},"author":1,"featured_media":0,"comment_status":"open","ping_status":"closed","sticky":false,"template":"","format":"standard","meta":{"spay_email":"","jetpack_publicize_message":"","jetpack_is_tweetstorm":false,"jetpack_publicize_feature_enabled":true},"categories":[1],"tags":[6410,323],"jetpack_publicize_connections":[],"yoast_head":"<!-- This site is optimized with the Yoast SEO plugin v19.1 - https:\/\/yoast.com\/wordpress\/plugins\/seo\/ -->\n<title>Big Mama duet me Gent\u00ebn, klipi xhirohet n\u00eb Bullgari - Lajme nga Ulqini<\/title>\n<meta name=\"description\" content=\"Gjat\u00eb nj\u00eb prononcimi p\u00ebr nj\u00eb media n\u00eb Kosov\u00eb lidhur me k\u00ebt\u00eb k\u00ebng\u00eb ajo \u00ebsht\u00eb shprehur: \u2018\u2019K\u00ebnga \u00ebsht\u00eb gati, nd\u00ebrsa tani pritet vet\u00ebm xhirimi i videoklipit.\" \/>\n<meta name=\"robots\" content=\"index, follow, max-snippet:-1, max-image-preview:large, max-video-preview:-1\" \/>\n<link rel=\"canonical\" href=\"https:\/\/www.visit-ulcinj.com\/blog\/2012\/01\/13\/big-mama-duet-me-genten-klipi-xhirohet-ne-bullgari\/\" \/>\n<meta property=\"og:locale\" content=\"en_US\" \/>\n<meta property=\"og:type\" content=\"article\" \/>\n<meta property=\"og:title\" content=\"Big Mama duet me Gent\u00ebn, klipi xhirohet n\u00eb Bullgari - Lajme nga Ulqini\" \/>\n<meta property=\"og:description\" content=\"Gjat\u00eb nj\u00eb prononcimi p\u00ebr nj\u00eb media n\u00eb Kosov\u00eb lidhur me k\u00ebt\u00eb k\u00ebng\u00eb ajo \u00ebsht\u00eb shprehur: \u2018\u2019K\u00ebnga \u00ebsht\u00eb gati, nd\u00ebrsa tani pritet vet\u00ebm xhirimi i videoklipit.\" \/>\n<meta property=\"og:url\" content=\"https:\/\/www.visit-ulcinj.com\/blog\/2012\/01\/13\/big-mama-duet-me-genten-klipi-xhirohet-ne-bullgari\/\" \/>\n<meta property=\"og:site_name\" content=\"Lajme nga Ulqini\" \/>\n<meta property=\"article:published_time\" content=\"2012-01-13T10:36:36+00:00\" \/>\n<meta name=\"twitter:label1\" content=\"Written by\" \/>\n\t<meta name=\"twitter:data1\" content=\"ulqini\" \/>\n\t<meta name=\"twitter:label2\" content=\"Est. reading time\" \/>\n\t<meta name=\"twitter:data2\" content=\"1 minute\" \/>\n<script type=\"application\/ld+json\" class=\"yoast-schema-graph\">{\"@context\":\"https:\/\/schema.org\",\"@graph\":[{\"@type\":\"WebSite\",\"@id\":\"https:\/\/www.visit-ulcinj.com\/blog\/#website\",\"url\":\"https:\/\/www.visit-ulcinj.com\/blog\/\",\"name\":\"Lajme nga Ulqini\",\"description\":\"Lajme,Vijesti,Ulqini,Ulqin,Crna Gora,Mali i Zi\",\"potentialAction\":[{\"@type\":\"SearchAction\",\"target\":{\"@type\":\"EntryPoint\",\"urlTemplate\":\"https:\/\/www.visit-ulcinj.com\/blog\/?s={search_term_string}\"},\"query-input\":\"required name=search_term_string\"}],\"inLanguage\":\"en-US\"},{\"@type\":\"WebPage\",\"@id\":\"https:\/\/www.visit-ulcinj.com\/blog\/2012\/01\/13\/big-mama-duet-me-genten-klipi-xhirohet-ne-bullgari\/#webpage\",\"url\":\"https:\/\/www.visit-ulcinj.com\/blog\/2012\/01\/13\/big-mama-duet-me-genten-klipi-xhirohet-ne-bullgari\/\",\"name\":\"Big Mama duet me Gent\u00ebn, klipi xhirohet n\u00eb Bullgari - Lajme nga Ulqini\",\"isPartOf\":{\"@id\":\"https:\/\/www.visit-ulcinj.com\/blog\/#website\"},\"datePublished\":\"2012-01-13T10:36:36+00:00\",\"dateModified\":\"2012-01-13T10:36:36+00:00\",\"author\":{\"@id\":\"https:\/\/www.visit-ulcinj.com\/blog\/#\/schema\/person\/dcab619c614d3038751c63bc2aadc06d\"},\"description\":\"Gjat\u00eb nj\u00eb prononcimi p\u00ebr nj\u00eb media n\u00eb Kosov\u00eb lidhur me k\u00ebt\u00eb k\u00ebng\u00eb ajo \u00ebsht\u00eb shprehur: \u2018\u2019K\u00ebnga \u00ebsht\u00eb gati, nd\u00ebrsa tani pritet vet\u00ebm xhirimi i videoklipit.\",\"breadcrumb\":{\"@id\":\"https:\/\/www.visit-ulcinj.com\/blog\/2012\/01\/13\/big-mama-duet-me-genten-klipi-xhirohet-ne-bullgari\/#breadcrumb\"},\"inLanguage\":\"en-US\",\"potentialAction\":[{\"@type\":\"ReadAction\",\"target\":[\"https:\/\/www.visit-ulcinj.com\/blog\/2012\/01\/13\/big-mama-duet-me-genten-klipi-xhirohet-ne-bullgari\/\"]}]},{\"@type\":\"BreadcrumbList\",\"@id\":\"https:\/\/www.visit-ulcinj.com\/blog\/2012\/01\/13\/big-mama-duet-me-genten-klipi-xhirohet-ne-bullgari\/#breadcrumb\",\"itemListElement\":[{\"@type\":\"ListItem\",\"position\":1,\"name\":\"Big Mama duet me Gent\u00ebn, klipi xhirohet n\u00eb Bullgari\"}]},{\"@type\":\"Person\",\"@id\":\"https:\/\/www.visit-ulcinj.com\/blog\/#\/schema\/person\/dcab619c614d3038751c63bc2aadc06d\",\"name\":\"ulqini\",\"sameAs\":[\"http:\/\/www.visit-ulcinj.com\"],\"url\":\"https:\/\/www.visit-ulcinj.com\/blog\/author\/admin\/\"}]}<\/script>\n<!-- \/ Yoast SEO plugin. -->","yoast_head_json":{"title":"Big Mama duet me Gent\u00ebn, klipi xhirohet n\u00eb Bullgari - Lajme nga Ulqini","description":"Gjat\u00eb nj\u00eb prononcimi p\u00ebr nj\u00eb media n\u00eb Kosov\u00eb lidhur me k\u00ebt\u00eb k\u00ebng\u00eb ajo \u00ebsht\u00eb shprehur: \u2018\u2019K\u00ebnga \u00ebsht\u00eb gati, nd\u00ebrsa tani pritet vet\u00ebm xhirimi i videoklipit.","robots":{"index":"index","follow":"follow","max-snippet":"max-snippet:-1","max-image-preview":"max-image-preview:large","max-video-preview":"max-video-preview:-1"},"canonical":"https:\/\/www.visit-ulcinj.com\/blog\/2012\/01\/13\/big-mama-duet-me-genten-klipi-xhirohet-ne-bullgari\/","og_locale":"en_US","og_type":"article","og_title":"Big Mama duet me Gent\u00ebn, klipi xhirohet n\u00eb Bullgari - Lajme nga Ulqini","og_description":"Gjat\u00eb nj\u00eb prononcimi p\u00ebr nj\u00eb media n\u00eb Kosov\u00eb lidhur me k\u00ebt\u00eb k\u00ebng\u00eb ajo \u00ebsht\u00eb shprehur: \u2018\u2019K\u00ebnga \u00ebsht\u00eb gati, nd\u00ebrsa tani pritet vet\u00ebm xhirimi i videoklipit.","og_url":"https:\/\/www.visit-ulcinj.com\/blog\/2012\/01\/13\/big-mama-duet-me-genten-klipi-xhirohet-ne-bullgari\/","og_site_name":"Lajme nga Ulqini","article_published_time":"2012-01-13T10:36:36+00:00","twitter_misc":{"Written by":"ulqini","Est. reading time":"1 minute"},"schema":{"@context":"https:\/\/schema.org","@graph":[{"@type":"WebSite","@id":"https:\/\/www.visit-ulcinj.com\/blog\/#website","url":"https:\/\/www.visit-ulcinj.com\/blog\/","name":"Lajme nga Ulqini","description":"Lajme,Vijesti,Ulqini,Ulqin,Crna Gora,Mali i Zi","potentialAction":[{"@type":"SearchAction","target":{"@type":"EntryPoint","urlTemplate":"https:\/\/www.visit-ulcinj.com\/blog\/?s={search_term_string}"},"query-input":"required name=search_term_string"}],"inLanguage":"en-US"},{"@type":"WebPage","@id":"https:\/\/www.visit-ulcinj.com\/blog\/2012\/01\/13\/big-mama-duet-me-genten-klipi-xhirohet-ne-bullgari\/#webpage","url":"https:\/\/www.visit-ulcinj.com\/blog\/2012\/01\/13\/big-mama-duet-me-genten-klipi-xhirohet-ne-bullgari\/","name":"Big Mama duet me Gent\u00ebn, klipi xhirohet n\u00eb Bullgari - Lajme nga Ulqini","isPartOf":{"@id":"https:\/\/www.visit-ulcinj.com\/blog\/#website"},"datePublished":"2012-01-13T10:36:36+00:00","dateModified":"2012-01-13T10:36:36+00:00","author":{"@id":"https:\/\/www.visit-ulcinj.com\/blog\/#\/schema\/person\/dcab619c614d3038751c63bc2aadc06d"},"description":"Gjat\u00eb nj\u00eb prononcimi p\u00ebr nj\u00eb media n\u00eb Kosov\u00eb lidhur me k\u00ebt\u00eb k\u00ebng\u00eb ajo \u00ebsht\u00eb shprehur: \u2018\u2019K\u00ebnga \u00ebsht\u00eb gati, nd\u00ebrsa tani pritet vet\u00ebm xhirimi i videoklipit.","breadcrumb":{"@id":"https:\/\/www.visit-ulcinj.com\/blog\/2012\/01\/13\/big-mama-duet-me-genten-klipi-xhirohet-ne-bullgari\/#breadcrumb"},"inLanguage":"en-US","potentialAction":[{"@type":"ReadAction","target":["https:\/\/www.visit-ulcinj.com\/blog\/2012\/01\/13\/big-mama-duet-me-genten-klipi-xhirohet-ne-bullgari\/"]}]},{"@type":"BreadcrumbList","@id":"https:\/\/www.visit-ulcinj.com\/blog\/2012\/01\/13\/big-mama-duet-me-genten-klipi-xhirohet-ne-bullgari\/#breadcrumb","itemListElement":[{"@type":"ListItem","position":1,"name":"Big Mama duet me Gent\u00ebn, klipi xhirohet n\u00eb Bullgari"}]},{"@type":"Person","@id":"https:\/\/www.visit-ulcinj.com\/blog\/#\/schema\/person\/dcab619c614d3038751c63bc2aadc06d","name":"ulqini","sameAs":["http:\/\/www.visit-ulcinj.com"],"url":"https:\/\/www.visit-ulcinj.com\/blog\/author\/admin\/"}]}},"jetpack_featured_media_url":"","jetpack_sharing_enabled":true,"jetpack_shortlink":"https:\/\/wp.me\/pe6lTn-ey5","_links":{"self":[{"href":"https:\/\/www.visit-ulcinj.com\/blog\/wp-json\/wp\/v2\/posts\/55929"}],"collection":[{"href":"https:\/\/www.visit-ulcinj.com\/blog\/wp-json\/wp\/v2\/posts"}],"about":[{"href":"https:\/\/www.visit-ulcinj.com\/blog\/wp-json\/wp\/v2\/types\/post"}],"author":[{"embeddable":true,"href":"https:\/\/www.visit-ulcinj.com\/blog\/wp-json\/wp\/v2\/users\/1"}],"replies":[{"embeddable":true,"href":"https:\/\/www.visit-ulcinj.com\/blog\/wp-json\/wp\/v2\/comments?post=55929"}],"version-history":[{"count":1,"href":"https:\/\/www.visit-ulcinj.com\/blog\/wp-json\/wp\/v2\/posts\/55929\/revisions"}],"predecessor-version":[{"id":55931,"href":"https:\/\/www.visit-ulcinj.com\/blog\/wp-json\/wp\/v2\/posts\/55929\/revisions\/55931"}],"wp:attachment":[{"href":"https:\/\/www.visit-ulcinj.com\/blog\/wp-json\/wp\/v2\/media?parent=55929"}],"wp:term":[{"taxonomy":"category","embeddable":true,"href":"https:\/\/www.visit-ulcinj.com\/blog\/wp-json\/wp\/v2\/categories?post=55929"},{"taxonomy":"post_tag","embeddable":true,"href":"https:\/\/www.visit-ulcinj.com\/blog\/wp-json\/wp\/v2\/tags?post=55929"}],"curies":[{"name":"wp","href":"https:\/\/api.w.org\/{rel}","templated":true}]}}