{"id":55940,"date":"2012-01-13T12:10:17","date_gmt":"2012-01-13T11:10:17","guid":{"rendered":"http:\/\/www.visit-ulcinj.com\/blog\/?p=55940"},"modified":"2012-01-13T12:10:17","modified_gmt":"2012-01-13T11:10:17","slug":"sinan-hoxha-deshiron-te-martohet-kete-vit","status":"publish","type":"post","link":"https:\/\/www.visit-ulcinj.com\/blog\/2012\/01\/13\/sinan-hoxha-deshiron-te-martohet-kete-vit\/","title":{"rendered":"Sinan Hoxha d\u00ebshiron t\u00eb martohet k\u00ebt\u00eb vit"},"content":{"rendered":"<p><a href=\"http:\/\/www.visit-ulcinj.com\/blog\/wp-content\/uploads\/2012\/01\/Sinan-Hoxha.jpg\"><img loading=\"lazy\" class=\"alignleft  wp-image-55941\" title=\"Sinan Hoxha\" src=\"http:\/\/www.visit-ulcinj.com\/blog\/wp-content\/uploads\/2012\/01\/Sinan-Hoxha.jpg\" alt=\"\" width=\"508\" height=\"349\" \/><\/a>Sinan Hoxha \u00a0ka treguar se viti q\u00eb lam\u00eb pas ka qen\u00eb pak i ekzagjeruar me lajmet roz\u00eb p\u00ebr t\u00eb, nd\u00ebrsa ai nuk ka dashur t\u00eb flas\u00eb p\u00ebr ngjarjen q\u00eb i ka ndodhur n\u00eb Preshev\u00eb, q\u00eb u fol q\u00eb ai u arrestua nga policia serbe, pasi k\u00ebng\u00ebtari ia ka l\u00ebn\u00eb k\u00ebt\u00eb proces vet\u00ebm gjykat\u00ebs e nuk ka t\u00eb drejt\u00eb t\u00eb flas\u00eb.<\/p>\n<p>Por, edhe thashethemet se ai tashm\u00eb nuk bashk\u00ebpunon me Seldin i ka hedhur posht\u00eb, duke th\u00ebn\u00eb se nuk \u00ebsht\u00eb gjithmon\u00eb q\u00eb ata duhet t\u00eb jen\u00eb bashk\u00eb n\u00ebp\u00ebr koncerte. Por, n\u00eb rr\u00ebfimin e tij ne programin \u201cPro Shqip\u201d n\u00eb Top Kosova Radio k\u00ebng\u00ebtari i njohur, Sinan Hoxha, ka treguar nj\u00eb sekret dhe nj\u00eb q\u00ebllim q\u00eb i ka v\u00ebn\u00eb vet\u00ebs p\u00ebr 2012, ai do t\u00eb martohet.<\/p>\n<p><strong>Vipat.info<br \/>\n<!--YouTube Error: bad URL entered--><br \/>\n<\/strong><\/p>\n","protected":false},"excerpt":{"rendered":"<p>Sinan Hoxha \u00a0ka treguar se viti q\u00eb lam\u00eb pas ka qen\u00eb pak i ekzagjeruar me lajmet roz\u00eb p\u00ebr t\u00eb, nd\u00ebrsa ai nuk ka dashur t\u00eb flas\u00eb p\u00ebr ngjarjen q\u00eb i ka ndodhur n\u00eb Preshev\u00eb, q\u00eb u fol q\u00eb ai u arrestua nga policia serbe, pasi k\u00ebng\u00ebtari ia ka l\u00ebn\u00eb k\u00ebt\u00eb proces vet\u00ebm gjykat\u00ebs e nuk [&hellip;]<\/p>\n","protected":false},"author":1,"featured_media":0,"comment_status":"open","ping_status":"closed","sticky":false,"template":"","format":"standard","meta":{"spay_email":"","jetpack_publicize_message":"","jetpack_is_tweetstorm":false,"jetpack_publicize_feature_enabled":true},"categories":[1],"tags":[19677,19806,16036,19514,19511,12151,19513,6693,4684,19460],"jetpack_publicize_connections":[],"yoast_head":"<!-- This site is optimized with the Yoast SEO plugin v19.1 - https:\/\/yoast.com\/wordpress\/plugins\/seo\/ -->\n<title>Sinan Hoxha d\u00ebshiron t\u00eb martohet k\u00ebt\u00eb vit - Lajme nga Ulqini<\/title>\n<meta name=\"description\" content=\"Sinan Hoxha \u00a0ka treguar se viti q\u00eb lam\u00eb pas ka qen\u00eb pak i ekzagjeruar me lajmet roz\u00eb p\u00ebr t\u00eb, nd\u00ebrsa ai nuk ka dashur t\u00eb flas\u00eb p\u00ebr ngjarjen q\u00eb i ka ndodhur\" \/>\n<meta name=\"robots\" content=\"index, follow, max-snippet:-1, max-image-preview:large, max-video-preview:-1\" \/>\n<link rel=\"canonical\" href=\"https:\/\/www.visit-ulcinj.com\/blog\/2012\/01\/13\/sinan-hoxha-deshiron-te-martohet-kete-vit\/\" \/>\n<meta property=\"og:locale\" content=\"en_US\" \/>\n<meta property=\"og:type\" content=\"article\" \/>\n<meta property=\"og:title\" content=\"Sinan Hoxha d\u00ebshiron t\u00eb martohet k\u00ebt\u00eb vit - Lajme nga Ulqini\" \/>\n<meta property=\"og:description\" content=\"Sinan Hoxha \u00a0ka treguar se viti q\u00eb lam\u00eb pas ka qen\u00eb pak i ekzagjeruar me lajmet roz\u00eb p\u00ebr t\u00eb, nd\u00ebrsa ai nuk ka dashur t\u00eb flas\u00eb p\u00ebr ngjarjen q\u00eb i ka ndodhur\" \/>\n<meta property=\"og:url\" content=\"https:\/\/www.visit-ulcinj.com\/blog\/2012\/01\/13\/sinan-hoxha-deshiron-te-martohet-kete-vit\/\" \/>\n<meta property=\"og:site_name\" content=\"Lajme nga Ulqini\" \/>\n<meta property=\"article:published_time\" content=\"2012-01-13T11:10:17+00:00\" \/>\n<meta property=\"og:image\" content=\"http:\/\/www.visit-ulcinj.com\/blog\/wp-content\/uploads\/2012\/01\/Sinan-Hoxha.jpg\" \/>\n<meta name=\"twitter:label1\" content=\"Written by\" \/>\n\t<meta name=\"twitter:data1\" content=\"ulqini\" \/>\n\t<meta name=\"twitter:label2\" content=\"Est. reading time\" \/>\n\t<meta name=\"twitter:data2\" content=\"1 minute\" \/>\n<script type=\"application\/ld+json\" class=\"yoast-schema-graph\">{\"@context\":\"https:\/\/schema.org\",\"@graph\":[{\"@type\":\"WebSite\",\"@id\":\"https:\/\/www.visit-ulcinj.com\/blog\/#website\",\"url\":\"https:\/\/www.visit-ulcinj.com\/blog\/\",\"name\":\"Lajme nga Ulqini\",\"description\":\"Lajme,Vijesti,Ulqini,Ulqin,Crna Gora,Mali i Zi\",\"potentialAction\":[{\"@type\":\"SearchAction\",\"target\":{\"@type\":\"EntryPoint\",\"urlTemplate\":\"https:\/\/www.visit-ulcinj.com\/blog\/?s={search_term_string}\"},\"query-input\":\"required name=search_term_string\"}],\"inLanguage\":\"en-US\"},{\"@type\":\"ImageObject\",\"inLanguage\":\"en-US\",\"@id\":\"https:\/\/www.visit-ulcinj.com\/blog\/2012\/01\/13\/sinan-hoxha-deshiron-te-martohet-kete-vit\/#primaryimage\",\"url\":\"http:\/\/www.visit-ulcinj.com\/blog\/wp-content\/uploads\/2012\/01\/Sinan-Hoxha.jpg\",\"contentUrl\":\"http:\/\/www.visit-ulcinj.com\/blog\/wp-content\/uploads\/2012\/01\/Sinan-Hoxha.jpg\"},{\"@type\":\"WebPage\",\"@id\":\"https:\/\/www.visit-ulcinj.com\/blog\/2012\/01\/13\/sinan-hoxha-deshiron-te-martohet-kete-vit\/#webpage\",\"url\":\"https:\/\/www.visit-ulcinj.com\/blog\/2012\/01\/13\/sinan-hoxha-deshiron-te-martohet-kete-vit\/\",\"name\":\"Sinan Hoxha d\u00ebshiron t\u00eb martohet k\u00ebt\u00eb vit - Lajme nga Ulqini\",\"isPartOf\":{\"@id\":\"https:\/\/www.visit-ulcinj.com\/blog\/#website\"},\"primaryImageOfPage\":{\"@id\":\"https:\/\/www.visit-ulcinj.com\/blog\/2012\/01\/13\/sinan-hoxha-deshiron-te-martohet-kete-vit\/#primaryimage\"},\"datePublished\":\"2012-01-13T11:10:17+00:00\",\"dateModified\":\"2012-01-13T11:10:17+00:00\",\"author\":{\"@id\":\"https:\/\/www.visit-ulcinj.com\/blog\/#\/schema\/person\/dcab619c614d3038751c63bc2aadc06d\"},\"description\":\"Sinan Hoxha \u00a0ka treguar se viti q\u00eb lam\u00eb pas ka qen\u00eb pak i ekzagjeruar me lajmet roz\u00eb p\u00ebr t\u00eb, nd\u00ebrsa ai nuk ka dashur t\u00eb flas\u00eb p\u00ebr ngjarjen q\u00eb i ka ndodhur\",\"breadcrumb\":{\"@id\":\"https:\/\/www.visit-ulcinj.com\/blog\/2012\/01\/13\/sinan-hoxha-deshiron-te-martohet-kete-vit\/#breadcrumb\"},\"inLanguage\":\"en-US\",\"potentialAction\":[{\"@type\":\"ReadAction\",\"target\":[\"https:\/\/www.visit-ulcinj.com\/blog\/2012\/01\/13\/sinan-hoxha-deshiron-te-martohet-kete-vit\/\"]}]},{\"@type\":\"BreadcrumbList\",\"@id\":\"https:\/\/www.visit-ulcinj.com\/blog\/2012\/01\/13\/sinan-hoxha-deshiron-te-martohet-kete-vit\/#breadcrumb\",\"itemListElement\":[{\"@type\":\"ListItem\",\"position\":1,\"name\":\"Sinan Hoxha d\u00ebshiron t\u00eb martohet k\u00ebt\u00eb vit\"}]},{\"@type\":\"Person\",\"@id\":\"https:\/\/www.visit-ulcinj.com\/blog\/#\/schema\/person\/dcab619c614d3038751c63bc2aadc06d\",\"name\":\"ulqini\",\"sameAs\":[\"http:\/\/www.visit-ulcinj.com\"],\"url\":\"https:\/\/www.visit-ulcinj.com\/blog\/author\/admin\/\"}]}<\/script>\n<!-- \/ Yoast SEO plugin. -->","yoast_head_json":{"title":"Sinan Hoxha d\u00ebshiron t\u00eb martohet k\u00ebt\u00eb vit - Lajme nga Ulqini","description":"Sinan Hoxha \u00a0ka treguar se viti q\u00eb lam\u00eb pas ka qen\u00eb pak i ekzagjeruar me lajmet roz\u00eb p\u00ebr t\u00eb, nd\u00ebrsa ai nuk ka dashur t\u00eb flas\u00eb p\u00ebr ngjarjen q\u00eb i ka ndodhur","robots":{"index":"index","follow":"follow","max-snippet":"max-snippet:-1","max-image-preview":"max-image-preview:large","max-video-preview":"max-video-preview:-1"},"canonical":"https:\/\/www.visit-ulcinj.com\/blog\/2012\/01\/13\/sinan-hoxha-deshiron-te-martohet-kete-vit\/","og_locale":"en_US","og_type":"article","og_title":"Sinan Hoxha d\u00ebshiron t\u00eb martohet k\u00ebt\u00eb vit - Lajme nga Ulqini","og_description":"Sinan Hoxha \u00a0ka treguar se viti q\u00eb lam\u00eb pas ka qen\u00eb pak i ekzagjeruar me lajmet roz\u00eb p\u00ebr t\u00eb, nd\u00ebrsa ai nuk ka dashur t\u00eb flas\u00eb p\u00ebr ngjarjen q\u00eb i ka ndodhur","og_url":"https:\/\/www.visit-ulcinj.com\/blog\/2012\/01\/13\/sinan-hoxha-deshiron-te-martohet-kete-vit\/","og_site_name":"Lajme nga Ulqini","article_published_time":"2012-01-13T11:10:17+00:00","og_image":[{"url":"http:\/\/www.visit-ulcinj.com\/blog\/wp-content\/uploads\/2012\/01\/Sinan-Hoxha.jpg"}],"twitter_misc":{"Written by":"ulqini","Est. reading time":"1 minute"},"schema":{"@context":"https:\/\/schema.org","@graph":[{"@type":"WebSite","@id":"https:\/\/www.visit-ulcinj.com\/blog\/#website","url":"https:\/\/www.visit-ulcinj.com\/blog\/","name":"Lajme nga Ulqini","description":"Lajme,Vijesti,Ulqini,Ulqin,Crna Gora,Mali i Zi","potentialAction":[{"@type":"SearchAction","target":{"@type":"EntryPoint","urlTemplate":"https:\/\/www.visit-ulcinj.com\/blog\/?s={search_term_string}"},"query-input":"required name=search_term_string"}],"inLanguage":"en-US"},{"@type":"ImageObject","inLanguage":"en-US","@id":"https:\/\/www.visit-ulcinj.com\/blog\/2012\/01\/13\/sinan-hoxha-deshiron-te-martohet-kete-vit\/#primaryimage","url":"http:\/\/www.visit-ulcinj.com\/blog\/wp-content\/uploads\/2012\/01\/Sinan-Hoxha.jpg","contentUrl":"http:\/\/www.visit-ulcinj.com\/blog\/wp-content\/uploads\/2012\/01\/Sinan-Hoxha.jpg"},{"@type":"WebPage","@id":"https:\/\/www.visit-ulcinj.com\/blog\/2012\/01\/13\/sinan-hoxha-deshiron-te-martohet-kete-vit\/#webpage","url":"https:\/\/www.visit-ulcinj.com\/blog\/2012\/01\/13\/sinan-hoxha-deshiron-te-martohet-kete-vit\/","name":"Sinan Hoxha d\u00ebshiron t\u00eb martohet k\u00ebt\u00eb vit - Lajme nga Ulqini","isPartOf":{"@id":"https:\/\/www.visit-ulcinj.com\/blog\/#website"},"primaryImageOfPage":{"@id":"https:\/\/www.visit-ulcinj.com\/blog\/2012\/01\/13\/sinan-hoxha-deshiron-te-martohet-kete-vit\/#primaryimage"},"datePublished":"2012-01-13T11:10:17+00:00","dateModified":"2012-01-13T11:10:17+00:00","author":{"@id":"https:\/\/www.visit-ulcinj.com\/blog\/#\/schema\/person\/dcab619c614d3038751c63bc2aadc06d"},"description":"Sinan Hoxha \u00a0ka treguar se viti q\u00eb lam\u00eb pas ka qen\u00eb pak i ekzagjeruar me lajmet roz\u00eb p\u00ebr t\u00eb, nd\u00ebrsa ai nuk ka dashur t\u00eb flas\u00eb p\u00ebr ngjarjen q\u00eb i ka ndodhur","breadcrumb":{"@id":"https:\/\/www.visit-ulcinj.com\/blog\/2012\/01\/13\/sinan-hoxha-deshiron-te-martohet-kete-vit\/#breadcrumb"},"inLanguage":"en-US","potentialAction":[{"@type":"ReadAction","target":["https:\/\/www.visit-ulcinj.com\/blog\/2012\/01\/13\/sinan-hoxha-deshiron-te-martohet-kete-vit\/"]}]},{"@type":"BreadcrumbList","@id":"https:\/\/www.visit-ulcinj.com\/blog\/2012\/01\/13\/sinan-hoxha-deshiron-te-martohet-kete-vit\/#breadcrumb","itemListElement":[{"@type":"ListItem","position":1,"name":"Sinan Hoxha d\u00ebshiron t\u00eb martohet k\u00ebt\u00eb vit"}]},{"@type":"Person","@id":"https:\/\/www.visit-ulcinj.com\/blog\/#\/schema\/person\/dcab619c614d3038751c63bc2aadc06d","name":"ulqini","sameAs":["http:\/\/www.visit-ulcinj.com"],"url":"https:\/\/www.visit-ulcinj.com\/blog\/author\/admin\/"}]}},"jetpack_featured_media_url":"","jetpack_sharing_enabled":true,"jetpack_shortlink":"https:\/\/wp.me\/pe6lTn-eyg","_links":{"self":[{"href":"https:\/\/www.visit-ulcinj.com\/blog\/wp-json\/wp\/v2\/posts\/55940"}],"collection":[{"href":"https:\/\/www.visit-ulcinj.com\/blog\/wp-json\/wp\/v2\/posts"}],"about":[{"href":"https:\/\/www.visit-ulcinj.com\/blog\/wp-json\/wp\/v2\/types\/post"}],"author":[{"embeddable":true,"href":"https:\/\/www.visit-ulcinj.com\/blog\/wp-json\/wp\/v2\/users\/1"}],"replies":[{"embeddable":true,"href":"https:\/\/www.visit-ulcinj.com\/blog\/wp-json\/wp\/v2\/comments?post=55940"}],"version-history":[{"count":1,"href":"https:\/\/www.visit-ulcinj.com\/blog\/wp-json\/wp\/v2\/posts\/55940\/revisions"}],"predecessor-version":[{"id":55942,"href":"https:\/\/www.visit-ulcinj.com\/blog\/wp-json\/wp\/v2\/posts\/55940\/revisions\/55942"}],"wp:attachment":[{"href":"https:\/\/www.visit-ulcinj.com\/blog\/wp-json\/wp\/v2\/media?parent=55940"}],"wp:term":[{"taxonomy":"category","embeddable":true,"href":"https:\/\/www.visit-ulcinj.com\/blog\/wp-json\/wp\/v2\/categories?post=55940"},{"taxonomy":"post_tag","embeddable":true,"href":"https:\/\/www.visit-ulcinj.com\/blog\/wp-json\/wp\/v2\/tags?post=55940"}],"curies":[{"name":"wp","href":"https:\/\/api.w.org\/{rel}","templated":true}]}}