{"id":55943,"date":"2012-01-13T12:33:35","date_gmt":"2012-01-13T11:33:35","guid":{"rendered":"http:\/\/www.visit-ulcinj.com\/blog\/?p=55943"},"modified":"2012-01-13T12:33:35","modified_gmt":"2012-01-13T11:33:35","slug":"albana-azizi-talente-e-muzikes-qe-premton","status":"publish","type":"post","link":"https:\/\/www.visit-ulcinj.com\/blog\/2012\/01\/13\/albana-azizi-talente-e-muzikes-qe-premton\/","title":{"rendered":"Albana Azizi, talente e muzik\u00ebs q\u00eb premton"},"content":{"rendered":"<p><strong><a href=\"http:\/\/www.visit-ulcinj.com\/blog\/wp-content\/uploads\/2012\/01\/Albana-Azizi-Bern.jpg\"><img loading=\"lazy\" class=\"alignleft  wp-image-55944\" title=\"Albana Azizi-Bern\" src=\"http:\/\/www.visit-ulcinj.com\/blog\/wp-content\/uploads\/2012\/01\/Albana-Azizi-Bern.jpg\" alt=\"\" width=\"508\" height=\"348\" \/><\/a>Pas m\u00eb shum\u00eb se nj\u00eb viti, doli albumi i par\u00eb i Albana Azizit i titulluar &#8220;Si her\u00ebn e par\u00eb&#8221; dhe 3 klipet me k\u00ebng\u00ebt nga albumi &#8220;E vetmja fem\u00ebr&#8221;, &#8220;Real Love&#8221; dhe k\u00ebnga &#8220;I Love it&#8221;. Me k\u00ebng\u00ebn \u201cI Love it\u201d, ajo ka marr\u00eb pjes\u00eb n\u00eb Eurovision \u201cSong Contest\u201d t\u00eb Zvicr\u00ebs. <\/strong><\/p>\n<p>Albana Azizi, \u00ebsht\u00eb e lindur n\u00eb Bern t\u00eb Zvicr\u00ebs, kurse prind\u00ebrit e saj jan\u00eb me prejardhje nga Kosova.<\/p>\n<p>P\u00ebr talentin e rrall\u00eb t\u00eb Alban\u00ebs, kan\u00eb shkruar shum\u00eb gazetat zvicrane.<\/p>\n<p>Albana \u00ebsht\u00eb paraqitur n\u00eb shum\u00eb mbr\u00ebmje muzikore dh\u00eb \u00ebsht\u00eb mir\u00ebpritur nga publiku zviceran, nga nacionalitetet e shumta q\u00eb jetojn\u00eb k\u00ebt\u00eb vend.<\/p>\n<p>U realizua albumi n\u00eb \u201cTop Channel\u201d , kurse sht\u00ebpia discografike \u201cSuperSonic\u201d e ka marr\u00eb p\u00ebr sip\u00ebr menaxhimin e Albumit per Shqiperi. Po ashtu, ky album \u00ebsht\u00eb plasuar edhe n\u00eb Kosov\u00eb.<\/p>\n<p>Albumi p\u00ebrmban k\u00ebng\u00eb t\u00eb zhanreve t\u00eb ndryshme Pop, Rock, RnB, Dance dhe Folk, dhe \u00ebsht\u00eb radhitur n\u00eb vendine tret\u00eb si albumi m\u00eb i mir\u00eb gjat\u00eb vitit 2011.<\/p>\n<p>Dit\u00eb m\u00eb par\u00eb, n\u00eb \u201cTv Klan\u201d n\u00eb kuad\u00ebr t\u00eb spektaklit \u201cZon\u00eb e lir\u00eb\u201d, \u00ebsht\u00eb b\u00ebr\u00eb promovimi i k\u00ebtij albumi. Pas k\u00ebtij suksesi t\u00eb Alban\u00ebs, edhe n\u00eb Kosov\u00eb dhe Maqedoni, kjo k\u00ebng\u00ebtare e re kishte p\u00ebrg\u00ebzime t\u00eb shumta p\u00ebr albumin e saj edhe nga vip-at shqiptar\u00eb.<\/p>\n<p><strong>Kosova Press<br \/>\n<\/p>\n<p><\/strong><!--YouTube Error: bad URL entered--><\/p>\n","protected":false},"excerpt":{"rendered":"<p>Pas m\u00eb shum\u00eb se nj\u00eb viti, doli albumi i par\u00eb i Albana Azizit i titulluar &#8220;Si her\u00ebn e par\u00eb&#8221; dhe 3 klipet me k\u00ebng\u00ebt nga albumi &#8220;E vetmja fem\u00ebr&#8221;, &#8220;Real Love&#8221; dhe k\u00ebnga &#8220;I Love it&#8221;. Me k\u00ebng\u00ebn \u201cI Love it\u201d, ajo ka marr\u00eb pjes\u00eb n\u00eb Eurovision \u201cSong Contest\u201d t\u00eb Zvicr\u00ebs. Albana Azizi, \u00ebsht\u00eb e [&hellip;]<\/p>\n","protected":false},"author":1,"featured_media":0,"comment_status":"open","ping_status":"closed","sticky":false,"template":"","format":"standard","meta":{"spay_email":"","jetpack_publicize_message":"","jetpack_is_tweetstorm":false,"jetpack_publicize_feature_enabled":true},"categories":[1],"tags":[19849,19677,19806,16036,19514,19511,19513,6693,19460],"jetpack_publicize_connections":[],"yoast_head":"<!-- This site is optimized with the Yoast SEO plugin v19.1 - https:\/\/yoast.com\/wordpress\/plugins\/seo\/ -->\n<title>Albana Azizi, talente e muzik\u00ebs q\u00eb premton - Lajme nga Ulqini<\/title>\n<meta name=\"description\" content=\"Pas m\u00eb shum\u00eb se nj\u00eb viti, doli albumi i par\u00eb i Albana Azizit i titulluar &quot;Si her\u00ebn e par\u00eb&quot; dhe 3 klipet me k\u00ebng\u00ebt nga albumi &quot;E vetmja fem\u00ebr&quot;, &quot;Real Love&quot;\" \/>\n<meta name=\"robots\" content=\"index, follow, max-snippet:-1, max-image-preview:large, max-video-preview:-1\" \/>\n<link rel=\"canonical\" href=\"https:\/\/www.visit-ulcinj.com\/blog\/2012\/01\/13\/albana-azizi-talente-e-muzikes-qe-premton\/\" \/>\n<meta property=\"og:locale\" content=\"en_US\" \/>\n<meta property=\"og:type\" content=\"article\" \/>\n<meta property=\"og:title\" content=\"Albana Azizi, talente e muzik\u00ebs q\u00eb premton - Lajme nga Ulqini\" \/>\n<meta property=\"og:description\" content=\"Pas m\u00eb shum\u00eb se nj\u00eb viti, doli albumi i par\u00eb i Albana Azizit i titulluar &quot;Si her\u00ebn e par\u00eb&quot; dhe 3 klipet me k\u00ebng\u00ebt nga albumi &quot;E vetmja fem\u00ebr&quot;, &quot;Real Love&quot;\" \/>\n<meta property=\"og:url\" content=\"https:\/\/www.visit-ulcinj.com\/blog\/2012\/01\/13\/albana-azizi-talente-e-muzikes-qe-premton\/\" \/>\n<meta property=\"og:site_name\" content=\"Lajme nga Ulqini\" \/>\n<meta property=\"article:published_time\" content=\"2012-01-13T11:33:35+00:00\" \/>\n<meta property=\"og:image\" content=\"https:\/\/www.visit-ulcinj.com\/blog\/wp-content\/uploads\/2012\/01\/Albana-Azizi-Bern-150x150.jpg\" \/>\n<meta name=\"twitter:label1\" content=\"Written by\" \/>\n\t<meta name=\"twitter:data1\" content=\"ulqini\" \/>\n\t<meta name=\"twitter:label2\" content=\"Est. reading time\" \/>\n\t<meta name=\"twitter:data2\" content=\"1 minute\" \/>\n<script type=\"application\/ld+json\" class=\"yoast-schema-graph\">{\"@context\":\"https:\/\/schema.org\",\"@graph\":[{\"@type\":\"WebSite\",\"@id\":\"https:\/\/www.visit-ulcinj.com\/blog\/#website\",\"url\":\"https:\/\/www.visit-ulcinj.com\/blog\/\",\"name\":\"Lajme nga Ulqini\",\"description\":\"Lajme,Vijesti,Ulqini,Ulqin,Crna Gora,Mali i Zi\",\"potentialAction\":[{\"@type\":\"SearchAction\",\"target\":{\"@type\":\"EntryPoint\",\"urlTemplate\":\"https:\/\/www.visit-ulcinj.com\/blog\/?s={search_term_string}\"},\"query-input\":\"required name=search_term_string\"}],\"inLanguage\":\"en-US\"},{\"@type\":\"ImageObject\",\"inLanguage\":\"en-US\",\"@id\":\"https:\/\/www.visit-ulcinj.com\/blog\/2012\/01\/13\/albana-azizi-talente-e-muzikes-qe-premton\/#primaryimage\",\"url\":\"http:\/\/www.visit-ulcinj.com\/blog\/wp-content\/uploads\/2012\/01\/Albana-Azizi-Bern.jpg\",\"contentUrl\":\"http:\/\/www.visit-ulcinj.com\/blog\/wp-content\/uploads\/2012\/01\/Albana-Azizi-Bern.jpg\"},{\"@type\":\"WebPage\",\"@id\":\"https:\/\/www.visit-ulcinj.com\/blog\/2012\/01\/13\/albana-azizi-talente-e-muzikes-qe-premton\/#webpage\",\"url\":\"https:\/\/www.visit-ulcinj.com\/blog\/2012\/01\/13\/albana-azizi-talente-e-muzikes-qe-premton\/\",\"name\":\"Albana Azizi, talente e muzik\u00ebs q\u00eb premton - Lajme nga Ulqini\",\"isPartOf\":{\"@id\":\"https:\/\/www.visit-ulcinj.com\/blog\/#website\"},\"primaryImageOfPage\":{\"@id\":\"https:\/\/www.visit-ulcinj.com\/blog\/2012\/01\/13\/albana-azizi-talente-e-muzikes-qe-premton\/#primaryimage\"},\"datePublished\":\"2012-01-13T11:33:35+00:00\",\"dateModified\":\"2012-01-13T11:33:35+00:00\",\"author\":{\"@id\":\"https:\/\/www.visit-ulcinj.com\/blog\/#\/schema\/person\/dcab619c614d3038751c63bc2aadc06d\"},\"description\":\"Pas m\u00eb shum\u00eb se nj\u00eb viti, doli albumi i par\u00eb i Albana Azizit i titulluar \\\"Si her\u00ebn e par\u00eb\\\" dhe 3 klipet me k\u00ebng\u00ebt nga albumi \\\"E vetmja fem\u00ebr\\\", \\\"Real Love\\\"\",\"breadcrumb\":{\"@id\":\"https:\/\/www.visit-ulcinj.com\/blog\/2012\/01\/13\/albana-azizi-talente-e-muzikes-qe-premton\/#breadcrumb\"},\"inLanguage\":\"en-US\",\"potentialAction\":[{\"@type\":\"ReadAction\",\"target\":[\"https:\/\/www.visit-ulcinj.com\/blog\/2012\/01\/13\/albana-azizi-talente-e-muzikes-qe-premton\/\"]}]},{\"@type\":\"BreadcrumbList\",\"@id\":\"https:\/\/www.visit-ulcinj.com\/blog\/2012\/01\/13\/albana-azizi-talente-e-muzikes-qe-premton\/#breadcrumb\",\"itemListElement\":[{\"@type\":\"ListItem\",\"position\":1,\"name\":\"Albana Azizi, talente e muzik\u00ebs q\u00eb premton\"}]},{\"@type\":\"Person\",\"@id\":\"https:\/\/www.visit-ulcinj.com\/blog\/#\/schema\/person\/dcab619c614d3038751c63bc2aadc06d\",\"name\":\"ulqini\",\"sameAs\":[\"http:\/\/www.visit-ulcinj.com\"],\"url\":\"https:\/\/www.visit-ulcinj.com\/blog\/author\/admin\/\"}]}<\/script>\n<!-- \/ Yoast SEO plugin. -->","yoast_head_json":{"title":"Albana Azizi, talente e muzik\u00ebs q\u00eb premton - Lajme nga Ulqini","description":"Pas m\u00eb shum\u00eb se nj\u00eb viti, doli albumi i par\u00eb i Albana Azizit i titulluar \"Si her\u00ebn e par\u00eb\" dhe 3 klipet me k\u00ebng\u00ebt nga albumi \"E vetmja fem\u00ebr\", \"Real Love\"","robots":{"index":"index","follow":"follow","max-snippet":"max-snippet:-1","max-image-preview":"max-image-preview:large","max-video-preview":"max-video-preview:-1"},"canonical":"https:\/\/www.visit-ulcinj.com\/blog\/2012\/01\/13\/albana-azizi-talente-e-muzikes-qe-premton\/","og_locale":"en_US","og_type":"article","og_title":"Albana Azizi, talente e muzik\u00ebs q\u00eb premton - Lajme nga Ulqini","og_description":"Pas m\u00eb shum\u00eb se nj\u00eb viti, doli albumi i par\u00eb i Albana Azizit i titulluar \"Si her\u00ebn e par\u00eb\" dhe 3 klipet me k\u00ebng\u00ebt nga albumi \"E vetmja fem\u00ebr\", \"Real Love\"","og_url":"https:\/\/www.visit-ulcinj.com\/blog\/2012\/01\/13\/albana-azizi-talente-e-muzikes-qe-premton\/","og_site_name":"Lajme nga Ulqini","article_published_time":"2012-01-13T11:33:35+00:00","og_image":[{"url":"https:\/\/www.visit-ulcinj.com\/blog\/wp-content\/uploads\/2012\/01\/Albana-Azizi-Bern-150x150.jpg"}],"twitter_misc":{"Written by":"ulqini","Est. reading time":"1 minute"},"schema":{"@context":"https:\/\/schema.org","@graph":[{"@type":"WebSite","@id":"https:\/\/www.visit-ulcinj.com\/blog\/#website","url":"https:\/\/www.visit-ulcinj.com\/blog\/","name":"Lajme nga Ulqini","description":"Lajme,Vijesti,Ulqini,Ulqin,Crna Gora,Mali i Zi","potentialAction":[{"@type":"SearchAction","target":{"@type":"EntryPoint","urlTemplate":"https:\/\/www.visit-ulcinj.com\/blog\/?s={search_term_string}"},"query-input":"required name=search_term_string"}],"inLanguage":"en-US"},{"@type":"ImageObject","inLanguage":"en-US","@id":"https:\/\/www.visit-ulcinj.com\/blog\/2012\/01\/13\/albana-azizi-talente-e-muzikes-qe-premton\/#primaryimage","url":"http:\/\/www.visit-ulcinj.com\/blog\/wp-content\/uploads\/2012\/01\/Albana-Azizi-Bern.jpg","contentUrl":"http:\/\/www.visit-ulcinj.com\/blog\/wp-content\/uploads\/2012\/01\/Albana-Azizi-Bern.jpg"},{"@type":"WebPage","@id":"https:\/\/www.visit-ulcinj.com\/blog\/2012\/01\/13\/albana-azizi-talente-e-muzikes-qe-premton\/#webpage","url":"https:\/\/www.visit-ulcinj.com\/blog\/2012\/01\/13\/albana-azizi-talente-e-muzikes-qe-premton\/","name":"Albana Azizi, talente e muzik\u00ebs q\u00eb premton - Lajme nga Ulqini","isPartOf":{"@id":"https:\/\/www.visit-ulcinj.com\/blog\/#website"},"primaryImageOfPage":{"@id":"https:\/\/www.visit-ulcinj.com\/blog\/2012\/01\/13\/albana-azizi-talente-e-muzikes-qe-premton\/#primaryimage"},"datePublished":"2012-01-13T11:33:35+00:00","dateModified":"2012-01-13T11:33:35+00:00","author":{"@id":"https:\/\/www.visit-ulcinj.com\/blog\/#\/schema\/person\/dcab619c614d3038751c63bc2aadc06d"},"description":"Pas m\u00eb shum\u00eb se nj\u00eb viti, doli albumi i par\u00eb i Albana Azizit i titulluar \"Si her\u00ebn e par\u00eb\" dhe 3 klipet me k\u00ebng\u00ebt nga albumi \"E vetmja fem\u00ebr\", \"Real Love\"","breadcrumb":{"@id":"https:\/\/www.visit-ulcinj.com\/blog\/2012\/01\/13\/albana-azizi-talente-e-muzikes-qe-premton\/#breadcrumb"},"inLanguage":"en-US","potentialAction":[{"@type":"ReadAction","target":["https:\/\/www.visit-ulcinj.com\/blog\/2012\/01\/13\/albana-azizi-talente-e-muzikes-qe-premton\/"]}]},{"@type":"BreadcrumbList","@id":"https:\/\/www.visit-ulcinj.com\/blog\/2012\/01\/13\/albana-azizi-talente-e-muzikes-qe-premton\/#breadcrumb","itemListElement":[{"@type":"ListItem","position":1,"name":"Albana Azizi, talente e muzik\u00ebs q\u00eb premton"}]},{"@type":"Person","@id":"https:\/\/www.visit-ulcinj.com\/blog\/#\/schema\/person\/dcab619c614d3038751c63bc2aadc06d","name":"ulqini","sameAs":["http:\/\/www.visit-ulcinj.com"],"url":"https:\/\/www.visit-ulcinj.com\/blog\/author\/admin\/"}]}},"jetpack_featured_media_url":"","jetpack_sharing_enabled":true,"jetpack_shortlink":"https:\/\/wp.me\/pe6lTn-eyj","_links":{"self":[{"href":"https:\/\/www.visit-ulcinj.com\/blog\/wp-json\/wp\/v2\/posts\/55943"}],"collection":[{"href":"https:\/\/www.visit-ulcinj.com\/blog\/wp-json\/wp\/v2\/posts"}],"about":[{"href":"https:\/\/www.visit-ulcinj.com\/blog\/wp-json\/wp\/v2\/types\/post"}],"author":[{"embeddable":true,"href":"https:\/\/www.visit-ulcinj.com\/blog\/wp-json\/wp\/v2\/users\/1"}],"replies":[{"embeddable":true,"href":"https:\/\/www.visit-ulcinj.com\/blog\/wp-json\/wp\/v2\/comments?post=55943"}],"version-history":[{"count":1,"href":"https:\/\/www.visit-ulcinj.com\/blog\/wp-json\/wp\/v2\/posts\/55943\/revisions"}],"predecessor-version":[{"id":55947,"href":"https:\/\/www.visit-ulcinj.com\/blog\/wp-json\/wp\/v2\/posts\/55943\/revisions\/55947"}],"wp:attachment":[{"href":"https:\/\/www.visit-ulcinj.com\/blog\/wp-json\/wp\/v2\/media?parent=55943"}],"wp:term":[{"taxonomy":"category","embeddable":true,"href":"https:\/\/www.visit-ulcinj.com\/blog\/wp-json\/wp\/v2\/categories?post=55943"},{"taxonomy":"post_tag","embeddable":true,"href":"https:\/\/www.visit-ulcinj.com\/blog\/wp-json\/wp\/v2\/tags?post=55943"}],"curies":[{"name":"wp","href":"https:\/\/api.w.org\/{rel}","templated":true}]}}