{"id":55948,"date":"2012-01-13T20:07:26","date_gmt":"2012-01-13T19:07:26","guid":{"rendered":"http:\/\/www.visit-ulcinj.com\/blog\/?p=55948"},"modified":"2012-01-13T20:07:26","modified_gmt":"2012-01-13T19:07:26","slug":"neka-cakuli-prvo-srusi-svoju-zgradu","status":"publish","type":"post","link":"https:\/\/www.visit-ulcinj.com\/blog\/2012\/01\/13\/neka-cakuli-prvo-srusi-svoju-zgradu\/","title":{"rendered":"Neka Cakuli prvo sru\u0161i svoju zgradu"},"content":{"rendered":"<p><strong><a href=\"http:\/\/www.visit-ulcinj.com\/blog\/wp-content\/uploads\/2012\/01\/OPSTINA-ULCINJ.jpg\"><img loading=\"lazy\" class=\"alignleft  wp-image-55949\" title=\"OPSTINA ULCINJ\" src=\"http:\/\/www.visit-ulcinj.com\/blog\/wp-content\/uploads\/2012\/01\/OPSTINA-ULCINJ.jpg\" alt=\"\" width=\"508\" height=\"380\" \/><\/a>Opozicioni odbornici ogor\u010deni zbog najave potpredsjednika op\u0161tine, Lui\u0111 \u0160krelja poru\u010duje<\/strong><br \/>\nProstorni plan Ulcinja koji ve\u0107 godinama pravi problem toj op\u0161tini trebalo bi da bude usvojen za dva mjeseca, a nakon toga mnogo objekata mora\u0107e da bude sru\u0161eno izjavio je radiju \u201eAntena M\u201d potpredsjednik op\u0161tine Ulcinj D\u017eaudet Cakuli.<br \/>\nOn je kazao da ne zna ta\u010dan broj objekata koji su ilegalno sagra\u0111eni i koji \u0107e nakon usvajanja urbanisti\u010dkog plana biti sru\u0161eni, ali zna da ih ima mnogo. \u2013 \u0160to se ti\u010de nelegalne gradnje, ona je bila rasprostranjena u svim op\u0161tinama, posebno u primorskim. Neusvajanje planova uticalo je da bude jo\u0161 intenzivnija. Nadam da \u0107e u naredna dva mjeseca Prostorni plan biti na dnevnom redu Skup\u0161tine, i da \u0107e uslijediti njegovo usvajanje \u2013 kazao je Cakuli.<br \/>\n<a href=\"http:\/\/www.visit-ulcinj.com\/blog\/wp-content\/uploads\/2012\/01\/SKUPSTINA-OPSTINA-ULCINJ..jpg\"><img loading=\"lazy\" class=\"alignleft  wp-image-55950\" title=\"SKUPSTINA OPSTINA ULCINJ.\" src=\"http:\/\/www.visit-ulcinj.com\/blog\/wp-content\/uploads\/2012\/01\/SKUPSTINA-OPSTINA-ULCINJ..jpg\" alt=\"\" width=\"508\" height=\"300\" \/><\/a><br \/>\nPotpredsjednik op\u0161tine ocijenio je da je nepostojanje urbanisti\u010dkog plana, otjeralo dosta investitora, kao i da \u0107e se nakon usvajanja planske dokumentcije stvoriti uslovi za talas ulaganja u najju\u017eniju op\u0161tinu. Za op\u0161tinu Ulcinj 2012. godina trebalo bi, prema rije\u010dima Cakulija, da bude upam\u0107ena po kona\u010dno usvojenom urbanisti\u010dkom planu. Najava ru\u0161enja od strane najvi\u0161ih zvani\u010dnika op\u0161tine nimalo se ne dopada opoziciji. Predsjednik odborni\u010dkog kluba koalicije \u201eBolji Ulcinj, bolja Crna Gora\u201d Andrija \u0106etkovi\u0107 smatra da u najju\u017enijoj op\u0161tini treba da se gradi, a ne da se ru\u0161i.<br \/>\n\u2013 Definitivno, \u0161to vi\u0161e objekata treba uklopiti u planove s obzirom na to da je tokom proteklih desetak godina dosta gra\u0111eno na osnovu privremenih dozvola. Svi izgra\u0111eni objekti priklju\u010divani su na elektro i vodovodnu mre\u017eu pa nijesu ba\u0161 potpuno nelegalni. Kad se najavljuje ru\u0161enje, vjerujem da se ipak radi o gra\u0111evinama koje se ne mogu uklopiti u planove iz nekog razloga, zbog infrastrukture, naprimjer. U takvim slu\u010dajevima treba razmotriti davanje odre\u0111ene nadoknade od dijela sredstava koja bi se sakupila legalizacijom. Mislim da bi to bilo pravedno \u2013 smatra \u0106etkovi\u0107. Za Lui\u0111a \u0160krelju iz DPS-a nema dileme.<br \/>\n\u2013 Apsolutno sam protiv ru\u0161enja koje najavljuje drugi \u010dovjek op\u0161tine. Od po\u010detka smo se zalagali za maksimalnu legalizaciju po\u0161to nijesmo uspjeli da napravimo planove i stvorimo uslove gra\u0111anima da nesmetano grade u skladu s va\u017ee\u0107im propisima. Ako Cakuli \u017eeli da ru\u0161i, onda neka po\u010dne od sopstvene velelepne zgrade koju zida u centru i \u010dija je gradnja po\u010dela bez dozvole Lako je slati inspekcije i ru\u0161iti objekte od 30 kvadrata \u2013 ka\u017ee \u0160krelja.<br \/>\n<a href=\"http:\/\/www.visit-ulcinj.com\/blog\/wp-content\/uploads\/2012\/01\/SKUPSTINA-OPSTINA-ULCINJ.1.jpg\"><img loading=\"lazy\" class=\"alignleft  wp-image-55951\" title=\"SKUPSTINA OPSTINA ULCINJ.1\" src=\"http:\/\/www.visit-ulcinj.com\/blog\/wp-content\/uploads\/2012\/01\/SKUPSTINA-OPSTINA-ULCINJ.1.jpg\" alt=\"\" width=\"508\" height=\"300\" \/><\/a><br \/>\n\u0160ef odborni\u010dkog kluba DUA Hatid\u017ea \u0110oni smatra da je izjava potpredsjednika op\u0161tine neoprezna i preuranjena.<br \/>\n\u2013 Izri\u010dito smo protiv ru\u0161enja bilo koje gra\u0111evine, jer se time gra\u0111ani dovode u neravnopravan polo\u017eaj. Protiv smo i ovakvih izjava koje izazivaju haoti\u010dno stanje u gradu. Ljude pla\u0161e ru\u0161enjem bez ikakvih detaljnih informacija. Na terenu je hiljade objekata koji su van postoje\u0107e planske dokumentacije i ne mo\u017ee se selektivno ru\u0161iti kad je rije\u010d o nelegalnoj gradnji. Treba svi da podlije\u017eu istom ar\u0161inu, odnosno da se uklope u budu\u0107a planska dokumenta op\u0161tine \u2013 kategori\u010dna je \u0110oni.<br \/>\nIako nema zvani\u010dnih podataka koliko je nelegalno sagra\u0111enih objekata u op\u0161tini, procjenjuje se da je taj broj ve\u0107i od pet hiljada. Prakti\u010dno sve \u0161to je prethodnih godina sagra\u0111eno uglavnom je gra\u0111eno bez dozvole. Me\u0111u brojnim investitorima koji su gradili bez dozvole na\u0161ao se i ministar bez portfelja u Vladi Crne Gore Suad Numanovi\u0107 koji je u naselju \u0160toj s bratom sagradio hotel od nekoliko stotina kvadrata.<\/p>\n<p>Vanredna sjednica lokalnog parlamenta<\/p>\n<p>Predsjednik Skup\u0161tine op\u0161tine Ulcinj Milazim Mustafa zakazao je za 19. januar vanrednu sjednicu lokalnog parlamenta. Na dnevnom redu je predlog Odluke o izmjeni i dopuni GUP-a za lokalitete: \u201cPinje\u0161 1\u201d, \u201cMeraja 1\u201d, \u201cMeraja \u201c, \u201cMeterizi 1\u201d, \u201cMeterizi 2\u201d, \u201cMeterizi 3\u201d . Pred odbornicima se nalaze i Predlozi odluka o dono\u0161enju izmjena i dopuna DUP-a \u201cUlcinj \u2013 Grad\u201d za lokalitete: \u201cPinje\u0161 1\u201d, \u201cPinje\u0161 2\u201d, \u201cPristan \u201c, \u201cMeraja 1\u201d, \u201cMeraja 2\u201d, \u201cMeterizi 1\u201d, \u201cMeterizi 2\u201d, i \u201cMeterizi 3\u201d. Sjednica po\u010dinje u 11 \u010dasova.<\/p>\n<p><a href=\"http:\/\/www.dan.co.me\/?nivo=3&amp;rubrika=Regioni&amp;clanak=315316&amp;datum=2012-01-13&amp;kliknut=1326479548062&amp;fasb=22\" target=\"_blank\"><strong>Izvor: DAN<\/strong><br \/>\n<\/a><\/p>\n","protected":false},"excerpt":{"rendered":"<p>Opozicioni odbornici ogor\u010deni zbog najave potpredsjednika op\u0161tine, Lui\u0111 \u0160krelja poru\u010duje Prostorni plan Ulcinja koji ve\u0107 godinama pravi problem toj op\u0161tini trebalo bi da bude usvojen za dva mjeseca, a nakon toga mnogo objekata mora\u0107e da bude sru\u0161eno izjavio je radiju \u201eAntena M\u201d potpredsjednik op\u0161tine Ulcinj D\u017eaudet Cakuli. On je kazao da ne zna ta\u010dan broj [&hellip;]<\/p>\n","protected":false},"author":1,"featured_media":0,"comment_status":"open","ping_status":"closed","sticky":false,"template":"","format":"standard","meta":{"spay_email":"","jetpack_publicize_message":"","jetpack_is_tweetstorm":false,"jetpack_publicize_feature_enabled":true},"categories":[8337],"tags":[19850,19],"jetpack_publicize_connections":[],"yoast_head":"<!-- This site is optimized with the Yoast SEO plugin v19.1 - https:\/\/yoast.com\/wordpress\/plugins\/seo\/ -->\n<title>Neka Cakuli prvo sru\u0161i svoju zgradu - Lajme nga Ulqini<\/title>\n<meta name=\"description\" content=\"Opozicioni odbornici ogor\u010deni zbog najave potpredsjednika op\u0161tine, Lui\u0111 \u0160krelja poru\u010duje Prostorni plan Ulcinja koji ve\u0107 godinama pravi problem toj\" \/>\n<meta name=\"robots\" content=\"index, follow, max-snippet:-1, max-image-preview:large, max-video-preview:-1\" \/>\n<link rel=\"canonical\" href=\"https:\/\/www.visit-ulcinj.com\/blog\/2012\/01\/13\/neka-cakuli-prvo-srusi-svoju-zgradu\/\" \/>\n<meta property=\"og:locale\" content=\"en_US\" \/>\n<meta property=\"og:type\" content=\"article\" \/>\n<meta property=\"og:title\" content=\"Neka Cakuli prvo sru\u0161i svoju zgradu - Lajme nga Ulqini\" \/>\n<meta property=\"og:description\" content=\"Opozicioni odbornici ogor\u010deni zbog najave potpredsjednika op\u0161tine, Lui\u0111 \u0160krelja poru\u010duje Prostorni plan Ulcinja koji ve\u0107 godinama pravi problem toj\" \/>\n<meta property=\"og:url\" content=\"https:\/\/www.visit-ulcinj.com\/blog\/2012\/01\/13\/neka-cakuli-prvo-srusi-svoju-zgradu\/\" \/>\n<meta property=\"og:site_name\" content=\"Lajme nga Ulqini\" \/>\n<meta property=\"article:published_time\" content=\"2012-01-13T19:07:26+00:00\" \/>\n<meta property=\"og:image\" content=\"http:\/\/www.visit-ulcinj.com\/blog\/wp-content\/uploads\/2012\/01\/OPSTINA-ULCINJ.jpg\" \/>\n<meta name=\"twitter:label1\" content=\"Written by\" \/>\n\t<meta name=\"twitter:data1\" content=\"ulqini\" \/>\n\t<meta name=\"twitter:label2\" content=\"Est. reading time\" \/>\n\t<meta name=\"twitter:data2\" content=\"3 minutes\" \/>\n<script type=\"application\/ld+json\" class=\"yoast-schema-graph\">{\"@context\":\"https:\/\/schema.org\",\"@graph\":[{\"@type\":\"WebSite\",\"@id\":\"https:\/\/www.visit-ulcinj.com\/blog\/#website\",\"url\":\"https:\/\/www.visit-ulcinj.com\/blog\/\",\"name\":\"Lajme nga Ulqini\",\"description\":\"Lajme,Vijesti,Ulqini,Ulqin,Crna Gora,Mali i Zi\",\"potentialAction\":[{\"@type\":\"SearchAction\",\"target\":{\"@type\":\"EntryPoint\",\"urlTemplate\":\"https:\/\/www.visit-ulcinj.com\/blog\/?s={search_term_string}\"},\"query-input\":\"required name=search_term_string\"}],\"inLanguage\":\"en-US\"},{\"@type\":\"ImageObject\",\"inLanguage\":\"en-US\",\"@id\":\"https:\/\/www.visit-ulcinj.com\/blog\/2012\/01\/13\/neka-cakuli-prvo-srusi-svoju-zgradu\/#primaryimage\",\"url\":\"https:\/\/www.visit-ulcinj.com\/blog\/wp-content\/uploads\/2012\/01\/OPSTINA-ULCINJ.jpg\",\"contentUrl\":\"https:\/\/www.visit-ulcinj.com\/blog\/wp-content\/uploads\/2012\/01\/OPSTINA-ULCINJ.jpg\",\"width\":\"720\",\"height\":\"480\"},{\"@type\":\"WebPage\",\"@id\":\"https:\/\/www.visit-ulcinj.com\/blog\/2012\/01\/13\/neka-cakuli-prvo-srusi-svoju-zgradu\/#webpage\",\"url\":\"https:\/\/www.visit-ulcinj.com\/blog\/2012\/01\/13\/neka-cakuli-prvo-srusi-svoju-zgradu\/\",\"name\":\"Neka Cakuli prvo sru\u0161i svoju zgradu - Lajme nga Ulqini\",\"isPartOf\":{\"@id\":\"https:\/\/www.visit-ulcinj.com\/blog\/#website\"},\"primaryImageOfPage\":{\"@id\":\"https:\/\/www.visit-ulcinj.com\/blog\/2012\/01\/13\/neka-cakuli-prvo-srusi-svoju-zgradu\/#primaryimage\"},\"datePublished\":\"2012-01-13T19:07:26+00:00\",\"dateModified\":\"2012-01-13T19:07:26+00:00\",\"author\":{\"@id\":\"https:\/\/www.visit-ulcinj.com\/blog\/#\/schema\/person\/dcab619c614d3038751c63bc2aadc06d\"},\"description\":\"Opozicioni odbornici ogor\u010deni zbog najave potpredsjednika op\u0161tine, Lui\u0111 \u0160krelja poru\u010duje Prostorni plan Ulcinja koji ve\u0107 godinama pravi problem toj\",\"breadcrumb\":{\"@id\":\"https:\/\/www.visit-ulcinj.com\/blog\/2012\/01\/13\/neka-cakuli-prvo-srusi-svoju-zgradu\/#breadcrumb\"},\"inLanguage\":\"en-US\",\"potentialAction\":[{\"@type\":\"ReadAction\",\"target\":[\"https:\/\/www.visit-ulcinj.com\/blog\/2012\/01\/13\/neka-cakuli-prvo-srusi-svoju-zgradu\/\"]}]},{\"@type\":\"BreadcrumbList\",\"@id\":\"https:\/\/www.visit-ulcinj.com\/blog\/2012\/01\/13\/neka-cakuli-prvo-srusi-svoju-zgradu\/#breadcrumb\",\"itemListElement\":[{\"@type\":\"ListItem\",\"position\":1,\"name\":\"Neka Cakuli prvo sru\u0161i svoju zgradu\"}]},{\"@type\":\"Person\",\"@id\":\"https:\/\/www.visit-ulcinj.com\/blog\/#\/schema\/person\/dcab619c614d3038751c63bc2aadc06d\",\"name\":\"ulqini\",\"sameAs\":[\"http:\/\/www.visit-ulcinj.com\"],\"url\":\"https:\/\/www.visit-ulcinj.com\/blog\/author\/admin\/\"}]}<\/script>\n<!-- \/ Yoast SEO plugin. -->","yoast_head_json":{"title":"Neka Cakuli prvo sru\u0161i svoju zgradu - Lajme nga Ulqini","description":"Opozicioni odbornici ogor\u010deni zbog najave potpredsjednika op\u0161tine, Lui\u0111 \u0160krelja poru\u010duje Prostorni plan Ulcinja koji ve\u0107 godinama pravi problem toj","robots":{"index":"index","follow":"follow","max-snippet":"max-snippet:-1","max-image-preview":"max-image-preview:large","max-video-preview":"max-video-preview:-1"},"canonical":"https:\/\/www.visit-ulcinj.com\/blog\/2012\/01\/13\/neka-cakuli-prvo-srusi-svoju-zgradu\/","og_locale":"en_US","og_type":"article","og_title":"Neka Cakuli prvo sru\u0161i svoju zgradu - Lajme nga Ulqini","og_description":"Opozicioni odbornici ogor\u010deni zbog najave potpredsjednika op\u0161tine, Lui\u0111 \u0160krelja poru\u010duje Prostorni plan Ulcinja koji ve\u0107 godinama pravi problem toj","og_url":"https:\/\/www.visit-ulcinj.com\/blog\/2012\/01\/13\/neka-cakuli-prvo-srusi-svoju-zgradu\/","og_site_name":"Lajme nga Ulqini","article_published_time":"2012-01-13T19:07:26+00:00","og_image":[{"url":"http:\/\/www.visit-ulcinj.com\/blog\/wp-content\/uploads\/2012\/01\/OPSTINA-ULCINJ.jpg"}],"twitter_misc":{"Written by":"ulqini","Est. reading time":"3 minutes"},"schema":{"@context":"https:\/\/schema.org","@graph":[{"@type":"WebSite","@id":"https:\/\/www.visit-ulcinj.com\/blog\/#website","url":"https:\/\/www.visit-ulcinj.com\/blog\/","name":"Lajme nga Ulqini","description":"Lajme,Vijesti,Ulqini,Ulqin,Crna Gora,Mali i Zi","potentialAction":[{"@type":"SearchAction","target":{"@type":"EntryPoint","urlTemplate":"https:\/\/www.visit-ulcinj.com\/blog\/?s={search_term_string}"},"query-input":"required name=search_term_string"}],"inLanguage":"en-US"},{"@type":"ImageObject","inLanguage":"en-US","@id":"https:\/\/www.visit-ulcinj.com\/blog\/2012\/01\/13\/neka-cakuli-prvo-srusi-svoju-zgradu\/#primaryimage","url":"https:\/\/www.visit-ulcinj.com\/blog\/wp-content\/uploads\/2012\/01\/OPSTINA-ULCINJ.jpg","contentUrl":"https:\/\/www.visit-ulcinj.com\/blog\/wp-content\/uploads\/2012\/01\/OPSTINA-ULCINJ.jpg","width":"720","height":"480"},{"@type":"WebPage","@id":"https:\/\/www.visit-ulcinj.com\/blog\/2012\/01\/13\/neka-cakuli-prvo-srusi-svoju-zgradu\/#webpage","url":"https:\/\/www.visit-ulcinj.com\/blog\/2012\/01\/13\/neka-cakuli-prvo-srusi-svoju-zgradu\/","name":"Neka Cakuli prvo sru\u0161i svoju zgradu - Lajme nga Ulqini","isPartOf":{"@id":"https:\/\/www.visit-ulcinj.com\/blog\/#website"},"primaryImageOfPage":{"@id":"https:\/\/www.visit-ulcinj.com\/blog\/2012\/01\/13\/neka-cakuli-prvo-srusi-svoju-zgradu\/#primaryimage"},"datePublished":"2012-01-13T19:07:26+00:00","dateModified":"2012-01-13T19:07:26+00:00","author":{"@id":"https:\/\/www.visit-ulcinj.com\/blog\/#\/schema\/person\/dcab619c614d3038751c63bc2aadc06d"},"description":"Opozicioni odbornici ogor\u010deni zbog najave potpredsjednika op\u0161tine, Lui\u0111 \u0160krelja poru\u010duje Prostorni plan Ulcinja koji ve\u0107 godinama pravi problem toj","breadcrumb":{"@id":"https:\/\/www.visit-ulcinj.com\/blog\/2012\/01\/13\/neka-cakuli-prvo-srusi-svoju-zgradu\/#breadcrumb"},"inLanguage":"en-US","potentialAction":[{"@type":"ReadAction","target":["https:\/\/www.visit-ulcinj.com\/blog\/2012\/01\/13\/neka-cakuli-prvo-srusi-svoju-zgradu\/"]}]},{"@type":"BreadcrumbList","@id":"https:\/\/www.visit-ulcinj.com\/blog\/2012\/01\/13\/neka-cakuli-prvo-srusi-svoju-zgradu\/#breadcrumb","itemListElement":[{"@type":"ListItem","position":1,"name":"Neka Cakuli prvo sru\u0161i svoju zgradu"}]},{"@type":"Person","@id":"https:\/\/www.visit-ulcinj.com\/blog\/#\/schema\/person\/dcab619c614d3038751c63bc2aadc06d","name":"ulqini","sameAs":["http:\/\/www.visit-ulcinj.com"],"url":"https:\/\/www.visit-ulcinj.com\/blog\/author\/admin\/"}]}},"jetpack_featured_media_url":"","jetpack_sharing_enabled":true,"jetpack_shortlink":"https:\/\/wp.me\/pe6lTn-eyo","_links":{"self":[{"href":"https:\/\/www.visit-ulcinj.com\/blog\/wp-json\/wp\/v2\/posts\/55948"}],"collection":[{"href":"https:\/\/www.visit-ulcinj.com\/blog\/wp-json\/wp\/v2\/posts"}],"about":[{"href":"https:\/\/www.visit-ulcinj.com\/blog\/wp-json\/wp\/v2\/types\/post"}],"author":[{"embeddable":true,"href":"https:\/\/www.visit-ulcinj.com\/blog\/wp-json\/wp\/v2\/users\/1"}],"replies":[{"embeddable":true,"href":"https:\/\/www.visit-ulcinj.com\/blog\/wp-json\/wp\/v2\/comments?post=55948"}],"version-history":[{"count":1,"href":"https:\/\/www.visit-ulcinj.com\/blog\/wp-json\/wp\/v2\/posts\/55948\/revisions"}],"predecessor-version":[{"id":55952,"href":"https:\/\/www.visit-ulcinj.com\/blog\/wp-json\/wp\/v2\/posts\/55948\/revisions\/55952"}],"wp:attachment":[{"href":"https:\/\/www.visit-ulcinj.com\/blog\/wp-json\/wp\/v2\/media?parent=55948"}],"wp:term":[{"taxonomy":"category","embeddable":true,"href":"https:\/\/www.visit-ulcinj.com\/blog\/wp-json\/wp\/v2\/categories?post=55948"},{"taxonomy":"post_tag","embeddable":true,"href":"https:\/\/www.visit-ulcinj.com\/blog\/wp-json\/wp\/v2\/tags?post=55948"}],"curies":[{"name":"wp","href":"https:\/\/api.w.org\/{rel}","templated":true}]}}