{"id":55962,"date":"2012-01-14T13:30:37","date_gmt":"2012-01-14T12:30:37","guid":{"rendered":"http:\/\/www.visit-ulcinj.com\/blog\/?p=55962"},"modified":"2012-01-20T08:25:41","modified_gmt":"2012-01-20T07:25:41","slug":"opozita-kunder-rrenimit-te-objekteve-ne-komun-te-ulqinit","status":"publish","type":"post","link":"https:\/\/www.visit-ulcinj.com\/blog\/2012\/01\/14\/opozita-kunder-rrenimit-te-objekteve-ne-komun-te-ulqinit\/","title":{"rendered":"Opozita kunder rrenimit te objekteve ne komun te Ulqinit"},"content":{"rendered":"<p><a href=\"http:\/\/www.visit-ulcinj.com\/blog\/wp-content\/uploads\/2012\/01\/Kshilli-komunal-i-Ulqinit.jpg\"><img loading=\"lazy\" class=\"alignleft  wp-image-55963\" title=\"Kshilli komunal i Ulqinit\" src=\"http:\/\/www.visit-ulcinj.com\/blog\/wp-content\/uploads\/2012\/01\/Kshilli-komunal-i-Ulqinit.jpg\" alt=\"\" width=\"508\" height=\"380\" \/><\/a>N\u00ebnkryetari i komun\u00ebs s\u00eb Ulqinit,Xhaudet Cakuli para disa dit\u00ebve tha p\u00ebr portalin Antene M,se \u201cPlani hap\u00ebsinor i Ulqinit i cili kan\u00eb qen\u00eb nj\u00eb problem p\u00ebr vete komun\u00ebn, duhet t\u00eb miratohet brenda 2 muajve.<\/p>\n<p>N\u00eb anen tjeter Cakuli tha se nuk \u00a0dihet numri i sakt\u00eb i objekteve q\u00eb jan\u00eb nd\u00ebrtuar n\u00eb m\u00ebnyr\u00eb t\u00eb paligjshme n\u00eb komun t\u00eb Ulqinit,dhe\u00a0 t\u00eb cil\u00ebt pas miratimit planit urbanistik do t\u00eb shemben,duke cekur se ka shum\u00eb .<br \/>\nN\u00ebnkryetari I komun\u00ebs s\u00eb Ulqinit ceku gjithasht se ky problem do t\u00eb zgjidhet deri n\u00eb fund t\u00eb janarit,ku afati i fundit p\u00ebr miratimin e tyre \u00ebsht\u00eb 20 janari.<br \/>\n<a href=\"http:\/\/www.visit-ulcinj.com\/blog\/wp-content\/uploads\/2012\/01\/luigj-shkreli.jpg\"><img loading=\"lazy\" class=\"alignleft  wp-image-55964\" title=\"luigj shkreli\" src=\"http:\/\/www.visit-ulcinj.com\/blog\/wp-content\/uploads\/2012\/01\/luigj-shkreli.jpg\" alt=\"\" width=\"508\" height=\"300\" \/><\/a><\/p>\n<p>Reagimi i partive opozitare qe i menjihershem ,ku qe edhe pika ma e nxeht\u00eb e dit\u00ebs n\u00eb kuvendin komunal t\u00eb Ulqinit.Duhet cekur se krejt partite opozitare n\u00eb komun\u00ebn e Ulqinit jan kunder rrenimit t\u00eb objekteve pa leje,dhe p\u00ebr ket\u00eb arye ato \u00a0I bejn thirrje qytetar\u00ebve p\u00ebr legalizimin e objekteve.N\u00eb reagimin e opozit\u00ebs\u00a0 ma I ashperti n\u00eb reagim ishte keshilltari I PDS-s\u00eb Luigj Shkreli,I cili u shpreh se apsolutisht eshte kunder rrenimeve te objekteve ne komunen e Ulqinit,ku nga ana tjeter ai tha\u00a0 se \u201cNeqofse Cakuli done te renoje,ateher te ja filloi prej \u00a0objetit te vet ku gjindet afer stacionit te autobusave te cilen e ka pa leje\u201d.<br \/>\n<a href=\"http:\/\/www.visit-ulcinj.com\/blog\/wp-content\/uploads\/2012\/01\/Hatixhe-Gjoni.jpg\"><img loading=\"lazy\" class=\"alignleft  wp-image-55965\" title=\"Hatixhe Gjoni\" src=\"http:\/\/www.visit-ulcinj.com\/blog\/wp-content\/uploads\/2012\/01\/Hatixhe-Gjoni.jpg\" alt=\"\" width=\"508\" height=\"300\" \/><\/a><\/p>\n<p>Gazeta e perditshme Dan shkruan te njejten se edhe partia opozitare UDHSH-se eshte kunder deklarimit t\u00eb nenekryetarit te komunes se Ulqinit Cakuli.<br \/>\nKeshilltarja e Udsh-se Hatixhe Gjoni tha se eshte kunder rrenimeve te objeketeve dhe se deklarimi i Cakulit perhapi panik tek qytetaret e Ulqinit.<br \/>\nTe njejtin qendrim e kishin edhe perfaqsuesit e PPS-se ne krye me Andrija Qetkoviqin, tha se ne Ulqin duhet ndertuar e jo te behet rrenimi i objekteve.<br \/>\nE perditshmja Dan shkraun gjithashtu se ka shume investitor qe kan ndertua pa leje,e njeri nder ta eshte edhe ministri aktual pa portfelj Suad Numanoviq ku ne lagjen Shtoje ka ndertu hotelin e disa qindra metra katrore me vllaun e tij.<br \/>\n<a href=\"http:\/\/www.visit-ulcinj.com\/blog\/wp-content\/uploads\/2012\/01\/Kryetari-i-keshillit-komunal-te-UlqiniMilazim-Mustafa.jpg\"><img loading=\"lazy\" class=\"alignleft size-full wp-image-55966\" title=\"Kryetari i keshillit komunal te Ulqini,Milazim Mustafa\" src=\"http:\/\/www.visit-ulcinj.com\/blog\/wp-content\/uploads\/2012\/01\/Kryetari-i-keshillit-komunal-te-UlqiniMilazim-Mustafa.jpg\" alt=\"\" width=\"501\" height=\"361\" srcset=\"https:\/\/www.visit-ulcinj.com\/blog\/wp-content\/uploads\/2012\/01\/Kryetari-i-keshillit-komunal-te-UlqiniMilazim-Mustafa.jpg 501w, https:\/\/www.visit-ulcinj.com\/blog\/wp-content\/uploads\/2012\/01\/Kryetari-i-keshillit-komunal-te-UlqiniMilazim-Mustafa-300x216.jpg 300w\" sizes=\"(max-width: 501px) 100vw, 501px\" \/><\/a><\/p>\n<p><strong>Kryetari i keshillit komunal te Ulqini,Milazim Mustafa thret mbledhjen e jashtzakonshme qe do te mbahet, me 19.janar.2012, dhe fillon n\u00eb or\u00ebn 11,00 n\u00eb Sall\u00ebn e madhe t\u00eb Kuvendit t\u00eb Komun\u00ebs.<\/strong><\/p>\n<p><strong><a title=\"Permanent Link to Shqyrtimi Publik planet\" href=\"http:\/\/komunaeulqinit.com\/?p=992\">Shqyrtimi Publik planet<\/a><\/strong><\/p>\n<p>Shqyrtimi publik<br \/>\nProgrami i mbajtjes s\u00eb shqyrtimit publik<\/p>\n<p>&#8211; Ndryshimi i Planit Gjeneral Urbanistik t\u00eb Ulqinit n\u00eb lokalitetin:<strong> <a href=\"http:\/\/www.ilir.me\/javnerasprave\/Gup_8_lokaliteta.zip\">\u201cPinjesh 1\u2033, \u201cPinjesh 2,\u201d Port \u201c,\u201d Meterizi 1 \u201c,\u201d Meterizi 2 \u201c,\u201d Meterizi 3 \u201c,\u201d Meraja 1 \u201cdhe\u201d Meraja 2 n\u00eb Ulqin<\/a><\/strong><\/p>\n<p>&#8211; Ndryshimet n\u00eb \u00a0PDU-s\u00eb \u201cQytetit t\u00eb Ulqinit\u201d p\u00ebr vende: <strong><a title=\"Pinjesh 1\" href=\"http:\/\/www.ilir.me\/javnerasprave\/pinjes_1.zip\" target=\"_blank\">Pinjesh 1<\/a>, <a href=\"http:\/\/www.ilir.me\/javnerasprave\/pinjes_2.zip\">Pinjesh 2<\/a>, <a href=\"http:\/\/www.ilir.me\/javnerasprave\/pristan.zip\">Rana<\/a> , <a href=\"http:\/\/www.ilir.me\/javnerasprave\/meterizi_1.zip\">Meterizi 1<\/a>, <a href=\"http:\/\/www.ilir.me\/javnerasprave\/meterizi_2.zip\">Meterizi 2<\/a>, <a href=\"http:\/\/www.ilir.me\/javnerasprave\/meterizi_3.zip\">Meterizi 3<\/a>, <a href=\"http:\/\/www.ilir.me\/javnerasprave\/meraja_1.zip\">Meraja 1<\/a> dhe <a href=\"http:\/\/www.ilir.me\/javnerasprave\/meraja_2.zip\">Meraja 2<\/a><\/strong><\/p>\n<p>* Kliko mbi planin p\u00ebr t\u00eb shkarkuar dokumentacionin e plot\u00eb dhe planet.<br \/>\nP\u00ebr hapjen e fajlave ju duhet program WinZip.<br \/>\nN\u00ebse nuk e keni mund t\u00eb shkarkoni n\u00eb www.winzip.com<\/p>\n<!--YouTube Error: bad URL entered-->\n","protected":false},"excerpt":{"rendered":"<p>N\u00ebnkryetari i komun\u00ebs s\u00eb Ulqinit,Xhaudet Cakuli para disa dit\u00ebve tha p\u00ebr portalin Antene M,se \u201cPlani hap\u00ebsinor i Ulqinit i cili kan\u00eb qen\u00eb nj\u00eb problem p\u00ebr vete komun\u00ebn, duhet t\u00eb miratohet brenda 2 muajve. N\u00eb anen tjeter Cakuli tha se nuk \u00a0dihet numri i sakt\u00eb i objekteve q\u00eb jan\u00eb nd\u00ebrtuar n\u00eb m\u00ebnyr\u00eb t\u00eb paligjshme n\u00eb komun [&hellip;]<\/p>\n","protected":false},"author":1,"featured_media":0,"comment_status":"open","ping_status":"closed","sticky":false,"template":"","format":"standard","meta":{"spay_email":"","jetpack_publicize_message":"","jetpack_is_tweetstorm":false,"jetpack_publicize_feature_enabled":true},"categories":[6],"tags":[297,19851,19852,11734,200,18,19853,19858,19855,19856,19857,19854],"jetpack_publicize_connections":[],"yoast_head":"<!-- This site is optimized with the Yoast SEO plugin v19.1 - https:\/\/yoast.com\/wordpress\/plugins\/seo\/ -->\n<title>Opozita kunder rrenimit te objekteve ne komun te Ulqinit - Lajme nga Ulqini<\/title>\n<meta name=\"description\" content=\"N\u00ebnkryetari i komun\u00ebs s\u00eb Ulqinit,Xhaudet Cakuli para disa dit\u00ebve tha p\u00ebr portalin Antene M,se \u201cPlani hap\u00ebsinor i Ulqinit i cili kan\u00eb qen\u00eb nj\u00eb problem p\u00ebr\" \/>\n<meta name=\"robots\" content=\"index, follow, max-snippet:-1, max-image-preview:large, max-video-preview:-1\" \/>\n<link rel=\"canonical\" href=\"https:\/\/www.visit-ulcinj.com\/blog\/2012\/01\/14\/opozita-kunder-rrenimit-te-objekteve-ne-komun-te-ulqinit\/\" \/>\n<meta property=\"og:locale\" content=\"en_US\" \/>\n<meta property=\"og:type\" content=\"article\" \/>\n<meta property=\"og:title\" content=\"Opozita kunder rrenimit te objekteve ne komun te Ulqinit - Lajme nga Ulqini\" \/>\n<meta property=\"og:description\" content=\"N\u00ebnkryetari i komun\u00ebs s\u00eb Ulqinit,Xhaudet Cakuli para disa dit\u00ebve tha p\u00ebr portalin Antene M,se \u201cPlani hap\u00ebsinor i Ulqinit i cili kan\u00eb qen\u00eb nj\u00eb problem p\u00ebr\" \/>\n<meta property=\"og:url\" content=\"https:\/\/www.visit-ulcinj.com\/blog\/2012\/01\/14\/opozita-kunder-rrenimit-te-objekteve-ne-komun-te-ulqinit\/\" \/>\n<meta property=\"og:site_name\" content=\"Lajme nga Ulqini\" \/>\n<meta property=\"article:published_time\" content=\"2012-01-14T12:30:37+00:00\" \/>\n<meta property=\"article:modified_time\" content=\"2012-01-20T07:25:41+00:00\" \/>\n<meta property=\"og:image\" content=\"http:\/\/www.visit-ulcinj.com\/blog\/wp-content\/uploads\/2012\/01\/Kshilli-komunal-i-Ulqinit.jpg\" \/>\n<meta name=\"twitter:label1\" content=\"Written by\" \/>\n\t<meta name=\"twitter:data1\" content=\"ulqini\" \/>\n\t<meta name=\"twitter:label2\" content=\"Est. reading time\" \/>\n\t<meta name=\"twitter:data2\" content=\"2 minutes\" \/>\n<script type=\"application\/ld+json\" class=\"yoast-schema-graph\">{\"@context\":\"https:\/\/schema.org\",\"@graph\":[{\"@type\":\"WebSite\",\"@id\":\"https:\/\/www.visit-ulcinj.com\/blog\/#website\",\"url\":\"https:\/\/www.visit-ulcinj.com\/blog\/\",\"name\":\"Lajme nga Ulqini\",\"description\":\"Lajme,Vijesti,Ulqini,Ulqin,Crna Gora,Mali i Zi\",\"potentialAction\":[{\"@type\":\"SearchAction\",\"target\":{\"@type\":\"EntryPoint\",\"urlTemplate\":\"https:\/\/www.visit-ulcinj.com\/blog\/?s={search_term_string}\"},\"query-input\":\"required name=search_term_string\"}],\"inLanguage\":\"en-US\"},{\"@type\":\"ImageObject\",\"inLanguage\":\"en-US\",\"@id\":\"https:\/\/www.visit-ulcinj.com\/blog\/2012\/01\/14\/opozita-kunder-rrenimit-te-objekteve-ne-komun-te-ulqinit\/#primaryimage\",\"url\":\"https:\/\/www.visit-ulcinj.com\/blog\/wp-content\/uploads\/2012\/01\/Kshilli-komunal-i-Ulqinit.jpg\",\"contentUrl\":\"https:\/\/www.visit-ulcinj.com\/blog\/wp-content\/uploads\/2012\/01\/Kshilli-komunal-i-Ulqinit.jpg\",\"width\":\"640\",\"height\":\"450\"},{\"@type\":\"WebPage\",\"@id\":\"https:\/\/www.visit-ulcinj.com\/blog\/2012\/01\/14\/opozita-kunder-rrenimit-te-objekteve-ne-komun-te-ulqinit\/#webpage\",\"url\":\"https:\/\/www.visit-ulcinj.com\/blog\/2012\/01\/14\/opozita-kunder-rrenimit-te-objekteve-ne-komun-te-ulqinit\/\",\"name\":\"Opozita kunder rrenimit te objekteve ne komun te Ulqinit - Lajme nga Ulqini\",\"isPartOf\":{\"@id\":\"https:\/\/www.visit-ulcinj.com\/blog\/#website\"},\"primaryImageOfPage\":{\"@id\":\"https:\/\/www.visit-ulcinj.com\/blog\/2012\/01\/14\/opozita-kunder-rrenimit-te-objekteve-ne-komun-te-ulqinit\/#primaryimage\"},\"datePublished\":\"2012-01-14T12:30:37+00:00\",\"dateModified\":\"2012-01-20T07:25:41+00:00\",\"author\":{\"@id\":\"https:\/\/www.visit-ulcinj.com\/blog\/#\/schema\/person\/dcab619c614d3038751c63bc2aadc06d\"},\"description\":\"N\u00ebnkryetari i komun\u00ebs s\u00eb Ulqinit,Xhaudet Cakuli para disa dit\u00ebve tha p\u00ebr portalin Antene M,se \u201cPlani hap\u00ebsinor i Ulqinit i cili kan\u00eb qen\u00eb nj\u00eb problem p\u00ebr\",\"breadcrumb\":{\"@id\":\"https:\/\/www.visit-ulcinj.com\/blog\/2012\/01\/14\/opozita-kunder-rrenimit-te-objekteve-ne-komun-te-ulqinit\/#breadcrumb\"},\"inLanguage\":\"en-US\",\"potentialAction\":[{\"@type\":\"ReadAction\",\"target\":[\"https:\/\/www.visit-ulcinj.com\/blog\/2012\/01\/14\/opozita-kunder-rrenimit-te-objekteve-ne-komun-te-ulqinit\/\"]}]},{\"@type\":\"BreadcrumbList\",\"@id\":\"https:\/\/www.visit-ulcinj.com\/blog\/2012\/01\/14\/opozita-kunder-rrenimit-te-objekteve-ne-komun-te-ulqinit\/#breadcrumb\",\"itemListElement\":[{\"@type\":\"ListItem\",\"position\":1,\"name\":\"Opozita kunder rrenimit te objekteve ne komun te Ulqinit\"}]},{\"@type\":\"Person\",\"@id\":\"https:\/\/www.visit-ulcinj.com\/blog\/#\/schema\/person\/dcab619c614d3038751c63bc2aadc06d\",\"name\":\"ulqini\",\"sameAs\":[\"http:\/\/www.visit-ulcinj.com\"],\"url\":\"https:\/\/www.visit-ulcinj.com\/blog\/author\/admin\/\"}]}<\/script>\n<!-- \/ Yoast SEO plugin. -->","yoast_head_json":{"title":"Opozita kunder rrenimit te objekteve ne komun te Ulqinit - Lajme nga Ulqini","description":"N\u00ebnkryetari i komun\u00ebs s\u00eb Ulqinit,Xhaudet Cakuli para disa dit\u00ebve tha p\u00ebr portalin Antene M,se \u201cPlani hap\u00ebsinor i Ulqinit i cili kan\u00eb qen\u00eb nj\u00eb problem p\u00ebr","robots":{"index":"index","follow":"follow","max-snippet":"max-snippet:-1","max-image-preview":"max-image-preview:large","max-video-preview":"max-video-preview:-1"},"canonical":"https:\/\/www.visit-ulcinj.com\/blog\/2012\/01\/14\/opozita-kunder-rrenimit-te-objekteve-ne-komun-te-ulqinit\/","og_locale":"en_US","og_type":"article","og_title":"Opozita kunder rrenimit te objekteve ne komun te Ulqinit - Lajme nga Ulqini","og_description":"N\u00ebnkryetari i komun\u00ebs s\u00eb Ulqinit,Xhaudet Cakuli para disa dit\u00ebve tha p\u00ebr portalin Antene M,se \u201cPlani hap\u00ebsinor i Ulqinit i cili kan\u00eb qen\u00eb nj\u00eb problem p\u00ebr","og_url":"https:\/\/www.visit-ulcinj.com\/blog\/2012\/01\/14\/opozita-kunder-rrenimit-te-objekteve-ne-komun-te-ulqinit\/","og_site_name":"Lajme nga Ulqini","article_published_time":"2012-01-14T12:30:37+00:00","article_modified_time":"2012-01-20T07:25:41+00:00","og_image":[{"url":"http:\/\/www.visit-ulcinj.com\/blog\/wp-content\/uploads\/2012\/01\/Kshilli-komunal-i-Ulqinit.jpg"}],"twitter_misc":{"Written by":"ulqini","Est. reading time":"2 minutes"},"schema":{"@context":"https:\/\/schema.org","@graph":[{"@type":"WebSite","@id":"https:\/\/www.visit-ulcinj.com\/blog\/#website","url":"https:\/\/www.visit-ulcinj.com\/blog\/","name":"Lajme nga Ulqini","description":"Lajme,Vijesti,Ulqini,Ulqin,Crna Gora,Mali i Zi","potentialAction":[{"@type":"SearchAction","target":{"@type":"EntryPoint","urlTemplate":"https:\/\/www.visit-ulcinj.com\/blog\/?s={search_term_string}"},"query-input":"required name=search_term_string"}],"inLanguage":"en-US"},{"@type":"ImageObject","inLanguage":"en-US","@id":"https:\/\/www.visit-ulcinj.com\/blog\/2012\/01\/14\/opozita-kunder-rrenimit-te-objekteve-ne-komun-te-ulqinit\/#primaryimage","url":"https:\/\/www.visit-ulcinj.com\/blog\/wp-content\/uploads\/2012\/01\/Kshilli-komunal-i-Ulqinit.jpg","contentUrl":"https:\/\/www.visit-ulcinj.com\/blog\/wp-content\/uploads\/2012\/01\/Kshilli-komunal-i-Ulqinit.jpg","width":"640","height":"450"},{"@type":"WebPage","@id":"https:\/\/www.visit-ulcinj.com\/blog\/2012\/01\/14\/opozita-kunder-rrenimit-te-objekteve-ne-komun-te-ulqinit\/#webpage","url":"https:\/\/www.visit-ulcinj.com\/blog\/2012\/01\/14\/opozita-kunder-rrenimit-te-objekteve-ne-komun-te-ulqinit\/","name":"Opozita kunder rrenimit te objekteve ne komun te Ulqinit - Lajme nga Ulqini","isPartOf":{"@id":"https:\/\/www.visit-ulcinj.com\/blog\/#website"},"primaryImageOfPage":{"@id":"https:\/\/www.visit-ulcinj.com\/blog\/2012\/01\/14\/opozita-kunder-rrenimit-te-objekteve-ne-komun-te-ulqinit\/#primaryimage"},"datePublished":"2012-01-14T12:30:37+00:00","dateModified":"2012-01-20T07:25:41+00:00","author":{"@id":"https:\/\/www.visit-ulcinj.com\/blog\/#\/schema\/person\/dcab619c614d3038751c63bc2aadc06d"},"description":"N\u00ebnkryetari i komun\u00ebs s\u00eb Ulqinit,Xhaudet Cakuli para disa dit\u00ebve tha p\u00ebr portalin Antene M,se \u201cPlani hap\u00ebsinor i Ulqinit i cili kan\u00eb qen\u00eb nj\u00eb problem p\u00ebr","breadcrumb":{"@id":"https:\/\/www.visit-ulcinj.com\/blog\/2012\/01\/14\/opozita-kunder-rrenimit-te-objekteve-ne-komun-te-ulqinit\/#breadcrumb"},"inLanguage":"en-US","potentialAction":[{"@type":"ReadAction","target":["https:\/\/www.visit-ulcinj.com\/blog\/2012\/01\/14\/opozita-kunder-rrenimit-te-objekteve-ne-komun-te-ulqinit\/"]}]},{"@type":"BreadcrumbList","@id":"https:\/\/www.visit-ulcinj.com\/blog\/2012\/01\/14\/opozita-kunder-rrenimit-te-objekteve-ne-komun-te-ulqinit\/#breadcrumb","itemListElement":[{"@type":"ListItem","position":1,"name":"Opozita kunder rrenimit te objekteve ne komun te Ulqinit"}]},{"@type":"Person","@id":"https:\/\/www.visit-ulcinj.com\/blog\/#\/schema\/person\/dcab619c614d3038751c63bc2aadc06d","name":"ulqini","sameAs":["http:\/\/www.visit-ulcinj.com"],"url":"https:\/\/www.visit-ulcinj.com\/blog\/author\/admin\/"}]}},"jetpack_featured_media_url":"","jetpack_sharing_enabled":true,"jetpack_shortlink":"https:\/\/wp.me\/pe6lTn-eyC","_links":{"self":[{"href":"https:\/\/www.visit-ulcinj.com\/blog\/wp-json\/wp\/v2\/posts\/55962"}],"collection":[{"href":"https:\/\/www.visit-ulcinj.com\/blog\/wp-json\/wp\/v2\/posts"}],"about":[{"href":"https:\/\/www.visit-ulcinj.com\/blog\/wp-json\/wp\/v2\/types\/post"}],"author":[{"embeddable":true,"href":"https:\/\/www.visit-ulcinj.com\/blog\/wp-json\/wp\/v2\/users\/1"}],"replies":[{"embeddable":true,"href":"https:\/\/www.visit-ulcinj.com\/blog\/wp-json\/wp\/v2\/comments?post=55962"}],"version-history":[{"count":4,"href":"https:\/\/www.visit-ulcinj.com\/blog\/wp-json\/wp\/v2\/posts\/55962\/revisions"}],"predecessor-version":[{"id":56145,"href":"https:\/\/www.visit-ulcinj.com\/blog\/wp-json\/wp\/v2\/posts\/55962\/revisions\/56145"}],"wp:attachment":[{"href":"https:\/\/www.visit-ulcinj.com\/blog\/wp-json\/wp\/v2\/media?parent=55962"}],"wp:term":[{"taxonomy":"category","embeddable":true,"href":"https:\/\/www.visit-ulcinj.com\/blog\/wp-json\/wp\/v2\/categories?post=55962"},{"taxonomy":"post_tag","embeddable":true,"href":"https:\/\/www.visit-ulcinj.com\/blog\/wp-json\/wp\/v2\/tags?post=55962"}],"curies":[{"name":"wp","href":"https:\/\/api.w.org\/{rel}","templated":true}]}}