{"id":55977,"date":"2012-01-14T18:31:36","date_gmt":"2012-01-14T17:31:36","guid":{"rendered":"http:\/\/www.visit-ulcinj.com\/blog\/?p=55977"},"modified":"2012-01-14T18:31:36","modified_gmt":"2012-01-14T17:31:36","slug":"minir-karamanaga-umjesto-ali-redze","status":"publish","type":"post","link":"https:\/\/www.visit-ulcinj.com\/blog\/2012\/01\/14\/minir-karamanaga-umjesto-ali-redze\/","title":{"rendered":"Minir Karamanaga umjesto Ali Red\u017ee"},"content":{"rendered":"<p><strong><a href=\"http:\/\/www.visit-ulcinj.com\/blog\/wp-content\/uploads\/2012\/01\/Turisticka-organizacja-Ulcinj-Organizata-turistike-Ulqin_Minir-Karamanaga.jpg\"><img loading=\"lazy\" class=\"alignleft  wp-image-55978\" title=\"Turisticka-organizacja-Ulcinj-Organizata-turistike-Ulqin_Minir Karamanaga\" src=\"http:\/\/www.visit-ulcinj.com\/blog\/wp-content\/uploads\/2012\/01\/Turisticka-organizacja-Ulcinj-Organizata-turistike-Ulqin_Minir-Karamanaga.jpg\" alt=\"\" width=\"508\" height=\"380\" srcset=\"https:\/\/www.visit-ulcinj.com\/blog\/wp-content\/uploads\/2012\/01\/Turisticka-organizacja-Ulcinj-Organizata-turistike-Ulqin_Minir-Karamanaga.jpg 640w, https:\/\/www.visit-ulcinj.com\/blog\/wp-content\/uploads\/2012\/01\/Turisticka-organizacja-Ulcinj-Organizata-turistike-Ulqin_Minir-Karamanaga-300x225.jpg 300w\" sizes=\"(max-width: 508px) 100vw, 508px\" \/><\/a>Smjena na \u010delu turisti\u010dke organizacije<\/strong><\/p>\n<p>\u010clan OO SDP Ulcinj Minir Karamanaga najozbiljniji je kandidat za mjesto novog direktora Turisti\u010dke organizacije Ulcinj, saznaje \u201eDan\u201c. Karamanaga \u0107e na toj funkciji zamijeniti Ali Red\u017eu, lidera PDP koji je na \u010delo TO postavljen u vrijeme vladavine koalicije DPS-DUA- PDP. Imenovanje novog direktora o\u010dekuje se narednih dana i dio je dogovora o podjeli funkcija izme\u0111u partija koje su na vlasti u najju\u017enijoj op\u0161tini. Lokalna turisti\u010dka organizacija najmla\u0111a je u Crnoj Gori. Osnovana je 2009. godine iako je Zakon o turisti\u010dkim organizacijama usvojen 2004. a lokalna skup\u0161tina je Odluku o osnivanju donijela 2007. godine. Ulcinj je i jedina crnogorska op\u0161tina koja nema internet prezentaciju TO.<\/p>\n<p><a href=\"http:\/\/www.dan.co.me\/?nivo=3&amp;rubrika=Regioni&amp;clanak=315318&amp;najdatum=2012-01-13&amp;datum=2012-01-14\" target=\"_blank\"><strong>Izvor: DAN<\/strong><\/a><\/p>\n<p>[flv width=&#8221;508&#8243; height=&#8221;360&#8243;]http:\/\/video.zoover.nl\/media\/play\/2010\/01\/20100125130811_025.flv[\/flv]<\/p>\n","protected":false},"excerpt":{"rendered":"<p>Smjena na \u010delu turisti\u010dke organizacije \u010clan OO SDP Ulcinj Minir Karamanaga najozbiljniji je kandidat za mjesto novog direktora Turisti\u010dke organizacije Ulcinj, saznaje \u201eDan\u201c. Karamanaga \u0107e na toj funkciji zamijeniti Ali Red\u017eu, lidera PDP koji je na \u010delo TO postavljen u vrijeme vladavine koalicije DPS-DUA- PDP. Imenovanje novog direktora o\u010dekuje se narednih dana i dio je [&hellip;]<\/p>\n","protected":false},"author":1,"featured_media":0,"comment_status":"open","ping_status":"closed","sticky":false,"template":"","format":"standard","meta":{"spay_email":"","jetpack_publicize_message":"","jetpack_is_tweetstorm":false,"jetpack_publicize_feature_enabled":true},"categories":[8337],"tags":[20,17876,19],"jetpack_publicize_connections":[],"yoast_head":"<!-- This site is optimized with the Yoast SEO plugin v19.1 - https:\/\/yoast.com\/wordpress\/plugins\/seo\/ -->\n<title>Minir Karamanaga umjesto Ali Red\u017ee - Lajme nga Ulqini<\/title>\n<meta name=\"description\" content=\"Smjena na \u010delu turisti\u010dke organizacije \u010clan OO SDP Ulcinj Minir Karamanaga najozbiljniji je kandidat za mjesto novog direktora Turisti\u010dke organizacije\" \/>\n<meta name=\"robots\" content=\"index, follow, max-snippet:-1, max-image-preview:large, max-video-preview:-1\" \/>\n<link rel=\"canonical\" href=\"https:\/\/www.visit-ulcinj.com\/blog\/2012\/01\/14\/minir-karamanaga-umjesto-ali-redze\/\" \/>\n<meta property=\"og:locale\" content=\"en_US\" \/>\n<meta property=\"og:type\" content=\"article\" \/>\n<meta property=\"og:title\" content=\"Minir Karamanaga umjesto Ali Red\u017ee - Lajme nga Ulqini\" \/>\n<meta property=\"og:description\" content=\"Smjena na \u010delu turisti\u010dke organizacije \u010clan OO SDP Ulcinj Minir Karamanaga najozbiljniji je kandidat za mjesto novog direktora Turisti\u010dke organizacije\" \/>\n<meta property=\"og:url\" content=\"https:\/\/www.visit-ulcinj.com\/blog\/2012\/01\/14\/minir-karamanaga-umjesto-ali-redze\/\" \/>\n<meta property=\"og:site_name\" content=\"Lajme nga Ulqini\" \/>\n<meta property=\"article:published_time\" content=\"2012-01-14T17:31:36+00:00\" \/>\n<meta property=\"og:image\" content=\"http:\/\/www.visit-ulcinj.com\/blog\/wp-content\/uploads\/2012\/01\/Turisticka-organizacja-Ulcinj-Organizata-turistike-Ulqin_Minir-Karamanaga.jpg\" \/>\n<meta name=\"twitter:label1\" content=\"Written by\" \/>\n\t<meta name=\"twitter:data1\" content=\"ulqini\" \/>\n\t<meta name=\"twitter:label2\" content=\"Est. reading time\" \/>\n\t<meta name=\"twitter:data2\" content=\"1 minute\" \/>\n<script type=\"application\/ld+json\" class=\"yoast-schema-graph\">{\"@context\":\"https:\/\/schema.org\",\"@graph\":[{\"@type\":\"WebSite\",\"@id\":\"https:\/\/www.visit-ulcinj.com\/blog\/#website\",\"url\":\"https:\/\/www.visit-ulcinj.com\/blog\/\",\"name\":\"Lajme nga Ulqini\",\"description\":\"Lajme,Vijesti,Ulqini,Ulqin,Crna Gora,Mali i Zi\",\"potentialAction\":[{\"@type\":\"SearchAction\",\"target\":{\"@type\":\"EntryPoint\",\"urlTemplate\":\"https:\/\/www.visit-ulcinj.com\/blog\/?s={search_term_string}\"},\"query-input\":\"required name=search_term_string\"}],\"inLanguage\":\"en-US\"},{\"@type\":\"ImageObject\",\"inLanguage\":\"en-US\",\"@id\":\"https:\/\/www.visit-ulcinj.com\/blog\/2012\/01\/14\/minir-karamanaga-umjesto-ali-redze\/#primaryimage\",\"url\":\"https:\/\/www.visit-ulcinj.com\/blog\/wp-content\/uploads\/2012\/01\/Turisticka-organizacja-Ulcinj-Organizata-turistike-Ulqin_Minir-Karamanaga.jpg\",\"contentUrl\":\"https:\/\/www.visit-ulcinj.com\/blog\/wp-content\/uploads\/2012\/01\/Turisticka-organizacja-Ulcinj-Organizata-turistike-Ulqin_Minir-Karamanaga.jpg\",\"width\":\"640\",\"height\":\"480\"},{\"@type\":\"WebPage\",\"@id\":\"https:\/\/www.visit-ulcinj.com\/blog\/2012\/01\/14\/minir-karamanaga-umjesto-ali-redze\/#webpage\",\"url\":\"https:\/\/www.visit-ulcinj.com\/blog\/2012\/01\/14\/minir-karamanaga-umjesto-ali-redze\/\",\"name\":\"Minir Karamanaga umjesto Ali Red\u017ee - Lajme nga Ulqini\",\"isPartOf\":{\"@id\":\"https:\/\/www.visit-ulcinj.com\/blog\/#website\"},\"primaryImageOfPage\":{\"@id\":\"https:\/\/www.visit-ulcinj.com\/blog\/2012\/01\/14\/minir-karamanaga-umjesto-ali-redze\/#primaryimage\"},\"datePublished\":\"2012-01-14T17:31:36+00:00\",\"dateModified\":\"2012-01-14T17:31:36+00:00\",\"author\":{\"@id\":\"https:\/\/www.visit-ulcinj.com\/blog\/#\/schema\/person\/dcab619c614d3038751c63bc2aadc06d\"},\"description\":\"Smjena na \u010delu turisti\u010dke organizacije \u010clan OO SDP Ulcinj Minir Karamanaga najozbiljniji je kandidat za mjesto novog direktora Turisti\u010dke organizacije\",\"breadcrumb\":{\"@id\":\"https:\/\/www.visit-ulcinj.com\/blog\/2012\/01\/14\/minir-karamanaga-umjesto-ali-redze\/#breadcrumb\"},\"inLanguage\":\"en-US\",\"potentialAction\":[{\"@type\":\"ReadAction\",\"target\":[\"https:\/\/www.visit-ulcinj.com\/blog\/2012\/01\/14\/minir-karamanaga-umjesto-ali-redze\/\"]}]},{\"@type\":\"BreadcrumbList\",\"@id\":\"https:\/\/www.visit-ulcinj.com\/blog\/2012\/01\/14\/minir-karamanaga-umjesto-ali-redze\/#breadcrumb\",\"itemListElement\":[{\"@type\":\"ListItem\",\"position\":1,\"name\":\"Minir Karamanaga umjesto Ali Red\u017ee\"}]},{\"@type\":\"Person\",\"@id\":\"https:\/\/www.visit-ulcinj.com\/blog\/#\/schema\/person\/dcab619c614d3038751c63bc2aadc06d\",\"name\":\"ulqini\",\"sameAs\":[\"http:\/\/www.visit-ulcinj.com\"],\"url\":\"https:\/\/www.visit-ulcinj.com\/blog\/author\/admin\/\"}]}<\/script>\n<!-- \/ Yoast SEO plugin. -->","yoast_head_json":{"title":"Minir Karamanaga umjesto Ali Red\u017ee - Lajme nga Ulqini","description":"Smjena na \u010delu turisti\u010dke organizacije \u010clan OO SDP Ulcinj Minir Karamanaga najozbiljniji je kandidat za mjesto novog direktora Turisti\u010dke organizacije","robots":{"index":"index","follow":"follow","max-snippet":"max-snippet:-1","max-image-preview":"max-image-preview:large","max-video-preview":"max-video-preview:-1"},"canonical":"https:\/\/www.visit-ulcinj.com\/blog\/2012\/01\/14\/minir-karamanaga-umjesto-ali-redze\/","og_locale":"en_US","og_type":"article","og_title":"Minir Karamanaga umjesto Ali Red\u017ee - Lajme nga Ulqini","og_description":"Smjena na \u010delu turisti\u010dke organizacije \u010clan OO SDP Ulcinj Minir Karamanaga najozbiljniji je kandidat za mjesto novog direktora Turisti\u010dke organizacije","og_url":"https:\/\/www.visit-ulcinj.com\/blog\/2012\/01\/14\/minir-karamanaga-umjesto-ali-redze\/","og_site_name":"Lajme nga Ulqini","article_published_time":"2012-01-14T17:31:36+00:00","og_image":[{"url":"http:\/\/www.visit-ulcinj.com\/blog\/wp-content\/uploads\/2012\/01\/Turisticka-organizacja-Ulcinj-Organizata-turistike-Ulqin_Minir-Karamanaga.jpg"}],"twitter_misc":{"Written by":"ulqini","Est. reading time":"1 minute"},"schema":{"@context":"https:\/\/schema.org","@graph":[{"@type":"WebSite","@id":"https:\/\/www.visit-ulcinj.com\/blog\/#website","url":"https:\/\/www.visit-ulcinj.com\/blog\/","name":"Lajme nga Ulqini","description":"Lajme,Vijesti,Ulqini,Ulqin,Crna Gora,Mali i Zi","potentialAction":[{"@type":"SearchAction","target":{"@type":"EntryPoint","urlTemplate":"https:\/\/www.visit-ulcinj.com\/blog\/?s={search_term_string}"},"query-input":"required name=search_term_string"}],"inLanguage":"en-US"},{"@type":"ImageObject","inLanguage":"en-US","@id":"https:\/\/www.visit-ulcinj.com\/blog\/2012\/01\/14\/minir-karamanaga-umjesto-ali-redze\/#primaryimage","url":"https:\/\/www.visit-ulcinj.com\/blog\/wp-content\/uploads\/2012\/01\/Turisticka-organizacja-Ulcinj-Organizata-turistike-Ulqin_Minir-Karamanaga.jpg","contentUrl":"https:\/\/www.visit-ulcinj.com\/blog\/wp-content\/uploads\/2012\/01\/Turisticka-organizacja-Ulcinj-Organizata-turistike-Ulqin_Minir-Karamanaga.jpg","width":"640","height":"480"},{"@type":"WebPage","@id":"https:\/\/www.visit-ulcinj.com\/blog\/2012\/01\/14\/minir-karamanaga-umjesto-ali-redze\/#webpage","url":"https:\/\/www.visit-ulcinj.com\/blog\/2012\/01\/14\/minir-karamanaga-umjesto-ali-redze\/","name":"Minir Karamanaga umjesto Ali Red\u017ee - Lajme nga Ulqini","isPartOf":{"@id":"https:\/\/www.visit-ulcinj.com\/blog\/#website"},"primaryImageOfPage":{"@id":"https:\/\/www.visit-ulcinj.com\/blog\/2012\/01\/14\/minir-karamanaga-umjesto-ali-redze\/#primaryimage"},"datePublished":"2012-01-14T17:31:36+00:00","dateModified":"2012-01-14T17:31:36+00:00","author":{"@id":"https:\/\/www.visit-ulcinj.com\/blog\/#\/schema\/person\/dcab619c614d3038751c63bc2aadc06d"},"description":"Smjena na \u010delu turisti\u010dke organizacije \u010clan OO SDP Ulcinj Minir Karamanaga najozbiljniji je kandidat za mjesto novog direktora Turisti\u010dke organizacije","breadcrumb":{"@id":"https:\/\/www.visit-ulcinj.com\/blog\/2012\/01\/14\/minir-karamanaga-umjesto-ali-redze\/#breadcrumb"},"inLanguage":"en-US","potentialAction":[{"@type":"ReadAction","target":["https:\/\/www.visit-ulcinj.com\/blog\/2012\/01\/14\/minir-karamanaga-umjesto-ali-redze\/"]}]},{"@type":"BreadcrumbList","@id":"https:\/\/www.visit-ulcinj.com\/blog\/2012\/01\/14\/minir-karamanaga-umjesto-ali-redze\/#breadcrumb","itemListElement":[{"@type":"ListItem","position":1,"name":"Minir Karamanaga umjesto Ali Red\u017ee"}]},{"@type":"Person","@id":"https:\/\/www.visit-ulcinj.com\/blog\/#\/schema\/person\/dcab619c614d3038751c63bc2aadc06d","name":"ulqini","sameAs":["http:\/\/www.visit-ulcinj.com"],"url":"https:\/\/www.visit-ulcinj.com\/blog\/author\/admin\/"}]}},"jetpack_featured_media_url":"","jetpack_sharing_enabled":true,"jetpack_shortlink":"https:\/\/wp.me\/pe6lTn-eyR","_links":{"self":[{"href":"https:\/\/www.visit-ulcinj.com\/blog\/wp-json\/wp\/v2\/posts\/55977"}],"collection":[{"href":"https:\/\/www.visit-ulcinj.com\/blog\/wp-json\/wp\/v2\/posts"}],"about":[{"href":"https:\/\/www.visit-ulcinj.com\/blog\/wp-json\/wp\/v2\/types\/post"}],"author":[{"embeddable":true,"href":"https:\/\/www.visit-ulcinj.com\/blog\/wp-json\/wp\/v2\/users\/1"}],"replies":[{"embeddable":true,"href":"https:\/\/www.visit-ulcinj.com\/blog\/wp-json\/wp\/v2\/comments?post=55977"}],"version-history":[{"count":1,"href":"https:\/\/www.visit-ulcinj.com\/blog\/wp-json\/wp\/v2\/posts\/55977\/revisions"}],"predecessor-version":[{"id":55980,"href":"https:\/\/www.visit-ulcinj.com\/blog\/wp-json\/wp\/v2\/posts\/55977\/revisions\/55980"}],"wp:attachment":[{"href":"https:\/\/www.visit-ulcinj.com\/blog\/wp-json\/wp\/v2\/media?parent=55977"}],"wp:term":[{"taxonomy":"category","embeddable":true,"href":"https:\/\/www.visit-ulcinj.com\/blog\/wp-json\/wp\/v2\/categories?post=55977"},{"taxonomy":"post_tag","embeddable":true,"href":"https:\/\/www.visit-ulcinj.com\/blog\/wp-json\/wp\/v2\/tags?post=55977"}],"curies":[{"name":"wp","href":"https:\/\/api.w.org\/{rel}","templated":true}]}}