{"id":560,"date":"2008-02-18T12:32:53","date_gmt":"2008-02-18T17:32:53","guid":{"rendered":"http:\/\/www.visit-ulcinj.com\/blog\/2008\/02\/18\/nacionalistet-serbe-boshnjake-kercenojne-per-shkeputje\/"},"modified":"2008-02-18T12:34:06","modified_gmt":"2008-02-18T17:34:06","slug":"nacionalistet-serbe-boshnjake-kercenojne-per-shkeputje","status":"publish","type":"post","link":"https:\/\/www.visit-ulcinj.com\/blog\/2008\/02\/18\/nacionalistet-serbe-boshnjake-kercenojne-per-shkeputje\/","title":{"rendered":"Nacionalist\u00ebt serb\u00eb boshnjak\u00eb k\u00ebrc\u00ebnojn\u00eb p\u00ebr shk\u00ebputje"},"content":{"rendered":"<p><img loading=\"lazy\" src=\"http:\/\/www.setimes.com\/cocoon\/setimes\/images\/2008\/02\/15\/SVETLAphoto.jpg\" align=\"left\" height=\"208\" width=\"288\" \/>Nj\u00eb grup nacionalist serb boshnjak paralajm\u00ebroi t\u00eb enjten (14 shkurt) se do t\u00eb shtyj\u00eb q\u00eb Republika Srpska (RS) t\u00eb shpall\u00eb pavar\u00ebsin\u00eb nga Bosnje dhe Herzegovina (BiH) po qe se Kosova shk\u00ebputet nga Serbia.<br \/>\n&#8220;N\u00eb qoft\u00eb se Kosova shpall pavar\u00ebsin\u00eb, ne do t\u00eb k\u00ebrkojm\u00eb pavar\u00ebsi p\u00ebr Repubik\u00ebn Serbe po ashtu,&#8221; tha kryetari i L\u00ebvizjes Serbe t\u00eb Shoqatave t\u00eb Pavarura (SPONA) Branislav Duki\u00e7 n\u00eb nj\u00eb konferenc\u00eb shtypi n\u00eb Banja Luka.<br \/>\nN\u00eb rast se ndonj\u00eb ish republik\u00eb jugosllave njeh deklarimin e nj\u00ebansh\u00ebm q\u00eb ligjb\u00ebr\u00ebsit e Prishtin\u00ebs pritet t\u00eb miratojn\u00eb t\u00eb diel\u00ebn, autoritetet e RS duhet t\u00eb marrin hapa p\u00ebr t\u00eb rifituar t\u00eb gjitha pushtetet e transferuara nga niveli i nj\u00ebsis\u00eb n\u00eb at\u00eb shtet\u00ebror n\u00eb vitet e fundit, tha ai.<br \/>\nDuke cituar burime diplomatike, e p\u00ebrditshmja maqedonase Utrinski Vesnik raportoi t\u00eb premten se Shkupi do ta njihte pavar\u00ebsin\u00eb e Kosov\u00ebs brenda tre jav\u00ebsh t\u00eb shpalljes s\u00eb saj. Kroacia tregoi k\u00ebt\u00eb jav\u00eb se do t\u00eb ndiqte politik\u00ebn e BE n\u00eb k\u00ebt\u00eb \u00e7\u00ebshtje por nuk do t\u00eb ishte midis t\u00eb parave q\u00eb njoftonte njohjen e shtetit q\u00eb lind.<br \/>\nSllovenia, e cila mban aktualisht presidenc\u00ebn e rradh\u00ebs t\u00eb BE, \u00ebsht\u00eb midis grupit t\u00eb vendeve an\u00ebtare t\u00eb bashkimit 27-vendesh q\u00eb kan\u00eb sinjalizuar gatishm\u00ebrin\u00eb e tyre p\u00ebr t\u00eb njohur nj\u00eb Kosov\u00eb t\u00eb pavarur pa miratimin e OKB-s\u00eb.<br \/>\nN\u00eb qoft\u00eb se BE merr k\u00ebt\u00eb mas\u00eb &#8220;kund\u00ebr ligjit nd\u00ebrkomb\u00ebtar&#8221;, parlamenti i RS duhet t\u00eb deklaroj\u00eb pavar\u00ebsin\u00eb e nj\u00ebsis\u00eb pa nj\u00eb referendum, tha kreu i SPONA e cila p\u00ebrb\u00ebhet nga disa grupe veteran\u00ebsh serb\u00eb boshnjak\u00eb.<br \/>\n&#8220;N\u00eb qoft\u00eb se parlamenti i paligjsh\u00ebm i Kosov\u00ebs mund t\u00eb deklaroj\u00eb pavar\u00ebsin\u00eb, nuk ka arsye pse parlamenti i ligjsh\u00ebm i Republika Srpska t\u00eb mos e ket\u00eb at\u00eb t\u00eb drejt\u00eb,&#8221; Reuters e citonte Duki\u00e7.<br \/>\nNj\u00eb tjet\u00ebr grup nacionalist, Zgjedhja \u00ebsht\u00eb Juaja, \u00ebsht\u00eb th\u00ebn\u00eb se gjithashtu po b\u00ebn plane t\u00eb shtyj\u00eb ligjb\u00ebr\u00ebsit e RS p\u00ebr t\u00eb ndjekur shembullin e Kosov\u00ebs. P\u00ebrve\u00e7 k\u00ebsaj, ai po premton t\u00eb ngrej\u00eb protesta paq\u00ebsore po qe se krahina shk\u00ebputet nga Serbia.<br \/>\nKryeministri i RS Milorad Dodik, i cili \u00ebsht\u00eb kritikuar p\u00ebr deklarime t\u00eb ngjashme shk\u00ebput\u00ebse n\u00eb t\u00eb kaluar\u00ebn, tha t\u00eb enjten se nj\u00ebsia do t\u00eb gjykoj\u00eb &#8220;me shum\u00eb kujdes&#8221; reagimin e saj ndaj shpalljes s\u00eb pavar\u00ebsis\u00eb nga Kosova.<br \/>\n&#8220;N\u00eb rast t\u00eb nj\u00eb shpalljeje t\u00eb nj\u00ebanshme t\u00eb pavar\u00ebsis\u00eb s\u00eb Kosov\u00ebs, t\u00eb tjer\u00eb mundet gjithashtu t\u00eb zhvillojn\u00eb ide t\u00eb tilla,&#8221; shtoi ai.<br \/>\nGj\u00ebja m\u00eb e r\u00ebnd\u00ebsishme, tha Dodik, \u00ebsht\u00eb t\u00eb mbahet paqja dhe siguria n\u00eb RS. Ai theksoi gjithashtu se qeveria e tij do t\u00eb bllokonte \u00e7do p\u00ebrpjekje q\u00eb BiH t\u00eb njihte Kosov\u00ebn si nj\u00eb shtet t\u00eb pavarur.<br \/>\nI d\u00ebrguari i lart\u00eb nd\u00ebrkomb\u00ebtar n\u00eb BiH, P\u00ebrfaq\u00ebsuesi i Lart\u00eb Miroslav Laj\u00e7ak ka theksuar n\u00eb m\u00ebnyr\u00eb t\u00eb p\u00ebrs\u00ebritur se Marr\u00ebveshja e Paqes e Dejtonit e cila i dha fund konfliktit t\u00eb 1992-1995, garanton integritetin territorial t\u00eb BiH dhe nuk parashikon p\u00ebr ndryshime kufijsh.<br \/>\n&#8220;Republika Srpska nuk ka t\u00eb drejt\u00eb t\u00eb shk\u00ebputet nga Bosnja, n\u00eb t\u00eb nj\u00ebjt\u00ebn koh\u00eb, askush nuk mundet nj\u00ebanshm\u00ebrisht t\u00eb shfuqizoj\u00eb Republika Srpska,&#8221; tha Laj\u00e7ak koh\u00ebt e fundit.<br \/>\nP\u00ebrpara shpalljes s\u00eb pritur t\u00eb pavar\u00ebsis\u00eb s\u00eb Kosov\u00ebs, forcat policore n\u00eb RS filluan p\u00ebrgatitjet k\u00ebt\u00eb jav\u00eb p\u00ebr t&#8217;u marr\u00eb me nj\u00eb p\u00ebrshkall\u00ebzim potencial t\u00eb tensionit n\u00eb nj\u00ebsi.<br \/>\n&#8220;Policia \u00ebsht\u00eb n\u00eb alarm me nj\u00eb num\u00ebr t\u00eb mjaftuesh\u00ebm polic\u00ebsh me q\u00ebllim q\u00eb t\u00eb reagoj\u00eb ndaj \u00e7do trazire dhe dhune t\u00eb mundshme,&#8221; citoi AFP kreun e administrat\u00ebs s\u00eb policis\u00eb penale t\u00eb ministris\u00eb s\u00eb brendshme, Gojko Vasi\u00e7 t\u00eb thoshte t\u00eb premten. &#8220;Ne nuk presim ndonj\u00eb trazir\u00eb t\u00eb madh, por n\u00eb qoft\u00eb se do t\u00eb ket\u00eb protesta, policia do t&#8217;i siguroj\u00eb k\u00ebto veprimtari si\u00e7 duhet.&#8221;<\/p>\n<p>www.setimes.com<\/p>\n","protected":false},"excerpt":{"rendered":"<p><img loading=\"lazy\" src=\"http:\/\/www.setimes.com\/cocoon\/setimes\/images\/2008\/02\/15\/SVETLAphoto.jpg\" align=\"left\" height=\"140\" width=\"140\" \/><\/p>\n","protected":false},"author":1,"featured_media":0,"comment_status":"open","ping_status":"closed","sticky":false,"template":"","format":"standard","meta":{"spay_email":"","jetpack_publicize_message":"","jetpack_is_tweetstorm":false,"jetpack_publicize_feature_enabled":true},"categories":[14,12],"tags":[1613,1610,49,325,503,333,829,1611,1316,1612,235,792],"jetpack_publicize_connections":[],"yoast_head":"<!-- This site is optimized with the Yoast SEO plugin v19.1 - https:\/\/yoast.com\/wordpress\/plugins\/seo\/ -->\n<title>Nacionalist\u00ebt serb\u00eb boshnjak\u00eb k\u00ebrc\u00ebnojn\u00eb p\u00ebr shk\u00ebputje - Lajme nga Ulqini<\/title>\n<meta name=\"robots\" content=\"index, follow, max-snippet:-1, max-image-preview:large, max-video-preview:-1\" \/>\n<link rel=\"canonical\" href=\"https:\/\/www.visit-ulcinj.com\/blog\/2008\/02\/18\/nacionalistet-serbe-boshnjake-kercenojne-per-shkeputje\/\" \/>\n<meta property=\"og:locale\" content=\"en_US\" \/>\n<meta property=\"og:type\" content=\"article\" \/>\n<meta property=\"og:title\" content=\"Nacionalist\u00ebt serb\u00eb boshnjak\u00eb k\u00ebrc\u00ebnojn\u00eb p\u00ebr shk\u00ebputje - Lajme nga Ulqini\" \/>\n<meta property=\"og:url\" content=\"https:\/\/www.visit-ulcinj.com\/blog\/2008\/02\/18\/nacionalistet-serbe-boshnjake-kercenojne-per-shkeputje\/\" \/>\n<meta property=\"og:site_name\" content=\"Lajme nga Ulqini\" \/>\n<meta property=\"article:published_time\" content=\"2008-02-18T17:32:53+00:00\" \/>\n<meta property=\"article:modified_time\" content=\"2008-02-18T17:34:06+00:00\" \/>\n<meta property=\"og:image\" content=\"http:\/\/www.setimes.com\/cocoon\/setimes\/images\/2008\/02\/15\/SVETLAphoto.jpg\" \/>\n<meta name=\"twitter:label1\" content=\"Written by\" \/>\n\t<meta name=\"twitter:data1\" content=\"ulqini\" \/>\n\t<meta name=\"twitter:label2\" content=\"Est. reading time\" \/>\n\t<meta name=\"twitter:data2\" content=\"3 minutes\" \/>\n<script type=\"application\/ld+json\" class=\"yoast-schema-graph\">{\"@context\":\"https:\/\/schema.org\",\"@graph\":[{\"@type\":\"WebSite\",\"@id\":\"https:\/\/www.visit-ulcinj.com\/blog\/#website\",\"url\":\"https:\/\/www.visit-ulcinj.com\/blog\/\",\"name\":\"Lajme nga Ulqini\",\"description\":\"Lajme,Vijesti,Ulqini,Ulqin,Crna Gora,Mali i Zi\",\"potentialAction\":[{\"@type\":\"SearchAction\",\"target\":{\"@type\":\"EntryPoint\",\"urlTemplate\":\"https:\/\/www.visit-ulcinj.com\/blog\/?s={search_term_string}\"},\"query-input\":\"required name=search_term_string\"}],\"inLanguage\":\"en-US\"},{\"@type\":\"ImageObject\",\"inLanguage\":\"en-US\",\"@id\":\"https:\/\/www.visit-ulcinj.com\/blog\/2008\/02\/18\/nacionalistet-serbe-boshnjake-kercenojne-per-shkeputje\/#primaryimage\",\"url\":\"http:\/\/www.setimes.com\/cocoon\/setimes\/images\/2008\/02\/15\/SVETLAphoto.jpg\",\"contentUrl\":\"http:\/\/www.setimes.com\/cocoon\/setimes\/images\/2008\/02\/15\/SVETLAphoto.jpg\"},{\"@type\":\"WebPage\",\"@id\":\"https:\/\/www.visit-ulcinj.com\/blog\/2008\/02\/18\/nacionalistet-serbe-boshnjake-kercenojne-per-shkeputje\/#webpage\",\"url\":\"https:\/\/www.visit-ulcinj.com\/blog\/2008\/02\/18\/nacionalistet-serbe-boshnjake-kercenojne-per-shkeputje\/\",\"name\":\"Nacionalist\u00ebt serb\u00eb boshnjak\u00eb k\u00ebrc\u00ebnojn\u00eb p\u00ebr shk\u00ebputje - Lajme nga Ulqini\",\"isPartOf\":{\"@id\":\"https:\/\/www.visit-ulcinj.com\/blog\/#website\"},\"primaryImageOfPage\":{\"@id\":\"https:\/\/www.visit-ulcinj.com\/blog\/2008\/02\/18\/nacionalistet-serbe-boshnjake-kercenojne-per-shkeputje\/#primaryimage\"},\"datePublished\":\"2008-02-18T17:32:53+00:00\",\"dateModified\":\"2008-02-18T17:34:06+00:00\",\"author\":{\"@id\":\"https:\/\/www.visit-ulcinj.com\/blog\/#\/schema\/person\/dcab619c614d3038751c63bc2aadc06d\"},\"breadcrumb\":{\"@id\":\"https:\/\/www.visit-ulcinj.com\/blog\/2008\/02\/18\/nacionalistet-serbe-boshnjake-kercenojne-per-shkeputje\/#breadcrumb\"},\"inLanguage\":\"en-US\",\"potentialAction\":[{\"@type\":\"ReadAction\",\"target\":[\"https:\/\/www.visit-ulcinj.com\/blog\/2008\/02\/18\/nacionalistet-serbe-boshnjake-kercenojne-per-shkeputje\/\"]}]},{\"@type\":\"BreadcrumbList\",\"@id\":\"https:\/\/www.visit-ulcinj.com\/blog\/2008\/02\/18\/nacionalistet-serbe-boshnjake-kercenojne-per-shkeputje\/#breadcrumb\",\"itemListElement\":[{\"@type\":\"ListItem\",\"position\":1,\"name\":\"Nacionalist\u00ebt serb\u00eb boshnjak\u00eb k\u00ebrc\u00ebnojn\u00eb p\u00ebr shk\u00ebputje\"}]},{\"@type\":\"Person\",\"@id\":\"https:\/\/www.visit-ulcinj.com\/blog\/#\/schema\/person\/dcab619c614d3038751c63bc2aadc06d\",\"name\":\"ulqini\",\"sameAs\":[\"http:\/\/www.visit-ulcinj.com\"],\"url\":\"https:\/\/www.visit-ulcinj.com\/blog\/author\/admin\/\"}]}<\/script>\n<!-- \/ Yoast SEO plugin. -->","yoast_head_json":{"title":"Nacionalist\u00ebt serb\u00eb boshnjak\u00eb k\u00ebrc\u00ebnojn\u00eb p\u00ebr shk\u00ebputje - Lajme nga Ulqini","robots":{"index":"index","follow":"follow","max-snippet":"max-snippet:-1","max-image-preview":"max-image-preview:large","max-video-preview":"max-video-preview:-1"},"canonical":"https:\/\/www.visit-ulcinj.com\/blog\/2008\/02\/18\/nacionalistet-serbe-boshnjake-kercenojne-per-shkeputje\/","og_locale":"en_US","og_type":"article","og_title":"Nacionalist\u00ebt serb\u00eb boshnjak\u00eb k\u00ebrc\u00ebnojn\u00eb p\u00ebr shk\u00ebputje - Lajme nga Ulqini","og_url":"https:\/\/www.visit-ulcinj.com\/blog\/2008\/02\/18\/nacionalistet-serbe-boshnjake-kercenojne-per-shkeputje\/","og_site_name":"Lajme nga Ulqini","article_published_time":"2008-02-18T17:32:53+00:00","article_modified_time":"2008-02-18T17:34:06+00:00","og_image":[{"url":"http:\/\/www.setimes.com\/cocoon\/setimes\/images\/2008\/02\/15\/SVETLAphoto.jpg"}],"twitter_misc":{"Written by":"ulqini","Est. reading time":"3 minutes"},"schema":{"@context":"https:\/\/schema.org","@graph":[{"@type":"WebSite","@id":"https:\/\/www.visit-ulcinj.com\/blog\/#website","url":"https:\/\/www.visit-ulcinj.com\/blog\/","name":"Lajme nga Ulqini","description":"Lajme,Vijesti,Ulqini,Ulqin,Crna Gora,Mali i Zi","potentialAction":[{"@type":"SearchAction","target":{"@type":"EntryPoint","urlTemplate":"https:\/\/www.visit-ulcinj.com\/blog\/?s={search_term_string}"},"query-input":"required name=search_term_string"}],"inLanguage":"en-US"},{"@type":"ImageObject","inLanguage":"en-US","@id":"https:\/\/www.visit-ulcinj.com\/blog\/2008\/02\/18\/nacionalistet-serbe-boshnjake-kercenojne-per-shkeputje\/#primaryimage","url":"http:\/\/www.setimes.com\/cocoon\/setimes\/images\/2008\/02\/15\/SVETLAphoto.jpg","contentUrl":"http:\/\/www.setimes.com\/cocoon\/setimes\/images\/2008\/02\/15\/SVETLAphoto.jpg"},{"@type":"WebPage","@id":"https:\/\/www.visit-ulcinj.com\/blog\/2008\/02\/18\/nacionalistet-serbe-boshnjake-kercenojne-per-shkeputje\/#webpage","url":"https:\/\/www.visit-ulcinj.com\/blog\/2008\/02\/18\/nacionalistet-serbe-boshnjake-kercenojne-per-shkeputje\/","name":"Nacionalist\u00ebt serb\u00eb boshnjak\u00eb k\u00ebrc\u00ebnojn\u00eb p\u00ebr shk\u00ebputje - Lajme nga Ulqini","isPartOf":{"@id":"https:\/\/www.visit-ulcinj.com\/blog\/#website"},"primaryImageOfPage":{"@id":"https:\/\/www.visit-ulcinj.com\/blog\/2008\/02\/18\/nacionalistet-serbe-boshnjake-kercenojne-per-shkeputje\/#primaryimage"},"datePublished":"2008-02-18T17:32:53+00:00","dateModified":"2008-02-18T17:34:06+00:00","author":{"@id":"https:\/\/www.visit-ulcinj.com\/blog\/#\/schema\/person\/dcab619c614d3038751c63bc2aadc06d"},"breadcrumb":{"@id":"https:\/\/www.visit-ulcinj.com\/blog\/2008\/02\/18\/nacionalistet-serbe-boshnjake-kercenojne-per-shkeputje\/#breadcrumb"},"inLanguage":"en-US","potentialAction":[{"@type":"ReadAction","target":["https:\/\/www.visit-ulcinj.com\/blog\/2008\/02\/18\/nacionalistet-serbe-boshnjake-kercenojne-per-shkeputje\/"]}]},{"@type":"BreadcrumbList","@id":"https:\/\/www.visit-ulcinj.com\/blog\/2008\/02\/18\/nacionalistet-serbe-boshnjake-kercenojne-per-shkeputje\/#breadcrumb","itemListElement":[{"@type":"ListItem","position":1,"name":"Nacionalist\u00ebt serb\u00eb boshnjak\u00eb k\u00ebrc\u00ebnojn\u00eb p\u00ebr shk\u00ebputje"}]},{"@type":"Person","@id":"https:\/\/www.visit-ulcinj.com\/blog\/#\/schema\/person\/dcab619c614d3038751c63bc2aadc06d","name":"ulqini","sameAs":["http:\/\/www.visit-ulcinj.com"],"url":"https:\/\/www.visit-ulcinj.com\/blog\/author\/admin\/"}]}},"jetpack_featured_media_url":"","jetpack_sharing_enabled":true,"jetpack_shortlink":"https:\/\/wp.me\/pe6lTn-92","_links":{"self":[{"href":"https:\/\/www.visit-ulcinj.com\/blog\/wp-json\/wp\/v2\/posts\/560"}],"collection":[{"href":"https:\/\/www.visit-ulcinj.com\/blog\/wp-json\/wp\/v2\/posts"}],"about":[{"href":"https:\/\/www.visit-ulcinj.com\/blog\/wp-json\/wp\/v2\/types\/post"}],"author":[{"embeddable":true,"href":"https:\/\/www.visit-ulcinj.com\/blog\/wp-json\/wp\/v2\/users\/1"}],"replies":[{"embeddable":true,"href":"https:\/\/www.visit-ulcinj.com\/blog\/wp-json\/wp\/v2\/comments?post=560"}],"version-history":[{"count":0,"href":"https:\/\/www.visit-ulcinj.com\/blog\/wp-json\/wp\/v2\/posts\/560\/revisions"}],"wp:attachment":[{"href":"https:\/\/www.visit-ulcinj.com\/blog\/wp-json\/wp\/v2\/media?parent=560"}],"wp:term":[{"taxonomy":"category","embeddable":true,"href":"https:\/\/www.visit-ulcinj.com\/blog\/wp-json\/wp\/v2\/categories?post=560"},{"taxonomy":"post_tag","embeddable":true,"href":"https:\/\/www.visit-ulcinj.com\/blog\/wp-json\/wp\/v2\/tags?post=560"}],"curies":[{"name":"wp","href":"https:\/\/api.w.org\/{rel}","templated":true}]}}