{"id":56005,"date":"2012-01-15T12:03:58","date_gmt":"2012-01-15T11:03:58","guid":{"rendered":"http:\/\/www.visit-ulcinj.com\/blog\/?p=56005"},"modified":"2012-01-15T12:03:58","modified_gmt":"2012-01-15T11:03:58","slug":"vasel-sinishtaj-u-takua-me-kongresment-piterslevinn-dhe-engel","status":"publish","type":"post","link":"https:\/\/www.visit-ulcinj.com\/blog\/2012\/01\/15\/vasel-sinishtaj-u-takua-me-kongresment-piterslevinn-dhe-engel\/","title":{"rendered":"Vasel Sinishtaj u takua me kongresment ,Piters,Levinn dhe Engel"},"content":{"rendered":"<p><a href=\"http:\/\/www.visit-ulcinj.com\/blog\/wp-content\/uploads\/2012\/01\/Vasel-Sinishtaj_Eliot-Engel.jpg\"><img loading=\"lazy\" class=\"alignleft size-full wp-image-56006\" title=\"Vasel Sinishtaj_Eliot Engel\" src=\"http:\/\/www.visit-ulcinj.com\/blog\/wp-content\/uploads\/2012\/01\/Vasel-Sinishtaj_Eliot-Engel.jpg\" alt=\"\" width=\"340\" height=\"191\" \/><\/a>BEQIR SINA, New York<\/p>\n<p>Sinishtaj:&#8221;Besoj shum\u00eb tek angazhimi i kongresmenit Gary Peters, kongresmenit Sander Levin dhe natyrisht tek kongresmenit Eliot Engel q\u00eb t\u00eb na ndihmojn\u00eb n\u00eb t\u00eb ardhmen t\u00eb arrihen t\u00eb realizohen lirit\u00eb e t\u00eb drejtat e shqiptar\u00ebve n\u00eb Mal t\u00eb Zi, p\u00ebr \u00e7ka ata edhe jan\u00eb d\u00ebshmuar p\u00ebr politik\u00ebn shqiptare qoft\u00eb n\u00eb Shqip\u00ebri, Kosov\u00eb, Mal t\u00eb Zi, Maqedoni, dhe Lugin\u00ebn e Preshev\u00ebs.&#8221;<\/p>\n<p>Johnson Avenue Bronx NY: Deputeti shqiptar i Parlamentit t\u00eb Malit te Zi, Vasel Sinishtaj, gjat\u00eb vizit\u00ebs n\u00eb Shtetet e Bashkuara t\u00eb Amerik\u00ebs u takua me kongresist\u00ebt Eliot Engel dhe Geri Piters si dhe kongresmenin Sander Levinn. Sinishtaj i njohu ligj\u00ebv\u00ebnsit amerikan, mbi diskriminimin e shqiptar\u00ebve n\u00eb Mal t\u00eb Zi dhe k\u00ebrkoi nga ata nj\u00eb mb\u00ebshtetje t\u00eb fuqishme p\u00ebr komun\u00ebn e Tuzit me ingerenca t\u00eb plota e jo komun\u00eb urbane e Podgoric\u00ebs, si\u00e7 e kan quajtur pushtetar\u00ebt malazez\u00eb.<\/p>\n<p>Kongresisti Engel tha se ka ardhur koha q\u00eb Tuzit t\u2019i jepet statusi i plot\u00eb i Komun\u00ebs, duke qen\u00eb vullnet i qytetar\u00ebve shqiptar\u00eb, q\u00eb p\u00ebrb\u00ebjn\u00eb shumic\u00ebn n\u00eb Tuz. Kongresisti Engel tha se do t\u00eb bisedoj\u00eb me qeverin\u00eb e Malit t\u00eb Zi q\u00eb kjo k\u00ebrkes\u00eb e qytetar\u00ebve p\u00ebr komun\u00ebn e Tuzit t\u00eb realizohet sa m\u00eb par\u00eb, mbasi p\u00ebr k\u00ebt\u00eb ai ka marr\u00eb dhe nj\u00eb premtim prej tyre.<\/p>\n<p>Kongresisti demokrat i New Yorkut, Eliot Engel i cili p\u00ebr m\u00eb shum\u00eb se dy dekada merret me mbrojtjen e t\u00eb drejtave t\u00eb shqiptar\u00ebve n\u00eb Kosov\u00eb, dhe viset shqiptare n\u00eb Mal t\u00eb Zi, Maqedoni dhe Lugin\u00ebn e Preshev\u00ebs, u takua dit\u00ebn e premte n\u00eb zyr\u00ebn e tij n\u00eb New York, me deputetin shqiptar t\u00eb parlamentit t\u00eb Malit t\u00eb Zi, Vasel Sinishtaj, i shoq\u00ebruar nga aktivisti i njohur i komunitetit Luigj Gjokaj(ish kryetar i Fondacionit Vendlindja Th\u00ebrret) &#8211; i cili ishte nj\u00ebkoh\u00ebsisht dhe intelekutor i k\u00ebtyre takimeve me kongresmen\u00ebt amerikan.<\/p>\n<p>N\u00eb k\u00ebt\u00eb takim mori pjes\u00eb edhe miku i kongresistit Eliot Engel, veprimtari i dalluar i komunitetit shqiptar\u00eb zoti Harry Bajraktari<\/p>\n<p>Kongresisti Engel pasi d\u00ebgjoi nga z Sinishtaj faktetet p\u00ebr t\u00eb drejtat e mohuara t\u00eb shqiptar\u00ebve n\u00eb Mal t\u00eb Zi, premtoi se do t\u00eb angazhohet q\u00eb shqiptar\u00ebt n\u00eb k\u00ebt\u00eb pjes\u00eb t\u00eb Ballkanit t\u00eb ken\u00eb t\u00eb drejtat q\u00eb u takojn\u00eb si t\u00eb gjith\u00eb popujt e tjer\u00eb. Kongresisti Eliot Engel, i cili ka vite q\u00eb me komunitetin shqiptar\u00eb t\u00eb Amerik\u00ebs, \u00ebsht\u00eb duke punuar p\u00ebr arritjen e statusit t\u00eb plot\u00eb t\u00eb Komun\u00ebs s\u00eb Tuzit, tha se ka marr\u00eb premtime nga Podgorica p\u00ebr realizmin e k\u00ebsaj k\u00ebrkese t\u00eb shqiptar\u00ebve n\u00eb Mal t\u00eb Zi.<\/p>\n<p>Gjat\u00eb takimit ai i premtoi deputetit Sinishtaj se do t\u00eb angazhohet gjat\u00eb k\u00ebtij viti n\u00eb koordinim me shqiptar\u00ebt q\u00eb kjo komun\u00eb t\u00eb marri statusin e vet\u00ebqeverisjes s\u00eb plot\u00eb ashtu si edhe komunat e tjera n\u00eb Mal t\u00eb Zi. Deputeti Sinishtaj e faleminderoj\u00eb kongresmenin Engel dhe e ftoi p\u00ebr nj\u00eb vizit\u00eb n\u00eb Mal\u00ebsi. Ftesa e deputetit shqiptar, nga parlamenti i Malit t\u00eb Zi, u prit\u00eb me shum\u00eb k\u00ebnaq\u00ebsi nga kongresmeni demokrat i New Yorkut , mik i d\u00ebshmuar i shqiptar\u00ebve Eliot Engel.<\/p>\n<p>Duke folur p\u00ebr gazet\u00ebn komb\u00ebtare Bota Sot, deputeti shqiptar i Malit t\u00eb Zi, Vasel Sinishtaj tha se :&#8221;Q\u00ebllimi kryesor\u00eb q\u00eb takova kongresmenin Eliot Engel, \u00ebsht\u00eb se ky takim po kryehet n\u00eb vendin dhe momentin e duhur. Mbasi ky \u00ebsht\u00eb personi q\u00eb ka b\u00ebr\u00eb m\u00eb shum\u00eb se \u00e7do tjet\u00ebr p\u00ebr \u00e7\u00ebshtjen e ton\u00eb. D\u00ebshirojm\u00eb q\u00eb edhe ne si popull autokton n\u00eb Mal t\u00eb Zi, t&#8217;i nxjerrim n\u00eb pah ato shqet\u00ebsimet e veta para ligj\u00ebv\u00ebnsve amerikan k\u00ebtu n\u00eb SHBA, pas pavar\u00ebsimit t\u00eb shtetit t\u00eb Malit t\u00eb Zi.<\/p>\n<p>Sepse \u00ebsht\u00eb ai \u00ebsht\u00eb shteti q\u00eb po na frigon dhe po na merr t\u00eb drejtat q\u00eb i kishim fituar edhe ma par\u00eb, dhe mos realizimi i lirive dhe t\u00eb drejtave q\u00eb jan\u00eb t\u00eb garantuara me kushtetut\u00ebn e Malit t\u00eb Zi. Piks\u00ebpari, ne kemi menduar t\u00eb njohim ligj\u00ebv\u00ebnsit amerikan,\u00a0 p\u00ebr lirit\u00eb e t\u00eb drejtat njer\u00ebzore qytetare, ato individuale dhe kolektive, shqet\u00ebsimet tona duke filluar prej momentit t\u00eb arsimimit, kultur\u00ebs, por edhe vet\u00ebqeverisja lokale dhe arritja e komun\u00ebs s\u00eb plot\u00eb p\u00ebr qytetatr\u00ebt t\u00eb Mal\u00ebsis\u00eb me kryeqendr\u00ebn e saj\u00a0 Tuzin.<\/p>\n<p>K\u00ebshtu q\u00eb shtoi zoti Sinishtaj , dhe ajo q\u00eb kemi th\u00ebn\u00eb dhe vazhdojm\u00eb ta themi \u00ebsht\u00eb se tek ne vazhdon nj\u00eb politik\u00eb diskriminuese ndaj shqiptar\u00ebve, mbasi shqiptar\u00ebt jan\u00eb specifik\u00eb n\u00eb Mal t\u00eb Zi, p\u00ebr nga gjuha kultura dhe tradita, t\u00eb cilat k\u00ebtij populli ia ka fal\u00eb perendia krahasur me popujt e tjer\u00eb. Dhe mos p\u00ebrfaq\u00ebsimi dhe marrja e asaj q\u00eb quhet p\u00ebrfaq\u00ebsim autentik, t\u00eb formacionit afirmativ t\u00eb shqiptar\u00ebve n\u00eb Mal t\u00eb Zi, erdhi deri tek ulja num\u00ebrit t\u00eb deputeteve nga 5 n\u00eb 3 dhe kjo ka ndodhur vitet e fundit, deri n\u00eb parandalimin e p\u00ebrdorjes s\u00eb \u00e7do simboli komb\u00ebtar shqiptar, \u00e7ka do t\u00eb thot\u00eb ndalimin e p\u00ebrdorimit t\u00eb flamurit ton\u00eb komb\u00ebtar flamurit kuq e zi. Mbasi p\u00ebr ne shqiptar\u00ebt &#8220;ky flamur nuk \u00ebsht\u00eb rast\u00ebsi q\u00eb \u00ebsht\u00eb kuq e zi , por \u00ebsht\u00eb indentiteti yn\u00eb komb\u00ebtar&#8221; q\u00eb ne do t&#8217;a mbrojm\u00eb edhe me gjak, tha ai.<\/p>\n<p>Sinishtaj : &#8220;K\u00ebto shqet\u00ebsime dhe ato q\u00eb definuam p\u00ebr t\u00eb ardhmen n\u00eb m\u00ebnyr\u00ebn e bashk\u00ebpunimit p\u00ebr t&#8217;i arritur t\u00eb gjitha k\u00ebto ne jemi n\u00eb pritje se do t&#8217;i realizojm\u00eb s\u00eb bashku me diaspor\u00ebn shqiptare q\u00eb kemi k\u00ebtu n\u00eb Shtetet e Bashkuara t\u00eb Amerik\u00ebs, dhe miqt e d\u00ebshmuar t\u00eb administrat\u00ebs Amerikane&#8221;<\/p>\n<p>M\u00eb pas\u00eb ai tha se &#8220;Mendoj\u00eb se bind\u00ebsh\u00ebm kemi d\u00ebshmuar p\u00ebr di\u00e7ka q\u00eb po ndodh negative n\u00eb shtetitin e pavarur t\u00eb Malit t\u00eb Zi me shqiptar\u00ebt. K\u00ebto nuk thuhen p\u00ebr her\u00eb t\u00eb par\u00eb dhe vet\u00ebm n\u00eb k\u00ebt\u00eb takim por k\u00ebto shqet\u00ebsime i kemi b\u00ebr\u00eb me dije edhe me ambasadorit t\u00eb Misionit Europian atje zotit Leopold Mauer ju kemi th\u00ebn\u00eb haptas dhe institucioneve dhe p\u00ebrfaq\u00ebsuesve europian t\u00eb interesuar p\u00ebr Malin e Zi, por, edhe kongresmenit Gary Peters, kongresmenit Eliot Engel dhe kongresmenit Sander Levinn, q\u00eb t\u00eb na ndihmojn\u00eb n\u00eb t\u00eb ardhmen t\u00eb arrihen t\u00eb realizohen lirit\u00eb e t\u00eb drejatat e shqiptar\u00ebve n\u00eb Mal t\u00eb Zi.<\/p>\n<p>S\u00eb fundi Sinishtaj tha se :&#8221;Besoj shum\u00eb tek angazhimi i kongresmenit Gary Peters, kongresmenit Sander Levin dhe natyrisht\u00a0 tek\u00a0 kongresmenit Eliot Engel\u00a0 q\u00eb t\u00eb na ndihmojn\u00eb n\u00eb t\u00eb ardhmen t\u00eb arrihen t\u00eb realizohen lirit\u00eb e t\u00eb drejtat e shqiptar\u00ebve n\u00eb Mal t\u00eb Zi, p\u00ebr \u00e7ka ata edhe jan\u00eb d\u00ebshmuar p\u00ebr politik\u00ebn shqiptare qoft\u00eb n\u00eb Shqip\u00ebri, Kosov\u00eb, Mal t\u00eb Zi, Maqedoni, dhe Lugin\u00ebn e Preshev\u00ebs. Eliot Engel, \u00ebsht\u00eb nj\u00eb d\u00ebshmitar i gjall\u00eb i asaj q\u00eb \u00ebsht\u00eb premtuar nga Podgorica, p\u00ebr lirit\u00eb e t\u00eb drejtat e shqiptar\u00ebve n\u00eb Mal t\u00eb Zi, por q\u00eb edhe sot e k\u00ebsaj dite nuk \u00ebsht\u00eb realizuar&#8221;<\/p>\n<p><strong>MALESIA.ORG<\/strong><\/p>\n","protected":false},"excerpt":{"rendered":"<p>BEQIR SINA, New York Sinishtaj:&#8221;Besoj shum\u00eb tek angazhimi i kongresmenit Gary Peters, kongresmenit Sander Levin dhe natyrisht tek kongresmenit Eliot Engel q\u00eb t\u00eb na ndihmojn\u00eb n\u00eb t\u00eb ardhmen t\u00eb arrihen t\u00eb realizohen lirit\u00eb e t\u00eb drejtat e shqiptar\u00ebve n\u00eb Mal t\u00eb Zi, p\u00ebr \u00e7ka ata edhe jan\u00eb d\u00ebshmuar p\u00ebr politik\u00ebn shqiptare qoft\u00eb n\u00eb Shqip\u00ebri, Kosov\u00eb, [&hellip;]<\/p>\n","protected":false},"author":1,"featured_media":0,"comment_status":"open","ping_status":"closed","sticky":false,"template":"","format":"standard","meta":{"spay_email":"","jetpack_publicize_message":"","jetpack_is_tweetstorm":false,"jetpack_publicize_feature_enabled":true},"categories":[6950],"tags":[19863,95,814],"jetpack_publicize_connections":[],"yoast_head":"<!-- This site is optimized with the Yoast SEO plugin v19.1 - https:\/\/yoast.com\/wordpress\/plugins\/seo\/ -->\n<title>Vasel Sinishtaj u takua me kongresment ,Piters,Levinn dhe Engel - Lajme nga Ulqini<\/title>\n<meta name=\"description\" content=\"BEQIR SINA, New York Sinishtaj:&quot;Besoj shum\u00eb tek angazhimi i kongresmenit Gary Peters, kongresmenit Sander Levin dhe natyrisht tek kongresmenit Eliot Engel\" \/>\n<meta name=\"robots\" content=\"index, follow, max-snippet:-1, max-image-preview:large, max-video-preview:-1\" \/>\n<link rel=\"canonical\" href=\"https:\/\/www.visit-ulcinj.com\/blog\/2012\/01\/15\/vasel-sinishtaj-u-takua-me-kongresment-piterslevinn-dhe-engel\/\" \/>\n<meta property=\"og:locale\" content=\"en_US\" \/>\n<meta property=\"og:type\" content=\"article\" \/>\n<meta property=\"og:title\" content=\"Vasel Sinishtaj u takua me kongresment ,Piters,Levinn dhe Engel - Lajme nga Ulqini\" \/>\n<meta property=\"og:description\" content=\"BEQIR SINA, New York Sinishtaj:&quot;Besoj shum\u00eb tek angazhimi i kongresmenit Gary Peters, kongresmenit Sander Levin dhe natyrisht tek kongresmenit Eliot Engel\" \/>\n<meta property=\"og:url\" content=\"https:\/\/www.visit-ulcinj.com\/blog\/2012\/01\/15\/vasel-sinishtaj-u-takua-me-kongresment-piterslevinn-dhe-engel\/\" \/>\n<meta property=\"og:site_name\" content=\"Lajme nga Ulqini\" \/>\n<meta property=\"article:published_time\" content=\"2012-01-15T11:03:58+00:00\" \/>\n<meta property=\"og:image\" content=\"http:\/\/www.visit-ulcinj.com\/blog\/wp-content\/uploads\/2012\/01\/Vasel-Sinishtaj_Eliot-Engel.jpg\" \/>\n<meta name=\"twitter:label1\" content=\"Written by\" \/>\n\t<meta name=\"twitter:data1\" content=\"ulqini\" \/>\n\t<meta name=\"twitter:label2\" content=\"Est. reading time\" \/>\n\t<meta name=\"twitter:data2\" content=\"6 minutes\" \/>\n<script type=\"application\/ld+json\" class=\"yoast-schema-graph\">{\"@context\":\"https:\/\/schema.org\",\"@graph\":[{\"@type\":\"WebSite\",\"@id\":\"https:\/\/www.visit-ulcinj.com\/blog\/#website\",\"url\":\"https:\/\/www.visit-ulcinj.com\/blog\/\",\"name\":\"Lajme nga Ulqini\",\"description\":\"Lajme,Vijesti,Ulqini,Ulqin,Crna Gora,Mali i Zi\",\"potentialAction\":[{\"@type\":\"SearchAction\",\"target\":{\"@type\":\"EntryPoint\",\"urlTemplate\":\"https:\/\/www.visit-ulcinj.com\/blog\/?s={search_term_string}\"},\"query-input\":\"required name=search_term_string\"}],\"inLanguage\":\"en-US\"},{\"@type\":\"ImageObject\",\"inLanguage\":\"en-US\",\"@id\":\"https:\/\/www.visit-ulcinj.com\/blog\/2012\/01\/15\/vasel-sinishtaj-u-takua-me-kongresment-piterslevinn-dhe-engel\/#primaryimage\",\"url\":\"http:\/\/www.visit-ulcinj.com\/blog\/wp-content\/uploads\/2012\/01\/Vasel-Sinishtaj_Eliot-Engel.jpg\",\"contentUrl\":\"http:\/\/www.visit-ulcinj.com\/blog\/wp-content\/uploads\/2012\/01\/Vasel-Sinishtaj_Eliot-Engel.jpg\"},{\"@type\":\"WebPage\",\"@id\":\"https:\/\/www.visit-ulcinj.com\/blog\/2012\/01\/15\/vasel-sinishtaj-u-takua-me-kongresment-piterslevinn-dhe-engel\/#webpage\",\"url\":\"https:\/\/www.visit-ulcinj.com\/blog\/2012\/01\/15\/vasel-sinishtaj-u-takua-me-kongresment-piterslevinn-dhe-engel\/\",\"name\":\"Vasel Sinishtaj u takua me kongresment ,Piters,Levinn dhe Engel - Lajme nga Ulqini\",\"isPartOf\":{\"@id\":\"https:\/\/www.visit-ulcinj.com\/blog\/#website\"},\"primaryImageOfPage\":{\"@id\":\"https:\/\/www.visit-ulcinj.com\/blog\/2012\/01\/15\/vasel-sinishtaj-u-takua-me-kongresment-piterslevinn-dhe-engel\/#primaryimage\"},\"datePublished\":\"2012-01-15T11:03:58+00:00\",\"dateModified\":\"2012-01-15T11:03:58+00:00\",\"author\":{\"@id\":\"https:\/\/www.visit-ulcinj.com\/blog\/#\/schema\/person\/dcab619c614d3038751c63bc2aadc06d\"},\"description\":\"BEQIR SINA, New York Sinishtaj:\\\"Besoj shum\u00eb tek angazhimi i kongresmenit Gary Peters, kongresmenit Sander Levin dhe natyrisht tek kongresmenit Eliot Engel\",\"breadcrumb\":{\"@id\":\"https:\/\/www.visit-ulcinj.com\/blog\/2012\/01\/15\/vasel-sinishtaj-u-takua-me-kongresment-piterslevinn-dhe-engel\/#breadcrumb\"},\"inLanguage\":\"en-US\",\"potentialAction\":[{\"@type\":\"ReadAction\",\"target\":[\"https:\/\/www.visit-ulcinj.com\/blog\/2012\/01\/15\/vasel-sinishtaj-u-takua-me-kongresment-piterslevinn-dhe-engel\/\"]}]},{\"@type\":\"BreadcrumbList\",\"@id\":\"https:\/\/www.visit-ulcinj.com\/blog\/2012\/01\/15\/vasel-sinishtaj-u-takua-me-kongresment-piterslevinn-dhe-engel\/#breadcrumb\",\"itemListElement\":[{\"@type\":\"ListItem\",\"position\":1,\"name\":\"Vasel Sinishtaj u takua me kongresment ,Piters,Levinn dhe Engel\"}]},{\"@type\":\"Person\",\"@id\":\"https:\/\/www.visit-ulcinj.com\/blog\/#\/schema\/person\/dcab619c614d3038751c63bc2aadc06d\",\"name\":\"ulqini\",\"sameAs\":[\"http:\/\/www.visit-ulcinj.com\"],\"url\":\"https:\/\/www.visit-ulcinj.com\/blog\/author\/admin\/\"}]}<\/script>\n<!-- \/ Yoast SEO plugin. -->","yoast_head_json":{"title":"Vasel Sinishtaj u takua me kongresment ,Piters,Levinn dhe Engel - Lajme nga Ulqini","description":"BEQIR SINA, New York Sinishtaj:\"Besoj shum\u00eb tek angazhimi i kongresmenit Gary Peters, kongresmenit Sander Levin dhe natyrisht tek kongresmenit Eliot Engel","robots":{"index":"index","follow":"follow","max-snippet":"max-snippet:-1","max-image-preview":"max-image-preview:large","max-video-preview":"max-video-preview:-1"},"canonical":"https:\/\/www.visit-ulcinj.com\/blog\/2012\/01\/15\/vasel-sinishtaj-u-takua-me-kongresment-piterslevinn-dhe-engel\/","og_locale":"en_US","og_type":"article","og_title":"Vasel Sinishtaj u takua me kongresment ,Piters,Levinn dhe Engel - Lajme nga Ulqini","og_description":"BEQIR SINA, New York Sinishtaj:\"Besoj shum\u00eb tek angazhimi i kongresmenit Gary Peters, kongresmenit Sander Levin dhe natyrisht tek kongresmenit Eliot Engel","og_url":"https:\/\/www.visit-ulcinj.com\/blog\/2012\/01\/15\/vasel-sinishtaj-u-takua-me-kongresment-piterslevinn-dhe-engel\/","og_site_name":"Lajme nga Ulqini","article_published_time":"2012-01-15T11:03:58+00:00","og_image":[{"url":"http:\/\/www.visit-ulcinj.com\/blog\/wp-content\/uploads\/2012\/01\/Vasel-Sinishtaj_Eliot-Engel.jpg"}],"twitter_misc":{"Written by":"ulqini","Est. reading time":"6 minutes"},"schema":{"@context":"https:\/\/schema.org","@graph":[{"@type":"WebSite","@id":"https:\/\/www.visit-ulcinj.com\/blog\/#website","url":"https:\/\/www.visit-ulcinj.com\/blog\/","name":"Lajme nga Ulqini","description":"Lajme,Vijesti,Ulqini,Ulqin,Crna Gora,Mali i Zi","potentialAction":[{"@type":"SearchAction","target":{"@type":"EntryPoint","urlTemplate":"https:\/\/www.visit-ulcinj.com\/blog\/?s={search_term_string}"},"query-input":"required name=search_term_string"}],"inLanguage":"en-US"},{"@type":"ImageObject","inLanguage":"en-US","@id":"https:\/\/www.visit-ulcinj.com\/blog\/2012\/01\/15\/vasel-sinishtaj-u-takua-me-kongresment-piterslevinn-dhe-engel\/#primaryimage","url":"http:\/\/www.visit-ulcinj.com\/blog\/wp-content\/uploads\/2012\/01\/Vasel-Sinishtaj_Eliot-Engel.jpg","contentUrl":"http:\/\/www.visit-ulcinj.com\/blog\/wp-content\/uploads\/2012\/01\/Vasel-Sinishtaj_Eliot-Engel.jpg"},{"@type":"WebPage","@id":"https:\/\/www.visit-ulcinj.com\/blog\/2012\/01\/15\/vasel-sinishtaj-u-takua-me-kongresment-piterslevinn-dhe-engel\/#webpage","url":"https:\/\/www.visit-ulcinj.com\/blog\/2012\/01\/15\/vasel-sinishtaj-u-takua-me-kongresment-piterslevinn-dhe-engel\/","name":"Vasel Sinishtaj u takua me kongresment ,Piters,Levinn dhe Engel - Lajme nga Ulqini","isPartOf":{"@id":"https:\/\/www.visit-ulcinj.com\/blog\/#website"},"primaryImageOfPage":{"@id":"https:\/\/www.visit-ulcinj.com\/blog\/2012\/01\/15\/vasel-sinishtaj-u-takua-me-kongresment-piterslevinn-dhe-engel\/#primaryimage"},"datePublished":"2012-01-15T11:03:58+00:00","dateModified":"2012-01-15T11:03:58+00:00","author":{"@id":"https:\/\/www.visit-ulcinj.com\/blog\/#\/schema\/person\/dcab619c614d3038751c63bc2aadc06d"},"description":"BEQIR SINA, New York Sinishtaj:\"Besoj shum\u00eb tek angazhimi i kongresmenit Gary Peters, kongresmenit Sander Levin dhe natyrisht tek kongresmenit Eliot Engel","breadcrumb":{"@id":"https:\/\/www.visit-ulcinj.com\/blog\/2012\/01\/15\/vasel-sinishtaj-u-takua-me-kongresment-piterslevinn-dhe-engel\/#breadcrumb"},"inLanguage":"en-US","potentialAction":[{"@type":"ReadAction","target":["https:\/\/www.visit-ulcinj.com\/blog\/2012\/01\/15\/vasel-sinishtaj-u-takua-me-kongresment-piterslevinn-dhe-engel\/"]}]},{"@type":"BreadcrumbList","@id":"https:\/\/www.visit-ulcinj.com\/blog\/2012\/01\/15\/vasel-sinishtaj-u-takua-me-kongresment-piterslevinn-dhe-engel\/#breadcrumb","itemListElement":[{"@type":"ListItem","position":1,"name":"Vasel Sinishtaj u takua me kongresment ,Piters,Levinn dhe Engel"}]},{"@type":"Person","@id":"https:\/\/www.visit-ulcinj.com\/blog\/#\/schema\/person\/dcab619c614d3038751c63bc2aadc06d","name":"ulqini","sameAs":["http:\/\/www.visit-ulcinj.com"],"url":"https:\/\/www.visit-ulcinj.com\/blog\/author\/admin\/"}]}},"jetpack_featured_media_url":"","jetpack_sharing_enabled":true,"jetpack_shortlink":"https:\/\/wp.me\/pe6lTn-ezj","_links":{"self":[{"href":"https:\/\/www.visit-ulcinj.com\/blog\/wp-json\/wp\/v2\/posts\/56005"}],"collection":[{"href":"https:\/\/www.visit-ulcinj.com\/blog\/wp-json\/wp\/v2\/posts"}],"about":[{"href":"https:\/\/www.visit-ulcinj.com\/blog\/wp-json\/wp\/v2\/types\/post"}],"author":[{"embeddable":true,"href":"https:\/\/www.visit-ulcinj.com\/blog\/wp-json\/wp\/v2\/users\/1"}],"replies":[{"embeddable":true,"href":"https:\/\/www.visit-ulcinj.com\/blog\/wp-json\/wp\/v2\/comments?post=56005"}],"version-history":[{"count":1,"href":"https:\/\/www.visit-ulcinj.com\/blog\/wp-json\/wp\/v2\/posts\/56005\/revisions"}],"predecessor-version":[{"id":56007,"href":"https:\/\/www.visit-ulcinj.com\/blog\/wp-json\/wp\/v2\/posts\/56005\/revisions\/56007"}],"wp:attachment":[{"href":"https:\/\/www.visit-ulcinj.com\/blog\/wp-json\/wp\/v2\/media?parent=56005"}],"wp:term":[{"taxonomy":"category","embeddable":true,"href":"https:\/\/www.visit-ulcinj.com\/blog\/wp-json\/wp\/v2\/categories?post=56005"},{"taxonomy":"post_tag","embeddable":true,"href":"https:\/\/www.visit-ulcinj.com\/blog\/wp-json\/wp\/v2\/tags?post=56005"}],"curies":[{"name":"wp","href":"https:\/\/api.w.org\/{rel}","templated":true}]}}