{"id":56010,"date":"2012-01-15T13:30:31","date_gmt":"2012-01-15T12:30:31","guid":{"rendered":"http:\/\/www.visit-ulcinj.com\/blog\/?p=56010"},"modified":"2012-01-15T13:30:31","modified_gmt":"2012-01-15T12:30:31","slug":"lorik-cana-ne-lidhje-me-modelen-daniela-mijatovic","status":"publish","type":"post","link":"https:\/\/www.visit-ulcinj.com\/blog\/2012\/01\/15\/lorik-cana-ne-lidhje-me-modelen-daniela-mijatovic\/","title":{"rendered":"Lorik Cana, ne lidhje me modelen Daniela Mijatovic"},"content":{"rendered":"<p><strong><a href=\"http:\/\/www.visit-ulcinj.com\/blog\/wp-content\/uploads\/2012\/01\/Daniela-Mijatovic-lorik-cana.jpg\"><img loading=\"lazy\" class=\"alignleft  wp-image-56012\" title=\"Daniela Mijatovic - lorik cana\" src=\"http:\/\/www.visit-ulcinj.com\/blog\/wp-content\/uploads\/2012\/01\/Daniela-Mijatovic-lorik-cana.jpg\" alt=\"\" width=\"490\" height=\"332\" \/><\/a>Modelja boshnjake me prejardhje nga Kenia ka nj\u00eb koh\u00eb t\u00eb gjat\u00eb q\u00eb arg\u00ebtohet me futbollistin e famsh\u00ebm, Lorik Cana.<\/strong><\/p>\n<p>Ata takohen shpesh n\u00eb Sarajev\u00eb dhe n\u00eb Prishtin\u00eb, ku Daniella merr pjes\u00eb n\u00ebp\u00ebr jav\u00ebt e mod\u00ebs, nd\u00ebrsa gjithmon\u00eb duke u bazuar n\u00eb at\u00eb \u00e7far\u00eb shkruhet n\u00eb mediat boshnjake \u2018\u2019Dnevniavaz &amp; Svijet\u2019\u2019, \u00e7ifti ka kaluar s\u00eb bashku festat e fillimvitit n\u00eb Rom\u00eb, momente q\u00eb modelja i ka shfryt\u00ebzuar edhe p\u00ebr shopping.<\/p>\n<p>KUSH \u00cbSHT\u00cb DANIELA MIJATOVI\u00c7<br \/>\nNj\u00eb manekene ekzotike me prejardhje nga Kenia, nd\u00ebrsa n\u00eb Bosnj\u00eb dhe Hercegovin\u00eb njihet shum\u00eb si new Naomi Campbell apo pantera e zez\u00eb, nj\u00eb modele shum\u00eb profesionale jo vet\u00ebm n\u00eb k\u00ebt\u00eb vend. Bukuroshja boshnjake \u00ebsht\u00eb zgjedhur \u2018\u2019Miss Turizmi BIH\u2019\u2019 n\u00eb vitin 2003, kurse n\u00eb vitin 2009 ajo \u00ebsht\u00eb zgjedhur \u2018\u2019Miss Adriatik Europe\u2019\u2019, nd\u00ebrsa n\u00eb at\u00eb koh\u00eb ajo \u00ebsht\u00eb arg\u00ebtuar me basketbollistin Petro Kapisoda. Daniella nuk \u00ebsht\u00eb aktive vet\u00ebm n\u00eb Sarajev\u00eb, pasi shpesh udh\u00ebton n\u00eb Austri dhe Milano p\u00ebr shkak t\u00eb pun\u00ebs si modele, studion gazetarin\u00eb dhe n\u00eb koh\u00ebn e lir\u00eb merret me kick-boks. \u2018\u2019Pasi kam nj\u00eb l\u00ebkur\u00eb me ngjyr\u00eb, e kam ndier se si \u00ebsht\u00eb t\u00eb korr\u00ebsh sukses n\u00eb bot\u00ebn e mod\u00ebs, ndryshe nga modelet me ngjyr\u00eb t\u00eb bardh\u00eb. Naomi Campbell p\u00ebr mua mbetet favorite, p\u00ebr faktin se lufton me t\u00ebr\u00eb forcat t\u00eb jet\u00eb m\u00eb e mira dhe n\u00eb shum\u00eb vende ndodh q\u00eb t\u00eb jemi bashk\u00eb n\u00eb sfilata\u2019\u2019, ka treguar Daniella, e cila s\u00eb shpejti pritet t\u00eb shfaqet n\u00eb nj\u00eb serial kroat q\u00eb \u00ebsht\u00eb xhiruar n\u00eb Dubrovnik.<br \/>\n<a href=\"http:\/\/www.visit-ulcinj.com\/blog\/wp-content\/uploads\/2012\/01\/Daniela-Mijatovic-lorik-cana.1.jpg\"><img loading=\"lazy\" class=\"alignleft  wp-image-56011\" title=\"Daniela Mijatovic - lorik cana.1\" src=\"http:\/\/www.visit-ulcinj.com\/blog\/wp-content\/uploads\/2012\/01\/Daniela-Mijatovic-lorik-cana.1.jpg\" alt=\"\" width=\"509\" height=\"360\" \/><\/a><\/p>\n<p>MESFUSHORI I LAZIOS, P\u00cbR SHKAK T\u00cb DANIEL\u00cbS VIZITON SHPESH SARAJEV\u00cbN<br \/>\nAshtu si\u00e7 shkruajn\u00eb mediat boshnjake, modelja e njohur Daniella Mijatovic ka nj\u00eb koh\u00eb t\u00eb gjat\u00eb q\u00eb \u00ebsht\u00eb lidhur me futbollistin e famsh\u00ebm shqiptar, Lorik Cana, por q\u00eb t\u00eb dy deri m\u00eb tani nuk e kan\u00eb komentuar lidhjen. Si\u00e7 m\u00ebsojm\u00eb, Lorik Cana viziton shpesh Sarajev\u00ebn dhe q\u00ebndron me dit\u00eb t\u00eb t\u00ebra, gj\u00eb q\u00eb l\u00eb t\u00eb kuptoj\u00eb se mes tyre ekziston ndonj\u00eb simpati m\u00eb shum\u00eb, ose edhe Daniella mund t\u00eb gjendet n\u00eb list\u00ebn e femrave q\u00eb do t\u00eb kalojn\u00eb n\u00eb duart e Can\u00ebs vet\u00ebm si aventura.<\/p>\n<p>MIJATOVIC: ME LORIK CAN\u00cbN JEMI VET\u00cbM MIQ<br \/>\nEdhe modelja e njohur Mijatovic shpesh viziton Prishtin\u00ebn p\u00ebr shkak t\u00eb pun\u00ebs si modele, dhe merr pjes\u00eb n\u00ebp\u00ebr sfilata t\u00eb ndryshme atje. \u2018\u2019Organizimi i fush\u00ebs s\u00eb mod\u00ebs atje dallon shum\u00eb nga ne, Prishtina \u00ebsht\u00eb nj\u00eb nga vendet q\u00eb i kushton shum\u00eb r\u00ebnd\u00ebsi mod\u00ebs dhe, p\u00ebr dallim nga ne, shqiptar\u00ebt investojn\u00eb mjaft n\u00eb mod\u00eb. Shpresoj q\u00eb vitet n\u00eb vazhdim edhe vendi yn\u00eb t\u00eb organizoj\u00eb evente t\u00eb ngjashme si atje, thot\u00eb modelja, teksa tregon se shpesh udh\u00ebton n\u00eb Paris p\u00ebr angazhime t\u00eb reja n\u00eb modeliz\u00ebm.<\/p>\n<p>Edhe pse koh\u00ebve t\u00eb fundit thuhet se modelja boshnjake \u00ebsht\u00eb n\u00eb lidhje dashurie me Lorik Can\u00ebn, Daniella mundohet q\u00eb ta mohoj\u00eb nj\u00eb gj\u00eb t\u00eb till\u00eb. \u2018\u2019Jemi shok\u00eb t\u00eb mir\u00eb, jemi njohur vitin e kaluar n\u00eb Prishtin\u00eb dhe jemi n\u00eb kontakte t\u00eb p\u00ebrhershme, por n\u00eb an\u00ebn intime nuk ka asgj\u00eb m\u00eb shum\u00eb. Gjith\u00e7ka \u00ebsht\u00eb n\u00eb suaza t\u00eb shoq\u00ebris\u00eb, ka koh\u00eb q\u00eb jam e lumtur, e vetme dhe e lir\u00eb\u2019\u2019, p\u00ebrfundon Daniella.<\/p>\n<p>T\u00eb gjitha femrat e Lorikut<br \/>\nLorik Cana gjithnj\u00eb ka refuzuar t\u00eb flas\u00eb p\u00ebr aspektin \u201croz\u00eb\u201d t\u00eb jet\u00ebs s\u00eb tij, edhe pse mediat shqiptare, franceze, angleze, turke dhe tani italiane, kan\u00eb p\u00ebrmendur shpesh disa emra, bukuroshesh, teksa flitet p\u00ebr francezen Klara Morgan, brazilianen Karla Lima, shqiptaren nga Maqedonia, Adelina Tahiri, kosovaren Zana Krasniqi, apo s\u00eb fundi, edhe p\u00ebr vlonjaten Arnita Beqiraj, \u201cMiss Shqip\u00ebria 2010\u201d. I pyetur n\u00eb lidhje me faktin se n\u00ebse kishte r\u00ebn\u00eb pre e paparac\u00ebve n\u00eb Itali, i fotografuar me ndonj\u00eb fem\u00ebr, Cana u p\u00ebrgjigj duke qeshur: \u201cBeqar jam, edhe mund t\u00eb ndodh\u00eb. Femra t\u00eb bukura ka plot\u201d.<\/p>\n<p>\u201cForse ha trovato l\u2019amore\u201d (Ndoshta e ka gjetur dashurin\u00eb), shkruante portali i tifoz\u00ebve t\u00eb Lacios, Cittaceleste.it. nd\u00ebrkoh\u00eb q\u00eb nj\u00eb nga gazetat m\u00eb t\u00eb m\u00ebdha n\u00eb Itali, \u201cLa Repubblica\u201d, citon edhe emrin e saj: Arnita Beqiraj, \u201cMiss Shqip\u00ebria 2010\u201d. \u201cKush \u00ebsht\u00eb n\u00eb tavolin\u00ebn e tyre, betohet\u201d \u201cP\u00ebrve\u00e7se jan\u00eb t\u00eb bukur, kan\u00eb gjetur edhe pika t\u00eb p\u00ebrbashk\u00ebta p\u00ebr sa i p\u00ebrket nd\u00ebrtimit t\u00eb nj\u00eb raporti solid p\u00ebr t\u00eb ardhmen\u201d. Pika e par\u00eb e p\u00ebrbashk\u00ebt \u00ebsht\u00eb shum\u00eb kuptimplote: t\u00eb dy jan\u00eb mb\u00ebshtet\u00ebs t\u00eb l\u00ebvizjes me theks nacionalist \u201cAleanca Kuqezi\u201d. I bukur, i famsh\u00ebm, i pasur, i \u00ebmb\u00ebl.<\/p>\n<p>Me nj\u00eb fytyr\u00eb t\u00eb ledhatuar nga parfumet e Parisit dhe t\u00eb l\u00ebmuar nga er\u00ebrat e Marsej\u00ebs, \u00ebsht\u00eb e v\u00ebshtir\u00eb q\u00eb nj\u00eb fem\u00ebr t\u2019i rezistoj\u00eb d\u00ebshir\u00ebs p\u00ebr t\u00eb marr\u00eb nj\u00eb v\u00ebshtrim p\u00ebrkujdes\u00ebs prej Lorik Can\u00ebs. \u00cbsht\u00eb i adhuruar n\u00eb Prishtin\u00eb dhe n\u00eb Tiran\u00eb, dy qytetet ku i p\u00eblqen t\u00eb kaloj\u00eb pak dit\u00eb nga \u201cpushimet e bekuara\u201d, p\u00ebrve\u00e7 detit dhe Dh\u00ebrmiut, ish-kapiteni i Marsej\u00ebs dhe Sanderlendit. Femrat, t\u00eb cilat kan\u00eb qen\u00eb n\u00eb jet\u00ebn e Lorik Can\u00ebs, pothuajse t\u00eb gjitha i p\u00ebrkasin bot\u00ebs s\u00eb mod\u00ebs dhe spektaklit.<\/p>\n<p>Futbollisti t\u00ebrhoqi v\u00ebmendjen e t\u00eb gjith\u00ebve kur u shfaq me nj\u00eb modele braziliane n\u00eb brigjet e Dh\u00ebrmiut, n\u00eb Jug t\u00eb Shqip\u00ebris\u00eb. Bukuroshja q\u00eb e shoq\u00ebroi futbollistin p\u00ebr nj\u00eb jav\u00eb n\u00eb vendin ton\u00eb para disa vitesh mbeti anonime, pasi jeta private dhe marr\u00ebdh\u00ebniet intime nuk mund t\u00eb ekspozohen kurrsesi p\u00ebr Lorikun.Nj\u00eb tjet\u00ebr braziliane e famshme do t\u00eb fotografohej s\u00eb bashku me Lorik Can\u00ebn n\u00eb brigjet e San Paolos. Karla Lima, modele, rr\u00ebmbeu zemr\u00ebn e 25-vje\u00e7arit p\u00ebr pak koh\u00eb, ndon\u00ebse tani nuk flitet m\u00eb p\u00ebr t\u00eb.<\/p>\n<p>Nj\u00eb tjet\u00ebr \u201cbukuroshe\u201d, por me profesion arkitekte, u shfaq tre vjet m\u00eb par\u00eb p\u00ebrkrah tij, n\u00eb r\u00ebr\u00ebn e nxeht\u00eb t\u00eb bregut t\u00eb detit Jon. Por, p\u00ebr kosovaren, studente n\u00eb Shtetet e Bashkuara, nuk ka m\u00eb asnj\u00eb informacion. Nj\u00eb nga thashethemet m\u00eb t\u00eb bujshme t\u00eb mediave franceze kishte t\u00eb b\u00ebnte me nj\u00eb lidhje t\u00eb hamend\u00ebsuar midis Lorik Can\u00ebs dhe Klara Morganit, nj\u00eb ish-pornostare, tashm\u00eb k\u00ebng\u00ebtare e njohur, thashetheme t\u00eb cilat m\u00eb pas ajo i mohoi. \u201cUn\u00eb nuk kam shkuar kurr\u00eb me Lorik Can\u00ebn\u201d, tha Klara Morgan p\u00ebr faqen franceze, Le10sport.com.<\/p>\n<p>Zana Krasniqi, kosovarja e cil\u00ebsuar si \u201cAnzhelina Zholi shqiptare\u201d, b\u00ebri buj\u00eb kur n\u00eb media u publikuan fotot e saj n\u00eb krah t\u00eb Can\u00ebs, nd\u00ebrsa jan\u00eb m\u00eb t\u00eb klikuarat n\u00eb internet. N\u00eb fakt, futbollisti e ka mohuar t\u00eb ket\u00eb nj\u00eb histori mes tij dhe bukuroshes Krasniqi, por mediat kan\u00eb shkruar gjat\u00eb p\u00ebr k\u00ebt\u00eb marr\u00ebdh\u00ebnie, duke publikuar edhe foto.<\/p>\n<p><strong>Panorama Plus<\/strong><\/p>\n<!--YouTube Error: bad URL entered-->\n","protected":false},"excerpt":{"rendered":"<p>Modelja boshnjake me prejardhje nga Kenia ka nj\u00eb koh\u00eb t\u00eb gjat\u00eb q\u00eb arg\u00ebtohet me futbollistin e famsh\u00ebm, Lorik Cana. Ata takohen shpesh n\u00eb Sarajev\u00eb dhe n\u00eb Prishtin\u00eb, ku Daniella merr pjes\u00eb n\u00ebp\u00ebr jav\u00ebt e mod\u00ebs, nd\u00ebrsa gjithmon\u00eb duke u bazuar n\u00eb at\u00eb \u00e7far\u00eb shkruhet n\u00eb mediat boshnjake \u2018\u2019Dnevniavaz &amp; Svijet\u2019\u2019, \u00e7ifti ka kaluar s\u00eb bashku [&hellip;]<\/p>\n","protected":false},"author":1,"featured_media":0,"comment_status":"open","ping_status":"closed","sticky":false,"template":"","format":"standard","meta":{"spay_email":"","jetpack_publicize_message":"","jetpack_is_tweetstorm":false,"jetpack_publicize_feature_enabled":true},"categories":[1],"tags":[19864,4946],"jetpack_publicize_connections":[],"yoast_head":"<!-- This site is optimized with the Yoast SEO plugin v19.1 - https:\/\/yoast.com\/wordpress\/plugins\/seo\/ -->\n<title>Lorik Cana, ne lidhje me modelen Daniela Mijatovic - Lajme nga Ulqini<\/title>\n<meta name=\"description\" content=\"Modelja boshnjake me prejardhje nga Kenia ka nj\u00eb koh\u00eb t\u00eb gjat\u00eb q\u00eb arg\u00ebtohet me futbollistin e famsh\u00ebm, Lorik Cana. Ata takohen shpesh n\u00eb Sarajev\u00eb dhe n\u00eb\" \/>\n<meta name=\"robots\" content=\"index, follow, max-snippet:-1, max-image-preview:large, max-video-preview:-1\" \/>\n<link rel=\"canonical\" href=\"https:\/\/www.visit-ulcinj.com\/blog\/2012\/01\/15\/lorik-cana-ne-lidhje-me-modelen-daniela-mijatovic\/\" \/>\n<meta property=\"og:locale\" content=\"en_US\" \/>\n<meta property=\"og:type\" content=\"article\" \/>\n<meta property=\"og:title\" content=\"Lorik Cana, ne lidhje me modelen Daniela Mijatovic - Lajme nga Ulqini\" \/>\n<meta property=\"og:description\" content=\"Modelja boshnjake me prejardhje nga Kenia ka nj\u00eb koh\u00eb t\u00eb gjat\u00eb q\u00eb arg\u00ebtohet me futbollistin e famsh\u00ebm, Lorik Cana. Ata takohen shpesh n\u00eb Sarajev\u00eb dhe n\u00eb\" \/>\n<meta property=\"og:url\" content=\"https:\/\/www.visit-ulcinj.com\/blog\/2012\/01\/15\/lorik-cana-ne-lidhje-me-modelen-daniela-mijatovic\/\" \/>\n<meta property=\"og:site_name\" content=\"Lajme nga Ulqini\" \/>\n<meta property=\"article:published_time\" content=\"2012-01-15T12:30:31+00:00\" \/>\n<meta property=\"og:image\" content=\"http:\/\/www.visit-ulcinj.com\/blog\/wp-content\/uploads\/2012\/01\/Daniela-Mijatovic-lorik-cana.jpg\" \/>\n<meta name=\"twitter:label1\" content=\"Written by\" \/>\n\t<meta name=\"twitter:data1\" content=\"ulqini\" \/>\n\t<meta name=\"twitter:label2\" content=\"Est. reading time\" \/>\n\t<meta name=\"twitter:data2\" content=\"6 minutes\" \/>\n<script type=\"application\/ld+json\" class=\"yoast-schema-graph\">{\"@context\":\"https:\/\/schema.org\",\"@graph\":[{\"@type\":\"WebSite\",\"@id\":\"https:\/\/www.visit-ulcinj.com\/blog\/#website\",\"url\":\"https:\/\/www.visit-ulcinj.com\/blog\/\",\"name\":\"Lajme nga Ulqini\",\"description\":\"Lajme,Vijesti,Ulqini,Ulqin,Crna Gora,Mali i Zi\",\"potentialAction\":[{\"@type\":\"SearchAction\",\"target\":{\"@type\":\"EntryPoint\",\"urlTemplate\":\"https:\/\/www.visit-ulcinj.com\/blog\/?s={search_term_string}\"},\"query-input\":\"required name=search_term_string\"}],\"inLanguage\":\"en-US\"},{\"@type\":\"ImageObject\",\"inLanguage\":\"en-US\",\"@id\":\"https:\/\/www.visit-ulcinj.com\/blog\/2012\/01\/15\/lorik-cana-ne-lidhje-me-modelen-daniela-mijatovic\/#primaryimage\",\"url\":\"http:\/\/www.visit-ulcinj.com\/blog\/wp-content\/uploads\/2012\/01\/Daniela-Mijatovic-lorik-cana.jpg\",\"contentUrl\":\"http:\/\/www.visit-ulcinj.com\/blog\/wp-content\/uploads\/2012\/01\/Daniela-Mijatovic-lorik-cana.jpg\"},{\"@type\":\"WebPage\",\"@id\":\"https:\/\/www.visit-ulcinj.com\/blog\/2012\/01\/15\/lorik-cana-ne-lidhje-me-modelen-daniela-mijatovic\/#webpage\",\"url\":\"https:\/\/www.visit-ulcinj.com\/blog\/2012\/01\/15\/lorik-cana-ne-lidhje-me-modelen-daniela-mijatovic\/\",\"name\":\"Lorik Cana, ne lidhje me modelen Daniela Mijatovic - Lajme nga Ulqini\",\"isPartOf\":{\"@id\":\"https:\/\/www.visit-ulcinj.com\/blog\/#website\"},\"primaryImageOfPage\":{\"@id\":\"https:\/\/www.visit-ulcinj.com\/blog\/2012\/01\/15\/lorik-cana-ne-lidhje-me-modelen-daniela-mijatovic\/#primaryimage\"},\"datePublished\":\"2012-01-15T12:30:31+00:00\",\"dateModified\":\"2012-01-15T12:30:31+00:00\",\"author\":{\"@id\":\"https:\/\/www.visit-ulcinj.com\/blog\/#\/schema\/person\/dcab619c614d3038751c63bc2aadc06d\"},\"description\":\"Modelja boshnjake me prejardhje nga Kenia ka nj\u00eb koh\u00eb t\u00eb gjat\u00eb q\u00eb arg\u00ebtohet me futbollistin e famsh\u00ebm, Lorik Cana. Ata takohen shpesh n\u00eb Sarajev\u00eb dhe n\u00eb\",\"breadcrumb\":{\"@id\":\"https:\/\/www.visit-ulcinj.com\/blog\/2012\/01\/15\/lorik-cana-ne-lidhje-me-modelen-daniela-mijatovic\/#breadcrumb\"},\"inLanguage\":\"en-US\",\"potentialAction\":[{\"@type\":\"ReadAction\",\"target\":[\"https:\/\/www.visit-ulcinj.com\/blog\/2012\/01\/15\/lorik-cana-ne-lidhje-me-modelen-daniela-mijatovic\/\"]}]},{\"@type\":\"BreadcrumbList\",\"@id\":\"https:\/\/www.visit-ulcinj.com\/blog\/2012\/01\/15\/lorik-cana-ne-lidhje-me-modelen-daniela-mijatovic\/#breadcrumb\",\"itemListElement\":[{\"@type\":\"ListItem\",\"position\":1,\"name\":\"Lorik Cana, ne lidhje me modelen Daniela Mijatovic\"}]},{\"@type\":\"Person\",\"@id\":\"https:\/\/www.visit-ulcinj.com\/blog\/#\/schema\/person\/dcab619c614d3038751c63bc2aadc06d\",\"name\":\"ulqini\",\"sameAs\":[\"http:\/\/www.visit-ulcinj.com\"],\"url\":\"https:\/\/www.visit-ulcinj.com\/blog\/author\/admin\/\"}]}<\/script>\n<!-- \/ Yoast SEO plugin. -->","yoast_head_json":{"title":"Lorik Cana, ne lidhje me modelen Daniela Mijatovic - Lajme nga Ulqini","description":"Modelja boshnjake me prejardhje nga Kenia ka nj\u00eb koh\u00eb t\u00eb gjat\u00eb q\u00eb arg\u00ebtohet me futbollistin e famsh\u00ebm, Lorik Cana. Ata takohen shpesh n\u00eb Sarajev\u00eb dhe n\u00eb","robots":{"index":"index","follow":"follow","max-snippet":"max-snippet:-1","max-image-preview":"max-image-preview:large","max-video-preview":"max-video-preview:-1"},"canonical":"https:\/\/www.visit-ulcinj.com\/blog\/2012\/01\/15\/lorik-cana-ne-lidhje-me-modelen-daniela-mijatovic\/","og_locale":"en_US","og_type":"article","og_title":"Lorik Cana, ne lidhje me modelen Daniela Mijatovic - Lajme nga Ulqini","og_description":"Modelja boshnjake me prejardhje nga Kenia ka nj\u00eb koh\u00eb t\u00eb gjat\u00eb q\u00eb arg\u00ebtohet me futbollistin e famsh\u00ebm, Lorik Cana. Ata takohen shpesh n\u00eb Sarajev\u00eb dhe n\u00eb","og_url":"https:\/\/www.visit-ulcinj.com\/blog\/2012\/01\/15\/lorik-cana-ne-lidhje-me-modelen-daniela-mijatovic\/","og_site_name":"Lajme nga Ulqini","article_published_time":"2012-01-15T12:30:31+00:00","og_image":[{"url":"http:\/\/www.visit-ulcinj.com\/blog\/wp-content\/uploads\/2012\/01\/Daniela-Mijatovic-lorik-cana.jpg"}],"twitter_misc":{"Written by":"ulqini","Est. reading time":"6 minutes"},"schema":{"@context":"https:\/\/schema.org","@graph":[{"@type":"WebSite","@id":"https:\/\/www.visit-ulcinj.com\/blog\/#website","url":"https:\/\/www.visit-ulcinj.com\/blog\/","name":"Lajme nga Ulqini","description":"Lajme,Vijesti,Ulqini,Ulqin,Crna Gora,Mali i Zi","potentialAction":[{"@type":"SearchAction","target":{"@type":"EntryPoint","urlTemplate":"https:\/\/www.visit-ulcinj.com\/blog\/?s={search_term_string}"},"query-input":"required name=search_term_string"}],"inLanguage":"en-US"},{"@type":"ImageObject","inLanguage":"en-US","@id":"https:\/\/www.visit-ulcinj.com\/blog\/2012\/01\/15\/lorik-cana-ne-lidhje-me-modelen-daniela-mijatovic\/#primaryimage","url":"http:\/\/www.visit-ulcinj.com\/blog\/wp-content\/uploads\/2012\/01\/Daniela-Mijatovic-lorik-cana.jpg","contentUrl":"http:\/\/www.visit-ulcinj.com\/blog\/wp-content\/uploads\/2012\/01\/Daniela-Mijatovic-lorik-cana.jpg"},{"@type":"WebPage","@id":"https:\/\/www.visit-ulcinj.com\/blog\/2012\/01\/15\/lorik-cana-ne-lidhje-me-modelen-daniela-mijatovic\/#webpage","url":"https:\/\/www.visit-ulcinj.com\/blog\/2012\/01\/15\/lorik-cana-ne-lidhje-me-modelen-daniela-mijatovic\/","name":"Lorik Cana, ne lidhje me modelen Daniela Mijatovic - Lajme nga Ulqini","isPartOf":{"@id":"https:\/\/www.visit-ulcinj.com\/blog\/#website"},"primaryImageOfPage":{"@id":"https:\/\/www.visit-ulcinj.com\/blog\/2012\/01\/15\/lorik-cana-ne-lidhje-me-modelen-daniela-mijatovic\/#primaryimage"},"datePublished":"2012-01-15T12:30:31+00:00","dateModified":"2012-01-15T12:30:31+00:00","author":{"@id":"https:\/\/www.visit-ulcinj.com\/blog\/#\/schema\/person\/dcab619c614d3038751c63bc2aadc06d"},"description":"Modelja boshnjake me prejardhje nga Kenia ka nj\u00eb koh\u00eb t\u00eb gjat\u00eb q\u00eb arg\u00ebtohet me futbollistin e famsh\u00ebm, Lorik Cana. Ata takohen shpesh n\u00eb Sarajev\u00eb dhe n\u00eb","breadcrumb":{"@id":"https:\/\/www.visit-ulcinj.com\/blog\/2012\/01\/15\/lorik-cana-ne-lidhje-me-modelen-daniela-mijatovic\/#breadcrumb"},"inLanguage":"en-US","potentialAction":[{"@type":"ReadAction","target":["https:\/\/www.visit-ulcinj.com\/blog\/2012\/01\/15\/lorik-cana-ne-lidhje-me-modelen-daniela-mijatovic\/"]}]},{"@type":"BreadcrumbList","@id":"https:\/\/www.visit-ulcinj.com\/blog\/2012\/01\/15\/lorik-cana-ne-lidhje-me-modelen-daniela-mijatovic\/#breadcrumb","itemListElement":[{"@type":"ListItem","position":1,"name":"Lorik Cana, ne lidhje me modelen Daniela Mijatovic"}]},{"@type":"Person","@id":"https:\/\/www.visit-ulcinj.com\/blog\/#\/schema\/person\/dcab619c614d3038751c63bc2aadc06d","name":"ulqini","sameAs":["http:\/\/www.visit-ulcinj.com"],"url":"https:\/\/www.visit-ulcinj.com\/blog\/author\/admin\/"}]}},"jetpack_featured_media_url":"","jetpack_sharing_enabled":true,"jetpack_shortlink":"https:\/\/wp.me\/pe6lTn-ezo","_links":{"self":[{"href":"https:\/\/www.visit-ulcinj.com\/blog\/wp-json\/wp\/v2\/posts\/56010"}],"collection":[{"href":"https:\/\/www.visit-ulcinj.com\/blog\/wp-json\/wp\/v2\/posts"}],"about":[{"href":"https:\/\/www.visit-ulcinj.com\/blog\/wp-json\/wp\/v2\/types\/post"}],"author":[{"embeddable":true,"href":"https:\/\/www.visit-ulcinj.com\/blog\/wp-json\/wp\/v2\/users\/1"}],"replies":[{"embeddable":true,"href":"https:\/\/www.visit-ulcinj.com\/blog\/wp-json\/wp\/v2\/comments?post=56010"}],"version-history":[{"count":1,"href":"https:\/\/www.visit-ulcinj.com\/blog\/wp-json\/wp\/v2\/posts\/56010\/revisions"}],"predecessor-version":[{"id":56013,"href":"https:\/\/www.visit-ulcinj.com\/blog\/wp-json\/wp\/v2\/posts\/56010\/revisions\/56013"}],"wp:attachment":[{"href":"https:\/\/www.visit-ulcinj.com\/blog\/wp-json\/wp\/v2\/media?parent=56010"}],"wp:term":[{"taxonomy":"category","embeddable":true,"href":"https:\/\/www.visit-ulcinj.com\/blog\/wp-json\/wp\/v2\/categories?post=56010"},{"taxonomy":"post_tag","embeddable":true,"href":"https:\/\/www.visit-ulcinj.com\/blog\/wp-json\/wp\/v2\/tags?post=56010"}],"curies":[{"name":"wp","href":"https:\/\/api.w.org\/{rel}","templated":true}]}}