{"id":56019,"date":"2012-01-15T17:00:01","date_gmt":"2012-01-15T16:00:01","guid":{"rendered":"http:\/\/www.visit-ulcinj.com\/blog\/?p=56019"},"modified":"2012-01-15T17:00:01","modified_gmt":"2012-01-15T16:00:01","slug":"adelina-ismajli-hap-sezonin-dimeror-ne-small-world-te-zvicres","status":"publish","type":"post","link":"https:\/\/www.visit-ulcinj.com\/blog\/2012\/01\/15\/adelina-ismajli-hap-sezonin-dimeror-ne-small-world-te-zvicres\/","title":{"rendered":"Adelina Ismajli hap sezonin dim\u00ebror n\u00eb Small World t\u00eb Zvicr\u00ebs"},"content":{"rendered":"<p><a href=\"http:\/\/www.visit-ulcinj.com\/blog\/wp-content\/uploads\/2012\/01\/Adelina-Ismajli.jpg\"><img loading=\"lazy\" class=\"alignleft  wp-image-56020\" title=\"Adelina Ismajli\" src=\"http:\/\/www.visit-ulcinj.com\/blog\/wp-content\/uploads\/2012\/01\/Adelina-Ismajli.jpg\" alt=\"\" width=\"508\" height=\"400\" \/><\/a>Atje ku shkojn\u00eb vet\u00ebm t\u00eb pasurit, nj\u00eb zon\u00eb e populluar nga vila dhe hotele luksoze. \u00cbsht\u00eb ky vendi i quajtur Small World, vend turistik ku pushimet dim\u00ebrore i kalojn\u00eb vet\u00ebm t\u00eb pasurit dhe personat m\u00eb t\u00eb famsh\u00ebm q\u00eb kan\u00eb pasuri n\u00eb k\u00ebt\u00eb vend. Small World gjendet n\u00eb malet e Zvicr\u00ebs dhe \u00ebsht\u00eb nj\u00eb atraksion i papar\u00eb.<\/p>\n<p>P\u00ebr k\u00ebt\u00eb vit, n\u00eb nj\u00eb nga hotelet m\u00eb t\u00eb njohura atje, \u2018\u2019Bellevue\u2019\u2019, \u00ebsht\u00eb hapur sezoni turistik dim\u00ebror, ku jan\u00eb t\u00eb ftuar shum\u00eb fytyra t\u00eb njohura nga mbar\u00eb shteti zviceran, p\u00ebrfshir\u00eb k\u00ebtu Kerstin Cook dhe Luca Ruch (Miss &amp; Mister Zvicra 2011), aktori francez Gerard Depardieu, nd\u00ebrsa ajo q\u00eb na b\u00ebri p\u00ebrshtypje m\u00eb shum\u00eb neve, ishte pjes\u00ebmarrja e k\u00ebng\u00ebtares s\u00eb njohur kosovare Adelina Ismajli, e cila ishte e ftuar speciale t\u00eb performonte at\u00eb nat\u00eb p\u00ebr t\u00eb pranishmit.<\/p>\n<p>I gjith\u00eb ky sukses i Adelin\u00ebs q\u00eb t\u00eb shfaqet para audienc\u00ebs s\u00eb njohur dhe miliarder\u00ebve, vjen fal\u00eb pun\u00ebs s\u00eb madhe q\u00eb po realizon menaxheri i k\u00ebng\u00ebtares. P\u00ebr Adelin\u00ebn, ky \u00ebsht\u00eb nj\u00eb tjet\u00ebr sukses pas lan\u00e7imit t\u00eb klipit \u2018\u2019I love you more\u2019\u2019, e cila tashm\u00eb po b\u00ebn xhiron n\u00ebp\u00ebr televizionet muzikore n\u00eb shum\u00eb shtete t\u00eb Europ\u00ebs e Afrik\u00ebs, nd\u00ebrsa flitet se tashm\u00eb po transmetohet edhe n\u00eb Kanada. K\u00ebt\u00eb vit, k\u00ebng\u00ebtarja pritet t\u00eb nxjerr\u00eb edhe albumin e ri, i cili do t\u00eb ket\u00eb k\u00ebng\u00eb n\u00eb disa gjuh\u00eb t\u00eb bot\u00ebs, p\u00ebrfshir\u00eb edhe at\u00eb shqipe, por albumi do t\u2019i dedikohet kryesisht tregut t\u00eb huaj.<\/p>\n<p><strong>Panorama Plus<br \/>\n<!--YouTube Error: bad URL entered--><br \/>\n<\/strong><\/p>\n","protected":false},"excerpt":{"rendered":"<p>Atje ku shkojn\u00eb vet\u00ebm t\u00eb pasurit, nj\u00eb zon\u00eb e populluar nga vila dhe hotele luksoze. \u00cbsht\u00eb ky vendi i quajtur Small World, vend turistik ku pushimet dim\u00ebrore i kalojn\u00eb vet\u00ebm t\u00eb pasurit dhe personat m\u00eb t\u00eb famsh\u00ebm q\u00eb kan\u00eb pasuri n\u00eb k\u00ebt\u00eb vend. Small World gjendet n\u00eb malet e Zvicr\u00ebs dhe \u00ebsht\u00eb nj\u00eb atraksion i [&hellip;]<\/p>\n","protected":false},"author":1,"featured_media":0,"comment_status":"open","ping_status":"closed","sticky":false,"template":"","format":"standard","meta":{"spay_email":"","jetpack_publicize_message":"","jetpack_is_tweetstorm":false,"jetpack_publicize_feature_enabled":true},"categories":[1],"tags":[4988,19677,19806,16036,19514,19511,4684,19460],"jetpack_publicize_connections":[],"yoast_head":"<!-- This site is optimized with the Yoast SEO plugin v19.1 - https:\/\/yoast.com\/wordpress\/plugins\/seo\/ -->\n<title>Adelina Ismajli hap sezonin dim\u00ebror n\u00eb Small World t\u00eb Zvicr\u00ebs - Lajme nga Ulqini<\/title>\n<meta name=\"description\" content=\"Atje ku shkojn\u00eb vet\u00ebm t\u00eb pasurit, nj\u00eb zon\u00eb e populluar nga vila dhe hotele luksoze. \u00cbsht\u00eb ky vendi i quajtur Small World, vend turistik ku pushimet\" \/>\n<meta name=\"robots\" content=\"index, follow, max-snippet:-1, max-image-preview:large, max-video-preview:-1\" \/>\n<link rel=\"canonical\" href=\"https:\/\/www.visit-ulcinj.com\/blog\/2012\/01\/15\/adelina-ismajli-hap-sezonin-dimeror-ne-small-world-te-zvicres\/\" \/>\n<meta property=\"og:locale\" content=\"en_US\" \/>\n<meta property=\"og:type\" content=\"article\" \/>\n<meta property=\"og:title\" content=\"Adelina Ismajli hap sezonin dim\u00ebror n\u00eb Small World t\u00eb Zvicr\u00ebs - Lajme nga Ulqini\" \/>\n<meta property=\"og:description\" content=\"Atje ku shkojn\u00eb vet\u00ebm t\u00eb pasurit, nj\u00eb zon\u00eb e populluar nga vila dhe hotele luksoze. \u00cbsht\u00eb ky vendi i quajtur Small World, vend turistik ku pushimet\" \/>\n<meta property=\"og:url\" content=\"https:\/\/www.visit-ulcinj.com\/blog\/2012\/01\/15\/adelina-ismajli-hap-sezonin-dimeror-ne-small-world-te-zvicres\/\" \/>\n<meta property=\"og:site_name\" content=\"Lajme nga Ulqini\" \/>\n<meta property=\"article:published_time\" content=\"2012-01-15T16:00:01+00:00\" \/>\n<meta property=\"og:image\" content=\"http:\/\/www.visit-ulcinj.com\/blog\/wp-content\/uploads\/2012\/01\/Adelina-Ismajli.jpg\" \/>\n<meta name=\"twitter:label1\" content=\"Written by\" \/>\n\t<meta name=\"twitter:data1\" content=\"ulqini\" \/>\n\t<meta name=\"twitter:label2\" content=\"Est. reading time\" \/>\n\t<meta name=\"twitter:data2\" content=\"1 minute\" \/>\n<script type=\"application\/ld+json\" class=\"yoast-schema-graph\">{\"@context\":\"https:\/\/schema.org\",\"@graph\":[{\"@type\":\"WebSite\",\"@id\":\"https:\/\/www.visit-ulcinj.com\/blog\/#website\",\"url\":\"https:\/\/www.visit-ulcinj.com\/blog\/\",\"name\":\"Lajme nga Ulqini\",\"description\":\"Lajme,Vijesti,Ulqini,Ulqin,Crna Gora,Mali i Zi\",\"potentialAction\":[{\"@type\":\"SearchAction\",\"target\":{\"@type\":\"EntryPoint\",\"urlTemplate\":\"https:\/\/www.visit-ulcinj.com\/blog\/?s={search_term_string}\"},\"query-input\":\"required name=search_term_string\"}],\"inLanguage\":\"en-US\"},{\"@type\":\"ImageObject\",\"inLanguage\":\"en-US\",\"@id\":\"https:\/\/www.visit-ulcinj.com\/blog\/2012\/01\/15\/adelina-ismajli-hap-sezonin-dimeror-ne-small-world-te-zvicres\/#primaryimage\",\"url\":\"http:\/\/www.visit-ulcinj.com\/blog\/wp-content\/uploads\/2012\/01\/Adelina-Ismajli.jpg\",\"contentUrl\":\"http:\/\/www.visit-ulcinj.com\/blog\/wp-content\/uploads\/2012\/01\/Adelina-Ismajli.jpg\"},{\"@type\":\"WebPage\",\"@id\":\"https:\/\/www.visit-ulcinj.com\/blog\/2012\/01\/15\/adelina-ismajli-hap-sezonin-dimeror-ne-small-world-te-zvicres\/#webpage\",\"url\":\"https:\/\/www.visit-ulcinj.com\/blog\/2012\/01\/15\/adelina-ismajli-hap-sezonin-dimeror-ne-small-world-te-zvicres\/\",\"name\":\"Adelina Ismajli hap sezonin dim\u00ebror n\u00eb Small World t\u00eb Zvicr\u00ebs - Lajme nga Ulqini\",\"isPartOf\":{\"@id\":\"https:\/\/www.visit-ulcinj.com\/blog\/#website\"},\"primaryImageOfPage\":{\"@id\":\"https:\/\/www.visit-ulcinj.com\/blog\/2012\/01\/15\/adelina-ismajli-hap-sezonin-dimeror-ne-small-world-te-zvicres\/#primaryimage\"},\"datePublished\":\"2012-01-15T16:00:01+00:00\",\"dateModified\":\"2012-01-15T16:00:01+00:00\",\"author\":{\"@id\":\"https:\/\/www.visit-ulcinj.com\/blog\/#\/schema\/person\/dcab619c614d3038751c63bc2aadc06d\"},\"description\":\"Atje ku shkojn\u00eb vet\u00ebm t\u00eb pasurit, nj\u00eb zon\u00eb e populluar nga vila dhe hotele luksoze. \u00cbsht\u00eb ky vendi i quajtur Small World, vend turistik ku pushimet\",\"breadcrumb\":{\"@id\":\"https:\/\/www.visit-ulcinj.com\/blog\/2012\/01\/15\/adelina-ismajli-hap-sezonin-dimeror-ne-small-world-te-zvicres\/#breadcrumb\"},\"inLanguage\":\"en-US\",\"potentialAction\":[{\"@type\":\"ReadAction\",\"target\":[\"https:\/\/www.visit-ulcinj.com\/blog\/2012\/01\/15\/adelina-ismajli-hap-sezonin-dimeror-ne-small-world-te-zvicres\/\"]}]},{\"@type\":\"BreadcrumbList\",\"@id\":\"https:\/\/www.visit-ulcinj.com\/blog\/2012\/01\/15\/adelina-ismajli-hap-sezonin-dimeror-ne-small-world-te-zvicres\/#breadcrumb\",\"itemListElement\":[{\"@type\":\"ListItem\",\"position\":1,\"name\":\"Adelina Ismajli hap sezonin dim\u00ebror n\u00eb Small World t\u00eb Zvicr\u00ebs\"}]},{\"@type\":\"Person\",\"@id\":\"https:\/\/www.visit-ulcinj.com\/blog\/#\/schema\/person\/dcab619c614d3038751c63bc2aadc06d\",\"name\":\"ulqini\",\"sameAs\":[\"http:\/\/www.visit-ulcinj.com\"],\"url\":\"https:\/\/www.visit-ulcinj.com\/blog\/author\/admin\/\"}]}<\/script>\n<!-- \/ Yoast SEO plugin. -->","yoast_head_json":{"title":"Adelina Ismajli hap sezonin dim\u00ebror n\u00eb Small World t\u00eb Zvicr\u00ebs - Lajme nga Ulqini","description":"Atje ku shkojn\u00eb vet\u00ebm t\u00eb pasurit, nj\u00eb zon\u00eb e populluar nga vila dhe hotele luksoze. \u00cbsht\u00eb ky vendi i quajtur Small World, vend turistik ku pushimet","robots":{"index":"index","follow":"follow","max-snippet":"max-snippet:-1","max-image-preview":"max-image-preview:large","max-video-preview":"max-video-preview:-1"},"canonical":"https:\/\/www.visit-ulcinj.com\/blog\/2012\/01\/15\/adelina-ismajli-hap-sezonin-dimeror-ne-small-world-te-zvicres\/","og_locale":"en_US","og_type":"article","og_title":"Adelina Ismajli hap sezonin dim\u00ebror n\u00eb Small World t\u00eb Zvicr\u00ebs - Lajme nga Ulqini","og_description":"Atje ku shkojn\u00eb vet\u00ebm t\u00eb pasurit, nj\u00eb zon\u00eb e populluar nga vila dhe hotele luksoze. \u00cbsht\u00eb ky vendi i quajtur Small World, vend turistik ku pushimet","og_url":"https:\/\/www.visit-ulcinj.com\/blog\/2012\/01\/15\/adelina-ismajli-hap-sezonin-dimeror-ne-small-world-te-zvicres\/","og_site_name":"Lajme nga Ulqini","article_published_time":"2012-01-15T16:00:01+00:00","og_image":[{"url":"http:\/\/www.visit-ulcinj.com\/blog\/wp-content\/uploads\/2012\/01\/Adelina-Ismajli.jpg"}],"twitter_misc":{"Written by":"ulqini","Est. reading time":"1 minute"},"schema":{"@context":"https:\/\/schema.org","@graph":[{"@type":"WebSite","@id":"https:\/\/www.visit-ulcinj.com\/blog\/#website","url":"https:\/\/www.visit-ulcinj.com\/blog\/","name":"Lajme nga Ulqini","description":"Lajme,Vijesti,Ulqini,Ulqin,Crna Gora,Mali i Zi","potentialAction":[{"@type":"SearchAction","target":{"@type":"EntryPoint","urlTemplate":"https:\/\/www.visit-ulcinj.com\/blog\/?s={search_term_string}"},"query-input":"required name=search_term_string"}],"inLanguage":"en-US"},{"@type":"ImageObject","inLanguage":"en-US","@id":"https:\/\/www.visit-ulcinj.com\/blog\/2012\/01\/15\/adelina-ismajli-hap-sezonin-dimeror-ne-small-world-te-zvicres\/#primaryimage","url":"http:\/\/www.visit-ulcinj.com\/blog\/wp-content\/uploads\/2012\/01\/Adelina-Ismajli.jpg","contentUrl":"http:\/\/www.visit-ulcinj.com\/blog\/wp-content\/uploads\/2012\/01\/Adelina-Ismajli.jpg"},{"@type":"WebPage","@id":"https:\/\/www.visit-ulcinj.com\/blog\/2012\/01\/15\/adelina-ismajli-hap-sezonin-dimeror-ne-small-world-te-zvicres\/#webpage","url":"https:\/\/www.visit-ulcinj.com\/blog\/2012\/01\/15\/adelina-ismajli-hap-sezonin-dimeror-ne-small-world-te-zvicres\/","name":"Adelina Ismajli hap sezonin dim\u00ebror n\u00eb Small World t\u00eb Zvicr\u00ebs - Lajme nga Ulqini","isPartOf":{"@id":"https:\/\/www.visit-ulcinj.com\/blog\/#website"},"primaryImageOfPage":{"@id":"https:\/\/www.visit-ulcinj.com\/blog\/2012\/01\/15\/adelina-ismajli-hap-sezonin-dimeror-ne-small-world-te-zvicres\/#primaryimage"},"datePublished":"2012-01-15T16:00:01+00:00","dateModified":"2012-01-15T16:00:01+00:00","author":{"@id":"https:\/\/www.visit-ulcinj.com\/blog\/#\/schema\/person\/dcab619c614d3038751c63bc2aadc06d"},"description":"Atje ku shkojn\u00eb vet\u00ebm t\u00eb pasurit, nj\u00eb zon\u00eb e populluar nga vila dhe hotele luksoze. \u00cbsht\u00eb ky vendi i quajtur Small World, vend turistik ku pushimet","breadcrumb":{"@id":"https:\/\/www.visit-ulcinj.com\/blog\/2012\/01\/15\/adelina-ismajli-hap-sezonin-dimeror-ne-small-world-te-zvicres\/#breadcrumb"},"inLanguage":"en-US","potentialAction":[{"@type":"ReadAction","target":["https:\/\/www.visit-ulcinj.com\/blog\/2012\/01\/15\/adelina-ismajli-hap-sezonin-dimeror-ne-small-world-te-zvicres\/"]}]},{"@type":"BreadcrumbList","@id":"https:\/\/www.visit-ulcinj.com\/blog\/2012\/01\/15\/adelina-ismajli-hap-sezonin-dimeror-ne-small-world-te-zvicres\/#breadcrumb","itemListElement":[{"@type":"ListItem","position":1,"name":"Adelina Ismajli hap sezonin dim\u00ebror n\u00eb Small World t\u00eb Zvicr\u00ebs"}]},{"@type":"Person","@id":"https:\/\/www.visit-ulcinj.com\/blog\/#\/schema\/person\/dcab619c614d3038751c63bc2aadc06d","name":"ulqini","sameAs":["http:\/\/www.visit-ulcinj.com"],"url":"https:\/\/www.visit-ulcinj.com\/blog\/author\/admin\/"}]}},"jetpack_featured_media_url":"","jetpack_sharing_enabled":true,"jetpack_shortlink":"https:\/\/wp.me\/pe6lTn-ezx","_links":{"self":[{"href":"https:\/\/www.visit-ulcinj.com\/blog\/wp-json\/wp\/v2\/posts\/56019"}],"collection":[{"href":"https:\/\/www.visit-ulcinj.com\/blog\/wp-json\/wp\/v2\/posts"}],"about":[{"href":"https:\/\/www.visit-ulcinj.com\/blog\/wp-json\/wp\/v2\/types\/post"}],"author":[{"embeddable":true,"href":"https:\/\/www.visit-ulcinj.com\/blog\/wp-json\/wp\/v2\/users\/1"}],"replies":[{"embeddable":true,"href":"https:\/\/www.visit-ulcinj.com\/blog\/wp-json\/wp\/v2\/comments?post=56019"}],"version-history":[{"count":2,"href":"https:\/\/www.visit-ulcinj.com\/blog\/wp-json\/wp\/v2\/posts\/56019\/revisions"}],"predecessor-version":[{"id":56022,"href":"https:\/\/www.visit-ulcinj.com\/blog\/wp-json\/wp\/v2\/posts\/56019\/revisions\/56022"}],"wp:attachment":[{"href":"https:\/\/www.visit-ulcinj.com\/blog\/wp-json\/wp\/v2\/media?parent=56019"}],"wp:term":[{"taxonomy":"category","embeddable":true,"href":"https:\/\/www.visit-ulcinj.com\/blog\/wp-json\/wp\/v2\/categories?post=56019"},{"taxonomy":"post_tag","embeddable":true,"href":"https:\/\/www.visit-ulcinj.com\/blog\/wp-json\/wp\/v2\/tags?post=56019"}],"curies":[{"name":"wp","href":"https:\/\/api.w.org\/{rel}","templated":true}]}}