{"id":56027,"date":"2012-01-15T17:22:32","date_gmt":"2012-01-15T16:22:32","guid":{"rendered":"http:\/\/www.visit-ulcinj.com\/blog\/?p=56027"},"modified":"2012-01-15T17:22:32","modified_gmt":"2012-01-15T16:22:32","slug":"vesa-luma-serish-me-big-basten","status":"publish","type":"post","link":"https:\/\/www.visit-ulcinj.com\/blog\/2012\/01\/15\/vesa-luma-serish-me-big-basten\/","title":{"rendered":"Vesa Luma s\u00ebrish me Big Bast\u00ebn"},"content":{"rendered":"<p><a href=\"http:\/\/www.visit-ulcinj.com\/blog\/wp-content\/uploads\/2012\/01\/Vesa-Luma-s\u00ebrish-me-Big-Bast\u00ebn.jpg\"><img loading=\"lazy\" class=\"alignleft  wp-image-56028\" title=\"Vesa Luma s\u00ebrish me Big Bast\u00ebn\" src=\"http:\/\/www.visit-ulcinj.com\/blog\/wp-content\/uploads\/2012\/01\/Vesa-Luma-s\u00ebrish-me-Big-Bast\u00ebn.jpg\" alt=\"\" width=\"508\" height=\"380\" \/><\/a>Pak koh\u00eb m\u00eb par\u00eb u p\u00ebrfol se midis saj dhe Big Bast\u00ebs ka nj\u00eb lidhje intime, pasi ishin par\u00eb s\u00eb bashku n\u00eb nj\u00eb lokal nate, por duket se takimet e tyre e kan\u00eb pasur nj\u00eb motiv t\u00eb fort\u00eb\u2026q\u00eb ka qen\u00eb i fokusuara vet\u00ebm n\u00eb aspektin profesional.<\/p>\n<p>Pas k\u00ebng\u00ebs s\u00eb saj t\u00eb fundit mjaft t\u00eb suksesshme \u201cTi po don\u201d, Vesa Luma ka vendosur q\u00eb k\u00ebsaj radhe t\u00eb vij\u00eb n\u00eb nj\u00eb bashk\u00ebpunim t\u00eb ri, transmeton Shqiptarja. K\u00ebng\u00ebtarja k\u00ebsaj radhe do t\u00eb bashk\u00ebpunoj\u00eb me reperin e njohur Big Basta. Duket se q\u00ebndrimi n\u00eb Shqip\u00ebri, pas impenjimeve q\u00eb do t\u00eb ket\u00eb k\u00ebtu si pjes\u00eb e juris\u00eb s\u00eb \u201cX Factor\u201d e ka nxitur at\u00eb q\u00eb t\u00eb mos e shpenzoj\u00eb koh\u00ebn kot, por t\u00eb mendoj\u00eb p\u00ebr nj\u00eb material t\u00eb ri muzikor. Se si do t\u00eb quhet k\u00ebnga dhe do t\u00eb quhet videoklipi ende nuk ka informacione t\u00eb holl\u00ebsishme, ve\u00e7se dihet se Vesa \u00ebsht\u00eb duke xhiruar n\u00eb Tiran\u00eb dhe i \u00ebsht\u00eb dashur koh\u00eb derisa t\u00eb m\u00ebsoj\u00eb l\u00ebvizjet q\u00eb do t\u00eb shoq\u00ebrojn\u00eb koreografin\u00eb e klipit t\u00eb saj t\u00eb ri.<\/p>\n<p><strong>Koha\u00a0 Net<br \/>\n<!--YouTube Error: bad URL entered--><br \/>\n<\/strong><\/p>\n","protected":false},"excerpt":{"rendered":"<p>Pak koh\u00eb m\u00eb par\u00eb u p\u00ebrfol se midis saj dhe Big Bast\u00ebs ka nj\u00eb lidhje intime, pasi ishin par\u00eb s\u00eb bashku n\u00eb nj\u00eb lokal nate, por duket se takimet e tyre e kan\u00eb pasur nj\u00eb motiv t\u00eb fort\u00eb\u2026q\u00eb ka qen\u00eb i fokusuara vet\u00ebm n\u00eb aspektin profesional. Pas k\u00ebng\u00ebs s\u00eb saj t\u00eb fundit mjaft t\u00eb suksesshme [&hellip;]<\/p>\n","protected":false},"author":1,"featured_media":0,"comment_status":"open","ping_status":"closed","sticky":false,"template":"","format":"standard","meta":{"spay_email":"","jetpack_publicize_message":"","jetpack_is_tweetstorm":false,"jetpack_publicize_feature_enabled":true},"categories":[1],"tags":[19871,5017],"jetpack_publicize_connections":[],"yoast_head":"<!-- This site is optimized with the Yoast SEO plugin v19.1 - https:\/\/yoast.com\/wordpress\/plugins\/seo\/ -->\n<title>Vesa Luma s\u00ebrish me Big Bast\u00ebn - Lajme nga Ulqini<\/title>\n<meta name=\"description\" content=\"Pak koh\u00eb m\u00eb par\u00eb u p\u00ebrfol se midis saj dhe Big Bast\u00ebs ka nj\u00eb lidhje intime, pasi ishin par\u00eb s\u00eb bashku n\u00eb nj\u00eb lokal nate, por duket se takimet e tyre e\" \/>\n<meta name=\"robots\" content=\"index, follow, max-snippet:-1, max-image-preview:large, max-video-preview:-1\" \/>\n<link rel=\"canonical\" href=\"https:\/\/www.visit-ulcinj.com\/blog\/2012\/01\/15\/vesa-luma-serish-me-big-basten\/\" \/>\n<meta property=\"og:locale\" content=\"en_US\" \/>\n<meta property=\"og:type\" content=\"article\" \/>\n<meta property=\"og:title\" content=\"Vesa Luma s\u00ebrish me Big Bast\u00ebn - Lajme nga Ulqini\" \/>\n<meta property=\"og:description\" content=\"Pak koh\u00eb m\u00eb par\u00eb u p\u00ebrfol se midis saj dhe Big Bast\u00ebs ka nj\u00eb lidhje intime, pasi ishin par\u00eb s\u00eb bashku n\u00eb nj\u00eb lokal nate, por duket se takimet e tyre e\" \/>\n<meta property=\"og:url\" content=\"https:\/\/www.visit-ulcinj.com\/blog\/2012\/01\/15\/vesa-luma-serish-me-big-basten\/\" \/>\n<meta property=\"og:site_name\" content=\"Lajme nga Ulqini\" \/>\n<meta property=\"article:published_time\" content=\"2012-01-15T16:22:32+00:00\" \/>\n<meta name=\"twitter:label1\" content=\"Written by\" \/>\n\t<meta name=\"twitter:data1\" content=\"ulqini\" \/>\n\t<meta name=\"twitter:label2\" content=\"Est. reading time\" \/>\n\t<meta name=\"twitter:data2\" content=\"1 minute\" \/>\n<script type=\"application\/ld+json\" class=\"yoast-schema-graph\">{\"@context\":\"https:\/\/schema.org\",\"@graph\":[{\"@type\":\"WebSite\",\"@id\":\"https:\/\/www.visit-ulcinj.com\/blog\/#website\",\"url\":\"https:\/\/www.visit-ulcinj.com\/blog\/\",\"name\":\"Lajme nga Ulqini\",\"description\":\"Lajme,Vijesti,Ulqini,Ulqin,Crna Gora,Mali i Zi\",\"potentialAction\":[{\"@type\":\"SearchAction\",\"target\":{\"@type\":\"EntryPoint\",\"urlTemplate\":\"https:\/\/www.visit-ulcinj.com\/blog\/?s={search_term_string}\"},\"query-input\":\"required name=search_term_string\"}],\"inLanguage\":\"en-US\"},{\"@type\":\"WebPage\",\"@id\":\"https:\/\/www.visit-ulcinj.com\/blog\/2012\/01\/15\/vesa-luma-serish-me-big-basten\/#webpage\",\"url\":\"https:\/\/www.visit-ulcinj.com\/blog\/2012\/01\/15\/vesa-luma-serish-me-big-basten\/\",\"name\":\"Vesa Luma s\u00ebrish me Big Bast\u00ebn - Lajme nga Ulqini\",\"isPartOf\":{\"@id\":\"https:\/\/www.visit-ulcinj.com\/blog\/#website\"},\"datePublished\":\"2012-01-15T16:22:32+00:00\",\"dateModified\":\"2012-01-15T16:22:32+00:00\",\"author\":{\"@id\":\"https:\/\/www.visit-ulcinj.com\/blog\/#\/schema\/person\/dcab619c614d3038751c63bc2aadc06d\"},\"description\":\"Pak koh\u00eb m\u00eb par\u00eb u p\u00ebrfol se midis saj dhe Big Bast\u00ebs ka nj\u00eb lidhje intime, pasi ishin par\u00eb s\u00eb bashku n\u00eb nj\u00eb lokal nate, por duket se takimet e tyre e\",\"breadcrumb\":{\"@id\":\"https:\/\/www.visit-ulcinj.com\/blog\/2012\/01\/15\/vesa-luma-serish-me-big-basten\/#breadcrumb\"},\"inLanguage\":\"en-US\",\"potentialAction\":[{\"@type\":\"ReadAction\",\"target\":[\"https:\/\/www.visit-ulcinj.com\/blog\/2012\/01\/15\/vesa-luma-serish-me-big-basten\/\"]}]},{\"@type\":\"BreadcrumbList\",\"@id\":\"https:\/\/www.visit-ulcinj.com\/blog\/2012\/01\/15\/vesa-luma-serish-me-big-basten\/#breadcrumb\",\"itemListElement\":[{\"@type\":\"ListItem\",\"position\":1,\"name\":\"Vesa Luma s\u00ebrish me Big Bast\u00ebn\"}]},{\"@type\":\"Person\",\"@id\":\"https:\/\/www.visit-ulcinj.com\/blog\/#\/schema\/person\/dcab619c614d3038751c63bc2aadc06d\",\"name\":\"ulqini\",\"sameAs\":[\"http:\/\/www.visit-ulcinj.com\"],\"url\":\"https:\/\/www.visit-ulcinj.com\/blog\/author\/admin\/\"}]}<\/script>\n<!-- \/ Yoast SEO plugin. -->","yoast_head_json":{"title":"Vesa Luma s\u00ebrish me Big Bast\u00ebn - Lajme nga Ulqini","description":"Pak koh\u00eb m\u00eb par\u00eb u p\u00ebrfol se midis saj dhe Big Bast\u00ebs ka nj\u00eb lidhje intime, pasi ishin par\u00eb s\u00eb bashku n\u00eb nj\u00eb lokal nate, por duket se takimet e tyre e","robots":{"index":"index","follow":"follow","max-snippet":"max-snippet:-1","max-image-preview":"max-image-preview:large","max-video-preview":"max-video-preview:-1"},"canonical":"https:\/\/www.visit-ulcinj.com\/blog\/2012\/01\/15\/vesa-luma-serish-me-big-basten\/","og_locale":"en_US","og_type":"article","og_title":"Vesa Luma s\u00ebrish me Big Bast\u00ebn - Lajme nga Ulqini","og_description":"Pak koh\u00eb m\u00eb par\u00eb u p\u00ebrfol se midis saj dhe Big Bast\u00ebs ka nj\u00eb lidhje intime, pasi ishin par\u00eb s\u00eb bashku n\u00eb nj\u00eb lokal nate, por duket se takimet e tyre e","og_url":"https:\/\/www.visit-ulcinj.com\/blog\/2012\/01\/15\/vesa-luma-serish-me-big-basten\/","og_site_name":"Lajme nga Ulqini","article_published_time":"2012-01-15T16:22:32+00:00","twitter_misc":{"Written by":"ulqini","Est. reading time":"1 minute"},"schema":{"@context":"https:\/\/schema.org","@graph":[{"@type":"WebSite","@id":"https:\/\/www.visit-ulcinj.com\/blog\/#website","url":"https:\/\/www.visit-ulcinj.com\/blog\/","name":"Lajme nga Ulqini","description":"Lajme,Vijesti,Ulqini,Ulqin,Crna Gora,Mali i Zi","potentialAction":[{"@type":"SearchAction","target":{"@type":"EntryPoint","urlTemplate":"https:\/\/www.visit-ulcinj.com\/blog\/?s={search_term_string}"},"query-input":"required name=search_term_string"}],"inLanguage":"en-US"},{"@type":"WebPage","@id":"https:\/\/www.visit-ulcinj.com\/blog\/2012\/01\/15\/vesa-luma-serish-me-big-basten\/#webpage","url":"https:\/\/www.visit-ulcinj.com\/blog\/2012\/01\/15\/vesa-luma-serish-me-big-basten\/","name":"Vesa Luma s\u00ebrish me Big Bast\u00ebn - Lajme nga Ulqini","isPartOf":{"@id":"https:\/\/www.visit-ulcinj.com\/blog\/#website"},"datePublished":"2012-01-15T16:22:32+00:00","dateModified":"2012-01-15T16:22:32+00:00","author":{"@id":"https:\/\/www.visit-ulcinj.com\/blog\/#\/schema\/person\/dcab619c614d3038751c63bc2aadc06d"},"description":"Pak koh\u00eb m\u00eb par\u00eb u p\u00ebrfol se midis saj dhe Big Bast\u00ebs ka nj\u00eb lidhje intime, pasi ishin par\u00eb s\u00eb bashku n\u00eb nj\u00eb lokal nate, por duket se takimet e tyre e","breadcrumb":{"@id":"https:\/\/www.visit-ulcinj.com\/blog\/2012\/01\/15\/vesa-luma-serish-me-big-basten\/#breadcrumb"},"inLanguage":"en-US","potentialAction":[{"@type":"ReadAction","target":["https:\/\/www.visit-ulcinj.com\/blog\/2012\/01\/15\/vesa-luma-serish-me-big-basten\/"]}]},{"@type":"BreadcrumbList","@id":"https:\/\/www.visit-ulcinj.com\/blog\/2012\/01\/15\/vesa-luma-serish-me-big-basten\/#breadcrumb","itemListElement":[{"@type":"ListItem","position":1,"name":"Vesa Luma s\u00ebrish me Big Bast\u00ebn"}]},{"@type":"Person","@id":"https:\/\/www.visit-ulcinj.com\/blog\/#\/schema\/person\/dcab619c614d3038751c63bc2aadc06d","name":"ulqini","sameAs":["http:\/\/www.visit-ulcinj.com"],"url":"https:\/\/www.visit-ulcinj.com\/blog\/author\/admin\/"}]}},"jetpack_featured_media_url":"","jetpack_sharing_enabled":true,"jetpack_shortlink":"https:\/\/wp.me\/pe6lTn-ezF","_links":{"self":[{"href":"https:\/\/www.visit-ulcinj.com\/blog\/wp-json\/wp\/v2\/posts\/56027"}],"collection":[{"href":"https:\/\/www.visit-ulcinj.com\/blog\/wp-json\/wp\/v2\/posts"}],"about":[{"href":"https:\/\/www.visit-ulcinj.com\/blog\/wp-json\/wp\/v2\/types\/post"}],"author":[{"embeddable":true,"href":"https:\/\/www.visit-ulcinj.com\/blog\/wp-json\/wp\/v2\/users\/1"}],"replies":[{"embeddable":true,"href":"https:\/\/www.visit-ulcinj.com\/blog\/wp-json\/wp\/v2\/comments?post=56027"}],"version-history":[{"count":2,"href":"https:\/\/www.visit-ulcinj.com\/blog\/wp-json\/wp\/v2\/posts\/56027\/revisions"}],"predecessor-version":[{"id":56030,"href":"https:\/\/www.visit-ulcinj.com\/blog\/wp-json\/wp\/v2\/posts\/56027\/revisions\/56030"}],"wp:attachment":[{"href":"https:\/\/www.visit-ulcinj.com\/blog\/wp-json\/wp\/v2\/media?parent=56027"}],"wp:term":[{"taxonomy":"category","embeddable":true,"href":"https:\/\/www.visit-ulcinj.com\/blog\/wp-json\/wp\/v2\/categories?post=56027"},{"taxonomy":"post_tag","embeddable":true,"href":"https:\/\/www.visit-ulcinj.com\/blog\/wp-json\/wp\/v2\/tags?post=56027"}],"curies":[{"name":"wp","href":"https:\/\/api.w.org\/{rel}","templated":true}]}}