{"id":56031,"date":"2012-01-15T19:11:01","date_gmt":"2012-01-15T18:11:01","guid":{"rendered":"http:\/\/www.visit-ulcinj.com\/blog\/?p=56031"},"modified":"2012-01-15T19:11:01","modified_gmt":"2012-01-15T18:11:01","slug":"port-milena-bomba-ekologjike-gati-per-te-shperthyer","status":"publish","type":"post","link":"https:\/\/www.visit-ulcinj.com\/blog\/2012\/01\/15\/port-milena-bomba-ekologjike-gati-per-te-shperthyer\/","title":{"rendered":"Port Milena \u201cBomba ekologjike\u201d gati per te shperthyer"},"content":{"rendered":"<p><a href=\"http:\/\/www.visit-ulcinj.com\/blog\/wp-content\/uploads\/2012\/01\/Port-Milena-Bomba-ekologjike.5.jpg\"><img loading=\"lazy\" class=\"alignleft  wp-image-56033\" title=\"Port Milena Bomba ekologjike.5\" src=\"http:\/\/www.visit-ulcinj.com\/blog\/wp-content\/uploads\/2012\/01\/Port-Milena-Bomba-ekologjike.5.jpg\" alt=\"\" width=\"508\" height=\"380\" srcset=\"https:\/\/www.visit-ulcinj.com\/blog\/wp-content\/uploads\/2012\/01\/Port-Milena-Bomba-ekologjike.5.jpg 960w, https:\/\/www.visit-ulcinj.com\/blog\/wp-content\/uploads\/2012\/01\/Port-Milena-Bomba-ekologjike.5-300x225.jpg 300w\" sizes=\"(max-width: 508px) 100vw, 508px\" \/><\/a>Problemet ekologjike n\u00eb Ulqin pritet t\u2019ju vije fundi,por sot ndodh\u00eb e kunderta.Ndotja e Port Milen\u00ebs shkaktohet dhe nga mbetjet q\u00eb vijn\u00eb nga Ulqini. Alarmi \u00ebsht\u00eb dh\u00ebn\u00eb nga specialist\u00eb dhe drejtues t\u00eb shoqatave mjedisore .Krahas problemeve t\u00eb tjera q\u00eb po kalon kanali I Port Milen\u00ebs si pasoj\u00eb e papast\u00ebrtive dhe inerteve t\u00eb shumta q\u00eb shkarkohen n\u00eb brigjet e tij, organizatat jo qeveritare nga qyteti I Ulqinit kan\u00eb ngritur z\u00ebrin edhe p\u00ebr problemet q\u00eb i vijn\u00eb. Ekologet thojn\u00eb se me zgjidhjen e problemit t\u00eb Kanalit t\u00eb Bratic\u00ebs zgjidhet edhe nj\u00eb pjes\u00eb e mir\u00eb e problemit t\u00eb Port Milen\u00ebs.<br \/>\nDy emrat e lart\u00eb p\u00ebrmendur tashm\u00eb jan\u00eb b\u00ebr\u00eb t\u00eb njohur n\u00eb t\u00ebr\u00eb rajonin si pika t\u00eb zeza ekologjike.<br \/>\nPort Milena dikur vend atraktiv p\u00ebr shum\u00eb turist\u00eb t\u00eb huaj, i shnd\u00ebrruar dekadave t\u00eb fundit n\u00eb \u201cBomb\u00eb ekologjike\u201d \u00ebsht\u00eb n\u00eb pritje t\u00eb fatit.<br \/>\nEkologet deklarojn se p\u00ebr zgjidhjen e problemit t\u00eb Port Milen\u00ebs duhet edhe nd\u00ebrhyrja e shtetit sepse kostoja \u00ebsht\u00eb marramend\u00ebse.<br \/>\nLigjet e reja t\u00eb aprovuara koh\u00ebve t\u00eb fundit p\u00ebr taks\u00ebn ekologjike rikthejn\u00eb shpres\u00ebn e humbur p\u00ebr zgjidhjen e k\u00ebtij problemi dhe m\u00ebnjanimin e \u201cBomb\u00ebs ekologjike\u201d nga shteti ekologjik.<br \/>\nOJQ i b\u00ebjn apel qeverise p\u00ebr marrjen e masave konkrete p\u00ebr parandalimin e ndotjes s\u00eb Port Milen\u00ebs, pasi n\u00ebse do t\u00eb vijohet n\u00eb k\u00ebt\u00eb m\u00ebnyr\u00eb, kjo pasuri e madhe natyrore, rrezikohet t\u00eb humb\u00eb vlerat e saj turistike.<\/p>\n<p><a href=\"https:\/\/www.facebook.com\/media\/set\/?set=a.1591878481082.2086684.1359492972&amp;type=1\" target=\"_blank\"><strong>FOTO &#8211; Ismet Karamanaga Facebook<\/p>\n\n\t\t<style type=\"text\/css\">\n\t\t\t#gallery-1 {\n\t\t\t\tmargin: auto;\n\t\t\t}\n\t\t\t#gallery-1 .gallery-item {\n\t\t\t\tfloat: left;\n\t\t\t\tmargin-top: 10px;\n\t\t\t\ttext-align: center;\n\t\t\t\twidth: 33%;\n\t\t\t}\n\t\t\t#gallery-1 img {\n\t\t\t\tborder: 2px solid #cfcfcf;\n\t\t\t}\n\t\t\t#gallery-1 .gallery-caption {\n\t\t\t\tmargin-left: 0;\n\t\t\t}\n\t\t\t\/* see gallery_shortcode() in wp-includes\/media.php *\/\n\t\t<\/style>\n\t\t<div id='gallery-1' class='gallery galleryid-56031 gallery-columns-3 gallery-size-thumbnail'><dl class='gallery-item'>\n\t\t\t<dt class='gallery-icon landscape'>\n\t\t\t\t<a href='https:\/\/www.visit-ulcinj.com\/blog\/wp-content\/uploads\/2012\/01\/Port-Milena-Bomba-ekologjike.5.jpg'><img width=\"150\" height=\"150\" src=\"https:\/\/www.visit-ulcinj.com\/blog\/wp-content\/uploads\/2012\/01\/Port-Milena-Bomba-ekologjike.5-150x150.jpg\" class=\"attachment-thumbnail size-thumbnail\" alt=\"\" loading=\"lazy\" \/><\/a>\n\t\t\t<\/dt><\/dl><dl class='gallery-item'>\n\t\t\t<dt class='gallery-icon landscape'>\n\t\t\t\t<a href='https:\/\/www.visit-ulcinj.com\/blog\/wp-content\/uploads\/2012\/01\/Port-Milena-Bomba-ekologjike.1.jpg'><img width=\"150\" height=\"150\" src=\"https:\/\/www.visit-ulcinj.com\/blog\/wp-content\/uploads\/2012\/01\/Port-Milena-Bomba-ekologjike.1-150x150.jpg\" class=\"attachment-thumbnail size-thumbnail\" alt=\"\" loading=\"lazy\" \/><\/a>\n\t\t\t<\/dt><\/dl><dl class='gallery-item'>\n\t\t\t<dt class='gallery-icon portrait'>\n\t\t\t\t<a href='https:\/\/www.visit-ulcinj.com\/blog\/wp-content\/uploads\/2012\/01\/Port-Milena-Bomba-ekologjike.2.jpg'><img width=\"150\" height=\"150\" src=\"https:\/\/www.visit-ulcinj.com\/blog\/wp-content\/uploads\/2012\/01\/Port-Milena-Bomba-ekologjike.2-150x150.jpg\" class=\"attachment-thumbnail size-thumbnail\" alt=\"\" loading=\"lazy\" \/><\/a>\n\t\t\t<\/dt><\/dl><br style=\"clear: both\" \/><dl class='gallery-item'>\n\t\t\t<dt class='gallery-icon portrait'>\n\t\t\t\t<a href='https:\/\/www.visit-ulcinj.com\/blog\/wp-content\/uploads\/2012\/01\/Port-Milena-Bomba-ekologjike.3.jpg'><img width=\"150\" height=\"150\" src=\"https:\/\/www.visit-ulcinj.com\/blog\/wp-content\/uploads\/2012\/01\/Port-Milena-Bomba-ekologjike.3-150x150.jpg\" class=\"attachment-thumbnail size-thumbnail\" alt=\"\" loading=\"lazy\" \/><\/a>\n\t\t\t<\/dt><\/dl><dl class='gallery-item'>\n\t\t\t<dt class='gallery-icon landscape'>\n\t\t\t\t<a href='https:\/\/www.visit-ulcinj.com\/blog\/wp-content\/uploads\/2012\/01\/Port-Milena-Bomba-ekologjike.4.jpg'><img width=\"150\" height=\"150\" src=\"https:\/\/www.visit-ulcinj.com\/blog\/wp-content\/uploads\/2012\/01\/Port-Milena-Bomba-ekologjike.4-150x150.jpg\" class=\"attachment-thumbnail size-thumbnail\" alt=\"\" loading=\"lazy\" \/><\/a>\n\t\t\t<\/dt><\/dl><dl class='gallery-item'>\n\t\t\t<dt class='gallery-icon landscape'>\n\t\t\t\t<a href='https:\/\/www.visit-ulcinj.com\/blog\/wp-content\/uploads\/2012\/01\/Port-Milena-Bomba-ekologjike.jpg'><img width=\"150\" height=\"150\" src=\"https:\/\/www.visit-ulcinj.com\/blog\/wp-content\/uploads\/2012\/01\/Port-Milena-Bomba-ekologjike-150x150.jpg\" class=\"attachment-thumbnail size-thumbnail\" alt=\"\" loading=\"lazy\" \/><\/a>\n\t\t\t<\/dt><\/dl><br style=\"clear: both\" \/>\n\t\t<\/div>\n\n<p><\/strong><br \/>\n<\/a><\/p>\n","protected":false},"excerpt":{"rendered":"<p>Problemet ekologjike n\u00eb Ulqin pritet t\u2019ju vije fundi,por sot ndodh\u00eb e kunderta.Ndotja e Port Milen\u00ebs shkaktohet dhe nga mbetjet q\u00eb vijn\u00eb nga Ulqini. Alarmi \u00ebsht\u00eb dh\u00ebn\u00eb nga specialist\u00eb dhe drejtues t\u00eb shoqatave mjedisore .Krahas problemeve t\u00eb tjera q\u00eb po kalon kanali I Port Milen\u00ebs si pasoj\u00eb e papast\u00ebrtive dhe inerteve t\u00eb shumta q\u00eb shkarkohen n\u00eb [&hellip;]<\/p>\n","protected":false},"author":1,"featured_media":0,"comment_status":"open","ping_status":"closed","sticky":false,"template":"","format":"standard","meta":{"spay_email":"","jetpack_publicize_message":"","jetpack_is_tweetstorm":false,"jetpack_publicize_feature_enabled":true},"categories":[13],"tags":[19872,295,200,18],"jetpack_publicize_connections":[],"yoast_head":"<!-- This site is optimized with the Yoast SEO plugin v19.1 - https:\/\/yoast.com\/wordpress\/plugins\/seo\/ -->\n<title>Port Milena \u201cBomba ekologjike\u201d gati per te shperthyer - Lajme nga Ulqini<\/title>\n<meta name=\"description\" content=\"Problemet ekologjike n\u00eb Ulqin pritet t\u2019ju vije fundi,por sot ndodh\u00eb e kunderta.Ndotja e Port Milen\u00ebs shkaktohet dhe nga mbetjet q\u00eb vijn\u00eb nga Ulqini.\" \/>\n<meta name=\"robots\" content=\"index, follow, max-snippet:-1, max-image-preview:large, max-video-preview:-1\" \/>\n<link rel=\"canonical\" href=\"https:\/\/www.visit-ulcinj.com\/blog\/2012\/01\/15\/port-milena-bomba-ekologjike-gati-per-te-shperthyer\/\" \/>\n<meta property=\"og:locale\" content=\"en_US\" \/>\n<meta property=\"og:type\" content=\"article\" \/>\n<meta property=\"og:title\" content=\"Port Milena \u201cBomba ekologjike\u201d gati per te shperthyer - Lajme nga Ulqini\" \/>\n<meta property=\"og:description\" content=\"Problemet ekologjike n\u00eb Ulqin pritet t\u2019ju vije fundi,por sot ndodh\u00eb e kunderta.Ndotja e Port Milen\u00ebs shkaktohet dhe nga mbetjet q\u00eb vijn\u00eb nga Ulqini.\" \/>\n<meta property=\"og:url\" content=\"https:\/\/www.visit-ulcinj.com\/blog\/2012\/01\/15\/port-milena-bomba-ekologjike-gati-per-te-shperthyer\/\" \/>\n<meta property=\"og:site_name\" content=\"Lajme nga Ulqini\" \/>\n<meta property=\"article:published_time\" content=\"2012-01-15T18:11:01+00:00\" \/>\n<meta property=\"og:image\" content=\"https:\/\/www.visit-ulcinj.com\/blog\/wp-content\/uploads\/2012\/01\/Port-Milena-Bomba-ekologjike.5-150x150.jpg\" \/>\n<meta name=\"twitter:label1\" content=\"Written by\" \/>\n\t<meta name=\"twitter:data1\" content=\"ulqini\" \/>\n\t<meta name=\"twitter:label2\" content=\"Est. reading time\" \/>\n\t<meta name=\"twitter:data2\" content=\"1 minute\" \/>\n<script type=\"application\/ld+json\" class=\"yoast-schema-graph\">{\"@context\":\"https:\/\/schema.org\",\"@graph\":[{\"@type\":\"WebSite\",\"@id\":\"https:\/\/www.visit-ulcinj.com\/blog\/#website\",\"url\":\"https:\/\/www.visit-ulcinj.com\/blog\/\",\"name\":\"Lajme nga Ulqini\",\"description\":\"Lajme,Vijesti,Ulqini,Ulqin,Crna Gora,Mali i Zi\",\"potentialAction\":[{\"@type\":\"SearchAction\",\"target\":{\"@type\":\"EntryPoint\",\"urlTemplate\":\"https:\/\/www.visit-ulcinj.com\/blog\/?s={search_term_string}\"},\"query-input\":\"required name=search_term_string\"}],\"inLanguage\":\"en-US\"},{\"@type\":\"ImageObject\",\"inLanguage\":\"en-US\",\"@id\":\"https:\/\/www.visit-ulcinj.com\/blog\/2012\/01\/15\/port-milena-bomba-ekologjike-gati-per-te-shperthyer\/#primaryimage\",\"url\":\"https:\/\/www.visit-ulcinj.com\/blog\/wp-content\/uploads\/2012\/01\/Port-Milena-Bomba-ekologjike.5.jpg\",\"contentUrl\":\"https:\/\/www.visit-ulcinj.com\/blog\/wp-content\/uploads\/2012\/01\/Port-Milena-Bomba-ekologjike.5.jpg\",\"width\":\"960\",\"height\":\"720\"},{\"@type\":\"WebPage\",\"@id\":\"https:\/\/www.visit-ulcinj.com\/blog\/2012\/01\/15\/port-milena-bomba-ekologjike-gati-per-te-shperthyer\/#webpage\",\"url\":\"https:\/\/www.visit-ulcinj.com\/blog\/2012\/01\/15\/port-milena-bomba-ekologjike-gati-per-te-shperthyer\/\",\"name\":\"Port Milena \u201cBomba ekologjike\u201d gati per te shperthyer - Lajme nga Ulqini\",\"isPartOf\":{\"@id\":\"https:\/\/www.visit-ulcinj.com\/blog\/#website\"},\"primaryImageOfPage\":{\"@id\":\"https:\/\/www.visit-ulcinj.com\/blog\/2012\/01\/15\/port-milena-bomba-ekologjike-gati-per-te-shperthyer\/#primaryimage\"},\"datePublished\":\"2012-01-15T18:11:01+00:00\",\"dateModified\":\"2012-01-15T18:11:01+00:00\",\"author\":{\"@id\":\"https:\/\/www.visit-ulcinj.com\/blog\/#\/schema\/person\/dcab619c614d3038751c63bc2aadc06d\"},\"description\":\"Problemet ekologjike n\u00eb Ulqin pritet t\u2019ju vije fundi,por sot ndodh\u00eb e kunderta.Ndotja e Port Milen\u00ebs shkaktohet dhe nga mbetjet q\u00eb vijn\u00eb nga Ulqini.\",\"breadcrumb\":{\"@id\":\"https:\/\/www.visit-ulcinj.com\/blog\/2012\/01\/15\/port-milena-bomba-ekologjike-gati-per-te-shperthyer\/#breadcrumb\"},\"inLanguage\":\"en-US\",\"potentialAction\":[{\"@type\":\"ReadAction\",\"target\":[\"https:\/\/www.visit-ulcinj.com\/blog\/2012\/01\/15\/port-milena-bomba-ekologjike-gati-per-te-shperthyer\/\"]}]},{\"@type\":\"BreadcrumbList\",\"@id\":\"https:\/\/www.visit-ulcinj.com\/blog\/2012\/01\/15\/port-milena-bomba-ekologjike-gati-per-te-shperthyer\/#breadcrumb\",\"itemListElement\":[{\"@type\":\"ListItem\",\"position\":1,\"name\":\"Port Milena \u201cBomba ekologjike\u201d gati per te shperthyer\"}]},{\"@type\":\"Person\",\"@id\":\"https:\/\/www.visit-ulcinj.com\/blog\/#\/schema\/person\/dcab619c614d3038751c63bc2aadc06d\",\"name\":\"ulqini\",\"sameAs\":[\"http:\/\/www.visit-ulcinj.com\"],\"url\":\"https:\/\/www.visit-ulcinj.com\/blog\/author\/admin\/\"}]}<\/script>\n<!-- \/ Yoast SEO plugin. -->","yoast_head_json":{"title":"Port Milena \u201cBomba ekologjike\u201d gati per te shperthyer - Lajme nga Ulqini","description":"Problemet ekologjike n\u00eb Ulqin pritet t\u2019ju vije fundi,por sot ndodh\u00eb e kunderta.Ndotja e Port Milen\u00ebs shkaktohet dhe nga mbetjet q\u00eb vijn\u00eb nga Ulqini.","robots":{"index":"index","follow":"follow","max-snippet":"max-snippet:-1","max-image-preview":"max-image-preview:large","max-video-preview":"max-video-preview:-1"},"canonical":"https:\/\/www.visit-ulcinj.com\/blog\/2012\/01\/15\/port-milena-bomba-ekologjike-gati-per-te-shperthyer\/","og_locale":"en_US","og_type":"article","og_title":"Port Milena \u201cBomba ekologjike\u201d gati per te shperthyer - Lajme nga Ulqini","og_description":"Problemet ekologjike n\u00eb Ulqin pritet t\u2019ju vije fundi,por sot ndodh\u00eb e kunderta.Ndotja e Port Milen\u00ebs shkaktohet dhe nga mbetjet q\u00eb vijn\u00eb nga Ulqini.","og_url":"https:\/\/www.visit-ulcinj.com\/blog\/2012\/01\/15\/port-milena-bomba-ekologjike-gati-per-te-shperthyer\/","og_site_name":"Lajme nga Ulqini","article_published_time":"2012-01-15T18:11:01+00:00","og_image":[{"url":"https:\/\/www.visit-ulcinj.com\/blog\/wp-content\/uploads\/2012\/01\/Port-Milena-Bomba-ekologjike.5-150x150.jpg"}],"twitter_misc":{"Written by":"ulqini","Est. reading time":"1 minute"},"schema":{"@context":"https:\/\/schema.org","@graph":[{"@type":"WebSite","@id":"https:\/\/www.visit-ulcinj.com\/blog\/#website","url":"https:\/\/www.visit-ulcinj.com\/blog\/","name":"Lajme nga Ulqini","description":"Lajme,Vijesti,Ulqini,Ulqin,Crna Gora,Mali i Zi","potentialAction":[{"@type":"SearchAction","target":{"@type":"EntryPoint","urlTemplate":"https:\/\/www.visit-ulcinj.com\/blog\/?s={search_term_string}"},"query-input":"required name=search_term_string"}],"inLanguage":"en-US"},{"@type":"ImageObject","inLanguage":"en-US","@id":"https:\/\/www.visit-ulcinj.com\/blog\/2012\/01\/15\/port-milena-bomba-ekologjike-gati-per-te-shperthyer\/#primaryimage","url":"https:\/\/www.visit-ulcinj.com\/blog\/wp-content\/uploads\/2012\/01\/Port-Milena-Bomba-ekologjike.5.jpg","contentUrl":"https:\/\/www.visit-ulcinj.com\/blog\/wp-content\/uploads\/2012\/01\/Port-Milena-Bomba-ekologjike.5.jpg","width":"960","height":"720"},{"@type":"WebPage","@id":"https:\/\/www.visit-ulcinj.com\/blog\/2012\/01\/15\/port-milena-bomba-ekologjike-gati-per-te-shperthyer\/#webpage","url":"https:\/\/www.visit-ulcinj.com\/blog\/2012\/01\/15\/port-milena-bomba-ekologjike-gati-per-te-shperthyer\/","name":"Port Milena \u201cBomba ekologjike\u201d gati per te shperthyer - Lajme nga Ulqini","isPartOf":{"@id":"https:\/\/www.visit-ulcinj.com\/blog\/#website"},"primaryImageOfPage":{"@id":"https:\/\/www.visit-ulcinj.com\/blog\/2012\/01\/15\/port-milena-bomba-ekologjike-gati-per-te-shperthyer\/#primaryimage"},"datePublished":"2012-01-15T18:11:01+00:00","dateModified":"2012-01-15T18:11:01+00:00","author":{"@id":"https:\/\/www.visit-ulcinj.com\/blog\/#\/schema\/person\/dcab619c614d3038751c63bc2aadc06d"},"description":"Problemet ekologjike n\u00eb Ulqin pritet t\u2019ju vije fundi,por sot ndodh\u00eb e kunderta.Ndotja e Port Milen\u00ebs shkaktohet dhe nga mbetjet q\u00eb vijn\u00eb nga Ulqini.","breadcrumb":{"@id":"https:\/\/www.visit-ulcinj.com\/blog\/2012\/01\/15\/port-milena-bomba-ekologjike-gati-per-te-shperthyer\/#breadcrumb"},"inLanguage":"en-US","potentialAction":[{"@type":"ReadAction","target":["https:\/\/www.visit-ulcinj.com\/blog\/2012\/01\/15\/port-milena-bomba-ekologjike-gati-per-te-shperthyer\/"]}]},{"@type":"BreadcrumbList","@id":"https:\/\/www.visit-ulcinj.com\/blog\/2012\/01\/15\/port-milena-bomba-ekologjike-gati-per-te-shperthyer\/#breadcrumb","itemListElement":[{"@type":"ListItem","position":1,"name":"Port Milena \u201cBomba ekologjike\u201d gati per te shperthyer"}]},{"@type":"Person","@id":"https:\/\/www.visit-ulcinj.com\/blog\/#\/schema\/person\/dcab619c614d3038751c63bc2aadc06d","name":"ulqini","sameAs":["http:\/\/www.visit-ulcinj.com"],"url":"https:\/\/www.visit-ulcinj.com\/blog\/author\/admin\/"}]}},"jetpack_featured_media_url":"","jetpack_sharing_enabled":true,"jetpack_shortlink":"https:\/\/wp.me\/pe6lTn-ezJ","_links":{"self":[{"href":"https:\/\/www.visit-ulcinj.com\/blog\/wp-json\/wp\/v2\/posts\/56031"}],"collection":[{"href":"https:\/\/www.visit-ulcinj.com\/blog\/wp-json\/wp\/v2\/posts"}],"about":[{"href":"https:\/\/www.visit-ulcinj.com\/blog\/wp-json\/wp\/v2\/types\/post"}],"author":[{"embeddable":true,"href":"https:\/\/www.visit-ulcinj.com\/blog\/wp-json\/wp\/v2\/users\/1"}],"replies":[{"embeddable":true,"href":"https:\/\/www.visit-ulcinj.com\/blog\/wp-json\/wp\/v2\/comments?post=56031"}],"version-history":[{"count":1,"href":"https:\/\/www.visit-ulcinj.com\/blog\/wp-json\/wp\/v2\/posts\/56031\/revisions"}],"predecessor-version":[{"id":56039,"href":"https:\/\/www.visit-ulcinj.com\/blog\/wp-json\/wp\/v2\/posts\/56031\/revisions\/56039"}],"wp:attachment":[{"href":"https:\/\/www.visit-ulcinj.com\/blog\/wp-json\/wp\/v2\/media?parent=56031"}],"wp:term":[{"taxonomy":"category","embeddable":true,"href":"https:\/\/www.visit-ulcinj.com\/blog\/wp-json\/wp\/v2\/categories?post=56031"},{"taxonomy":"post_tag","embeddable":true,"href":"https:\/\/www.visit-ulcinj.com\/blog\/wp-json\/wp\/v2\/tags?post=56031"}],"curies":[{"name":"wp","href":"https:\/\/api.w.org\/{rel}","templated":true}]}}