{"id":5605,"date":"2008-11-07T09:55:52","date_gmt":"2008-11-07T14:55:52","guid":{"rendered":"http:\/\/www.visit-ulcinj.com\/blog\/?p=5605"},"modified":"2008-11-07T09:55:52","modified_gmt":"2008-11-07T14:55:52","slug":"arta-bajraminjeriu-qe-me-ben-te-eci-perpara","status":"publish","type":"post","link":"https:\/\/www.visit-ulcinj.com\/blog\/2008\/11\/07\/arta-bajraminjeriu-qe-me-ben-te-eci-perpara\/","title":{"rendered":"Arta Bajrami:Njeriu qe me ben te eci perpara"},"content":{"rendered":"<p><a href=\"http:\/\/www.visit-ulcinj.com\/blog\/wp-content\/uploads\/2008\/11\/arta-bajrami.jpg\"><img loading=\"lazy\" class=\"alignleft size-medium wp-image-5606\" title=\"arta-bajrami\" src=\"http:\/\/www.visit-ulcinj.com\/blog\/wp-content\/uploads\/2008\/11\/arta-bajrami-228x300.jpg\" alt=\"\" width=\"228\" height=\"300\" srcset=\"https:\/\/www.visit-ulcinj.com\/blog\/wp-content\/uploads\/2008\/11\/arta-bajrami-228x300.jpg 228w, https:\/\/www.visit-ulcinj.com\/blog\/wp-content\/uploads\/2008\/11\/arta-bajrami.jpg 400w\" sizes=\"(max-width: 228px) 100vw, 228px\" \/><\/a>K\u00ebng\u00ebtarja e njohur kosovare, Arta Bajrami, ka th\u00ebn\u00eb se gjat\u00eb jet\u00ebs s\u00eb saj ajo \u00ebsht\u00eb nxitur m\u00eb tep\u00ebr nga babai, nd\u00ebrsa fjal\u00ebt e men\u00e7ura i ka d\u00ebgjuar nga n\u00ebna. \u201cBabi ka qene nj\u00eb p\u00ebrkrah\u00ebs i imi gjat\u00eb t\u00ebr\u00eb jet\u00ebs sime. Un\u00eb edhe p\u00ebr nga shume tipare i ngjaj atij. P\u00ebrheq talentit p\u00ebr k\u00ebndim kemi edhe shume gjera tjera te p\u00ebrbashk\u00ebta, si humorin, karakterin etj.\u201d- \u00ebsht\u00eb shprehur ajo.<br \/>\n\u201cN\u00ebna ime gjithmon\u00eb m\u00eb ka m\u00ebsuar q\u00eb t\u00eb zgjedh nj\u00eb rrug\u00eb t\u00eb sigurt n\u00eb jet\u00eb. Mos t\u00eb mashtrohem nga t\u00eb mirat e \u00e7astit, por t\u00eb luftoj p\u00ebr at\u00eb q\u00eb zgjat sa edhe vet jeta\u201d, \u00ebsht\u00eb shprehur Arta\u201d- tregon Arta.<br \/>\nNd\u00ebrsa pavar\u00ebsisht mb\u00ebshtetjes q\u00eb ka pasur, Arta \u00ebsht\u00eb shprehur se n\u00eb fund gjith\u00e7ka duhet ta b\u00ebsh vet\u00eb.<br \/>\n\u201cVet\u00eb m\u00eb \u00ebsht\u00eb dashur t\u00eb m\u00ebsoj se si t\u00eb p\u00ebrballem me jet\u00ebn q\u00eb nuk t\u00eb kursen asnj\u00ebher\u00eb. Pavar\u00ebsisht je i dob\u00ebt, i fort\u00eb, je f\u00ebmij\u00eb i pambrojtur apo je nj\u00eb luft\u00ebtar i guximsh\u00ebm. Jeta t\u00eb sfidon gjat\u00eb t\u00ebr\u00eb koh\u00ebs dhe ne duhet t\u00eb jemi t\u00eb p\u00ebrgatitur. Pra, t\u00eb mos na befasoj\u00eb\u201d-p\u00ebrfundon k\u00ebng\u00ebtarja.<\/p>\n<!--YouTube Error: bad URL entered-->\n","protected":false},"excerpt":{"rendered":"<p>K\u00ebng\u00ebtarja e njohur kosovare, Arta Bajrami, ka th\u00ebn\u00eb se gjat\u00eb jet\u00ebs s\u00eb saj ajo \u00ebsht\u00eb nxitur m\u00eb tep\u00ebr nga babai, nd\u00ebrsa fjal\u00ebt e men\u00e7ura i ka d\u00ebgjuar nga n\u00ebna. \u201cBabi ka qene nj\u00eb p\u00ebrkrah\u00ebs i imi gjat\u00eb t\u00ebr\u00eb jet\u00ebs sime. Un\u00eb edhe p\u00ebr nga shume tipare i ngjaj atij. P\u00ebrheq talentit p\u00ebr k\u00ebndim kemi edhe [&hellip;]<\/p>\n","protected":false},"author":1,"featured_media":0,"comment_status":"open","ping_status":"closed","sticky":false,"template":"","format":"standard","meta":{"spay_email":"","jetpack_publicize_message":"","jetpack_is_tweetstorm":false,"jetpack_publicize_feature_enabled":true},"categories":[1],"tags":[4955],"jetpack_publicize_connections":[],"yoast_head":"<!-- This site is optimized with the Yoast SEO plugin v19.1 - https:\/\/yoast.com\/wordpress\/plugins\/seo\/ -->\n<title>Arta Bajrami:Njeriu qe me ben te eci perpara - Lajme nga Ulqini<\/title>\n<meta name=\"description\" content=\"K\u00ebng\u00ebtarja e njohur kosovare, Arta Bajrami, ka th\u00ebn\u00eb se gjat\u00eb jet\u00ebs s\u00eb saj ajo \u00ebsht\u00eb nxitur m\u00eb tep\u00ebr nga babai, nd\u00ebrsa fjal\u00ebt e men\u00e7ura i ka d\u00ebgjuar nga\" \/>\n<meta name=\"robots\" content=\"index, follow, max-snippet:-1, max-image-preview:large, max-video-preview:-1\" \/>\n<link rel=\"canonical\" href=\"https:\/\/www.visit-ulcinj.com\/blog\/2008\/11\/07\/arta-bajraminjeriu-qe-me-ben-te-eci-perpara\/\" \/>\n<meta property=\"og:locale\" content=\"en_US\" \/>\n<meta property=\"og:type\" content=\"article\" \/>\n<meta property=\"og:title\" content=\"Arta Bajrami:Njeriu qe me ben te eci perpara - Lajme nga Ulqini\" \/>\n<meta property=\"og:description\" content=\"K\u00ebng\u00ebtarja e njohur kosovare, Arta Bajrami, ka th\u00ebn\u00eb se gjat\u00eb jet\u00ebs s\u00eb saj ajo \u00ebsht\u00eb nxitur m\u00eb tep\u00ebr nga babai, nd\u00ebrsa fjal\u00ebt e men\u00e7ura i ka d\u00ebgjuar nga\" \/>\n<meta property=\"og:url\" content=\"https:\/\/www.visit-ulcinj.com\/blog\/2008\/11\/07\/arta-bajraminjeriu-qe-me-ben-te-eci-perpara\/\" \/>\n<meta property=\"og:site_name\" content=\"Lajme nga Ulqini\" \/>\n<meta property=\"article:published_time\" content=\"2008-11-07T14:55:52+00:00\" \/>\n<meta property=\"og:image\" content=\"http:\/\/www.visit-ulcinj.com\/blog\/wp-content\/uploads\/2008\/11\/arta-bajrami-228x300.jpg\" \/>\n<meta name=\"twitter:label1\" content=\"Written by\" \/>\n\t<meta name=\"twitter:data1\" content=\"ulqini\" \/>\n\t<meta name=\"twitter:label2\" content=\"Est. reading time\" \/>\n\t<meta name=\"twitter:data2\" content=\"1 minute\" \/>\n<script type=\"application\/ld+json\" class=\"yoast-schema-graph\">{\"@context\":\"https:\/\/schema.org\",\"@graph\":[{\"@type\":\"WebSite\",\"@id\":\"https:\/\/www.visit-ulcinj.com\/blog\/#website\",\"url\":\"https:\/\/www.visit-ulcinj.com\/blog\/\",\"name\":\"Lajme nga Ulqini\",\"description\":\"Lajme,Vijesti,Ulqini,Ulqin,Crna Gora,Mali i Zi\",\"potentialAction\":[{\"@type\":\"SearchAction\",\"target\":{\"@type\":\"EntryPoint\",\"urlTemplate\":\"https:\/\/www.visit-ulcinj.com\/blog\/?s={search_term_string}\"},\"query-input\":\"required name=search_term_string\"}],\"inLanguage\":\"en-US\"},{\"@type\":\"ImageObject\",\"inLanguage\":\"en-US\",\"@id\":\"https:\/\/www.visit-ulcinj.com\/blog\/2008\/11\/07\/arta-bajraminjeriu-qe-me-ben-te-eci-perpara\/#primaryimage\",\"url\":\"http:\/\/www.visit-ulcinj.com\/blog\/wp-content\/uploads\/2008\/11\/arta-bajrami-228x300.jpg\",\"contentUrl\":\"http:\/\/www.visit-ulcinj.com\/blog\/wp-content\/uploads\/2008\/11\/arta-bajrami-228x300.jpg\"},{\"@type\":\"WebPage\",\"@id\":\"https:\/\/www.visit-ulcinj.com\/blog\/2008\/11\/07\/arta-bajraminjeriu-qe-me-ben-te-eci-perpara\/#webpage\",\"url\":\"https:\/\/www.visit-ulcinj.com\/blog\/2008\/11\/07\/arta-bajraminjeriu-qe-me-ben-te-eci-perpara\/\",\"name\":\"Arta Bajrami:Njeriu qe me ben te eci perpara - Lajme nga Ulqini\",\"isPartOf\":{\"@id\":\"https:\/\/www.visit-ulcinj.com\/blog\/#website\"},\"primaryImageOfPage\":{\"@id\":\"https:\/\/www.visit-ulcinj.com\/blog\/2008\/11\/07\/arta-bajraminjeriu-qe-me-ben-te-eci-perpara\/#primaryimage\"},\"datePublished\":\"2008-11-07T14:55:52+00:00\",\"dateModified\":\"2008-11-07T14:55:52+00:00\",\"author\":{\"@id\":\"https:\/\/www.visit-ulcinj.com\/blog\/#\/schema\/person\/dcab619c614d3038751c63bc2aadc06d\"},\"description\":\"K\u00ebng\u00ebtarja e njohur kosovare, Arta Bajrami, ka th\u00ebn\u00eb se gjat\u00eb jet\u00ebs s\u00eb saj ajo \u00ebsht\u00eb nxitur m\u00eb tep\u00ebr nga babai, nd\u00ebrsa fjal\u00ebt e men\u00e7ura i ka d\u00ebgjuar nga\",\"breadcrumb\":{\"@id\":\"https:\/\/www.visit-ulcinj.com\/blog\/2008\/11\/07\/arta-bajraminjeriu-qe-me-ben-te-eci-perpara\/#breadcrumb\"},\"inLanguage\":\"en-US\",\"potentialAction\":[{\"@type\":\"ReadAction\",\"target\":[\"https:\/\/www.visit-ulcinj.com\/blog\/2008\/11\/07\/arta-bajraminjeriu-qe-me-ben-te-eci-perpara\/\"]}]},{\"@type\":\"BreadcrumbList\",\"@id\":\"https:\/\/www.visit-ulcinj.com\/blog\/2008\/11\/07\/arta-bajraminjeriu-qe-me-ben-te-eci-perpara\/#breadcrumb\",\"itemListElement\":[{\"@type\":\"ListItem\",\"position\":1,\"name\":\"Arta Bajrami:Njeriu qe me ben te eci perpara\"}]},{\"@type\":\"Person\",\"@id\":\"https:\/\/www.visit-ulcinj.com\/blog\/#\/schema\/person\/dcab619c614d3038751c63bc2aadc06d\",\"name\":\"ulqini\",\"sameAs\":[\"http:\/\/www.visit-ulcinj.com\"],\"url\":\"https:\/\/www.visit-ulcinj.com\/blog\/author\/admin\/\"}]}<\/script>\n<!-- \/ Yoast SEO plugin. -->","yoast_head_json":{"title":"Arta Bajrami:Njeriu qe me ben te eci perpara - Lajme nga Ulqini","description":"K\u00ebng\u00ebtarja e njohur kosovare, Arta Bajrami, ka th\u00ebn\u00eb se gjat\u00eb jet\u00ebs s\u00eb saj ajo \u00ebsht\u00eb nxitur m\u00eb tep\u00ebr nga babai, nd\u00ebrsa fjal\u00ebt e men\u00e7ura i ka d\u00ebgjuar nga","robots":{"index":"index","follow":"follow","max-snippet":"max-snippet:-1","max-image-preview":"max-image-preview:large","max-video-preview":"max-video-preview:-1"},"canonical":"https:\/\/www.visit-ulcinj.com\/blog\/2008\/11\/07\/arta-bajraminjeriu-qe-me-ben-te-eci-perpara\/","og_locale":"en_US","og_type":"article","og_title":"Arta Bajrami:Njeriu qe me ben te eci perpara - Lajme nga Ulqini","og_description":"K\u00ebng\u00ebtarja e njohur kosovare, Arta Bajrami, ka th\u00ebn\u00eb se gjat\u00eb jet\u00ebs s\u00eb saj ajo \u00ebsht\u00eb nxitur m\u00eb tep\u00ebr nga babai, nd\u00ebrsa fjal\u00ebt e men\u00e7ura i ka d\u00ebgjuar nga","og_url":"https:\/\/www.visit-ulcinj.com\/blog\/2008\/11\/07\/arta-bajraminjeriu-qe-me-ben-te-eci-perpara\/","og_site_name":"Lajme nga Ulqini","article_published_time":"2008-11-07T14:55:52+00:00","og_image":[{"url":"http:\/\/www.visit-ulcinj.com\/blog\/wp-content\/uploads\/2008\/11\/arta-bajrami-228x300.jpg"}],"twitter_misc":{"Written by":"ulqini","Est. reading time":"1 minute"},"schema":{"@context":"https:\/\/schema.org","@graph":[{"@type":"WebSite","@id":"https:\/\/www.visit-ulcinj.com\/blog\/#website","url":"https:\/\/www.visit-ulcinj.com\/blog\/","name":"Lajme nga Ulqini","description":"Lajme,Vijesti,Ulqini,Ulqin,Crna Gora,Mali i Zi","potentialAction":[{"@type":"SearchAction","target":{"@type":"EntryPoint","urlTemplate":"https:\/\/www.visit-ulcinj.com\/blog\/?s={search_term_string}"},"query-input":"required name=search_term_string"}],"inLanguage":"en-US"},{"@type":"ImageObject","inLanguage":"en-US","@id":"https:\/\/www.visit-ulcinj.com\/blog\/2008\/11\/07\/arta-bajraminjeriu-qe-me-ben-te-eci-perpara\/#primaryimage","url":"http:\/\/www.visit-ulcinj.com\/blog\/wp-content\/uploads\/2008\/11\/arta-bajrami-228x300.jpg","contentUrl":"http:\/\/www.visit-ulcinj.com\/blog\/wp-content\/uploads\/2008\/11\/arta-bajrami-228x300.jpg"},{"@type":"WebPage","@id":"https:\/\/www.visit-ulcinj.com\/blog\/2008\/11\/07\/arta-bajraminjeriu-qe-me-ben-te-eci-perpara\/#webpage","url":"https:\/\/www.visit-ulcinj.com\/blog\/2008\/11\/07\/arta-bajraminjeriu-qe-me-ben-te-eci-perpara\/","name":"Arta Bajrami:Njeriu qe me ben te eci perpara - Lajme nga Ulqini","isPartOf":{"@id":"https:\/\/www.visit-ulcinj.com\/blog\/#website"},"primaryImageOfPage":{"@id":"https:\/\/www.visit-ulcinj.com\/blog\/2008\/11\/07\/arta-bajraminjeriu-qe-me-ben-te-eci-perpara\/#primaryimage"},"datePublished":"2008-11-07T14:55:52+00:00","dateModified":"2008-11-07T14:55:52+00:00","author":{"@id":"https:\/\/www.visit-ulcinj.com\/blog\/#\/schema\/person\/dcab619c614d3038751c63bc2aadc06d"},"description":"K\u00ebng\u00ebtarja e njohur kosovare, Arta Bajrami, ka th\u00ebn\u00eb se gjat\u00eb jet\u00ebs s\u00eb saj ajo \u00ebsht\u00eb nxitur m\u00eb tep\u00ebr nga babai, nd\u00ebrsa fjal\u00ebt e men\u00e7ura i ka d\u00ebgjuar nga","breadcrumb":{"@id":"https:\/\/www.visit-ulcinj.com\/blog\/2008\/11\/07\/arta-bajraminjeriu-qe-me-ben-te-eci-perpara\/#breadcrumb"},"inLanguage":"en-US","potentialAction":[{"@type":"ReadAction","target":["https:\/\/www.visit-ulcinj.com\/blog\/2008\/11\/07\/arta-bajraminjeriu-qe-me-ben-te-eci-perpara\/"]}]},{"@type":"BreadcrumbList","@id":"https:\/\/www.visit-ulcinj.com\/blog\/2008\/11\/07\/arta-bajraminjeriu-qe-me-ben-te-eci-perpara\/#breadcrumb","itemListElement":[{"@type":"ListItem","position":1,"name":"Arta Bajrami:Njeriu qe me ben te eci perpara"}]},{"@type":"Person","@id":"https:\/\/www.visit-ulcinj.com\/blog\/#\/schema\/person\/dcab619c614d3038751c63bc2aadc06d","name":"ulqini","sameAs":["http:\/\/www.visit-ulcinj.com"],"url":"https:\/\/www.visit-ulcinj.com\/blog\/author\/admin\/"}]}},"jetpack_featured_media_url":"","jetpack_sharing_enabled":true,"jetpack_shortlink":"https:\/\/wp.me\/pe6lTn-1sp","_links":{"self":[{"href":"https:\/\/www.visit-ulcinj.com\/blog\/wp-json\/wp\/v2\/posts\/5605"}],"collection":[{"href":"https:\/\/www.visit-ulcinj.com\/blog\/wp-json\/wp\/v2\/posts"}],"about":[{"href":"https:\/\/www.visit-ulcinj.com\/blog\/wp-json\/wp\/v2\/types\/post"}],"author":[{"embeddable":true,"href":"https:\/\/www.visit-ulcinj.com\/blog\/wp-json\/wp\/v2\/users\/1"}],"replies":[{"embeddable":true,"href":"https:\/\/www.visit-ulcinj.com\/blog\/wp-json\/wp\/v2\/comments?post=5605"}],"version-history":[{"count":0,"href":"https:\/\/www.visit-ulcinj.com\/blog\/wp-json\/wp\/v2\/posts\/5605\/revisions"}],"wp:attachment":[{"href":"https:\/\/www.visit-ulcinj.com\/blog\/wp-json\/wp\/v2\/media?parent=5605"}],"wp:term":[{"taxonomy":"category","embeddable":true,"href":"https:\/\/www.visit-ulcinj.com\/blog\/wp-json\/wp\/v2\/categories?post=5605"},{"taxonomy":"post_tag","embeddable":true,"href":"https:\/\/www.visit-ulcinj.com\/blog\/wp-json\/wp\/v2\/tags?post=5605"}],"curies":[{"name":"wp","href":"https:\/\/api.w.org\/{rel}","templated":true}]}}