{"id":56062,"date":"2012-01-17T16:38:55","date_gmt":"2012-01-17T15:38:55","guid":{"rendered":"http:\/\/www.visit-ulcinj.com\/blog\/?p=56062"},"modified":"2012-01-17T16:38:55","modified_gmt":"2012-01-17T15:38:55","slug":"uskoro-eksproprijacija-zemljista-na-dionici-krute-vladimir","status":"publish","type":"post","link":"https:\/\/www.visit-ulcinj.com\/blog\/2012\/01\/17\/uskoro-eksproprijacija-zemljista-na-dionici-krute-vladimir\/","title":{"rendered":"Uskoro eksproprijacija zemlji\u0161ta na dionici Krute-Vladimir"},"content":{"rendered":"<p><a href=\"http:\/\/www.visit-ulcinj.com\/blog\/wp-content\/uploads\/2012\/01\/Rruga_Krytha_Katerkoll\u00eb_Ulqin.jpg\"><img loading=\"lazy\" class=\"alignleft  wp-image-56063\" title=\"Rruga_Krytha_Katerkoll\u00eb_Ulqin\" src=\"http:\/\/www.visit-ulcinj.com\/blog\/wp-content\/uploads\/2012\/01\/Rruga_Krytha_Katerkoll\u00eb_Ulqin.jpg\" alt=\"\" width=\"508\" height=\"380\" srcset=\"https:\/\/www.visit-ulcinj.com\/blog\/wp-content\/uploads\/2012\/01\/Rruga_Krytha_Katerkoll\u00eb_Ulqin.jpg 991w, https:\/\/www.visit-ulcinj.com\/blog\/wp-content\/uploads\/2012\/01\/Rruga_Krytha_Katerkoll\u00eb_Ulqin-300x224.jpg 300w\" sizes=\"(max-width: 508px) 100vw, 508px\" \/><\/a>Vlada je na posljednjoj sjednici donijela Odluku o utvr\u0111ivanju javnog interesa za eksproprijaciju nepokretnosti za rekonstrukciju magistralnog puta Krute-Vladimir.<\/p>\n<p>Direktor Direkcije za saobra\u0107aj Veselin Grbovi\u0107, kazao je Portalu Analitika da \u0107e Komisija za procjenu nepokretnosti utvrditi vrijednost zemlji\u0161ta, nakon \u010dega \u0107e se izvr\u0161iti eksproprijacija.<\/p>\n<p>&#8211; Poslovi oko te dionice mogli bi da po\u010dnu poslije ljetnje turisti\u010dke sezone, kada \u0107emo znati vrijednost projekta, naveo je Grbovi\u0107.<\/p>\n<p>Trentno se radi dionica do Sukobina i vrijednost tog puta je oko 2,5 miliona eura.<\/p>\n<p>S obzirom na visoku frekvenciju saobra\u0107aja na ovom putnom pravcu i negov ukupan zna\u010daj za gra\u0111ane i privredu, projektom je predvi\u0111ena temeljna rekonstrukcija dionice Krute-Vladimir u du\u017eini od 4.750 m, \u010dime \u0107e se dobiti moderna saobra\u0107ajnica, koja zadovoljava sve standarde za nesmetano i bezbijedno odvijanje saobra\u0107aja.<\/p>\n<p><a href=\"http:\/\/www.portalanalitika.me\/ekonomija\/vijesti\/48321-uskoro-eksproprijacija-zemljita-na-dionici-krute-vladimir.html\" target=\"_blank\"><strong>Analitika &#8211; Informativni Portal<\/strong><\/a><\/p>\n","protected":false},"excerpt":{"rendered":"<p>Vlada je na posljednjoj sjednici donijela Odluku o utvr\u0111ivanju javnog interesa za eksproprijaciju nepokretnosti za rekonstrukciju magistralnog puta Krute-Vladimir. Direktor Direkcije za saobra\u0107aj Veselin Grbovi\u0107, kazao je Portalu Analitika da \u0107e Komisija za procjenu nepokretnosti utvrditi vrijednost zemlji\u0161ta, nakon \u010dega \u0107e se izvr\u0161iti eksproprijacija. &#8211; Poslovi oko te dionice mogli bi da po\u010dnu poslije ljetnje [&hellip;]<\/p>\n","protected":false},"author":1,"featured_media":0,"comment_status":"open","ping_status":"closed","sticky":false,"template":"","format":"standard","meta":{"spay_email":"","jetpack_publicize_message":"","jetpack_is_tweetstorm":false,"jetpack_publicize_feature_enabled":true},"categories":[8337],"tags":[4625,19,16580],"jetpack_publicize_connections":[],"yoast_head":"<!-- This site is optimized with the Yoast SEO plugin v19.1 - https:\/\/yoast.com\/wordpress\/plugins\/seo\/ -->\n<title>Uskoro eksproprijacija zemlji\u0161ta na dionici Krute-Vladimir - Lajme nga Ulqini<\/title>\n<meta name=\"description\" content=\"Vlada je na posljednjoj sjednici donijela Odluku o utvr\u0111ivanju javnog interesa za eksproprijaciju nepokretnosti za rekonstrukciju magistralnog puta\" \/>\n<meta name=\"robots\" content=\"index, follow, max-snippet:-1, max-image-preview:large, max-video-preview:-1\" \/>\n<link rel=\"canonical\" href=\"https:\/\/www.visit-ulcinj.com\/blog\/2012\/01\/17\/uskoro-eksproprijacija-zemljista-na-dionici-krute-vladimir\/\" \/>\n<meta property=\"og:locale\" content=\"en_US\" \/>\n<meta property=\"og:type\" content=\"article\" \/>\n<meta property=\"og:title\" content=\"Uskoro eksproprijacija zemlji\u0161ta na dionici Krute-Vladimir - Lajme nga Ulqini\" \/>\n<meta property=\"og:description\" content=\"Vlada je na posljednjoj sjednici donijela Odluku o utvr\u0111ivanju javnog interesa za eksproprijaciju nepokretnosti za rekonstrukciju magistralnog puta\" \/>\n<meta property=\"og:url\" content=\"https:\/\/www.visit-ulcinj.com\/blog\/2012\/01\/17\/uskoro-eksproprijacija-zemljista-na-dionici-krute-vladimir\/\" \/>\n<meta property=\"og:site_name\" content=\"Lajme nga Ulqini\" \/>\n<meta property=\"article:published_time\" content=\"2012-01-17T15:38:55+00:00\" \/>\n<meta name=\"twitter:label1\" content=\"Written by\" \/>\n\t<meta name=\"twitter:data1\" content=\"ulqini\" \/>\n\t<meta name=\"twitter:label2\" content=\"Est. reading time\" \/>\n\t<meta name=\"twitter:data2\" content=\"1 minute\" \/>\n<script type=\"application\/ld+json\" class=\"yoast-schema-graph\">{\"@context\":\"https:\/\/schema.org\",\"@graph\":[{\"@type\":\"WebSite\",\"@id\":\"https:\/\/www.visit-ulcinj.com\/blog\/#website\",\"url\":\"https:\/\/www.visit-ulcinj.com\/blog\/\",\"name\":\"Lajme nga Ulqini\",\"description\":\"Lajme,Vijesti,Ulqini,Ulqin,Crna Gora,Mali i Zi\",\"potentialAction\":[{\"@type\":\"SearchAction\",\"target\":{\"@type\":\"EntryPoint\",\"urlTemplate\":\"https:\/\/www.visit-ulcinj.com\/blog\/?s={search_term_string}\"},\"query-input\":\"required name=search_term_string\"}],\"inLanguage\":\"en-US\"},{\"@type\":\"WebPage\",\"@id\":\"https:\/\/www.visit-ulcinj.com\/blog\/2012\/01\/17\/uskoro-eksproprijacija-zemljista-na-dionici-krute-vladimir\/#webpage\",\"url\":\"https:\/\/www.visit-ulcinj.com\/blog\/2012\/01\/17\/uskoro-eksproprijacija-zemljista-na-dionici-krute-vladimir\/\",\"name\":\"Uskoro eksproprijacija zemlji\u0161ta na dionici Krute-Vladimir - Lajme nga Ulqini\",\"isPartOf\":{\"@id\":\"https:\/\/www.visit-ulcinj.com\/blog\/#website\"},\"datePublished\":\"2012-01-17T15:38:55+00:00\",\"dateModified\":\"2012-01-17T15:38:55+00:00\",\"author\":{\"@id\":\"https:\/\/www.visit-ulcinj.com\/blog\/#\/schema\/person\/dcab619c614d3038751c63bc2aadc06d\"},\"description\":\"Vlada je na posljednjoj sjednici donijela Odluku o utvr\u0111ivanju javnog interesa za eksproprijaciju nepokretnosti za rekonstrukciju magistralnog puta\",\"breadcrumb\":{\"@id\":\"https:\/\/www.visit-ulcinj.com\/blog\/2012\/01\/17\/uskoro-eksproprijacija-zemljista-na-dionici-krute-vladimir\/#breadcrumb\"},\"inLanguage\":\"en-US\",\"potentialAction\":[{\"@type\":\"ReadAction\",\"target\":[\"https:\/\/www.visit-ulcinj.com\/blog\/2012\/01\/17\/uskoro-eksproprijacija-zemljista-na-dionici-krute-vladimir\/\"]}]},{\"@type\":\"BreadcrumbList\",\"@id\":\"https:\/\/www.visit-ulcinj.com\/blog\/2012\/01\/17\/uskoro-eksproprijacija-zemljista-na-dionici-krute-vladimir\/#breadcrumb\",\"itemListElement\":[{\"@type\":\"ListItem\",\"position\":1,\"name\":\"Uskoro eksproprijacija zemlji\u0161ta na dionici Krute-Vladimir\"}]},{\"@type\":\"Person\",\"@id\":\"https:\/\/www.visit-ulcinj.com\/blog\/#\/schema\/person\/dcab619c614d3038751c63bc2aadc06d\",\"name\":\"ulqini\",\"sameAs\":[\"http:\/\/www.visit-ulcinj.com\"],\"url\":\"https:\/\/www.visit-ulcinj.com\/blog\/author\/admin\/\"}]}<\/script>\n<!-- \/ Yoast SEO plugin. -->","yoast_head_json":{"title":"Uskoro eksproprijacija zemlji\u0161ta na dionici Krute-Vladimir - Lajme nga Ulqini","description":"Vlada je na posljednjoj sjednici donijela Odluku o utvr\u0111ivanju javnog interesa za eksproprijaciju nepokretnosti za rekonstrukciju magistralnog puta","robots":{"index":"index","follow":"follow","max-snippet":"max-snippet:-1","max-image-preview":"max-image-preview:large","max-video-preview":"max-video-preview:-1"},"canonical":"https:\/\/www.visit-ulcinj.com\/blog\/2012\/01\/17\/uskoro-eksproprijacija-zemljista-na-dionici-krute-vladimir\/","og_locale":"en_US","og_type":"article","og_title":"Uskoro eksproprijacija zemlji\u0161ta na dionici Krute-Vladimir - Lajme nga Ulqini","og_description":"Vlada je na posljednjoj sjednici donijela Odluku o utvr\u0111ivanju javnog interesa za eksproprijaciju nepokretnosti za rekonstrukciju magistralnog puta","og_url":"https:\/\/www.visit-ulcinj.com\/blog\/2012\/01\/17\/uskoro-eksproprijacija-zemljista-na-dionici-krute-vladimir\/","og_site_name":"Lajme nga Ulqini","article_published_time":"2012-01-17T15:38:55+00:00","twitter_misc":{"Written by":"ulqini","Est. reading time":"1 minute"},"schema":{"@context":"https:\/\/schema.org","@graph":[{"@type":"WebSite","@id":"https:\/\/www.visit-ulcinj.com\/blog\/#website","url":"https:\/\/www.visit-ulcinj.com\/blog\/","name":"Lajme nga Ulqini","description":"Lajme,Vijesti,Ulqini,Ulqin,Crna Gora,Mali i Zi","potentialAction":[{"@type":"SearchAction","target":{"@type":"EntryPoint","urlTemplate":"https:\/\/www.visit-ulcinj.com\/blog\/?s={search_term_string}"},"query-input":"required name=search_term_string"}],"inLanguage":"en-US"},{"@type":"WebPage","@id":"https:\/\/www.visit-ulcinj.com\/blog\/2012\/01\/17\/uskoro-eksproprijacija-zemljista-na-dionici-krute-vladimir\/#webpage","url":"https:\/\/www.visit-ulcinj.com\/blog\/2012\/01\/17\/uskoro-eksproprijacija-zemljista-na-dionici-krute-vladimir\/","name":"Uskoro eksproprijacija zemlji\u0161ta na dionici Krute-Vladimir - Lajme nga Ulqini","isPartOf":{"@id":"https:\/\/www.visit-ulcinj.com\/blog\/#website"},"datePublished":"2012-01-17T15:38:55+00:00","dateModified":"2012-01-17T15:38:55+00:00","author":{"@id":"https:\/\/www.visit-ulcinj.com\/blog\/#\/schema\/person\/dcab619c614d3038751c63bc2aadc06d"},"description":"Vlada je na posljednjoj sjednici donijela Odluku o utvr\u0111ivanju javnog interesa za eksproprijaciju nepokretnosti za rekonstrukciju magistralnog puta","breadcrumb":{"@id":"https:\/\/www.visit-ulcinj.com\/blog\/2012\/01\/17\/uskoro-eksproprijacija-zemljista-na-dionici-krute-vladimir\/#breadcrumb"},"inLanguage":"en-US","potentialAction":[{"@type":"ReadAction","target":["https:\/\/www.visit-ulcinj.com\/blog\/2012\/01\/17\/uskoro-eksproprijacija-zemljista-na-dionici-krute-vladimir\/"]}]},{"@type":"BreadcrumbList","@id":"https:\/\/www.visit-ulcinj.com\/blog\/2012\/01\/17\/uskoro-eksproprijacija-zemljista-na-dionici-krute-vladimir\/#breadcrumb","itemListElement":[{"@type":"ListItem","position":1,"name":"Uskoro eksproprijacija zemlji\u0161ta na dionici Krute-Vladimir"}]},{"@type":"Person","@id":"https:\/\/www.visit-ulcinj.com\/blog\/#\/schema\/person\/dcab619c614d3038751c63bc2aadc06d","name":"ulqini","sameAs":["http:\/\/www.visit-ulcinj.com"],"url":"https:\/\/www.visit-ulcinj.com\/blog\/author\/admin\/"}]}},"jetpack_featured_media_url":"","jetpack_sharing_enabled":true,"jetpack_shortlink":"https:\/\/wp.me\/pe6lTn-eAe","_links":{"self":[{"href":"https:\/\/www.visit-ulcinj.com\/blog\/wp-json\/wp\/v2\/posts\/56062"}],"collection":[{"href":"https:\/\/www.visit-ulcinj.com\/blog\/wp-json\/wp\/v2\/posts"}],"about":[{"href":"https:\/\/www.visit-ulcinj.com\/blog\/wp-json\/wp\/v2\/types\/post"}],"author":[{"embeddable":true,"href":"https:\/\/www.visit-ulcinj.com\/blog\/wp-json\/wp\/v2\/users\/1"}],"replies":[{"embeddable":true,"href":"https:\/\/www.visit-ulcinj.com\/blog\/wp-json\/wp\/v2\/comments?post=56062"}],"version-history":[{"count":1,"href":"https:\/\/www.visit-ulcinj.com\/blog\/wp-json\/wp\/v2\/posts\/56062\/revisions"}],"predecessor-version":[{"id":56064,"href":"https:\/\/www.visit-ulcinj.com\/blog\/wp-json\/wp\/v2\/posts\/56062\/revisions\/56064"}],"wp:attachment":[{"href":"https:\/\/www.visit-ulcinj.com\/blog\/wp-json\/wp\/v2\/media?parent=56062"}],"wp:term":[{"taxonomy":"category","embeddable":true,"href":"https:\/\/www.visit-ulcinj.com\/blog\/wp-json\/wp\/v2\/categories?post=56062"},{"taxonomy":"post_tag","embeddable":true,"href":"https:\/\/www.visit-ulcinj.com\/blog\/wp-json\/wp\/v2\/tags?post=56062"}],"curies":[{"name":"wp","href":"https:\/\/api.w.org\/{rel}","templated":true}]}}