{"id":5608,"date":"2008-11-07T10:25:21","date_gmt":"2008-11-07T15:25:21","guid":{"rendered":"http:\/\/www.visit-ulcinj.com\/blog\/?p=5608"},"modified":"2008-11-07T10:28:05","modified_gmt":"2008-11-07T15:28:05","slug":"ingrid-gjoni-serish-ne-krahet-e-eneas","status":"publish","type":"post","link":"https:\/\/www.visit-ulcinj.com\/blog\/2008\/11\/07\/ingrid-gjoni-serish-ne-krahet-e-eneas\/","title":{"rendered":"Ingrid Gjoni serish ne krahet e Eneas"},"content":{"rendered":"<p><a href=\"http:\/\/www.visit-ulcinj.com\/blog\/wp-content\/uploads\/2008\/11\/ingrid-gjon-eneas_1.jpg\"><img loading=\"lazy\" class=\"alignleft size-medium wp-image-5609\" title=\"ingrid-gjon-eneas_1\" src=\"http:\/\/www.visit-ulcinj.com\/blog\/wp-content\/uploads\/2008\/11\/ingrid-gjon-eneas_1-300x189.jpg\" alt=\"\" width=\"300\" height=\"189\" srcset=\"https:\/\/www.visit-ulcinj.com\/blog\/wp-content\/uploads\/2008\/11\/ingrid-gjon-eneas_1-300x189.jpg 300w, https:\/\/www.visit-ulcinj.com\/blog\/wp-content\/uploads\/2008\/11\/ingrid-gjon-eneas_1.jpg 550w\" sizes=\"(max-width: 300px) 100vw, 300px\" \/><\/a>Prej koh\u00ebsh kishin nisur s\u00ebrish thashethemet p\u00ebr nj\u00eb ribashkim t\u00eb tyre por e kan\u00eb mohuar kategorikisht duke i l\u00ebn\u00eb si gjithmon\u00eb n\u00eb trajt\u00ebn e<br \/>\ntymnaj\u00ebs s\u00eb p\u00ebrgojimeve. Por n\u00eb fakt \u00ebsht\u00eb e v\u00ebrtet\u00eb. Ingrid Gjoni dhe ish-i fejuari i saj Enea jan\u00eb s\u00ebrish bashk\u00eb dhe paparaci yn\u00eb sjell fotot q\u00eb tregojn\u00eb p\u00ebr nj\u00eb tjet\u00ebr lidhje t\u00eb tyre. Vet\u00ebm pak dit\u00eb m\u00eb par\u00eb, Ingridi dhe Enea kan\u00eb qen\u00eb n\u00eb nj\u00eb nga clubet e nat\u00ebs n\u00eb kryeqytet nd\u00ebrsa kan\u00eb festuar deri n\u00eb or\u00ebt e para t\u00eb m\u00ebngjesit. T\u00eb dy shum\u00eb t\u00eb lumtur e tregojn\u00eb qart\u00eb se ndihen mir\u00eb n\u00ebn shoq\u00ebrin\u00eb e nj\u00ebri-tjetrit ku nuk kan\u00eb kursyer as p\u00ebrk\u00ebdheljet dhe bisedat gjith\u00eb \u00ebmb\u00eblsi mes tyre. Tashm\u00eb me nj\u00eb tjet\u00ebr look, Ingridi nuk \u00ebsht\u00eb m\u00eb bjonde si n\u00eb koh\u00ebn kur ishte e fejuar me Enean, por ka t\u00ebrhequr nj\u00ebsoj v\u00ebmendjen e k\u00ebtij t\u00eb fundit edhe si brune, madje m\u00eb shum\u00eb nga ku duket qart\u00eb se djali e ndjek me sy dhe admirim n\u00eb \u00e7do l\u00ebvizje t\u00eb saj, qoft\u00eb kur flet, qoft\u00eb kur k\u00ebrcen. Si\u00e7 shihet qart\u00eb edhe nga k\u00ebto foto, k\u00ebng\u00ebtarja \u00ebsht\u00eb \u2018varur\u2019 n\u00eb shpatullat e Eneas dhe i q\u00ebndron shum\u00eb pran\u00eb nd\u00ebrsa buz\u00ebqeshjet e shoq\u00ebrojn\u00eb gjithmon\u00eb. Ingridi koh\u00ebt e fundit \u00ebsht\u00eb v\u00ebn\u00eb jo pak n\u00eb qendr\u00ebn e v\u00ebmendjes s\u00eb mediave, duke u shfaqur me histori t\u00eb ndryshme nga jeta e saj, por q\u00eb n\u00eb fund t\u00eb fundit \u00ebsht\u00eb treguar se kjo gj\u00eb nuk e preokupon dhe aq. Shijon dhe g\u00ebzon nj\u00ebsoj gati \u00e7do mbr\u00ebmje n\u00ebn shoq\u00ebrin\u00eb e miqve n\u00ebp\u00ebr pube apo karaoke. Dhe ja ku shfaqet tashm\u00eb dhe konfirmon p\u00ebr ne lajmin se tashm\u00eb \u00ebsht\u00eb s\u00ebrish n\u00eb krah\u00ebt e ish-t\u00eb fejuarit p\u00ebr t\u00eb cilin disa koh\u00eb m\u00eb par\u00eb shprehej se ishte shum\u00eb e dashuruar.<br \/>\n<strong>1 vit e pak m\u00eb par\u00eb\u2026<\/strong><br \/>\nFejesa mes Ingridit dhe Eneas mori fund rreth 1 vit e pak muaj m\u00eb par\u00eb nd\u00ebrsa k\u00ebng\u00ebtarja u shfaq s\u00ebrish nj\u00eb fem\u00ebr e lir\u00eb pas dy vitesh bashk\u00ebjetese. U fol shum\u00eb p\u00ebr ndarjen e tyre, si fillim p\u00ebr mosp\u00ebrputhje karakteresh e m\u00eb pas erdhi dhe deklarata nga vet\u00eb Enea sipas t\u00eb cilit ish- e fejuara e tij ishte tep\u00ebr xheloze. Lajmi ngjalli v\u00ebrtet kuriozitet e aq m\u00eb tep\u00ebr q\u00eb prej koh\u00ebsh flitej p\u00ebr nj\u00eb ftohje t\u00eb marr\u00ebdh\u00ebnieve t\u00eb \u00e7iftit. N\u00eb intervistat e dh\u00ebna pas fejes\u00ebs, Ingridi gjithmon\u00eb shprehej se ndihej e lumtur dhe fliste me superlativa p\u00ebr t\u00eb fejuarin e saj nd\u00ebrkoh\u00eb q\u00eb Enea n\u00eb fund tha p\u00ebr vajz\u00ebn simpatike se n\u00eb lidhje ishte tejet e v\u00ebshtir\u00eb p\u00ebrsa i takon xhelozis\u00eb.<br \/>\n<strong>Ndjenja<\/strong><br \/>\nN\u00eb nj\u00eb rreth t\u00eb ngusht\u00eb thashethemesh flitet se mes Ingridit dhe Eneas \u00ebsht\u00eb kthyer s\u00ebrish ndjenjam q\u00eb ndoshta kurr\u00eb nuk u venit edhe pse deklaratat pas ndarjes t\u00eb linin t\u00eb kuptoje se gjith\u00e7ka nga kjo dashuri kishte marr\u00eb fund. Pas prishjes s\u00eb fejes\u00ebs Ingridi shprehej se donte t\u2019i p\u00ebrkushtohej profesionit t\u00eb saj dhe kryesisht familjes, se nuk kishte m\u00eb asnj\u00eb kontakt me Enean dhe se d\u00ebshironte t\u2019i kalonte ato pak dit\u00eb pushimi n\u00eb plazh e qet\u00eb. P\u00ebr Ingridin gjithmon\u00eb bashk\u00ebjetesa ka qen\u00eb m\u00eb shum\u00eb se fejesa. Ajo parap\u00eblqente k\u00ebt\u00eb stil jete pasi sipas saj bashk\u00ebjetesa sh\u00ebrben m\u00eb shum\u00eb p\u00ebr t\u2019u njohur me njeri-tjetrin dhe n\u00ebse duhet t\u00eb vendoset nj\u00eb unaz\u00eb n\u00eb dor\u00eb sa p\u00ebr t\u00eb zyrtarizuar fejes\u00ebn, kjo mund t\u00eb b\u00ebhet edhe brenda nj\u00eb dite. Dhe normalisht k\u00ebtij mendimi ajo i q\u00ebndron akoma dhe ndoshta pse jo, \u00e7ifti mund t\u00eb kthehet nj\u00eblloj si\u00e7 ishin disa koh\u00eb m\u00eb par\u00eb, duke harruar dhe hedhur pas krah\u00ebve, gjith\u00e7ka q\u00eb ka ndodhur me syt\u00eb nga e ardhmja p\u00ebr t\u00eb par\u00eb p\u00ebr m\u00eb mir\u00eb.<\/p>\n<p><strong>Burimi: Bluetooth<\/strong><\/p>\n<p>\n\t\t<style type=\"text\/css\">\n\t\t\t#gallery-1 {\n\t\t\t\tmargin: auto;\n\t\t\t}\n\t\t\t#gallery-1 .gallery-item {\n\t\t\t\tfloat: left;\n\t\t\t\tmargin-top: 10px;\n\t\t\t\ttext-align: center;\n\t\t\t\twidth: 33%;\n\t\t\t}\n\t\t\t#gallery-1 img {\n\t\t\t\tborder: 2px solid #cfcfcf;\n\t\t\t}\n\t\t\t#gallery-1 .gallery-caption {\n\t\t\t\tmargin-left: 0;\n\t\t\t}\n\t\t\t\/* see gallery_shortcode() in wp-includes\/media.php *\/\n\t\t<\/style>\n\t\t<div id='gallery-1' class='gallery galleryid-5608 gallery-columns-3 gallery-size-thumbnail'><dl class='gallery-item'>\n\t\t\t<dt class='gallery-icon landscape'>\n\t\t\t\t<a href='https:\/\/www.visit-ulcinj.com\/blog\/2008\/11\/07\/ingrid-gjoni-serish-ne-krahet-e-eneas\/ingrid-gjon-eneas_1\/'><img width=\"150\" height=\"150\" src=\"https:\/\/www.visit-ulcinj.com\/blog\/wp-content\/uploads\/2008\/11\/ingrid-gjon-eneas_1-150x150.jpg\" class=\"attachment-thumbnail size-thumbnail\" alt=\"\" loading=\"lazy\" \/><\/a>\n\t\t\t<\/dt><\/dl><dl class='gallery-item'>\n\t\t\t<dt class='gallery-icon portrait'>\n\t\t\t\t<a href='https:\/\/www.visit-ulcinj.com\/blog\/2008\/11\/07\/ingrid-gjoni-serish-ne-krahet-e-eneas\/ingrid-gjon-eneas_4\/'><img width=\"150\" height=\"150\" src=\"https:\/\/www.visit-ulcinj.com\/blog\/wp-content\/uploads\/2008\/11\/ingrid-gjon-eneas_4-150x150.jpg\" class=\"attachment-thumbnail size-thumbnail\" alt=\"\" loading=\"lazy\" \/><\/a>\n\t\t\t<\/dt><\/dl><dl class='gallery-item'>\n\t\t\t<dt class='gallery-icon portrait'>\n\t\t\t\t<a href='https:\/\/www.visit-ulcinj.com\/blog\/2008\/11\/07\/ingrid-gjoni-serish-ne-krahet-e-eneas\/ingrid-gjon-eneas_3\/'><img width=\"150\" height=\"150\" src=\"https:\/\/www.visit-ulcinj.com\/blog\/wp-content\/uploads\/2008\/11\/ingrid-gjon-eneas_3-150x150.jpg\" class=\"attachment-thumbnail size-thumbnail\" alt=\"\" loading=\"lazy\" \/><\/a>\n\t\t\t<\/dt><\/dl><br style=\"clear: both\" \/>\n\t\t<\/div>\n <!--YouTube Error: bad URL entered--><\/p>\n","protected":false},"excerpt":{"rendered":"<p>Prej koh\u00ebsh kishin nisur s\u00ebrish thashethemet p\u00ebr nj\u00eb ribashkim t\u00eb tyre por e kan\u00eb mohuar kategorikisht duke i l\u00ebn\u00eb si gjithmon\u00eb n\u00eb trajt\u00ebn e tymnaj\u00ebs s\u00eb p\u00ebrgojimeve. Por n\u00eb fakt \u00ebsht\u00eb e v\u00ebrtet\u00eb. Ingrid Gjoni dhe ish-i fejuari i saj Enea jan\u00eb s\u00ebrish bashk\u00eb dhe paparaci yn\u00eb sjell fotot q\u00eb tregojn\u00eb p\u00ebr nj\u00eb tjet\u00ebr lidhje [&hellip;]<\/p>\n","protected":false},"author":1,"featured_media":0,"comment_status":"open","ping_status":"closed","sticky":false,"template":"","format":"standard","meta":{"spay_email":"","jetpack_publicize_message":"","jetpack_is_tweetstorm":false,"jetpack_publicize_feature_enabled":true},"categories":[1],"tags":[4956],"jetpack_publicize_connections":[],"yoast_head":"<!-- This site is optimized with the Yoast SEO plugin v19.1 - https:\/\/yoast.com\/wordpress\/plugins\/seo\/ -->\n<title>Ingrid Gjoni serish ne krahet e Eneas - Lajme nga Ulqini<\/title>\n<meta name=\"description\" content=\"Prej koh\u00ebsh kishin nisur s\u00ebrish thashethemet p\u00ebr nj\u00eb ribashkim t\u00eb tyre por e kan\u00eb mohuar kategorikisht duke i l\u00ebn\u00eb si gjithmon\u00eb n\u00eb trajt\u00ebn e tymnaj\u00ebs s\u00eb\" \/>\n<meta name=\"robots\" content=\"index, follow, max-snippet:-1, max-image-preview:large, max-video-preview:-1\" \/>\n<link rel=\"canonical\" href=\"https:\/\/www.visit-ulcinj.com\/blog\/2008\/11\/07\/ingrid-gjoni-serish-ne-krahet-e-eneas\/\" \/>\n<meta property=\"og:locale\" content=\"en_US\" \/>\n<meta property=\"og:type\" content=\"article\" \/>\n<meta property=\"og:title\" content=\"Ingrid Gjoni serish ne krahet e Eneas - Lajme nga Ulqini\" \/>\n<meta property=\"og:description\" content=\"Prej koh\u00ebsh kishin nisur s\u00ebrish thashethemet p\u00ebr nj\u00eb ribashkim t\u00eb tyre por e kan\u00eb mohuar kategorikisht duke i l\u00ebn\u00eb si gjithmon\u00eb n\u00eb trajt\u00ebn e tymnaj\u00ebs s\u00eb\" \/>\n<meta property=\"og:url\" content=\"https:\/\/www.visit-ulcinj.com\/blog\/2008\/11\/07\/ingrid-gjoni-serish-ne-krahet-e-eneas\/\" \/>\n<meta property=\"og:site_name\" content=\"Lajme nga Ulqini\" \/>\n<meta property=\"article:published_time\" content=\"2008-11-07T15:25:21+00:00\" \/>\n<meta property=\"article:modified_time\" content=\"2008-11-07T15:28:05+00:00\" \/>\n<meta property=\"og:image\" content=\"https:\/\/www.visit-ulcinj.com\/blog\/wp-content\/uploads\/2008\/11\/ingrid-gjon-eneas_1-150x150.jpg\" \/>\n<meta name=\"twitter:label1\" content=\"Written by\" \/>\n\t<meta name=\"twitter:data1\" content=\"ulqini\" \/>\n\t<meta name=\"twitter:label2\" content=\"Est. reading time\" \/>\n\t<meta name=\"twitter:data2\" content=\"3 minutes\" \/>\n<script type=\"application\/ld+json\" class=\"yoast-schema-graph\">{\"@context\":\"https:\/\/schema.org\",\"@graph\":[{\"@type\":\"WebSite\",\"@id\":\"https:\/\/www.visit-ulcinj.com\/blog\/#website\",\"url\":\"https:\/\/www.visit-ulcinj.com\/blog\/\",\"name\":\"Lajme nga Ulqini\",\"description\":\"Lajme,Vijesti,Ulqini,Ulqin,Crna Gora,Mali i Zi\",\"potentialAction\":[{\"@type\":\"SearchAction\",\"target\":{\"@type\":\"EntryPoint\",\"urlTemplate\":\"https:\/\/www.visit-ulcinj.com\/blog\/?s={search_term_string}\"},\"query-input\":\"required name=search_term_string\"}],\"inLanguage\":\"en-US\"},{\"@type\":\"ImageObject\",\"inLanguage\":\"en-US\",\"@id\":\"https:\/\/www.visit-ulcinj.com\/blog\/2008\/11\/07\/ingrid-gjoni-serish-ne-krahet-e-eneas\/#primaryimage\",\"url\":\"http:\/\/www.visit-ulcinj.com\/blog\/wp-content\/uploads\/2008\/11\/ingrid-gjon-eneas_1-300x189.jpg\",\"contentUrl\":\"http:\/\/www.visit-ulcinj.com\/blog\/wp-content\/uploads\/2008\/11\/ingrid-gjon-eneas_1-300x189.jpg\"},{\"@type\":\"WebPage\",\"@id\":\"https:\/\/www.visit-ulcinj.com\/blog\/2008\/11\/07\/ingrid-gjoni-serish-ne-krahet-e-eneas\/#webpage\",\"url\":\"https:\/\/www.visit-ulcinj.com\/blog\/2008\/11\/07\/ingrid-gjoni-serish-ne-krahet-e-eneas\/\",\"name\":\"Ingrid Gjoni serish ne krahet e Eneas - Lajme nga Ulqini\",\"isPartOf\":{\"@id\":\"https:\/\/www.visit-ulcinj.com\/blog\/#website\"},\"primaryImageOfPage\":{\"@id\":\"https:\/\/www.visit-ulcinj.com\/blog\/2008\/11\/07\/ingrid-gjoni-serish-ne-krahet-e-eneas\/#primaryimage\"},\"datePublished\":\"2008-11-07T15:25:21+00:00\",\"dateModified\":\"2008-11-07T15:28:05+00:00\",\"author\":{\"@id\":\"https:\/\/www.visit-ulcinj.com\/blog\/#\/schema\/person\/dcab619c614d3038751c63bc2aadc06d\"},\"description\":\"Prej koh\u00ebsh kishin nisur s\u00ebrish thashethemet p\u00ebr nj\u00eb ribashkim t\u00eb tyre por e kan\u00eb mohuar kategorikisht duke i l\u00ebn\u00eb si gjithmon\u00eb n\u00eb trajt\u00ebn e tymnaj\u00ebs s\u00eb\",\"breadcrumb\":{\"@id\":\"https:\/\/www.visit-ulcinj.com\/blog\/2008\/11\/07\/ingrid-gjoni-serish-ne-krahet-e-eneas\/#breadcrumb\"},\"inLanguage\":\"en-US\",\"potentialAction\":[{\"@type\":\"ReadAction\",\"target\":[\"https:\/\/www.visit-ulcinj.com\/blog\/2008\/11\/07\/ingrid-gjoni-serish-ne-krahet-e-eneas\/\"]}]},{\"@type\":\"BreadcrumbList\",\"@id\":\"https:\/\/www.visit-ulcinj.com\/blog\/2008\/11\/07\/ingrid-gjoni-serish-ne-krahet-e-eneas\/#breadcrumb\",\"itemListElement\":[{\"@type\":\"ListItem\",\"position\":1,\"name\":\"Ingrid Gjoni serish ne krahet e Eneas\"}]},{\"@type\":\"Person\",\"@id\":\"https:\/\/www.visit-ulcinj.com\/blog\/#\/schema\/person\/dcab619c614d3038751c63bc2aadc06d\",\"name\":\"ulqini\",\"sameAs\":[\"http:\/\/www.visit-ulcinj.com\"],\"url\":\"https:\/\/www.visit-ulcinj.com\/blog\/author\/admin\/\"}]}<\/script>\n<!-- \/ Yoast SEO plugin. -->","yoast_head_json":{"title":"Ingrid Gjoni serish ne krahet e Eneas - Lajme nga Ulqini","description":"Prej koh\u00ebsh kishin nisur s\u00ebrish thashethemet p\u00ebr nj\u00eb ribashkim t\u00eb tyre por e kan\u00eb mohuar kategorikisht duke i l\u00ebn\u00eb si gjithmon\u00eb n\u00eb trajt\u00ebn e tymnaj\u00ebs s\u00eb","robots":{"index":"index","follow":"follow","max-snippet":"max-snippet:-1","max-image-preview":"max-image-preview:large","max-video-preview":"max-video-preview:-1"},"canonical":"https:\/\/www.visit-ulcinj.com\/blog\/2008\/11\/07\/ingrid-gjoni-serish-ne-krahet-e-eneas\/","og_locale":"en_US","og_type":"article","og_title":"Ingrid Gjoni serish ne krahet e Eneas - Lajme nga Ulqini","og_description":"Prej koh\u00ebsh kishin nisur s\u00ebrish thashethemet p\u00ebr nj\u00eb ribashkim t\u00eb tyre por e kan\u00eb mohuar kategorikisht duke i l\u00ebn\u00eb si gjithmon\u00eb n\u00eb trajt\u00ebn e tymnaj\u00ebs s\u00eb","og_url":"https:\/\/www.visit-ulcinj.com\/blog\/2008\/11\/07\/ingrid-gjoni-serish-ne-krahet-e-eneas\/","og_site_name":"Lajme nga Ulqini","article_published_time":"2008-11-07T15:25:21+00:00","article_modified_time":"2008-11-07T15:28:05+00:00","og_image":[{"url":"https:\/\/www.visit-ulcinj.com\/blog\/wp-content\/uploads\/2008\/11\/ingrid-gjon-eneas_1-150x150.jpg"}],"twitter_misc":{"Written by":"ulqini","Est. reading time":"3 minutes"},"schema":{"@context":"https:\/\/schema.org","@graph":[{"@type":"WebSite","@id":"https:\/\/www.visit-ulcinj.com\/blog\/#website","url":"https:\/\/www.visit-ulcinj.com\/blog\/","name":"Lajme nga Ulqini","description":"Lajme,Vijesti,Ulqini,Ulqin,Crna Gora,Mali i Zi","potentialAction":[{"@type":"SearchAction","target":{"@type":"EntryPoint","urlTemplate":"https:\/\/www.visit-ulcinj.com\/blog\/?s={search_term_string}"},"query-input":"required name=search_term_string"}],"inLanguage":"en-US"},{"@type":"ImageObject","inLanguage":"en-US","@id":"https:\/\/www.visit-ulcinj.com\/blog\/2008\/11\/07\/ingrid-gjoni-serish-ne-krahet-e-eneas\/#primaryimage","url":"http:\/\/www.visit-ulcinj.com\/blog\/wp-content\/uploads\/2008\/11\/ingrid-gjon-eneas_1-300x189.jpg","contentUrl":"http:\/\/www.visit-ulcinj.com\/blog\/wp-content\/uploads\/2008\/11\/ingrid-gjon-eneas_1-300x189.jpg"},{"@type":"WebPage","@id":"https:\/\/www.visit-ulcinj.com\/blog\/2008\/11\/07\/ingrid-gjoni-serish-ne-krahet-e-eneas\/#webpage","url":"https:\/\/www.visit-ulcinj.com\/blog\/2008\/11\/07\/ingrid-gjoni-serish-ne-krahet-e-eneas\/","name":"Ingrid Gjoni serish ne krahet e Eneas - Lajme nga Ulqini","isPartOf":{"@id":"https:\/\/www.visit-ulcinj.com\/blog\/#website"},"primaryImageOfPage":{"@id":"https:\/\/www.visit-ulcinj.com\/blog\/2008\/11\/07\/ingrid-gjoni-serish-ne-krahet-e-eneas\/#primaryimage"},"datePublished":"2008-11-07T15:25:21+00:00","dateModified":"2008-11-07T15:28:05+00:00","author":{"@id":"https:\/\/www.visit-ulcinj.com\/blog\/#\/schema\/person\/dcab619c614d3038751c63bc2aadc06d"},"description":"Prej koh\u00ebsh kishin nisur s\u00ebrish thashethemet p\u00ebr nj\u00eb ribashkim t\u00eb tyre por e kan\u00eb mohuar kategorikisht duke i l\u00ebn\u00eb si gjithmon\u00eb n\u00eb trajt\u00ebn e tymnaj\u00ebs s\u00eb","breadcrumb":{"@id":"https:\/\/www.visit-ulcinj.com\/blog\/2008\/11\/07\/ingrid-gjoni-serish-ne-krahet-e-eneas\/#breadcrumb"},"inLanguage":"en-US","potentialAction":[{"@type":"ReadAction","target":["https:\/\/www.visit-ulcinj.com\/blog\/2008\/11\/07\/ingrid-gjoni-serish-ne-krahet-e-eneas\/"]}]},{"@type":"BreadcrumbList","@id":"https:\/\/www.visit-ulcinj.com\/blog\/2008\/11\/07\/ingrid-gjoni-serish-ne-krahet-e-eneas\/#breadcrumb","itemListElement":[{"@type":"ListItem","position":1,"name":"Ingrid Gjoni serish ne krahet e Eneas"}]},{"@type":"Person","@id":"https:\/\/www.visit-ulcinj.com\/blog\/#\/schema\/person\/dcab619c614d3038751c63bc2aadc06d","name":"ulqini","sameAs":["http:\/\/www.visit-ulcinj.com"],"url":"https:\/\/www.visit-ulcinj.com\/blog\/author\/admin\/"}]}},"jetpack_featured_media_url":"","jetpack_sharing_enabled":true,"jetpack_shortlink":"https:\/\/wp.me\/pe6lTn-1ss","_links":{"self":[{"href":"https:\/\/www.visit-ulcinj.com\/blog\/wp-json\/wp\/v2\/posts\/5608"}],"collection":[{"href":"https:\/\/www.visit-ulcinj.com\/blog\/wp-json\/wp\/v2\/posts"}],"about":[{"href":"https:\/\/www.visit-ulcinj.com\/blog\/wp-json\/wp\/v2\/types\/post"}],"author":[{"embeddable":true,"href":"https:\/\/www.visit-ulcinj.com\/blog\/wp-json\/wp\/v2\/users\/1"}],"replies":[{"embeddable":true,"href":"https:\/\/www.visit-ulcinj.com\/blog\/wp-json\/wp\/v2\/comments?post=5608"}],"version-history":[{"count":0,"href":"https:\/\/www.visit-ulcinj.com\/blog\/wp-json\/wp\/v2\/posts\/5608\/revisions"}],"wp:attachment":[{"href":"https:\/\/www.visit-ulcinj.com\/blog\/wp-json\/wp\/v2\/media?parent=5608"}],"wp:term":[{"taxonomy":"category","embeddable":true,"href":"https:\/\/www.visit-ulcinj.com\/blog\/wp-json\/wp\/v2\/categories?post=5608"},{"taxonomy":"post_tag","embeddable":true,"href":"https:\/\/www.visit-ulcinj.com\/blog\/wp-json\/wp\/v2\/tags?post=5608"}],"curies":[{"name":"wp","href":"https:\/\/api.w.org\/{rel}","templated":true}]}}