{"id":56086,"date":"2012-01-17T18:44:19","date_gmt":"2012-01-17T17:44:19","guid":{"rendered":"http:\/\/www.visit-ulcinj.com\/blog\/?p=56086"},"modified":"2012-01-17T18:44:19","modified_gmt":"2012-01-17T17:44:19","slug":"tahiri-albanci-ne-odustaju-od-zastave","status":"publish","type":"post","link":"https:\/\/www.visit-ulcinj.com\/blog\/2012\/01\/17\/tahiri-albanci-ne-odustaju-od-zastave\/","title":{"rendered":"Tahiri: Albanci ne odustaju od zastave"},"content":{"rendered":"<p><a href=\"http:\/\/www.visit-ulcinj.com\/blog\/wp-content\/uploads\/2012\/01\/Tahir-Tahiri.jpg\"><img loading=\"lazy\" class=\"alignleft size-full wp-image-56087\" title=\"Tahir Tahiri\" src=\"http:\/\/www.visit-ulcinj.com\/blog\/wp-content\/uploads\/2012\/01\/Tahir-Tahiri.jpg\" alt=\"\" width=\"340\" height=\"434\" srcset=\"https:\/\/www.visit-ulcinj.com\/blog\/wp-content\/uploads\/2012\/01\/Tahir-Tahiri.jpg 340w, https:\/\/www.visit-ulcinj.com\/blog\/wp-content\/uploads\/2012\/01\/Tahir-Tahiri-235x300.jpg 235w\" sizes=\"(max-width: 340px) 100vw, 340px\" \/><\/a>Nema potrebe da Albanci u Crnoj Gori posebno odre\u0111uju svoj nacionalni simbol jer on ve\u0107 postoji, a to je albanska zastava koju su vjekovima upotrebljavali na\u0161i preci, izjavio je za \u201eDan\u201d predsjednik Nacionalnog savjeta Albanaca Tahir Tahiri.<br \/>\nNajavio je da \u0107e sa predstavnicima albanskih partija razgovarati o nacionalnom simbolu, ali tvrdi da je ve\u0107 sada jasno da tu nema mnogo toga da se ka\u017ee.<br \/>\n\u2013 Albanci u Crnoj Gori ne treba da odre\u0111uju svoj nacionalni simbol jer on ve\u0107 postoji, a to je albanska zastava. Razmatra\u0107emo odre\u0111ivanje nacionalnih praznika. Zasad obilje\u017eavamo Dan zastave i Dan u\u010ditelja, koji se slavi u svim dr\u017eavama u kojima \u017eive Albanci \u2013 naveo je Tahiri.<br \/>\nPrethodno je poslanik koalicije Perspektiva Vasilj Sini\u0161taj od Nacionalnog savjeta Albanaca zatra\u017eio da utvrdi njihovu zastavu i nacionalne simbole.<br \/>\n\u2013 Nacionalni savjet Albanaca je iznad svake partije i mora da ka\u017ee kakva je na\u0161a zastava, koji su na\u0161i nacionalni simboli i nacionalni praznici \u2013 naglasio je Sini\u0161taj.<br \/>\nPodsjetio je na odredbu Zakona o javnom redu i miru kojom je definisano da \u0107e biti dozvoljena upotreba nacionalnih simbola nakon njihovog izbora.<br \/>\n\u2013 \u010clan 23 tog zakona dopunjen je stavkom kojom je predvi\u0111eno da se na\u010din upotrebe nacionalnih simbola i njihov izbor reguli\u0161u posebnim zakonom \u2013 kazao je Sini\u0161taj.<br \/>\nSmatra da nije dovoljno uraditi izmjene i dopune bilo koje odredbe Zakona o manjinskim pravima i slobodama, ve\u0107 se mora napraviti inovirani tekst.<br \/>\n\u2013 Ustavom je predvi\u0111eno da se donesu svi predvi\u0111eni zakoni koji se ti\u010du prava manjina. I dalje nema zakona o jezicima koji su u slu\u017ebenoj upotrebi, pa nije propisano na koji na\u010din \u0107e se koristiti albanski jezik. Samo u tom dijelu ima bezbroj problema. Budu\u0107i ministar manjinskih prava o\u010digledno \u0107e imati mnogo posla \u2013 ocijenio je Sini\u0161taj.<br \/>\nPredstavnik koalicije Perspektiva Amir Holaj nedavno je najavio da \u0107e Albanci u Crnoj Gori ste\u010dena prava tra\u017eiti pred Ustavnim sudom.<br \/>\nOdbornik Albanske alternative u Skup\u0161tini gradske op\u0161tine Tuzi \u0110er\u0111 Camaj podr\u017eava Holajevu inicijativu.<br \/>\n\u2013 Nadam se da \u0107e Ustavni sud presuditi u na\u0161u korist jer niko ne smije da nam oduzima ste\u010dena prava \u2013 istakao je Camaj.<\/p>\n<p><a href=\"http:\/\/www.dan.co.me\/?nivo=3&amp;rubrika=Politika&amp;datum=2012-01-17&amp;clanak=315875\" target=\"_blank\"><strong>Bo. M. \u2013 Mi. K.<\/strong><br \/>\n<strong> Izvor: DAN<\/strong><\/a><\/p>\n","protected":false},"excerpt":{"rendered":"<p>Nema potrebe da Albanci u Crnoj Gori posebno odre\u0111uju svoj nacionalni simbol jer on ve\u0107 postoji, a to je albanska zastava koju su vjekovima upotrebljavali na\u0161i preci, izjavio je za \u201eDan\u201d predsjednik Nacionalnog savjeta Albanaca Tahir Tahiri. Najavio je da \u0107e sa predstavnicima albanskih partija razgovarati o nacionalnom simbolu, ali tvrdi da je ve\u0107 sada [&hellip;]<\/p>\n","protected":false},"author":1,"featured_media":0,"comment_status":"open","ping_status":"closed","sticky":false,"template":"","format":"standard","meta":{"spay_email":"","jetpack_publicize_message":"","jetpack_is_tweetstorm":false,"jetpack_publicize_feature_enabled":true},"categories":[8337],"tags":[1520,6228,2787,814,899],"jetpack_publicize_connections":[],"yoast_head":"<!-- This site is optimized with the Yoast SEO plugin v19.1 - https:\/\/yoast.com\/wordpress\/plugins\/seo\/ -->\n<title>Tahiri: Albanci ne odustaju od zastave - Lajme nga Ulqini<\/title>\n<meta name=\"description\" content=\"Nema potrebe da Albanci u Crnoj Gori posebno odre\u0111uju svoj nacionalni simbol jer on ve\u0107 postoji, a to je albanska zastava koju su vjekovima upotrebljavali\" \/>\n<meta name=\"robots\" content=\"index, follow, max-snippet:-1, max-image-preview:large, max-video-preview:-1\" \/>\n<link rel=\"canonical\" href=\"https:\/\/www.visit-ulcinj.com\/blog\/2012\/01\/17\/tahiri-albanci-ne-odustaju-od-zastave\/\" \/>\n<meta property=\"og:locale\" content=\"en_US\" \/>\n<meta property=\"og:type\" content=\"article\" \/>\n<meta property=\"og:title\" content=\"Tahiri: Albanci ne odustaju od zastave - Lajme nga Ulqini\" \/>\n<meta property=\"og:description\" content=\"Nema potrebe da Albanci u Crnoj Gori posebno odre\u0111uju svoj nacionalni simbol jer on ve\u0107 postoji, a to je albanska zastava koju su vjekovima upotrebljavali\" \/>\n<meta property=\"og:url\" content=\"https:\/\/www.visit-ulcinj.com\/blog\/2012\/01\/17\/tahiri-albanci-ne-odustaju-od-zastave\/\" \/>\n<meta property=\"og:site_name\" content=\"Lajme nga Ulqini\" \/>\n<meta property=\"article:published_time\" content=\"2012-01-17T17:44:19+00:00\" \/>\n<meta property=\"og:image\" content=\"http:\/\/www.visit-ulcinj.com\/blog\/wp-content\/uploads\/2012\/01\/Tahir-Tahiri.jpg\" \/>\n<meta name=\"twitter:label1\" content=\"Written by\" \/>\n\t<meta name=\"twitter:data1\" content=\"ulqini\" \/>\n\t<meta name=\"twitter:label2\" content=\"Est. reading time\" \/>\n\t<meta name=\"twitter:data2\" content=\"2 minutes\" \/>\n<script type=\"application\/ld+json\" class=\"yoast-schema-graph\">{\"@context\":\"https:\/\/schema.org\",\"@graph\":[{\"@type\":\"WebSite\",\"@id\":\"https:\/\/www.visit-ulcinj.com\/blog\/#website\",\"url\":\"https:\/\/www.visit-ulcinj.com\/blog\/\",\"name\":\"Lajme nga Ulqini\",\"description\":\"Lajme,Vijesti,Ulqini,Ulqin,Crna Gora,Mali i Zi\",\"potentialAction\":[{\"@type\":\"SearchAction\",\"target\":{\"@type\":\"EntryPoint\",\"urlTemplate\":\"https:\/\/www.visit-ulcinj.com\/blog\/?s={search_term_string}\"},\"query-input\":\"required name=search_term_string\"}],\"inLanguage\":\"en-US\"},{\"@type\":\"ImageObject\",\"inLanguage\":\"en-US\",\"@id\":\"https:\/\/www.visit-ulcinj.com\/blog\/2012\/01\/17\/tahiri-albanci-ne-odustaju-od-zastave\/#primaryimage\",\"url\":\"https:\/\/www.visit-ulcinj.com\/blog\/wp-content\/uploads\/2012\/01\/Tahir-Tahiri.jpg\",\"contentUrl\":\"https:\/\/www.visit-ulcinj.com\/blog\/wp-content\/uploads\/2012\/01\/Tahir-Tahiri.jpg\",\"width\":\"340\",\"height\":\"434\"},{\"@type\":\"WebPage\",\"@id\":\"https:\/\/www.visit-ulcinj.com\/blog\/2012\/01\/17\/tahiri-albanci-ne-odustaju-od-zastave\/#webpage\",\"url\":\"https:\/\/www.visit-ulcinj.com\/blog\/2012\/01\/17\/tahiri-albanci-ne-odustaju-od-zastave\/\",\"name\":\"Tahiri: Albanci ne odustaju od zastave - Lajme nga Ulqini\",\"isPartOf\":{\"@id\":\"https:\/\/www.visit-ulcinj.com\/blog\/#website\"},\"primaryImageOfPage\":{\"@id\":\"https:\/\/www.visit-ulcinj.com\/blog\/2012\/01\/17\/tahiri-albanci-ne-odustaju-od-zastave\/#primaryimage\"},\"datePublished\":\"2012-01-17T17:44:19+00:00\",\"dateModified\":\"2012-01-17T17:44:19+00:00\",\"author\":{\"@id\":\"https:\/\/www.visit-ulcinj.com\/blog\/#\/schema\/person\/dcab619c614d3038751c63bc2aadc06d\"},\"description\":\"Nema potrebe da Albanci u Crnoj Gori posebno odre\u0111uju svoj nacionalni simbol jer on ve\u0107 postoji, a to je albanska zastava koju su vjekovima upotrebljavali\",\"breadcrumb\":{\"@id\":\"https:\/\/www.visit-ulcinj.com\/blog\/2012\/01\/17\/tahiri-albanci-ne-odustaju-od-zastave\/#breadcrumb\"},\"inLanguage\":\"en-US\",\"potentialAction\":[{\"@type\":\"ReadAction\",\"target\":[\"https:\/\/www.visit-ulcinj.com\/blog\/2012\/01\/17\/tahiri-albanci-ne-odustaju-od-zastave\/\"]}]},{\"@type\":\"BreadcrumbList\",\"@id\":\"https:\/\/www.visit-ulcinj.com\/blog\/2012\/01\/17\/tahiri-albanci-ne-odustaju-od-zastave\/#breadcrumb\",\"itemListElement\":[{\"@type\":\"ListItem\",\"position\":1,\"name\":\"Tahiri: Albanci ne odustaju od zastave\"}]},{\"@type\":\"Person\",\"@id\":\"https:\/\/www.visit-ulcinj.com\/blog\/#\/schema\/person\/dcab619c614d3038751c63bc2aadc06d\",\"name\":\"ulqini\",\"sameAs\":[\"http:\/\/www.visit-ulcinj.com\"],\"url\":\"https:\/\/www.visit-ulcinj.com\/blog\/author\/admin\/\"}]}<\/script>\n<!-- \/ Yoast SEO plugin. -->","yoast_head_json":{"title":"Tahiri: Albanci ne odustaju od zastave - Lajme nga Ulqini","description":"Nema potrebe da Albanci u Crnoj Gori posebno odre\u0111uju svoj nacionalni simbol jer on ve\u0107 postoji, a to je albanska zastava koju su vjekovima upotrebljavali","robots":{"index":"index","follow":"follow","max-snippet":"max-snippet:-1","max-image-preview":"max-image-preview:large","max-video-preview":"max-video-preview:-1"},"canonical":"https:\/\/www.visit-ulcinj.com\/blog\/2012\/01\/17\/tahiri-albanci-ne-odustaju-od-zastave\/","og_locale":"en_US","og_type":"article","og_title":"Tahiri: Albanci ne odustaju od zastave - Lajme nga Ulqini","og_description":"Nema potrebe da Albanci u Crnoj Gori posebno odre\u0111uju svoj nacionalni simbol jer on ve\u0107 postoji, a to je albanska zastava koju su vjekovima upotrebljavali","og_url":"https:\/\/www.visit-ulcinj.com\/blog\/2012\/01\/17\/tahiri-albanci-ne-odustaju-od-zastave\/","og_site_name":"Lajme nga Ulqini","article_published_time":"2012-01-17T17:44:19+00:00","og_image":[{"url":"http:\/\/www.visit-ulcinj.com\/blog\/wp-content\/uploads\/2012\/01\/Tahir-Tahiri.jpg"}],"twitter_misc":{"Written by":"ulqini","Est. reading time":"2 minutes"},"schema":{"@context":"https:\/\/schema.org","@graph":[{"@type":"WebSite","@id":"https:\/\/www.visit-ulcinj.com\/blog\/#website","url":"https:\/\/www.visit-ulcinj.com\/blog\/","name":"Lajme nga Ulqini","description":"Lajme,Vijesti,Ulqini,Ulqin,Crna Gora,Mali i Zi","potentialAction":[{"@type":"SearchAction","target":{"@type":"EntryPoint","urlTemplate":"https:\/\/www.visit-ulcinj.com\/blog\/?s={search_term_string}"},"query-input":"required name=search_term_string"}],"inLanguage":"en-US"},{"@type":"ImageObject","inLanguage":"en-US","@id":"https:\/\/www.visit-ulcinj.com\/blog\/2012\/01\/17\/tahiri-albanci-ne-odustaju-od-zastave\/#primaryimage","url":"https:\/\/www.visit-ulcinj.com\/blog\/wp-content\/uploads\/2012\/01\/Tahir-Tahiri.jpg","contentUrl":"https:\/\/www.visit-ulcinj.com\/blog\/wp-content\/uploads\/2012\/01\/Tahir-Tahiri.jpg","width":"340","height":"434"},{"@type":"WebPage","@id":"https:\/\/www.visit-ulcinj.com\/blog\/2012\/01\/17\/tahiri-albanci-ne-odustaju-od-zastave\/#webpage","url":"https:\/\/www.visit-ulcinj.com\/blog\/2012\/01\/17\/tahiri-albanci-ne-odustaju-od-zastave\/","name":"Tahiri: Albanci ne odustaju od zastave - Lajme nga Ulqini","isPartOf":{"@id":"https:\/\/www.visit-ulcinj.com\/blog\/#website"},"primaryImageOfPage":{"@id":"https:\/\/www.visit-ulcinj.com\/blog\/2012\/01\/17\/tahiri-albanci-ne-odustaju-od-zastave\/#primaryimage"},"datePublished":"2012-01-17T17:44:19+00:00","dateModified":"2012-01-17T17:44:19+00:00","author":{"@id":"https:\/\/www.visit-ulcinj.com\/blog\/#\/schema\/person\/dcab619c614d3038751c63bc2aadc06d"},"description":"Nema potrebe da Albanci u Crnoj Gori posebno odre\u0111uju svoj nacionalni simbol jer on ve\u0107 postoji, a to je albanska zastava koju su vjekovima upotrebljavali","breadcrumb":{"@id":"https:\/\/www.visit-ulcinj.com\/blog\/2012\/01\/17\/tahiri-albanci-ne-odustaju-od-zastave\/#breadcrumb"},"inLanguage":"en-US","potentialAction":[{"@type":"ReadAction","target":["https:\/\/www.visit-ulcinj.com\/blog\/2012\/01\/17\/tahiri-albanci-ne-odustaju-od-zastave\/"]}]},{"@type":"BreadcrumbList","@id":"https:\/\/www.visit-ulcinj.com\/blog\/2012\/01\/17\/tahiri-albanci-ne-odustaju-od-zastave\/#breadcrumb","itemListElement":[{"@type":"ListItem","position":1,"name":"Tahiri: Albanci ne odustaju od zastave"}]},{"@type":"Person","@id":"https:\/\/www.visit-ulcinj.com\/blog\/#\/schema\/person\/dcab619c614d3038751c63bc2aadc06d","name":"ulqini","sameAs":["http:\/\/www.visit-ulcinj.com"],"url":"https:\/\/www.visit-ulcinj.com\/blog\/author\/admin\/"}]}},"jetpack_featured_media_url":"","jetpack_sharing_enabled":true,"jetpack_shortlink":"https:\/\/wp.me\/pe6lTn-eAC","_links":{"self":[{"href":"https:\/\/www.visit-ulcinj.com\/blog\/wp-json\/wp\/v2\/posts\/56086"}],"collection":[{"href":"https:\/\/www.visit-ulcinj.com\/blog\/wp-json\/wp\/v2\/posts"}],"about":[{"href":"https:\/\/www.visit-ulcinj.com\/blog\/wp-json\/wp\/v2\/types\/post"}],"author":[{"embeddable":true,"href":"https:\/\/www.visit-ulcinj.com\/blog\/wp-json\/wp\/v2\/users\/1"}],"replies":[{"embeddable":true,"href":"https:\/\/www.visit-ulcinj.com\/blog\/wp-json\/wp\/v2\/comments?post=56086"}],"version-history":[{"count":1,"href":"https:\/\/www.visit-ulcinj.com\/blog\/wp-json\/wp\/v2\/posts\/56086\/revisions"}],"predecessor-version":[{"id":56088,"href":"https:\/\/www.visit-ulcinj.com\/blog\/wp-json\/wp\/v2\/posts\/56086\/revisions\/56088"}],"wp:attachment":[{"href":"https:\/\/www.visit-ulcinj.com\/blog\/wp-json\/wp\/v2\/media?parent=56086"}],"wp:term":[{"taxonomy":"category","embeddable":true,"href":"https:\/\/www.visit-ulcinj.com\/blog\/wp-json\/wp\/v2\/categories?post=56086"},{"taxonomy":"post_tag","embeddable":true,"href":"https:\/\/www.visit-ulcinj.com\/blog\/wp-json\/wp\/v2\/tags?post=56086"}],"curies":[{"name":"wp","href":"https:\/\/api.w.org\/{rel}","templated":true}]}}