{"id":561,"date":"2008-02-18T12:41:25","date_gmt":"2008-02-18T17:41:25","guid":{"rendered":"http:\/\/www.visit-ulcinj.com\/blog\/2008\/02\/18\/kthimi-i-gjukanovic-pare-si-kyc-per-unitetin-e-partise-ne-malin-e-zi\/"},"modified":"2008-02-26T13:04:22","modified_gmt":"2008-02-26T18:04:22","slug":"kthimi-i-gjukanovic-pare-si-kyc-per-unitetin-e-partise-ne-malin-e-zi","status":"publish","type":"post","link":"https:\/\/www.visit-ulcinj.com\/blog\/2008\/02\/18\/kthimi-i-gjukanovic-pare-si-kyc-per-unitetin-e-partise-ne-malin-e-zi\/","title":{"rendered":"Kthimi i Gjukanovi\u00e7 par\u00eb si ky\u00e7 p\u00ebr unitetin e partis\u00eb n\u00eb Malin e Zi"},"content":{"rendered":"<p><img loading=\"lazy\" src=\"http:\/\/www.setimes.com\/cocoon\/setimes\/images\/2008\/02\/12\/NEDJELJKOphoto.jpg\" align=\"left\" height=\"152\" width=\"269\" \/>Milo Gjukanovi\u00e7, udh\u00ebheq\u00ebsi karizmatik malazes q\u00eb drejtoi l\u00ebvizjen e vendit p\u00ebr pavar\u00ebsi, \u00ebsht\u00eb gati t\u00eb marr\u00eb p\u00ebrs\u00ebri frenat. Me kryeministrin Zheljko Sturanovi\u00e7 t\u00ebrhequr p\u00ebr probleme sh\u00ebndet\u00ebsore, Gjukanovi\u00e7 \u00ebsht\u00eb caktuar ta pasoj\u00eb at\u00eb.<br \/>\nAi thuhet se do q\u00eb t\u00eb kthehet me q\u00ebllim q\u00eb t\u00eb p\u00ebrshpejtoj\u00eb zhvillimin e sektorit energjitik n\u00ebp\u00ebrmjet t\u00ebrheqjes s\u00eb investitor\u00ebve t\u00eb huaj dhe t\u00eb nis\u00eb nd\u00ebrtimin e nj\u00eb udh\u00ebshpejte veri-jug\u00eb. Disa gjithashtu thon\u00eb se kthimi i tij \u00ebsht\u00eb i nevojsh\u00ebm p\u00ebr t\u00eb parandaluar grindjet brenda Partis\u00eb s\u00eb tij Demokratike t\u00eb Socialist\u00ebve (DPS).<br \/>\nDPS, e cila ka mbajtur pushtetin n\u00eb Malin e Zi p\u00ebr 17 vjet, p\u00ebrfshin nj\u00eb num\u00ebr figurash t\u00eb fuqishme q\u00eb nuk duan ta l\u00ebn\u00eb njeri tjetrin t\u00eb mbizot\u00ebrojn\u00eb. Partia thuhet se do q\u00eb t\u00eb shmang\u00eb luft\u00ebn e brend\u00ebshme duke i dh\u00ebn\u00eb postin e kryeministrit, posti m\u00eb i r\u00ebnd\u00ebsish\u00ebm n\u00eb Malin e Zi, njeriut t\u00eb par\u00eb si autoritet i pakonkurruesh\u00ebm.<br \/>\nEdhe Gjukanovi\u00e7 ka ndeshur megjithat\u00eb n\u00eb pengesa. N\u00eb tetor 2006, kur ai vendosi t\u00eb t\u00ebrhiqet si kryeminist\u00ebr p\u00ebr t&#8217;u p\u00ebrq\u00ebndruar n\u00eb drejtimin e nj\u00eb biznesi, ai donte t\u00eb nxirrte Igor Lukshi\u00e7, ministrin e ri t\u00eb financave, p\u00ebr at\u00eb post. Por zgjedhja e tij u kund\u00ebrshtua nga n\u00ebn kryetar\u00ebt me ndikim t\u00eb partis\u00eb, Svetozar Marovi\u00e7 dhe Filip Vujanovi\u00e7 dhe n\u00eb vend t\u00eb tij u zgjodh Sturanovi\u00e7.<br \/>\nDetyra e par\u00eb e Gjukanovi\u00e7 kur t\u00eb rimarr\u00eb postin do t\u00eb jet\u00eb t\u00eb hartoj\u00eb nj\u00eb seri p\u00ebrpar\u00ebsish qeveritare p\u00ebr t\u00eb mbuluar periudh\u00ebn deri n\u00eb vjesht\u00eb t\u00eb 2009 kur jan\u00eb caktuar zgjedhjet parlamentare. Ai ka sinjalizuar tashm\u00eb se k\u00ebrkimi i fondeve p\u00ebr sektorin e energjis\u00eb do t\u00eb jet\u00eb nj\u00eb nga fushat e tij ky\u00e7e t\u00eb v\u00ebmendjes s\u00eb tij.<br \/>\n&#8220;Ne kemi nj\u00eb problem t\u00eb madh me mungesat e energjis\u00eb gj\u00eb q\u00eb ka shkaktuar nj\u00eb deficit tregtar. Kjo mund t\u00eb kufizoj\u00eb zhvillimin ton\u00eb,&#8221; tha ai, duke paralajm\u00ebruar se nj\u00eb projekt rajonal tubacioni ujor rrezikon t\u00eb d\u00ebshtoj\u00eb p\u00ebr shkak t\u00eb furnizimeve t\u00eb pamjaftueshme me energji.<br \/>\nAnalisti politik Svetozar Jovi\u00e7evi\u00e7 thot\u00eb se d\u00ebshira p\u00ebr t\u00eb privatizuar nj\u00ebsit\u00eb e m\u00ebdha energjitike \u00ebsht\u00eb forca l\u00ebviz\u00ebse prapa kthimit t\u00eb Gjukanovi\u00e7. Privatizimi i energjis\u00eb nuk ishte nj\u00eb tem\u00eb kryesore e administrat\u00ebs paraardh\u00ebse t\u00eb tij, q\u00eb ishte ndikuar nga partneri i saj i koalicionit, Partia Social Demokratike (SDP).<br \/>\nSipas Jovi\u00e7evi\u00e7, kthimi i Gjukanovi\u00e7 \u00ebsht\u00eb di\u00e7ka si anomali. &#8220;Nuk \u00ebsht\u00eb e natyrshme p\u00ebr dik\u00eb q\u00eb ishte p\u00ebr kaq gjat\u00eb zyrtari m\u00eb i lart\u00eb i institucioneve t\u00eb vendit n\u00eb koh\u00eb shum\u00eb t\u00eb v\u00ebshtira&#8221; t\u00eb marr\u00eb p\u00ebr\u00ebsri postin e kryeministrit.<br \/>\n&#8220;Nuk \u00ebsht\u00eb normale n\u00eb demokraci t\u00eb kesh nj\u00eb njeri si kryeminist\u00ebr pes\u00eb her\u00eb,&#8221; thot\u00eb Jovi\u00e7evi\u00e7 duke paralajm\u00ebruar gjithashtu se riem\u00ebrimi mund t\u00eb d\u00ebrgonte nj\u00eb sinjal shqet\u00ebsues jasht\u00eb pasi Gjukanovi\u00e7 \u00ebsht\u00eb n\u00ebn hetim n\u00eb Itali p\u00ebr kontraband\u00eb cigaresh.<br \/>\nPor Srxhan Damanovi\u00e7, dekan i departamentit t\u00eb shkencave politike n\u00eb Universitetin e Malit t\u00eb Zi thot\u00eb se ka kuptim q\u00eb Gjukanovi\u00e7 t\u00eb b\u00ebhet kryeminist\u00ebr p\u00ebr\u00ebsri pasi ai \u00ebsht\u00eb kreu i partis\u00eb qeveris\u00ebse.<br \/>\n&#8220;Ky \u00ebsht\u00eb rasti n\u00eb t\u00eb gjitha demokracit\u00eb parlamentare: kryetari i partis\u00eb qeveris\u00ebse duhet t\u00eb jet\u00eb nj\u00eb kryeminist\u00ebr,&#8221; thot\u00eb ai.<br \/>\n<strong>www.setimes.com\/<\/strong><br \/>\nNga Nedjeljko Rudovi\u00e7 p\u00ebr Southeast European Times n\u00eb Podgoric\u00eb<\/p>\n","protected":false},"excerpt":{"rendered":"<p><img loading=\"lazy\" src=\"http:\/\/www.setimes.com\/cocoon\/setimes\/images\/2008\/02\/12\/NEDJELJKOphoto.jpg\" align=\"left\" height=\"140\" width=\"140\" \/><\/p>\n","protected":false},"author":1,"featured_media":0,"comment_status":"open","ping_status":"closed","sticky":false,"template":"","format":"standard","meta":{"spay_email":"","jetpack_publicize_message":"","jetpack_is_tweetstorm":false,"jetpack_publicize_feature_enabled":true},"categories":[6],"tags":[1615,103,530,117,1614,503,1618,1616,1770,195,701,1619],"jetpack_publicize_connections":[],"yoast_head":"<!-- This site is optimized with the Yoast SEO plugin v19.1 - https:\/\/yoast.com\/wordpress\/plugins\/seo\/ -->\n<title>Kthimi i Gjukanovi\u00e7 par\u00eb si ky\u00e7 p\u00ebr unitetin e partis\u00eb n\u00eb Malin e Zi - Lajme nga Ulqini<\/title>\n<meta name=\"robots\" content=\"index, follow, max-snippet:-1, max-image-preview:large, max-video-preview:-1\" \/>\n<link rel=\"canonical\" href=\"https:\/\/www.visit-ulcinj.com\/blog\/2008\/02\/18\/kthimi-i-gjukanovic-pare-si-kyc-per-unitetin-e-partise-ne-malin-e-zi\/\" \/>\n<meta property=\"og:locale\" content=\"en_US\" \/>\n<meta property=\"og:type\" content=\"article\" \/>\n<meta property=\"og:title\" content=\"Kthimi i Gjukanovi\u00e7 par\u00eb si ky\u00e7 p\u00ebr unitetin e partis\u00eb n\u00eb Malin e Zi - Lajme nga Ulqini\" \/>\n<meta property=\"og:url\" content=\"https:\/\/www.visit-ulcinj.com\/blog\/2008\/02\/18\/kthimi-i-gjukanovic-pare-si-kyc-per-unitetin-e-partise-ne-malin-e-zi\/\" \/>\n<meta property=\"og:site_name\" content=\"Lajme nga Ulqini\" \/>\n<meta property=\"article:published_time\" content=\"2008-02-18T17:41:25+00:00\" \/>\n<meta property=\"article:modified_time\" content=\"2008-02-26T18:04:22+00:00\" \/>\n<meta property=\"og:image\" content=\"http:\/\/www.setimes.com\/cocoon\/setimes\/images\/2008\/02\/12\/NEDJELJKOphoto.jpg\" \/>\n<meta name=\"twitter:label1\" content=\"Written by\" \/>\n\t<meta name=\"twitter:data1\" content=\"ulqini\" \/>\n\t<meta name=\"twitter:label2\" content=\"Est. reading time\" \/>\n\t<meta name=\"twitter:data2\" content=\"3 minutes\" \/>\n<script type=\"application\/ld+json\" class=\"yoast-schema-graph\">{\"@context\":\"https:\/\/schema.org\",\"@graph\":[{\"@type\":\"WebSite\",\"@id\":\"https:\/\/www.visit-ulcinj.com\/blog\/#website\",\"url\":\"https:\/\/www.visit-ulcinj.com\/blog\/\",\"name\":\"Lajme nga Ulqini\",\"description\":\"Lajme,Vijesti,Ulqini,Ulqin,Crna Gora,Mali i Zi\",\"potentialAction\":[{\"@type\":\"SearchAction\",\"target\":{\"@type\":\"EntryPoint\",\"urlTemplate\":\"https:\/\/www.visit-ulcinj.com\/blog\/?s={search_term_string}\"},\"query-input\":\"required name=search_term_string\"}],\"inLanguage\":\"en-US\"},{\"@type\":\"ImageObject\",\"inLanguage\":\"en-US\",\"@id\":\"https:\/\/www.visit-ulcinj.com\/blog\/2008\/02\/18\/kthimi-i-gjukanovic-pare-si-kyc-per-unitetin-e-partise-ne-malin-e-zi\/#primaryimage\",\"url\":\"http:\/\/www.setimes.com\/cocoon\/setimes\/images\/2008\/02\/12\/NEDJELJKOphoto.jpg\",\"contentUrl\":\"http:\/\/www.setimes.com\/cocoon\/setimes\/images\/2008\/02\/12\/NEDJELJKOphoto.jpg\"},{\"@type\":\"WebPage\",\"@id\":\"https:\/\/www.visit-ulcinj.com\/blog\/2008\/02\/18\/kthimi-i-gjukanovic-pare-si-kyc-per-unitetin-e-partise-ne-malin-e-zi\/#webpage\",\"url\":\"https:\/\/www.visit-ulcinj.com\/blog\/2008\/02\/18\/kthimi-i-gjukanovic-pare-si-kyc-per-unitetin-e-partise-ne-malin-e-zi\/\",\"name\":\"Kthimi i Gjukanovi\u00e7 par\u00eb si ky\u00e7 p\u00ebr unitetin e partis\u00eb n\u00eb Malin e Zi - Lajme nga Ulqini\",\"isPartOf\":{\"@id\":\"https:\/\/www.visit-ulcinj.com\/blog\/#website\"},\"primaryImageOfPage\":{\"@id\":\"https:\/\/www.visit-ulcinj.com\/blog\/2008\/02\/18\/kthimi-i-gjukanovic-pare-si-kyc-per-unitetin-e-partise-ne-malin-e-zi\/#primaryimage\"},\"datePublished\":\"2008-02-18T17:41:25+00:00\",\"dateModified\":\"2008-02-26T18:04:22+00:00\",\"author\":{\"@id\":\"https:\/\/www.visit-ulcinj.com\/blog\/#\/schema\/person\/dcab619c614d3038751c63bc2aadc06d\"},\"breadcrumb\":{\"@id\":\"https:\/\/www.visit-ulcinj.com\/blog\/2008\/02\/18\/kthimi-i-gjukanovic-pare-si-kyc-per-unitetin-e-partise-ne-malin-e-zi\/#breadcrumb\"},\"inLanguage\":\"en-US\",\"potentialAction\":[{\"@type\":\"ReadAction\",\"target\":[\"https:\/\/www.visit-ulcinj.com\/blog\/2008\/02\/18\/kthimi-i-gjukanovic-pare-si-kyc-per-unitetin-e-partise-ne-malin-e-zi\/\"]}]},{\"@type\":\"BreadcrumbList\",\"@id\":\"https:\/\/www.visit-ulcinj.com\/blog\/2008\/02\/18\/kthimi-i-gjukanovic-pare-si-kyc-per-unitetin-e-partise-ne-malin-e-zi\/#breadcrumb\",\"itemListElement\":[{\"@type\":\"ListItem\",\"position\":1,\"name\":\"Kthimi i Gjukanovi\u00e7 par\u00eb si ky\u00e7 p\u00ebr unitetin e partis\u00eb n\u00eb Malin e Zi\"}]},{\"@type\":\"Person\",\"@id\":\"https:\/\/www.visit-ulcinj.com\/blog\/#\/schema\/person\/dcab619c614d3038751c63bc2aadc06d\",\"name\":\"ulqini\",\"sameAs\":[\"http:\/\/www.visit-ulcinj.com\"],\"url\":\"https:\/\/www.visit-ulcinj.com\/blog\/author\/admin\/\"}]}<\/script>\n<!-- \/ Yoast SEO plugin. -->","yoast_head_json":{"title":"Kthimi i Gjukanovi\u00e7 par\u00eb si ky\u00e7 p\u00ebr unitetin e partis\u00eb n\u00eb Malin e Zi - Lajme nga Ulqini","robots":{"index":"index","follow":"follow","max-snippet":"max-snippet:-1","max-image-preview":"max-image-preview:large","max-video-preview":"max-video-preview:-1"},"canonical":"https:\/\/www.visit-ulcinj.com\/blog\/2008\/02\/18\/kthimi-i-gjukanovic-pare-si-kyc-per-unitetin-e-partise-ne-malin-e-zi\/","og_locale":"en_US","og_type":"article","og_title":"Kthimi i Gjukanovi\u00e7 par\u00eb si ky\u00e7 p\u00ebr unitetin e partis\u00eb n\u00eb Malin e Zi - Lajme nga Ulqini","og_url":"https:\/\/www.visit-ulcinj.com\/blog\/2008\/02\/18\/kthimi-i-gjukanovic-pare-si-kyc-per-unitetin-e-partise-ne-malin-e-zi\/","og_site_name":"Lajme nga Ulqini","article_published_time":"2008-02-18T17:41:25+00:00","article_modified_time":"2008-02-26T18:04:22+00:00","og_image":[{"url":"http:\/\/www.setimes.com\/cocoon\/setimes\/images\/2008\/02\/12\/NEDJELJKOphoto.jpg"}],"twitter_misc":{"Written by":"ulqini","Est. reading time":"3 minutes"},"schema":{"@context":"https:\/\/schema.org","@graph":[{"@type":"WebSite","@id":"https:\/\/www.visit-ulcinj.com\/blog\/#website","url":"https:\/\/www.visit-ulcinj.com\/blog\/","name":"Lajme nga Ulqini","description":"Lajme,Vijesti,Ulqini,Ulqin,Crna Gora,Mali i Zi","potentialAction":[{"@type":"SearchAction","target":{"@type":"EntryPoint","urlTemplate":"https:\/\/www.visit-ulcinj.com\/blog\/?s={search_term_string}"},"query-input":"required name=search_term_string"}],"inLanguage":"en-US"},{"@type":"ImageObject","inLanguage":"en-US","@id":"https:\/\/www.visit-ulcinj.com\/blog\/2008\/02\/18\/kthimi-i-gjukanovic-pare-si-kyc-per-unitetin-e-partise-ne-malin-e-zi\/#primaryimage","url":"http:\/\/www.setimes.com\/cocoon\/setimes\/images\/2008\/02\/12\/NEDJELJKOphoto.jpg","contentUrl":"http:\/\/www.setimes.com\/cocoon\/setimes\/images\/2008\/02\/12\/NEDJELJKOphoto.jpg"},{"@type":"WebPage","@id":"https:\/\/www.visit-ulcinj.com\/blog\/2008\/02\/18\/kthimi-i-gjukanovic-pare-si-kyc-per-unitetin-e-partise-ne-malin-e-zi\/#webpage","url":"https:\/\/www.visit-ulcinj.com\/blog\/2008\/02\/18\/kthimi-i-gjukanovic-pare-si-kyc-per-unitetin-e-partise-ne-malin-e-zi\/","name":"Kthimi i Gjukanovi\u00e7 par\u00eb si ky\u00e7 p\u00ebr unitetin e partis\u00eb n\u00eb Malin e Zi - Lajme nga Ulqini","isPartOf":{"@id":"https:\/\/www.visit-ulcinj.com\/blog\/#website"},"primaryImageOfPage":{"@id":"https:\/\/www.visit-ulcinj.com\/blog\/2008\/02\/18\/kthimi-i-gjukanovic-pare-si-kyc-per-unitetin-e-partise-ne-malin-e-zi\/#primaryimage"},"datePublished":"2008-02-18T17:41:25+00:00","dateModified":"2008-02-26T18:04:22+00:00","author":{"@id":"https:\/\/www.visit-ulcinj.com\/blog\/#\/schema\/person\/dcab619c614d3038751c63bc2aadc06d"},"breadcrumb":{"@id":"https:\/\/www.visit-ulcinj.com\/blog\/2008\/02\/18\/kthimi-i-gjukanovic-pare-si-kyc-per-unitetin-e-partise-ne-malin-e-zi\/#breadcrumb"},"inLanguage":"en-US","potentialAction":[{"@type":"ReadAction","target":["https:\/\/www.visit-ulcinj.com\/blog\/2008\/02\/18\/kthimi-i-gjukanovic-pare-si-kyc-per-unitetin-e-partise-ne-malin-e-zi\/"]}]},{"@type":"BreadcrumbList","@id":"https:\/\/www.visit-ulcinj.com\/blog\/2008\/02\/18\/kthimi-i-gjukanovic-pare-si-kyc-per-unitetin-e-partise-ne-malin-e-zi\/#breadcrumb","itemListElement":[{"@type":"ListItem","position":1,"name":"Kthimi i Gjukanovi\u00e7 par\u00eb si ky\u00e7 p\u00ebr unitetin e partis\u00eb n\u00eb Malin e Zi"}]},{"@type":"Person","@id":"https:\/\/www.visit-ulcinj.com\/blog\/#\/schema\/person\/dcab619c614d3038751c63bc2aadc06d","name":"ulqini","sameAs":["http:\/\/www.visit-ulcinj.com"],"url":"https:\/\/www.visit-ulcinj.com\/blog\/author\/admin\/"}]}},"jetpack_featured_media_url":"","jetpack_sharing_enabled":true,"jetpack_shortlink":"https:\/\/wp.me\/pe6lTn-93","_links":{"self":[{"href":"https:\/\/www.visit-ulcinj.com\/blog\/wp-json\/wp\/v2\/posts\/561"}],"collection":[{"href":"https:\/\/www.visit-ulcinj.com\/blog\/wp-json\/wp\/v2\/posts"}],"about":[{"href":"https:\/\/www.visit-ulcinj.com\/blog\/wp-json\/wp\/v2\/types\/post"}],"author":[{"embeddable":true,"href":"https:\/\/www.visit-ulcinj.com\/blog\/wp-json\/wp\/v2\/users\/1"}],"replies":[{"embeddable":true,"href":"https:\/\/www.visit-ulcinj.com\/blog\/wp-json\/wp\/v2\/comments?post=561"}],"version-history":[{"count":0,"href":"https:\/\/www.visit-ulcinj.com\/blog\/wp-json\/wp\/v2\/posts\/561\/revisions"}],"wp:attachment":[{"href":"https:\/\/www.visit-ulcinj.com\/blog\/wp-json\/wp\/v2\/media?parent=561"}],"wp:term":[{"taxonomy":"category","embeddable":true,"href":"https:\/\/www.visit-ulcinj.com\/blog\/wp-json\/wp\/v2\/categories?post=561"},{"taxonomy":"post_tag","embeddable":true,"href":"https:\/\/www.visit-ulcinj.com\/blog\/wp-json\/wp\/v2\/tags?post=561"}],"curies":[{"name":"wp","href":"https:\/\/api.w.org\/{rel}","templated":true}]}}