{"id":56106,"date":"2012-01-18T18:19:17","date_gmt":"2012-01-18T17:19:17","guid":{"rendered":"http:\/\/www.visit-ulcinj.com\/blog\/?p=56106"},"modified":"2012-01-18T18:19:17","modified_gmt":"2012-01-18T17:19:17","slug":"ramadan-krasniqi-dani-shpallet-i-pafajshem","status":"publish","type":"post","link":"https:\/\/www.visit-ulcinj.com\/blog\/2012\/01\/18\/ramadan-krasniqi-dani-shpallet-i-pafajshem\/","title":{"rendered":"Ramadan Krasniqi &#8211; Dani shpallet i pafajsh\u00ebm"},"content":{"rendered":"<p><a href=\"http:\/\/www.visit-ulcinj.com\/blog\/wp-content\/uploads\/2012\/01\/Ramadan-Krasniqi.jpg\"><img loading=\"lazy\" class=\"alignleft  wp-image-56107\" title=\"Ramadan-Krasniqi\" src=\"http:\/\/www.visit-ulcinj.com\/blog\/wp-content\/uploads\/2012\/01\/Ramadan-Krasniqi.jpg\" alt=\"\" width=\"340\" height=\"300\" \/><\/a>Gjykata e Pej\u00ebs e ka liruar nga akuza p\u00ebr vjedhje t\u00eb rrym\u00ebs elektrike k\u00ebng\u00ebtarin e mir\u00ebnjohur, Ramadan Krasniqi \u2013 Dani. Prokuroria e kishte akuzuar Danin se KEK-ut i kishte shkaktuar d\u00ebm n\u00eb vler\u00eb prej 1,976.50 \u20ac. Gjyqtari i ka besuar k\u00ebng\u00ebtarit, nd\u00ebrsa asnj\u00eb nga provat e prokuroris\u00eb nuk i ka marr\u00eb p\u00ebr baz\u00eb.<\/p>\n<p>M\u00eb 14 dhjetor t\u00eb vitit t\u00eb kaluar ka p\u00ebrfunduar gjykimi ndaj k\u00ebng\u00ebtarit t\u00eb mir\u00ebnjohur kosovar, Ramadan Kraniqi \u2013 Dani. Ai akuzohej se kishte vjedhur energjin\u00eb elektrike, nd\u00ebrsa gjykat\u00ebs i \u00ebsht\u00eb dashur m\u00eb shum\u00eb se nj\u00eb muaj p\u00ebr t\u00eb marr\u00eb vendimin, shkruan gazeta JNK.<\/p>\n<p>Sipas propozim-akuz\u00ebs, i pandehuri akuzohej se kishte manipuluar m\u00eb njehsorin elektrik t\u00eb sht\u00ebpis\u00eb s\u00eb tij n\u00eb lagjen Fidanishte n\u00eb Pej\u00eb. Prokuroria Komunale e Pej\u00ebs, propozim-akuz\u00ebn e kishte mb\u00ebshtetur n\u00eb dy d\u00ebshmitar\u00eb dhe n\u00eb ekspertiz\u00ebn e kalibrimit t\u00eb KEK-ut.<\/p>\n<p>Komisioni profesional i kalibrimit kishte konstatuar se or\u00ebmat\u00ebsi ishte i manipuluar, nd\u00ebrsa d\u00ebshmitar\u00ebt G\u00ebzim Gashi dhe Abdullah Shabanaj, pjes\u00eb e ekipit kontrollues t\u00eb KEK-ut, kishin v\u00ebrejtur se ishte falsifikuar nj\u00eb plomb\u00eb shtet\u00ebrore, kurse plomba tjet\u00ebr ishte e k\u00ebputur. Pronari i sht\u00ebpis\u00eb akuzohej se ka vendosur plomp\u00eb t\u00eb vitit 2005 n\u00eb njehsorin elektrik t\u00eb vitit 2006, si dhe num\u00ebruesi i njehsorit ishte kthyer prapa.<\/p>\n<p>N\u00eb mbrojtjen e tij, i pandehuri e kishte kund\u00ebrshtuar akuz\u00ebn duke deklaruar se ka frik\u00eb ta prek\u00eb nj\u00eb po\u00e7 elektrik, e l\u00ebr\u00eb m\u00eb njehsorin.<\/p>\n<p>Gjykata ka vendosur ta liroj\u00eb nga akuza Danin pasi q\u00eb konsideron se nuk \u00ebsht\u00eb v\u00ebrtetuar se ai ka kryer vepr\u00ebn penale q\u00eb ngarkohet.<\/p>\n<p>Provat kryesore n\u00eb t\u00eb cilat prokuroria e kishte mb\u00ebshtetur propozim-akuz\u00ebn nuk jan\u00eb marr\u00eb p\u00ebr baz\u00eb.<\/p>\n<p>Gjyqtari i \u00e7\u00ebshtjes ka zgjedhur t\u2019i besoj\u00eb k\u00ebng\u00ebtarit t\u00eb pandehur, nd\u00ebrsa asnj\u00eb nga provat e prokuroris\u00eb nuk i ka marr\u00eb p\u00ebr baz\u00eb.<\/p>\n<p>N\u00eb arsyetimin e aktgjykimit, gjykata p\u00ebrshkruan t\u00eb pandehurin si njeri i njohur n\u00eb publik, personalitet q\u00eb nuk do t\u00eb vidhte. M\u00eb tutje, n\u00eb arsyetim thuhet se i pandehuri nuk \u00ebsht\u00eb aq naiv dhe i pamen\u00e7ur sa t\u00eb kryente veprime t\u00eb tilla kriminale, n\u00eb m\u00ebnyr\u00eb aq t\u00eb thjesht\u00eb, dha pa ndonj\u00eb marifet.<\/p>\n<p>Tani, n\u00eb afatin 8-ditor pritet q\u00eb prokuroria t\u00eb ushtroj\u00eb ankes\u00eb ndaj k\u00ebtij vendimi.<\/p>\n<p><strong>Koha Net<br \/>\n<!--YouTube Error: bad URL entered--><br \/>\n<\/strong><\/p>\n","protected":false},"excerpt":{"rendered":"<p>Gjykata e Pej\u00ebs e ka liruar nga akuza p\u00ebr vjedhje t\u00eb rrym\u00ebs elektrike k\u00ebng\u00ebtarin e mir\u00ebnjohur, Ramadan Krasniqi \u2013 Dani. Prokuroria e kishte akuzuar Danin se KEK-ut i kishte shkaktuar d\u00ebm n\u00eb vler\u00eb prej 1,976.50 \u20ac. Gjyqtari i ka besuar k\u00ebng\u00ebtarit, nd\u00ebrsa asnj\u00eb nga provat e prokuroris\u00eb nuk i ka marr\u00eb p\u00ebr baz\u00eb. M\u00eb 14 [&hellip;]<\/p>\n","protected":false},"author":1,"featured_media":0,"comment_status":"open","ping_status":"closed","sticky":false,"template":"","format":"standard","meta":{"spay_email":"","jetpack_publicize_message":"","jetpack_is_tweetstorm":false,"jetpack_publicize_feature_enabled":true},"categories":[1],"tags":[5290],"jetpack_publicize_connections":[],"yoast_head":"<!-- This site is optimized with the Yoast SEO plugin v19.1 - https:\/\/yoast.com\/wordpress\/plugins\/seo\/ -->\n<title>Ramadan Krasniqi - Dani shpallet i pafajsh\u00ebm - Lajme nga Ulqini<\/title>\n<meta name=\"description\" content=\"Gjykata e Pej\u00ebs e ka liruar nga akuza p\u00ebr vjedhje t\u00eb rrym\u00ebs elektrike k\u00ebng\u00ebtarin e mir\u00ebnjohur, Ramadan Krasniqi \u2013 Dani. Prokuroria e kishte akuzuar Danin\" \/>\n<meta name=\"robots\" content=\"index, follow, max-snippet:-1, max-image-preview:large, max-video-preview:-1\" \/>\n<link rel=\"canonical\" href=\"https:\/\/www.visit-ulcinj.com\/blog\/2012\/01\/18\/ramadan-krasniqi-dani-shpallet-i-pafajshem\/\" \/>\n<meta property=\"og:locale\" content=\"en_US\" \/>\n<meta property=\"og:type\" content=\"article\" \/>\n<meta property=\"og:title\" content=\"Ramadan Krasniqi - Dani shpallet i pafajsh\u00ebm - Lajme nga Ulqini\" \/>\n<meta property=\"og:description\" content=\"Gjykata e Pej\u00ebs e ka liruar nga akuza p\u00ebr vjedhje t\u00eb rrym\u00ebs elektrike k\u00ebng\u00ebtarin e mir\u00ebnjohur, Ramadan Krasniqi \u2013 Dani. Prokuroria e kishte akuzuar Danin\" \/>\n<meta property=\"og:url\" content=\"https:\/\/www.visit-ulcinj.com\/blog\/2012\/01\/18\/ramadan-krasniqi-dani-shpallet-i-pafajshem\/\" \/>\n<meta property=\"og:site_name\" content=\"Lajme nga Ulqini\" \/>\n<meta property=\"article:published_time\" content=\"2012-01-18T17:19:17+00:00\" \/>\n<meta property=\"og:image\" content=\"http:\/\/www.visit-ulcinj.com\/blog\/wp-content\/uploads\/2012\/01\/Ramadan-Krasniqi.jpg\" \/>\n<meta name=\"twitter:label1\" content=\"Written by\" \/>\n\t<meta name=\"twitter:data1\" content=\"ulqini\" \/>\n\t<meta name=\"twitter:label2\" content=\"Est. reading time\" \/>\n\t<meta name=\"twitter:data2\" content=\"2 minutes\" \/>\n<script type=\"application\/ld+json\" class=\"yoast-schema-graph\">{\"@context\":\"https:\/\/schema.org\",\"@graph\":[{\"@type\":\"WebSite\",\"@id\":\"https:\/\/www.visit-ulcinj.com\/blog\/#website\",\"url\":\"https:\/\/www.visit-ulcinj.com\/blog\/\",\"name\":\"Lajme nga Ulqini\",\"description\":\"Lajme,Vijesti,Ulqini,Ulqin,Crna Gora,Mali i Zi\",\"potentialAction\":[{\"@type\":\"SearchAction\",\"target\":{\"@type\":\"EntryPoint\",\"urlTemplate\":\"https:\/\/www.visit-ulcinj.com\/blog\/?s={search_term_string}\"},\"query-input\":\"required name=search_term_string\"}],\"inLanguage\":\"en-US\"},{\"@type\":\"ImageObject\",\"inLanguage\":\"en-US\",\"@id\":\"https:\/\/www.visit-ulcinj.com\/blog\/2012\/01\/18\/ramadan-krasniqi-dani-shpallet-i-pafajshem\/#primaryimage\",\"url\":\"http:\/\/www.visit-ulcinj.com\/blog\/wp-content\/uploads\/2012\/01\/Ramadan-Krasniqi.jpg\",\"contentUrl\":\"http:\/\/www.visit-ulcinj.com\/blog\/wp-content\/uploads\/2012\/01\/Ramadan-Krasniqi.jpg\"},{\"@type\":\"WebPage\",\"@id\":\"https:\/\/www.visit-ulcinj.com\/blog\/2012\/01\/18\/ramadan-krasniqi-dani-shpallet-i-pafajshem\/#webpage\",\"url\":\"https:\/\/www.visit-ulcinj.com\/blog\/2012\/01\/18\/ramadan-krasniqi-dani-shpallet-i-pafajshem\/\",\"name\":\"Ramadan Krasniqi - Dani shpallet i pafajsh\u00ebm - Lajme nga Ulqini\",\"isPartOf\":{\"@id\":\"https:\/\/www.visit-ulcinj.com\/blog\/#website\"},\"primaryImageOfPage\":{\"@id\":\"https:\/\/www.visit-ulcinj.com\/blog\/2012\/01\/18\/ramadan-krasniqi-dani-shpallet-i-pafajshem\/#primaryimage\"},\"datePublished\":\"2012-01-18T17:19:17+00:00\",\"dateModified\":\"2012-01-18T17:19:17+00:00\",\"author\":{\"@id\":\"https:\/\/www.visit-ulcinj.com\/blog\/#\/schema\/person\/dcab619c614d3038751c63bc2aadc06d\"},\"description\":\"Gjykata e Pej\u00ebs e ka liruar nga akuza p\u00ebr vjedhje t\u00eb rrym\u00ebs elektrike k\u00ebng\u00ebtarin e mir\u00ebnjohur, Ramadan Krasniqi \u2013 Dani. Prokuroria e kishte akuzuar Danin\",\"breadcrumb\":{\"@id\":\"https:\/\/www.visit-ulcinj.com\/blog\/2012\/01\/18\/ramadan-krasniqi-dani-shpallet-i-pafajshem\/#breadcrumb\"},\"inLanguage\":\"en-US\",\"potentialAction\":[{\"@type\":\"ReadAction\",\"target\":[\"https:\/\/www.visit-ulcinj.com\/blog\/2012\/01\/18\/ramadan-krasniqi-dani-shpallet-i-pafajshem\/\"]}]},{\"@type\":\"BreadcrumbList\",\"@id\":\"https:\/\/www.visit-ulcinj.com\/blog\/2012\/01\/18\/ramadan-krasniqi-dani-shpallet-i-pafajshem\/#breadcrumb\",\"itemListElement\":[{\"@type\":\"ListItem\",\"position\":1,\"name\":\"Ramadan Krasniqi &#8211; Dani shpallet i pafajsh\u00ebm\"}]},{\"@type\":\"Person\",\"@id\":\"https:\/\/www.visit-ulcinj.com\/blog\/#\/schema\/person\/dcab619c614d3038751c63bc2aadc06d\",\"name\":\"ulqini\",\"sameAs\":[\"http:\/\/www.visit-ulcinj.com\"],\"url\":\"https:\/\/www.visit-ulcinj.com\/blog\/author\/admin\/\"}]}<\/script>\n<!-- \/ Yoast SEO plugin. -->","yoast_head_json":{"title":"Ramadan Krasniqi - Dani shpallet i pafajsh\u00ebm - Lajme nga Ulqini","description":"Gjykata e Pej\u00ebs e ka liruar nga akuza p\u00ebr vjedhje t\u00eb rrym\u00ebs elektrike k\u00ebng\u00ebtarin e mir\u00ebnjohur, Ramadan Krasniqi \u2013 Dani. Prokuroria e kishte akuzuar Danin","robots":{"index":"index","follow":"follow","max-snippet":"max-snippet:-1","max-image-preview":"max-image-preview:large","max-video-preview":"max-video-preview:-1"},"canonical":"https:\/\/www.visit-ulcinj.com\/blog\/2012\/01\/18\/ramadan-krasniqi-dani-shpallet-i-pafajshem\/","og_locale":"en_US","og_type":"article","og_title":"Ramadan Krasniqi - Dani shpallet i pafajsh\u00ebm - Lajme nga Ulqini","og_description":"Gjykata e Pej\u00ebs e ka liruar nga akuza p\u00ebr vjedhje t\u00eb rrym\u00ebs elektrike k\u00ebng\u00ebtarin e mir\u00ebnjohur, Ramadan Krasniqi \u2013 Dani. Prokuroria e kishte akuzuar Danin","og_url":"https:\/\/www.visit-ulcinj.com\/blog\/2012\/01\/18\/ramadan-krasniqi-dani-shpallet-i-pafajshem\/","og_site_name":"Lajme nga Ulqini","article_published_time":"2012-01-18T17:19:17+00:00","og_image":[{"url":"http:\/\/www.visit-ulcinj.com\/blog\/wp-content\/uploads\/2012\/01\/Ramadan-Krasniqi.jpg"}],"twitter_misc":{"Written by":"ulqini","Est. reading time":"2 minutes"},"schema":{"@context":"https:\/\/schema.org","@graph":[{"@type":"WebSite","@id":"https:\/\/www.visit-ulcinj.com\/blog\/#website","url":"https:\/\/www.visit-ulcinj.com\/blog\/","name":"Lajme nga Ulqini","description":"Lajme,Vijesti,Ulqini,Ulqin,Crna Gora,Mali i Zi","potentialAction":[{"@type":"SearchAction","target":{"@type":"EntryPoint","urlTemplate":"https:\/\/www.visit-ulcinj.com\/blog\/?s={search_term_string}"},"query-input":"required name=search_term_string"}],"inLanguage":"en-US"},{"@type":"ImageObject","inLanguage":"en-US","@id":"https:\/\/www.visit-ulcinj.com\/blog\/2012\/01\/18\/ramadan-krasniqi-dani-shpallet-i-pafajshem\/#primaryimage","url":"http:\/\/www.visit-ulcinj.com\/blog\/wp-content\/uploads\/2012\/01\/Ramadan-Krasniqi.jpg","contentUrl":"http:\/\/www.visit-ulcinj.com\/blog\/wp-content\/uploads\/2012\/01\/Ramadan-Krasniqi.jpg"},{"@type":"WebPage","@id":"https:\/\/www.visit-ulcinj.com\/blog\/2012\/01\/18\/ramadan-krasniqi-dani-shpallet-i-pafajshem\/#webpage","url":"https:\/\/www.visit-ulcinj.com\/blog\/2012\/01\/18\/ramadan-krasniqi-dani-shpallet-i-pafajshem\/","name":"Ramadan Krasniqi - Dani shpallet i pafajsh\u00ebm - Lajme nga Ulqini","isPartOf":{"@id":"https:\/\/www.visit-ulcinj.com\/blog\/#website"},"primaryImageOfPage":{"@id":"https:\/\/www.visit-ulcinj.com\/blog\/2012\/01\/18\/ramadan-krasniqi-dani-shpallet-i-pafajshem\/#primaryimage"},"datePublished":"2012-01-18T17:19:17+00:00","dateModified":"2012-01-18T17:19:17+00:00","author":{"@id":"https:\/\/www.visit-ulcinj.com\/blog\/#\/schema\/person\/dcab619c614d3038751c63bc2aadc06d"},"description":"Gjykata e Pej\u00ebs e ka liruar nga akuza p\u00ebr vjedhje t\u00eb rrym\u00ebs elektrike k\u00ebng\u00ebtarin e mir\u00ebnjohur, Ramadan Krasniqi \u2013 Dani. Prokuroria e kishte akuzuar Danin","breadcrumb":{"@id":"https:\/\/www.visit-ulcinj.com\/blog\/2012\/01\/18\/ramadan-krasniqi-dani-shpallet-i-pafajshem\/#breadcrumb"},"inLanguage":"en-US","potentialAction":[{"@type":"ReadAction","target":["https:\/\/www.visit-ulcinj.com\/blog\/2012\/01\/18\/ramadan-krasniqi-dani-shpallet-i-pafajshem\/"]}]},{"@type":"BreadcrumbList","@id":"https:\/\/www.visit-ulcinj.com\/blog\/2012\/01\/18\/ramadan-krasniqi-dani-shpallet-i-pafajshem\/#breadcrumb","itemListElement":[{"@type":"ListItem","position":1,"name":"Ramadan Krasniqi &#8211; Dani shpallet i pafajsh\u00ebm"}]},{"@type":"Person","@id":"https:\/\/www.visit-ulcinj.com\/blog\/#\/schema\/person\/dcab619c614d3038751c63bc2aadc06d","name":"ulqini","sameAs":["http:\/\/www.visit-ulcinj.com"],"url":"https:\/\/www.visit-ulcinj.com\/blog\/author\/admin\/"}]}},"jetpack_featured_media_url":"","jetpack_sharing_enabled":true,"jetpack_shortlink":"https:\/\/wp.me\/pe6lTn-eAW","_links":{"self":[{"href":"https:\/\/www.visit-ulcinj.com\/blog\/wp-json\/wp\/v2\/posts\/56106"}],"collection":[{"href":"https:\/\/www.visit-ulcinj.com\/blog\/wp-json\/wp\/v2\/posts"}],"about":[{"href":"https:\/\/www.visit-ulcinj.com\/blog\/wp-json\/wp\/v2\/types\/post"}],"author":[{"embeddable":true,"href":"https:\/\/www.visit-ulcinj.com\/blog\/wp-json\/wp\/v2\/users\/1"}],"replies":[{"embeddable":true,"href":"https:\/\/www.visit-ulcinj.com\/blog\/wp-json\/wp\/v2\/comments?post=56106"}],"version-history":[{"count":1,"href":"https:\/\/www.visit-ulcinj.com\/blog\/wp-json\/wp\/v2\/posts\/56106\/revisions"}],"predecessor-version":[{"id":56108,"href":"https:\/\/www.visit-ulcinj.com\/blog\/wp-json\/wp\/v2\/posts\/56106\/revisions\/56108"}],"wp:attachment":[{"href":"https:\/\/www.visit-ulcinj.com\/blog\/wp-json\/wp\/v2\/media?parent=56106"}],"wp:term":[{"taxonomy":"category","embeddable":true,"href":"https:\/\/www.visit-ulcinj.com\/blog\/wp-json\/wp\/v2\/categories?post=56106"},{"taxonomy":"post_tag","embeddable":true,"href":"https:\/\/www.visit-ulcinj.com\/blog\/wp-json\/wp\/v2\/tags?post=56106"}],"curies":[{"name":"wp","href":"https:\/\/api.w.org\/{rel}","templated":true}]}}