{"id":56114,"date":"2012-01-18T18:51:19","date_gmt":"2012-01-18T17:51:19","guid":{"rendered":"http:\/\/www.visit-ulcinj.com\/blog\/?p=56114"},"modified":"2012-01-18T19:21:34","modified_gmt":"2012-01-18T18:21:34","slug":"vildane-zeneli-ne-reklamen-e-budwiser","status":"publish","type":"post","link":"https:\/\/www.visit-ulcinj.com\/blog\/2012\/01\/18\/vildane-zeneli-ne-reklamen-e-budwiser\/","title":{"rendered":"Vildane Zeneli n\u00eb reklam\u00ebn e Budwiser"},"content":{"rendered":"<p><strong><a href=\"http:\/\/www.visit-ulcinj.com\/blog\/wp-content\/uploads\/2012\/01\/Vildane-Zeneli-Budwiser.jpg\"><img loading=\"lazy\" class=\"alignleft  wp-image-56118\" title=\"Vildane Zeneli - Budwiser\" src=\"http:\/\/www.visit-ulcinj.com\/blog\/wp-content\/uploads\/2012\/01\/Vildane-Zeneli-Budwiser.jpg\" alt=\"\" width=\"508\" height=\"380\" \/><\/a>K\u00ebt\u00eb vit p\u00ebr fansat e futbollit amerikan do t\u00eb ket\u00eb dhe nj\u00eb arsye m\u00eb tep\u00ebr p\u00ebr t\u00eb mos humbur ndeshjet e Superbowl. Bukuroshja shqiptare Vildane Zeneli, e cila jeton prej vitesh n\u00eb Amerik\u00eb, sapo ka p\u00ebrfunduar reklam\u00ebn me Budwiser q\u00eb do t\u00eb debutoj\u00eb pik\u00ebrisht gjat\u00eb k\u00ebtij kampionati n\u00eb shkurt.<\/strong><\/p>\n<p>Superbowl \u00ebsht\u00eb kampionati m\u00eb i r\u00ebnd\u00ebsish\u00ebm i futbollit n\u00eb Amerik\u00eb, ndiqet nga pothuajse \u00e7do mashkull n\u00eb k\u00ebt\u00eb vend dhe nj\u00ebkoh\u00ebsisht \u00ebsht\u00eb evenimenti ku debutojn\u00eb disa prej reklamave m\u00eb popullore dhe m\u00eb t\u00eb njohura n\u00eb SHBA.<\/p>\n<p>K\u00ebshtu q\u00eb- shkruan revista <em>Albaniac<\/em>&#8211; n\u00ebse reklama p\u00eblqehet, bukuroshja shqiptare do t\u00eb shfaqet gjat\u00eb gjith\u00eb sezonit n\u00eb televizion.<\/p>\n<p>M\u00eb her\u00ebt, n\u00eb nj\u00eb <a href=\"http:\/\/www.telegrafi.com\/magazina\/vildane-zeneli-engjelli-shqiptar-i-victoria-s-secret-19-272.html\">intervist\u00eb p\u00ebr Telegrafin<\/a>, ajo pati njoftuar se kishte marr\u00eb edhe nj\u00eb ofert\u00eb p\u00ebr t\u00eb pozuar s\u00ebrish p\u00ebr magazin\u00ebn m\u00eb t\u00eb njohur dhe m\u00eb t\u00eb shitur n\u00eb SHBA, \u2018Sport Ilustrated Swimsuit 2012\u2019. \/Telegrafi\/<\/p>\n<!--YouTube Error: bad URL entered-->\n","protected":false},"excerpt":{"rendered":"<p>K\u00ebt\u00eb vit p\u00ebr fansat e futbollit amerikan do t\u00eb ket\u00eb dhe nj\u00eb arsye m\u00eb tep\u00ebr p\u00ebr t\u00eb mos humbur ndeshjet e Superbowl. Bukuroshja shqiptare Vildane Zeneli, e cila jeton prej vitesh n\u00eb Amerik\u00eb, sapo ka p\u00ebrfunduar reklam\u00ebn me Budwiser q\u00eb do t\u00eb debutoj\u00eb pik\u00ebrisht gjat\u00eb k\u00ebtij kampionati n\u00eb shkurt. Superbowl \u00ebsht\u00eb kampionati m\u00eb i r\u00ebnd\u00ebsish\u00ebm [&hellip;]<\/p>\n","protected":false},"author":1,"featured_media":0,"comment_status":"open","ping_status":"closed","sticky":false,"template":"","format":"standard","meta":{"spay_email":"","jetpack_publicize_message":"","jetpack_is_tweetstorm":false,"jetpack_publicize_feature_enabled":true},"categories":[1],"tags":[19882,19880,19881,19098],"jetpack_publicize_connections":[],"yoast_head":"<!-- This site is optimized with the Yoast SEO plugin v19.1 - https:\/\/yoast.com\/wordpress\/plugins\/seo\/ -->\n<title>Vildane Zeneli n\u00eb reklam\u00ebn e Budwiser - Lajme nga Ulqini<\/title>\n<meta name=\"description\" content=\"K\u00ebt\u00eb vit p\u00ebr fansat e futbollit amerikan do t\u00eb ket\u00eb dhe nj\u00eb arsye m\u00eb tep\u00ebr p\u00ebr t\u00eb mos humbur ndeshjet e Superbowl. Bukuroshja shqiptare Vildane Zeneli, e\" \/>\n<meta name=\"robots\" content=\"index, follow, max-snippet:-1, max-image-preview:large, max-video-preview:-1\" \/>\n<link rel=\"canonical\" href=\"https:\/\/www.visit-ulcinj.com\/blog\/2012\/01\/18\/vildane-zeneli-ne-reklamen-e-budwiser\/\" \/>\n<meta property=\"og:locale\" content=\"en_US\" \/>\n<meta property=\"og:type\" content=\"article\" \/>\n<meta property=\"og:title\" content=\"Vildane Zeneli n\u00eb reklam\u00ebn e Budwiser - Lajme nga Ulqini\" \/>\n<meta property=\"og:description\" content=\"K\u00ebt\u00eb vit p\u00ebr fansat e futbollit amerikan do t\u00eb ket\u00eb dhe nj\u00eb arsye m\u00eb tep\u00ebr p\u00ebr t\u00eb mos humbur ndeshjet e Superbowl. Bukuroshja shqiptare Vildane Zeneli, e\" \/>\n<meta property=\"og:url\" content=\"https:\/\/www.visit-ulcinj.com\/blog\/2012\/01\/18\/vildane-zeneli-ne-reklamen-e-budwiser\/\" \/>\n<meta property=\"og:site_name\" content=\"Lajme nga Ulqini\" \/>\n<meta property=\"article:published_time\" content=\"2012-01-18T17:51:19+00:00\" \/>\n<meta property=\"article:modified_time\" content=\"2012-01-18T18:21:34+00:00\" \/>\n<meta property=\"og:image\" content=\"http:\/\/www.visit-ulcinj.com\/blog\/wp-content\/uploads\/2012\/01\/Vildane-Zeneli-Budwiser.jpg\" \/>\n<meta name=\"twitter:label1\" content=\"Written by\" \/>\n\t<meta name=\"twitter:data1\" content=\"ulqini\" \/>\n\t<meta name=\"twitter:label2\" content=\"Est. reading time\" \/>\n\t<meta name=\"twitter:data2\" content=\"1 minute\" \/>\n<script type=\"application\/ld+json\" class=\"yoast-schema-graph\">{\"@context\":\"https:\/\/schema.org\",\"@graph\":[{\"@type\":\"WebSite\",\"@id\":\"https:\/\/www.visit-ulcinj.com\/blog\/#website\",\"url\":\"https:\/\/www.visit-ulcinj.com\/blog\/\",\"name\":\"Lajme nga Ulqini\",\"description\":\"Lajme,Vijesti,Ulqini,Ulqin,Crna Gora,Mali i Zi\",\"potentialAction\":[{\"@type\":\"SearchAction\",\"target\":{\"@type\":\"EntryPoint\",\"urlTemplate\":\"https:\/\/www.visit-ulcinj.com\/blog\/?s={search_term_string}\"},\"query-input\":\"required name=search_term_string\"}],\"inLanguage\":\"en-US\"},{\"@type\":\"ImageObject\",\"inLanguage\":\"en-US\",\"@id\":\"https:\/\/www.visit-ulcinj.com\/blog\/2012\/01\/18\/vildane-zeneli-ne-reklamen-e-budwiser\/#primaryimage\",\"url\":\"http:\/\/www.visit-ulcinj.com\/blog\/wp-content\/uploads\/2012\/01\/Vildane-Zeneli-Budwiser.jpg\",\"contentUrl\":\"http:\/\/www.visit-ulcinj.com\/blog\/wp-content\/uploads\/2012\/01\/Vildane-Zeneli-Budwiser.jpg\"},{\"@type\":\"WebPage\",\"@id\":\"https:\/\/www.visit-ulcinj.com\/blog\/2012\/01\/18\/vildane-zeneli-ne-reklamen-e-budwiser\/#webpage\",\"url\":\"https:\/\/www.visit-ulcinj.com\/blog\/2012\/01\/18\/vildane-zeneli-ne-reklamen-e-budwiser\/\",\"name\":\"Vildane Zeneli n\u00eb reklam\u00ebn e Budwiser - Lajme nga Ulqini\",\"isPartOf\":{\"@id\":\"https:\/\/www.visit-ulcinj.com\/blog\/#website\"},\"primaryImageOfPage\":{\"@id\":\"https:\/\/www.visit-ulcinj.com\/blog\/2012\/01\/18\/vildane-zeneli-ne-reklamen-e-budwiser\/#primaryimage\"},\"datePublished\":\"2012-01-18T17:51:19+00:00\",\"dateModified\":\"2012-01-18T18:21:34+00:00\",\"author\":{\"@id\":\"https:\/\/www.visit-ulcinj.com\/blog\/#\/schema\/person\/dcab619c614d3038751c63bc2aadc06d\"},\"description\":\"K\u00ebt\u00eb vit p\u00ebr fansat e futbollit amerikan do t\u00eb ket\u00eb dhe nj\u00eb arsye m\u00eb tep\u00ebr p\u00ebr t\u00eb mos humbur ndeshjet e Superbowl. Bukuroshja shqiptare Vildane Zeneli, e\",\"breadcrumb\":{\"@id\":\"https:\/\/www.visit-ulcinj.com\/blog\/2012\/01\/18\/vildane-zeneli-ne-reklamen-e-budwiser\/#breadcrumb\"},\"inLanguage\":\"en-US\",\"potentialAction\":[{\"@type\":\"ReadAction\",\"target\":[\"https:\/\/www.visit-ulcinj.com\/blog\/2012\/01\/18\/vildane-zeneli-ne-reklamen-e-budwiser\/\"]}]},{\"@type\":\"BreadcrumbList\",\"@id\":\"https:\/\/www.visit-ulcinj.com\/blog\/2012\/01\/18\/vildane-zeneli-ne-reklamen-e-budwiser\/#breadcrumb\",\"itemListElement\":[{\"@type\":\"ListItem\",\"position\":1,\"name\":\"Vildane Zeneli n\u00eb reklam\u00ebn e Budwiser\"}]},{\"@type\":\"Person\",\"@id\":\"https:\/\/www.visit-ulcinj.com\/blog\/#\/schema\/person\/dcab619c614d3038751c63bc2aadc06d\",\"name\":\"ulqini\",\"sameAs\":[\"http:\/\/www.visit-ulcinj.com\"],\"url\":\"https:\/\/www.visit-ulcinj.com\/blog\/author\/admin\/\"}]}<\/script>\n<!-- \/ Yoast SEO plugin. -->","yoast_head_json":{"title":"Vildane Zeneli n\u00eb reklam\u00ebn e Budwiser - Lajme nga Ulqini","description":"K\u00ebt\u00eb vit p\u00ebr fansat e futbollit amerikan do t\u00eb ket\u00eb dhe nj\u00eb arsye m\u00eb tep\u00ebr p\u00ebr t\u00eb mos humbur ndeshjet e Superbowl. Bukuroshja shqiptare Vildane Zeneli, e","robots":{"index":"index","follow":"follow","max-snippet":"max-snippet:-1","max-image-preview":"max-image-preview:large","max-video-preview":"max-video-preview:-1"},"canonical":"https:\/\/www.visit-ulcinj.com\/blog\/2012\/01\/18\/vildane-zeneli-ne-reklamen-e-budwiser\/","og_locale":"en_US","og_type":"article","og_title":"Vildane Zeneli n\u00eb reklam\u00ebn e Budwiser - Lajme nga Ulqini","og_description":"K\u00ebt\u00eb vit p\u00ebr fansat e futbollit amerikan do t\u00eb ket\u00eb dhe nj\u00eb arsye m\u00eb tep\u00ebr p\u00ebr t\u00eb mos humbur ndeshjet e Superbowl. Bukuroshja shqiptare Vildane Zeneli, e","og_url":"https:\/\/www.visit-ulcinj.com\/blog\/2012\/01\/18\/vildane-zeneli-ne-reklamen-e-budwiser\/","og_site_name":"Lajme nga Ulqini","article_published_time":"2012-01-18T17:51:19+00:00","article_modified_time":"2012-01-18T18:21:34+00:00","og_image":[{"url":"http:\/\/www.visit-ulcinj.com\/blog\/wp-content\/uploads\/2012\/01\/Vildane-Zeneli-Budwiser.jpg"}],"twitter_misc":{"Written by":"ulqini","Est. reading time":"1 minute"},"schema":{"@context":"https:\/\/schema.org","@graph":[{"@type":"WebSite","@id":"https:\/\/www.visit-ulcinj.com\/blog\/#website","url":"https:\/\/www.visit-ulcinj.com\/blog\/","name":"Lajme nga Ulqini","description":"Lajme,Vijesti,Ulqini,Ulqin,Crna Gora,Mali i Zi","potentialAction":[{"@type":"SearchAction","target":{"@type":"EntryPoint","urlTemplate":"https:\/\/www.visit-ulcinj.com\/blog\/?s={search_term_string}"},"query-input":"required name=search_term_string"}],"inLanguage":"en-US"},{"@type":"ImageObject","inLanguage":"en-US","@id":"https:\/\/www.visit-ulcinj.com\/blog\/2012\/01\/18\/vildane-zeneli-ne-reklamen-e-budwiser\/#primaryimage","url":"http:\/\/www.visit-ulcinj.com\/blog\/wp-content\/uploads\/2012\/01\/Vildane-Zeneli-Budwiser.jpg","contentUrl":"http:\/\/www.visit-ulcinj.com\/blog\/wp-content\/uploads\/2012\/01\/Vildane-Zeneli-Budwiser.jpg"},{"@type":"WebPage","@id":"https:\/\/www.visit-ulcinj.com\/blog\/2012\/01\/18\/vildane-zeneli-ne-reklamen-e-budwiser\/#webpage","url":"https:\/\/www.visit-ulcinj.com\/blog\/2012\/01\/18\/vildane-zeneli-ne-reklamen-e-budwiser\/","name":"Vildane Zeneli n\u00eb reklam\u00ebn e Budwiser - Lajme nga Ulqini","isPartOf":{"@id":"https:\/\/www.visit-ulcinj.com\/blog\/#website"},"primaryImageOfPage":{"@id":"https:\/\/www.visit-ulcinj.com\/blog\/2012\/01\/18\/vildane-zeneli-ne-reklamen-e-budwiser\/#primaryimage"},"datePublished":"2012-01-18T17:51:19+00:00","dateModified":"2012-01-18T18:21:34+00:00","author":{"@id":"https:\/\/www.visit-ulcinj.com\/blog\/#\/schema\/person\/dcab619c614d3038751c63bc2aadc06d"},"description":"K\u00ebt\u00eb vit p\u00ebr fansat e futbollit amerikan do t\u00eb ket\u00eb dhe nj\u00eb arsye m\u00eb tep\u00ebr p\u00ebr t\u00eb mos humbur ndeshjet e Superbowl. Bukuroshja shqiptare Vildane Zeneli, e","breadcrumb":{"@id":"https:\/\/www.visit-ulcinj.com\/blog\/2012\/01\/18\/vildane-zeneli-ne-reklamen-e-budwiser\/#breadcrumb"},"inLanguage":"en-US","potentialAction":[{"@type":"ReadAction","target":["https:\/\/www.visit-ulcinj.com\/blog\/2012\/01\/18\/vildane-zeneli-ne-reklamen-e-budwiser\/"]}]},{"@type":"BreadcrumbList","@id":"https:\/\/www.visit-ulcinj.com\/blog\/2012\/01\/18\/vildane-zeneli-ne-reklamen-e-budwiser\/#breadcrumb","itemListElement":[{"@type":"ListItem","position":1,"name":"Vildane Zeneli n\u00eb reklam\u00ebn e Budwiser"}]},{"@type":"Person","@id":"https:\/\/www.visit-ulcinj.com\/blog\/#\/schema\/person\/dcab619c614d3038751c63bc2aadc06d","name":"ulqini","sameAs":["http:\/\/www.visit-ulcinj.com"],"url":"https:\/\/www.visit-ulcinj.com\/blog\/author\/admin\/"}]}},"jetpack_featured_media_url":"","jetpack_sharing_enabled":true,"jetpack_shortlink":"https:\/\/wp.me\/pe6lTn-eB4","_links":{"self":[{"href":"https:\/\/www.visit-ulcinj.com\/blog\/wp-json\/wp\/v2\/posts\/56114"}],"collection":[{"href":"https:\/\/www.visit-ulcinj.com\/blog\/wp-json\/wp\/v2\/posts"}],"about":[{"href":"https:\/\/www.visit-ulcinj.com\/blog\/wp-json\/wp\/v2\/types\/post"}],"author":[{"embeddable":true,"href":"https:\/\/www.visit-ulcinj.com\/blog\/wp-json\/wp\/v2\/users\/1"}],"replies":[{"embeddable":true,"href":"https:\/\/www.visit-ulcinj.com\/blog\/wp-json\/wp\/v2\/comments?post=56114"}],"version-history":[{"count":3,"href":"https:\/\/www.visit-ulcinj.com\/blog\/wp-json\/wp\/v2\/posts\/56114\/revisions"}],"predecessor-version":[{"id":56117,"href":"https:\/\/www.visit-ulcinj.com\/blog\/wp-json\/wp\/v2\/posts\/56114\/revisions\/56117"}],"wp:attachment":[{"href":"https:\/\/www.visit-ulcinj.com\/blog\/wp-json\/wp\/v2\/media?parent=56114"}],"wp:term":[{"taxonomy":"category","embeddable":true,"href":"https:\/\/www.visit-ulcinj.com\/blog\/wp-json\/wp\/v2\/categories?post=56114"},{"taxonomy":"post_tag","embeddable":true,"href":"https:\/\/www.visit-ulcinj.com\/blog\/wp-json\/wp\/v2\/tags?post=56114"}],"curies":[{"name":"wp","href":"https:\/\/api.w.org\/{rel}","templated":true}]}}