{"id":56120,"date":"2012-01-18T19:37:28","date_gmt":"2012-01-18T18:37:28","guid":{"rendered":"http:\/\/www.visit-ulcinj.com\/blog\/?p=56120"},"modified":"2012-01-18T19:37:28","modified_gmt":"2012-01-18T18:37:28","slug":"anxhelina-hadergjonaj-e-dashuruar-me-djalin-e-pronarit-te-gazetes-panorama","status":"publish","type":"post","link":"https:\/\/www.visit-ulcinj.com\/blog\/2012\/01\/18\/anxhelina-hadergjonaj-e-dashuruar-me-djalin-e-pronarit-te-gazetes-panorama\/","title":{"rendered":"Anxhelina Hadergjonaj e dashuruar me djalin e pronarit te gazetes \u201cPanorama\u201d"},"content":{"rendered":"<p><strong><a href=\"http:\/\/www.visit-ulcinj.com\/blog\/wp-content\/uploads\/2012\/01\/Anxhelina-Hadergjonaj_-Fatmir-Hysenbelliu.jpg\"><img loading=\"lazy\" class=\"alignleft  wp-image-56122\" title=\"Anxhelina Hadergjonaj_ Fatmir Hysenbelliu\" src=\"http:\/\/www.visit-ulcinj.com\/blog\/wp-content\/uploads\/2012\/01\/Anxhelina-Hadergjonaj_-Fatmir-Hysenbelliu.jpg\" alt=\"\" width=\"508\" height=\"380\" \/><\/a>Zbulohet lidhja e Anxhelines me futbollistin Fatmir Hysenbelliu, djalin e pronarit te Gazetes Panorama, Gazetes Shqiptare, Birres Korca, News 24 dhe Balkanweb, biznesmeni i njohur, Irfan Hysenbelliu.<\/strong><\/p>\n<p>Fatmir Hysenbelliu eshte 19 vjec, aktualisht luan ne kampionatin Italian me skuadren e Barit ne serine B italiane.Anxhelina e ka mbajtur te fshehte lidhjen, para nje muaji Anxhelina gjate nje interviste per njeren nga gazetat ne Tirane ka thene qe se ka mendjen te djemte.<\/p>\n<p><strong>Mos t\u00eb ka rr\u00ebmbyer zemr\u00ebn ndonj\u00ebri?<\/strong><\/p>\n<p>Jo, jo, un\u00eb nuk e kam fare mendjen te djemt\u00eb dhe dashuria tani, e kam vet\u00ebm te karriera, kjo \u00ebsht\u00eb arsyeja pse lash\u00eb Shqip\u00ebrin\u00eb p\u00ebr Amerik\u00ebn.<\/p>\n<p><strong>Vipat.info<\/strong><br \/>\n<br \/>\n<!--YouTube Error: bad URL entered--><\/p>\n","protected":false},"excerpt":{"rendered":"<p>Zbulohet lidhja e Anxhelines me futbollistin Fatmir Hysenbelliu, djalin e pronarit te Gazetes Panorama, Gazetes Shqiptare, Birres Korca, News 24 dhe Balkanweb, biznesmeni i njohur, Irfan Hysenbelliu. Fatmir Hysenbelliu eshte 19 vjec, aktualisht luan ne kampionatin Italian me skuadren e Barit ne serine B italiane.Anxhelina e ka mbajtur te fshehte lidhjen, para nje muaji Anxhelina [&hellip;]<\/p>\n","protected":false},"author":1,"featured_media":0,"comment_status":"open","ping_status":"closed","sticky":false,"template":"","format":"standard","meta":{"spay_email":"","jetpack_publicize_message":"","jetpack_is_tweetstorm":false,"jetpack_publicize_feature_enabled":true},"categories":[1],"tags":[15086,19677,19806,16036,19514,19511,19513,6693,4684,19460],"jetpack_publicize_connections":[],"yoast_head":"<!-- This site is optimized with the Yoast SEO plugin v19.1 - https:\/\/yoast.com\/wordpress\/plugins\/seo\/ -->\n<title>Anxhelina Hadergjonaj e dashuruar me djalin e pronarit te gazetes \u201cPanorama\u201d - Lajme nga Ulqini<\/title>\n<meta name=\"description\" content=\"Zbulohet lidhja e Anxhelines me futbollistin Fatmir Hysenbelliu, djalin e pronarit te Gazetes Panorama, Gazetes Shqiptare, Birres Korca, News 24 dhe\" \/>\n<meta name=\"robots\" content=\"index, follow, max-snippet:-1, max-image-preview:large, max-video-preview:-1\" \/>\n<link rel=\"canonical\" href=\"https:\/\/www.visit-ulcinj.com\/blog\/2012\/01\/18\/anxhelina-hadergjonaj-e-dashuruar-me-djalin-e-pronarit-te-gazetes-panorama\/\" \/>\n<meta property=\"og:locale\" content=\"en_US\" \/>\n<meta property=\"og:type\" content=\"article\" \/>\n<meta property=\"og:title\" content=\"Anxhelina Hadergjonaj e dashuruar me djalin e pronarit te gazetes \u201cPanorama\u201d - Lajme nga Ulqini\" \/>\n<meta property=\"og:description\" content=\"Zbulohet lidhja e Anxhelines me futbollistin Fatmir Hysenbelliu, djalin e pronarit te Gazetes Panorama, Gazetes Shqiptare, Birres Korca, News 24 dhe\" \/>\n<meta property=\"og:url\" content=\"https:\/\/www.visit-ulcinj.com\/blog\/2012\/01\/18\/anxhelina-hadergjonaj-e-dashuruar-me-djalin-e-pronarit-te-gazetes-panorama\/\" \/>\n<meta property=\"og:site_name\" content=\"Lajme nga Ulqini\" \/>\n<meta property=\"article:published_time\" content=\"2012-01-18T18:37:28+00:00\" \/>\n<meta property=\"og:image\" content=\"https:\/\/www.visit-ulcinj.com\/blog\/wp-content\/uploads\/2012\/01\/Anxhelina-Hadergjonaj_-Fatmir-Hysenbelliu-150x150.jpg\" \/>\n<meta name=\"twitter:label1\" content=\"Written by\" \/>\n\t<meta name=\"twitter:data1\" content=\"ulqini\" \/>\n\t<meta name=\"twitter:label2\" content=\"Est. reading time\" \/>\n\t<meta name=\"twitter:data2\" content=\"1 minute\" \/>\n<script type=\"application\/ld+json\" class=\"yoast-schema-graph\">{\"@context\":\"https:\/\/schema.org\",\"@graph\":[{\"@type\":\"WebSite\",\"@id\":\"https:\/\/www.visit-ulcinj.com\/blog\/#website\",\"url\":\"https:\/\/www.visit-ulcinj.com\/blog\/\",\"name\":\"Lajme nga Ulqini\",\"description\":\"Lajme,Vijesti,Ulqini,Ulqin,Crna Gora,Mali i Zi\",\"potentialAction\":[{\"@type\":\"SearchAction\",\"target\":{\"@type\":\"EntryPoint\",\"urlTemplate\":\"https:\/\/www.visit-ulcinj.com\/blog\/?s={search_term_string}\"},\"query-input\":\"required name=search_term_string\"}],\"inLanguage\":\"en-US\"},{\"@type\":\"ImageObject\",\"inLanguage\":\"en-US\",\"@id\":\"https:\/\/www.visit-ulcinj.com\/blog\/2012\/01\/18\/anxhelina-hadergjonaj-e-dashuruar-me-djalin-e-pronarit-te-gazetes-panorama\/#primaryimage\",\"url\":\"http:\/\/www.visit-ulcinj.com\/blog\/wp-content\/uploads\/2012\/01\/Anxhelina-Hadergjonaj_-Fatmir-Hysenbelliu.jpg\",\"contentUrl\":\"http:\/\/www.visit-ulcinj.com\/blog\/wp-content\/uploads\/2012\/01\/Anxhelina-Hadergjonaj_-Fatmir-Hysenbelliu.jpg\"},{\"@type\":\"WebPage\",\"@id\":\"https:\/\/www.visit-ulcinj.com\/blog\/2012\/01\/18\/anxhelina-hadergjonaj-e-dashuruar-me-djalin-e-pronarit-te-gazetes-panorama\/#webpage\",\"url\":\"https:\/\/www.visit-ulcinj.com\/blog\/2012\/01\/18\/anxhelina-hadergjonaj-e-dashuruar-me-djalin-e-pronarit-te-gazetes-panorama\/\",\"name\":\"Anxhelina Hadergjonaj e dashuruar me djalin e pronarit te gazetes \u201cPanorama\u201d - Lajme nga Ulqini\",\"isPartOf\":{\"@id\":\"https:\/\/www.visit-ulcinj.com\/blog\/#website\"},\"primaryImageOfPage\":{\"@id\":\"https:\/\/www.visit-ulcinj.com\/blog\/2012\/01\/18\/anxhelina-hadergjonaj-e-dashuruar-me-djalin-e-pronarit-te-gazetes-panorama\/#primaryimage\"},\"datePublished\":\"2012-01-18T18:37:28+00:00\",\"dateModified\":\"2012-01-18T18:37:28+00:00\",\"author\":{\"@id\":\"https:\/\/www.visit-ulcinj.com\/blog\/#\/schema\/person\/dcab619c614d3038751c63bc2aadc06d\"},\"description\":\"Zbulohet lidhja e Anxhelines me futbollistin Fatmir Hysenbelliu, djalin e pronarit te Gazetes Panorama, Gazetes Shqiptare, Birres Korca, News 24 dhe\",\"breadcrumb\":{\"@id\":\"https:\/\/www.visit-ulcinj.com\/blog\/2012\/01\/18\/anxhelina-hadergjonaj-e-dashuruar-me-djalin-e-pronarit-te-gazetes-panorama\/#breadcrumb\"},\"inLanguage\":\"en-US\",\"potentialAction\":[{\"@type\":\"ReadAction\",\"target\":[\"https:\/\/www.visit-ulcinj.com\/blog\/2012\/01\/18\/anxhelina-hadergjonaj-e-dashuruar-me-djalin-e-pronarit-te-gazetes-panorama\/\"]}]},{\"@type\":\"BreadcrumbList\",\"@id\":\"https:\/\/www.visit-ulcinj.com\/blog\/2012\/01\/18\/anxhelina-hadergjonaj-e-dashuruar-me-djalin-e-pronarit-te-gazetes-panorama\/#breadcrumb\",\"itemListElement\":[{\"@type\":\"ListItem\",\"position\":1,\"name\":\"Anxhelina Hadergjonaj e dashuruar me djalin e pronarit te gazetes \u201cPanorama\u201d\"}]},{\"@type\":\"Person\",\"@id\":\"https:\/\/www.visit-ulcinj.com\/blog\/#\/schema\/person\/dcab619c614d3038751c63bc2aadc06d\",\"name\":\"ulqini\",\"sameAs\":[\"http:\/\/www.visit-ulcinj.com\"],\"url\":\"https:\/\/www.visit-ulcinj.com\/blog\/author\/admin\/\"}]}<\/script>\n<!-- \/ Yoast SEO plugin. -->","yoast_head_json":{"title":"Anxhelina Hadergjonaj e dashuruar me djalin e pronarit te gazetes \u201cPanorama\u201d - Lajme nga Ulqini","description":"Zbulohet lidhja e Anxhelines me futbollistin Fatmir Hysenbelliu, djalin e pronarit te Gazetes Panorama, Gazetes Shqiptare, Birres Korca, News 24 dhe","robots":{"index":"index","follow":"follow","max-snippet":"max-snippet:-1","max-image-preview":"max-image-preview:large","max-video-preview":"max-video-preview:-1"},"canonical":"https:\/\/www.visit-ulcinj.com\/blog\/2012\/01\/18\/anxhelina-hadergjonaj-e-dashuruar-me-djalin-e-pronarit-te-gazetes-panorama\/","og_locale":"en_US","og_type":"article","og_title":"Anxhelina Hadergjonaj e dashuruar me djalin e pronarit te gazetes \u201cPanorama\u201d - Lajme nga Ulqini","og_description":"Zbulohet lidhja e Anxhelines me futbollistin Fatmir Hysenbelliu, djalin e pronarit te Gazetes Panorama, Gazetes Shqiptare, Birres Korca, News 24 dhe","og_url":"https:\/\/www.visit-ulcinj.com\/blog\/2012\/01\/18\/anxhelina-hadergjonaj-e-dashuruar-me-djalin-e-pronarit-te-gazetes-panorama\/","og_site_name":"Lajme nga Ulqini","article_published_time":"2012-01-18T18:37:28+00:00","og_image":[{"url":"https:\/\/www.visit-ulcinj.com\/blog\/wp-content\/uploads\/2012\/01\/Anxhelina-Hadergjonaj_-Fatmir-Hysenbelliu-150x150.jpg"}],"twitter_misc":{"Written by":"ulqini","Est. reading time":"1 minute"},"schema":{"@context":"https:\/\/schema.org","@graph":[{"@type":"WebSite","@id":"https:\/\/www.visit-ulcinj.com\/blog\/#website","url":"https:\/\/www.visit-ulcinj.com\/blog\/","name":"Lajme nga Ulqini","description":"Lajme,Vijesti,Ulqini,Ulqin,Crna Gora,Mali i Zi","potentialAction":[{"@type":"SearchAction","target":{"@type":"EntryPoint","urlTemplate":"https:\/\/www.visit-ulcinj.com\/blog\/?s={search_term_string}"},"query-input":"required name=search_term_string"}],"inLanguage":"en-US"},{"@type":"ImageObject","inLanguage":"en-US","@id":"https:\/\/www.visit-ulcinj.com\/blog\/2012\/01\/18\/anxhelina-hadergjonaj-e-dashuruar-me-djalin-e-pronarit-te-gazetes-panorama\/#primaryimage","url":"http:\/\/www.visit-ulcinj.com\/blog\/wp-content\/uploads\/2012\/01\/Anxhelina-Hadergjonaj_-Fatmir-Hysenbelliu.jpg","contentUrl":"http:\/\/www.visit-ulcinj.com\/blog\/wp-content\/uploads\/2012\/01\/Anxhelina-Hadergjonaj_-Fatmir-Hysenbelliu.jpg"},{"@type":"WebPage","@id":"https:\/\/www.visit-ulcinj.com\/blog\/2012\/01\/18\/anxhelina-hadergjonaj-e-dashuruar-me-djalin-e-pronarit-te-gazetes-panorama\/#webpage","url":"https:\/\/www.visit-ulcinj.com\/blog\/2012\/01\/18\/anxhelina-hadergjonaj-e-dashuruar-me-djalin-e-pronarit-te-gazetes-panorama\/","name":"Anxhelina Hadergjonaj e dashuruar me djalin e pronarit te gazetes \u201cPanorama\u201d - Lajme nga Ulqini","isPartOf":{"@id":"https:\/\/www.visit-ulcinj.com\/blog\/#website"},"primaryImageOfPage":{"@id":"https:\/\/www.visit-ulcinj.com\/blog\/2012\/01\/18\/anxhelina-hadergjonaj-e-dashuruar-me-djalin-e-pronarit-te-gazetes-panorama\/#primaryimage"},"datePublished":"2012-01-18T18:37:28+00:00","dateModified":"2012-01-18T18:37:28+00:00","author":{"@id":"https:\/\/www.visit-ulcinj.com\/blog\/#\/schema\/person\/dcab619c614d3038751c63bc2aadc06d"},"description":"Zbulohet lidhja e Anxhelines me futbollistin Fatmir Hysenbelliu, djalin e pronarit te Gazetes Panorama, Gazetes Shqiptare, Birres Korca, News 24 dhe","breadcrumb":{"@id":"https:\/\/www.visit-ulcinj.com\/blog\/2012\/01\/18\/anxhelina-hadergjonaj-e-dashuruar-me-djalin-e-pronarit-te-gazetes-panorama\/#breadcrumb"},"inLanguage":"en-US","potentialAction":[{"@type":"ReadAction","target":["https:\/\/www.visit-ulcinj.com\/blog\/2012\/01\/18\/anxhelina-hadergjonaj-e-dashuruar-me-djalin-e-pronarit-te-gazetes-panorama\/"]}]},{"@type":"BreadcrumbList","@id":"https:\/\/www.visit-ulcinj.com\/blog\/2012\/01\/18\/anxhelina-hadergjonaj-e-dashuruar-me-djalin-e-pronarit-te-gazetes-panorama\/#breadcrumb","itemListElement":[{"@type":"ListItem","position":1,"name":"Anxhelina Hadergjonaj e dashuruar me djalin e pronarit te gazetes \u201cPanorama\u201d"}]},{"@type":"Person","@id":"https:\/\/www.visit-ulcinj.com\/blog\/#\/schema\/person\/dcab619c614d3038751c63bc2aadc06d","name":"ulqini","sameAs":["http:\/\/www.visit-ulcinj.com"],"url":"https:\/\/www.visit-ulcinj.com\/blog\/author\/admin\/"}]}},"jetpack_featured_media_url":"","jetpack_sharing_enabled":true,"jetpack_shortlink":"https:\/\/wp.me\/pe6lTn-eBa","_links":{"self":[{"href":"https:\/\/www.visit-ulcinj.com\/blog\/wp-json\/wp\/v2\/posts\/56120"}],"collection":[{"href":"https:\/\/www.visit-ulcinj.com\/blog\/wp-json\/wp\/v2\/posts"}],"about":[{"href":"https:\/\/www.visit-ulcinj.com\/blog\/wp-json\/wp\/v2\/types\/post"}],"author":[{"embeddable":true,"href":"https:\/\/www.visit-ulcinj.com\/blog\/wp-json\/wp\/v2\/users\/1"}],"replies":[{"embeddable":true,"href":"https:\/\/www.visit-ulcinj.com\/blog\/wp-json\/wp\/v2\/comments?post=56120"}],"version-history":[{"count":1,"href":"https:\/\/www.visit-ulcinj.com\/blog\/wp-json\/wp\/v2\/posts\/56120\/revisions"}],"predecessor-version":[{"id":56125,"href":"https:\/\/www.visit-ulcinj.com\/blog\/wp-json\/wp\/v2\/posts\/56120\/revisions\/56125"}],"wp:attachment":[{"href":"https:\/\/www.visit-ulcinj.com\/blog\/wp-json\/wp\/v2\/media?parent=56120"}],"wp:term":[{"taxonomy":"category","embeddable":true,"href":"https:\/\/www.visit-ulcinj.com\/blog\/wp-json\/wp\/v2\/categories?post=56120"},{"taxonomy":"post_tag","embeddable":true,"href":"https:\/\/www.visit-ulcinj.com\/blog\/wp-json\/wp\/v2\/tags?post=56120"}],"curies":[{"name":"wp","href":"https:\/\/api.w.org\/{rel}","templated":true}]}}