{"id":56126,"date":"2012-01-18T19:52:09","date_gmt":"2012-01-18T18:52:09","guid":{"rendered":"http:\/\/www.visit-ulcinj.com\/blog\/?p=56126"},"modified":"2012-01-18T19:52:09","modified_gmt":"2012-01-18T18:52:09","slug":"arta-bajrami-nuk-i-frikesohet-konkurrences","status":"publish","type":"post","link":"https:\/\/www.visit-ulcinj.com\/blog\/2012\/01\/18\/arta-bajrami-nuk-i-frikesohet-konkurrences\/","title":{"rendered":"Arta Bajrami nuk i frikesohet konkurrenc\u00ebs"},"content":{"rendered":"<p><a href=\"http:\/\/www.visit-ulcinj.com\/blog\/wp-content\/uploads\/2012\/01\/Arta-Bajrami.1.jpg\"><img loading=\"lazy\" class=\"alignleft  wp-image-56127\" title=\"Arta Bajrami.1\" src=\"http:\/\/www.visit-ulcinj.com\/blog\/wp-content\/uploads\/2012\/01\/Arta-Bajrami.1.jpg\" alt=\"\" width=\"508\" height=\"380\" \/><\/a>P\u00ebrher\u00eb aktive dhe e gatshme n\u00eb \u00e7do koh\u00eb p\u00ebr t\u00eb sjell\u00eb k\u00ebng\u00eb dhe videoklipe t\u00eb reja, Arta Bajrami na b\u00ebn\u00eb t\u00eb ditur se s\u00eb shpejti do t\u00eb sjell\u00eb nj\u00eb hit p\u00ebr adhuruesit e saj.<\/p>\n<p>Ndon\u00ebse me k\u00ebt\u00eb k\u00ebng\u00eb do t\u00eb lansohet edhe videoklipi i ri p\u00ebr t\u00eb cilin ajo nuk preferon t\u00eb zbuloj m\u00eb shum\u00eb. Ajo edhe pse ka disa muaj q\u00eb lansoi albumin \u201cExotic\u201d thot\u00eb se ende \u00ebsht\u00eb duke i shijuar k\u00ebng\u00ebt e tij bashk\u00eb me adhuruesit e saj.<\/p>\n<p>Nj\u00eb pjes\u00eb e madhe e k\u00ebng\u00ebve t\u00eb albumit kan\u00eb t\u00eb realizuara edhe videoklipet t\u00eb cilat Arta thuajse n\u00eb \u00e7do muaj ka lansuar nj\u00eb nga nj\u00eb.<\/p>\n<p>Arta keni paralajm\u00ebruar nj\u00eb hit, kur do t\u00eb ken\u00eb rastin adhuruesit ta ken\u00eb n\u00eb duar k\u00ebt\u00eb projekt?<br \/>\n<a href=\"http:\/\/www.visit-ulcinj.com\/blog\/wp-content\/uploads\/2012\/01\/Arta-Bajrami.jpg\"><img loading=\"lazy\" class=\"alignleft  wp-image-56128\" title=\"Arta Bajrami\" src=\"http:\/\/www.visit-ulcinj.com\/blog\/wp-content\/uploads\/2012\/01\/Arta-Bajrami.jpg\" alt=\"\" width=\"508\" height=\"300\" \/><\/a><\/p>\n<p>K\u00ebng\u00ebn jemi duke e p\u00ebrgatitur dhe brenda nj\u00eb kohe shum\u00eb t\u00eb shkurt\u00ebr adhuruesit mund ta shohin. K\u00ebng\u00ebn jam duke e punuar me Don Arbas, por natyrisht q\u00eb k\u00ebnga do t\u00eb lansohet edhe me videoklip. Kam p\u00ebrshtypjen se kjo k\u00ebng\u00eb do t\u00eb jet\u00eb nj\u00eb hit i radh\u00ebs, ngase jemi duke e b\u00ebr\u00eb nj\u00eb pun\u00eb t\u00eb madhe n\u00eb t\u00eb.<\/p>\n<p>Si duket jeni ngutur paksa me k\u00ebt\u00eb projekt?<\/p>\n<p>T\u00eb them t\u00eb drejt\u00ebn edhe un\u00eb mendoj ashtu, pra jam ngutur pak, sepse adhuruesit e mi por edhe un\u00eb ende jemi duke shijuar k\u00ebng\u00ebt e albumit, t\u00eb cilat vazhdojn\u00eb t\u00eb p\u00eblqehen shum\u00eb n\u00eb publik. Mir\u00ebpo un\u00eb jam m\u00ebsuar t\u00eb jem gjithnj\u00eb me t\u00eb reja n\u00eb sken\u00ebn muzikore, andaj edhe kam nisur pun\u00ebn p\u00ebr k\u00ebng\u00ebn e re. Mir\u00ebpo mendoj se akoma kemi koh\u00eb p\u00ebr ta shijuar albumin \u201cExotic\u201d, sepse gati \u00e7do k\u00ebng\u00eb ka videoklip andaj edhe kjo po u p\u00eblqen publikut.<\/p>\n<p>Mendoni se n\u00eb k\u00ebt\u00eb vit q\u00eb sapo e filluam do t\u00eb keni m\u00eb shum\u00eb suksese se sa n\u00eb vitin 2011?<\/p>\n<p>T\u00eb them t\u00eb drejt\u00ebn, viti 2011 konsiderohet si vit i imi dhe shum\u00eb i suksessh\u00ebm sepse arrita t\u00eb lansoj nj\u00eb album mjaft\u00eb t\u00eb suksessh\u00ebm. Nd\u00ebrsa sa i p\u00ebrket vitit 2012, un\u00eb kam filluar mbar\u00eb, sepse menj\u00ebher\u00eb kam nisur me projekte t\u00eb reja. Andaj uroj q\u00eb edhe ky vit t\u00eb jet\u00eb i suksessh\u00ebm p\u00ebr mua.<\/p>\n<p>Duke pasur parasysh dominimin e shum\u00eb k\u00ebng\u00ebtar\u00ebve n\u00eb sken\u00eb, q\u00eb n\u00eb nj\u00eb far\u00eb m\u00ebnyr\u00eb po zhvillohet edhe nj\u00eb konkurrenc\u00eb e madhe, ndjeheni e frik\u00ebsuar?<\/p>\n<p>\u00cbsht\u00eb e v\u00ebrtet\u00eb se skena muzikore \u00ebsht\u00eb mbushur me k\u00ebng\u00ebtar\u00eb t\u00eb shumt\u00eb, e q\u00eb n\u00eb fakt dita dit\u00ebs po shtohen edhe m\u00eb shum\u00eb. Mir\u00ebpo un\u00eb flas p\u00ebr vet\u00ebn time sa i p\u00ebrket konkurrenc\u00ebs, asnj\u00ebher\u00eb nuk jam ndier e frik\u00ebsuar, sepse secili k\u00ebng\u00ebtar\u00eb e ka publikun dhe rr\u00ebskun e vet. Mua konkurrenca nuk m\u00eb frik\u00ebson por me jep vullnet p\u00ebr t\u00eb ecur p\u00ebrpara.<br \/>\n<a href=\"http:\/\/www.visit-ulcinj.com\/blog\/wp-content\/uploads\/2012\/01\/Arta-Bajrami-.3.jpg\"><img loading=\"lazy\" class=\"alignleft  wp-image-56129\" title=\"Arta Bajrami .3\" src=\"http:\/\/www.visit-ulcinj.com\/blog\/wp-content\/uploads\/2012\/01\/Arta-Bajrami-.3.jpg\" alt=\"\" width=\"508\" height=\"300\" \/><\/a><\/p>\n<p>Keni ndonj\u00eb plan p\u00ebr t\u00eb ardhmen?<\/p>\n<p>Plane kam shum\u00eb, mir\u00ebpo uroj q\u00eb pjes\u00ebn d\u00ebrmuese t\u00eb tyre ta realizoj. Fillimisht mendoj q\u00eb k\u00ebng\u00ebn me klip ta p\u00ebrfundoj sa m\u00eb shpejt dhe posa t\u00eb lansohet n\u00eb treg menj\u00ebher\u00eb do t\u00eb nis\u00eb projektet e tjera muzikore. Uroj q\u00eb edhe vitin 2012 ta kaloj sikurse vitin 2011.<\/p>\n<p>Gazeta Zeri<br \/>\n<!--YouTube Error: bad URL entered--><\/p>\n","protected":false},"excerpt":{"rendered":"<p>P\u00ebrher\u00eb aktive dhe e gatshme n\u00eb \u00e7do koh\u00eb p\u00ebr t\u00eb sjell\u00eb k\u00ebng\u00eb dhe videoklipe t\u00eb reja, Arta Bajrami na b\u00ebn\u00eb t\u00eb ditur se s\u00eb shpejti do t\u00eb sjell\u00eb nj\u00eb hit p\u00ebr adhuruesit e saj. Ndon\u00ebse me k\u00ebt\u00eb k\u00ebng\u00eb do t\u00eb lansohet edhe videoklipi i ri p\u00ebr t\u00eb cilin ajo nuk preferon t\u00eb zbuloj m\u00eb shum\u00eb. [&hellip;]<\/p>\n","protected":false},"author":1,"featured_media":0,"comment_status":"open","ping_status":"closed","sticky":false,"template":"","format":"standard","meta":{"spay_email":"","jetpack_publicize_message":"","jetpack_is_tweetstorm":false,"jetpack_publicize_feature_enabled":true},"categories":[1],"tags":[4955,19677,16036,8966,19514,19511,19513,4684,19460],"jetpack_publicize_connections":[],"yoast_head":"<!-- This site is optimized with the Yoast SEO plugin v19.1 - https:\/\/yoast.com\/wordpress\/plugins\/seo\/ -->\n<title>Arta Bajrami nuk i frikesohet konkurrenc\u00ebs - Lajme nga Ulqini<\/title>\n<meta name=\"description\" content=\"P\u00ebrher\u00eb aktive dhe e gatshme n\u00eb \u00e7do koh\u00eb p\u00ebr t\u00eb sjell\u00eb k\u00ebng\u00eb dhe videoklipe t\u00eb reja, Arta Bajrami na b\u00ebn\u00eb t\u00eb ditur se s\u00eb shpejti do t\u00eb sjell\u00eb nj\u00eb hit p\u00ebr\" \/>\n<meta name=\"robots\" content=\"index, follow, max-snippet:-1, max-image-preview:large, max-video-preview:-1\" \/>\n<link rel=\"canonical\" href=\"https:\/\/www.visit-ulcinj.com\/blog\/2012\/01\/18\/arta-bajrami-nuk-i-frikesohet-konkurrences\/\" \/>\n<meta property=\"og:locale\" content=\"en_US\" \/>\n<meta property=\"og:type\" content=\"article\" \/>\n<meta property=\"og:title\" content=\"Arta Bajrami nuk i frikesohet konkurrenc\u00ebs - Lajme nga Ulqini\" \/>\n<meta property=\"og:description\" content=\"P\u00ebrher\u00eb aktive dhe e gatshme n\u00eb \u00e7do koh\u00eb p\u00ebr t\u00eb sjell\u00eb k\u00ebng\u00eb dhe videoklipe t\u00eb reja, Arta Bajrami na b\u00ebn\u00eb t\u00eb ditur se s\u00eb shpejti do t\u00eb sjell\u00eb nj\u00eb hit p\u00ebr\" \/>\n<meta property=\"og:url\" content=\"https:\/\/www.visit-ulcinj.com\/blog\/2012\/01\/18\/arta-bajrami-nuk-i-frikesohet-konkurrences\/\" \/>\n<meta property=\"og:site_name\" content=\"Lajme nga Ulqini\" \/>\n<meta property=\"article:published_time\" content=\"2012-01-18T18:52:09+00:00\" \/>\n<meta property=\"og:image\" content=\"http:\/\/www.visit-ulcinj.com\/blog\/wp-content\/uploads\/2012\/01\/Arta-Bajrami.1.jpg\" \/>\n<meta name=\"twitter:label1\" content=\"Written by\" \/>\n\t<meta name=\"twitter:data1\" content=\"ulqini\" \/>\n\t<meta name=\"twitter:label2\" content=\"Est. reading time\" \/>\n\t<meta name=\"twitter:data2\" content=\"3 minutes\" \/>\n<script type=\"application\/ld+json\" class=\"yoast-schema-graph\">{\"@context\":\"https:\/\/schema.org\",\"@graph\":[{\"@type\":\"WebSite\",\"@id\":\"https:\/\/www.visit-ulcinj.com\/blog\/#website\",\"url\":\"https:\/\/www.visit-ulcinj.com\/blog\/\",\"name\":\"Lajme nga Ulqini\",\"description\":\"Lajme,Vijesti,Ulqini,Ulqin,Crna Gora,Mali i Zi\",\"potentialAction\":[{\"@type\":\"SearchAction\",\"target\":{\"@type\":\"EntryPoint\",\"urlTemplate\":\"https:\/\/www.visit-ulcinj.com\/blog\/?s={search_term_string}\"},\"query-input\":\"required name=search_term_string\"}],\"inLanguage\":\"en-US\"},{\"@type\":\"ImageObject\",\"inLanguage\":\"en-US\",\"@id\":\"https:\/\/www.visit-ulcinj.com\/blog\/2012\/01\/18\/arta-bajrami-nuk-i-frikesohet-konkurrences\/#primaryimage\",\"url\":\"http:\/\/www.visit-ulcinj.com\/blog\/wp-content\/uploads\/2012\/01\/Arta-Bajrami.1.jpg\",\"contentUrl\":\"http:\/\/www.visit-ulcinj.com\/blog\/wp-content\/uploads\/2012\/01\/Arta-Bajrami.1.jpg\"},{\"@type\":\"WebPage\",\"@id\":\"https:\/\/www.visit-ulcinj.com\/blog\/2012\/01\/18\/arta-bajrami-nuk-i-frikesohet-konkurrences\/#webpage\",\"url\":\"https:\/\/www.visit-ulcinj.com\/blog\/2012\/01\/18\/arta-bajrami-nuk-i-frikesohet-konkurrences\/\",\"name\":\"Arta Bajrami nuk i frikesohet konkurrenc\u00ebs - Lajme nga Ulqini\",\"isPartOf\":{\"@id\":\"https:\/\/www.visit-ulcinj.com\/blog\/#website\"},\"primaryImageOfPage\":{\"@id\":\"https:\/\/www.visit-ulcinj.com\/blog\/2012\/01\/18\/arta-bajrami-nuk-i-frikesohet-konkurrences\/#primaryimage\"},\"datePublished\":\"2012-01-18T18:52:09+00:00\",\"dateModified\":\"2012-01-18T18:52:09+00:00\",\"author\":{\"@id\":\"https:\/\/www.visit-ulcinj.com\/blog\/#\/schema\/person\/dcab619c614d3038751c63bc2aadc06d\"},\"description\":\"P\u00ebrher\u00eb aktive dhe e gatshme n\u00eb \u00e7do koh\u00eb p\u00ebr t\u00eb sjell\u00eb k\u00ebng\u00eb dhe videoklipe t\u00eb reja, Arta Bajrami na b\u00ebn\u00eb t\u00eb ditur se s\u00eb shpejti do t\u00eb sjell\u00eb nj\u00eb hit p\u00ebr\",\"breadcrumb\":{\"@id\":\"https:\/\/www.visit-ulcinj.com\/blog\/2012\/01\/18\/arta-bajrami-nuk-i-frikesohet-konkurrences\/#breadcrumb\"},\"inLanguage\":\"en-US\",\"potentialAction\":[{\"@type\":\"ReadAction\",\"target\":[\"https:\/\/www.visit-ulcinj.com\/blog\/2012\/01\/18\/arta-bajrami-nuk-i-frikesohet-konkurrences\/\"]}]},{\"@type\":\"BreadcrumbList\",\"@id\":\"https:\/\/www.visit-ulcinj.com\/blog\/2012\/01\/18\/arta-bajrami-nuk-i-frikesohet-konkurrences\/#breadcrumb\",\"itemListElement\":[{\"@type\":\"ListItem\",\"position\":1,\"name\":\"Arta Bajrami nuk i frikesohet konkurrenc\u00ebs\"}]},{\"@type\":\"Person\",\"@id\":\"https:\/\/www.visit-ulcinj.com\/blog\/#\/schema\/person\/dcab619c614d3038751c63bc2aadc06d\",\"name\":\"ulqini\",\"sameAs\":[\"http:\/\/www.visit-ulcinj.com\"],\"url\":\"https:\/\/www.visit-ulcinj.com\/blog\/author\/admin\/\"}]}<\/script>\n<!-- \/ Yoast SEO plugin. -->","yoast_head_json":{"title":"Arta Bajrami nuk i frikesohet konkurrenc\u00ebs - Lajme nga Ulqini","description":"P\u00ebrher\u00eb aktive dhe e gatshme n\u00eb \u00e7do koh\u00eb p\u00ebr t\u00eb sjell\u00eb k\u00ebng\u00eb dhe videoklipe t\u00eb reja, Arta Bajrami na b\u00ebn\u00eb t\u00eb ditur se s\u00eb shpejti do t\u00eb sjell\u00eb nj\u00eb hit p\u00ebr","robots":{"index":"index","follow":"follow","max-snippet":"max-snippet:-1","max-image-preview":"max-image-preview:large","max-video-preview":"max-video-preview:-1"},"canonical":"https:\/\/www.visit-ulcinj.com\/blog\/2012\/01\/18\/arta-bajrami-nuk-i-frikesohet-konkurrences\/","og_locale":"en_US","og_type":"article","og_title":"Arta Bajrami nuk i frikesohet konkurrenc\u00ebs - Lajme nga Ulqini","og_description":"P\u00ebrher\u00eb aktive dhe e gatshme n\u00eb \u00e7do koh\u00eb p\u00ebr t\u00eb sjell\u00eb k\u00ebng\u00eb dhe videoklipe t\u00eb reja, Arta Bajrami na b\u00ebn\u00eb t\u00eb ditur se s\u00eb shpejti do t\u00eb sjell\u00eb nj\u00eb hit p\u00ebr","og_url":"https:\/\/www.visit-ulcinj.com\/blog\/2012\/01\/18\/arta-bajrami-nuk-i-frikesohet-konkurrences\/","og_site_name":"Lajme nga Ulqini","article_published_time":"2012-01-18T18:52:09+00:00","og_image":[{"url":"http:\/\/www.visit-ulcinj.com\/blog\/wp-content\/uploads\/2012\/01\/Arta-Bajrami.1.jpg"}],"twitter_misc":{"Written by":"ulqini","Est. reading time":"3 minutes"},"schema":{"@context":"https:\/\/schema.org","@graph":[{"@type":"WebSite","@id":"https:\/\/www.visit-ulcinj.com\/blog\/#website","url":"https:\/\/www.visit-ulcinj.com\/blog\/","name":"Lajme nga Ulqini","description":"Lajme,Vijesti,Ulqini,Ulqin,Crna Gora,Mali i Zi","potentialAction":[{"@type":"SearchAction","target":{"@type":"EntryPoint","urlTemplate":"https:\/\/www.visit-ulcinj.com\/blog\/?s={search_term_string}"},"query-input":"required name=search_term_string"}],"inLanguage":"en-US"},{"@type":"ImageObject","inLanguage":"en-US","@id":"https:\/\/www.visit-ulcinj.com\/blog\/2012\/01\/18\/arta-bajrami-nuk-i-frikesohet-konkurrences\/#primaryimage","url":"http:\/\/www.visit-ulcinj.com\/blog\/wp-content\/uploads\/2012\/01\/Arta-Bajrami.1.jpg","contentUrl":"http:\/\/www.visit-ulcinj.com\/blog\/wp-content\/uploads\/2012\/01\/Arta-Bajrami.1.jpg"},{"@type":"WebPage","@id":"https:\/\/www.visit-ulcinj.com\/blog\/2012\/01\/18\/arta-bajrami-nuk-i-frikesohet-konkurrences\/#webpage","url":"https:\/\/www.visit-ulcinj.com\/blog\/2012\/01\/18\/arta-bajrami-nuk-i-frikesohet-konkurrences\/","name":"Arta Bajrami nuk i frikesohet konkurrenc\u00ebs - Lajme nga Ulqini","isPartOf":{"@id":"https:\/\/www.visit-ulcinj.com\/blog\/#website"},"primaryImageOfPage":{"@id":"https:\/\/www.visit-ulcinj.com\/blog\/2012\/01\/18\/arta-bajrami-nuk-i-frikesohet-konkurrences\/#primaryimage"},"datePublished":"2012-01-18T18:52:09+00:00","dateModified":"2012-01-18T18:52:09+00:00","author":{"@id":"https:\/\/www.visit-ulcinj.com\/blog\/#\/schema\/person\/dcab619c614d3038751c63bc2aadc06d"},"description":"P\u00ebrher\u00eb aktive dhe e gatshme n\u00eb \u00e7do koh\u00eb p\u00ebr t\u00eb sjell\u00eb k\u00ebng\u00eb dhe videoklipe t\u00eb reja, Arta Bajrami na b\u00ebn\u00eb t\u00eb ditur se s\u00eb shpejti do t\u00eb sjell\u00eb nj\u00eb hit p\u00ebr","breadcrumb":{"@id":"https:\/\/www.visit-ulcinj.com\/blog\/2012\/01\/18\/arta-bajrami-nuk-i-frikesohet-konkurrences\/#breadcrumb"},"inLanguage":"en-US","potentialAction":[{"@type":"ReadAction","target":["https:\/\/www.visit-ulcinj.com\/blog\/2012\/01\/18\/arta-bajrami-nuk-i-frikesohet-konkurrences\/"]}]},{"@type":"BreadcrumbList","@id":"https:\/\/www.visit-ulcinj.com\/blog\/2012\/01\/18\/arta-bajrami-nuk-i-frikesohet-konkurrences\/#breadcrumb","itemListElement":[{"@type":"ListItem","position":1,"name":"Arta Bajrami nuk i frikesohet konkurrenc\u00ebs"}]},{"@type":"Person","@id":"https:\/\/www.visit-ulcinj.com\/blog\/#\/schema\/person\/dcab619c614d3038751c63bc2aadc06d","name":"ulqini","sameAs":["http:\/\/www.visit-ulcinj.com"],"url":"https:\/\/www.visit-ulcinj.com\/blog\/author\/admin\/"}]}},"jetpack_featured_media_url":"","jetpack_sharing_enabled":true,"jetpack_shortlink":"https:\/\/wp.me\/pe6lTn-eBg","_links":{"self":[{"href":"https:\/\/www.visit-ulcinj.com\/blog\/wp-json\/wp\/v2\/posts\/56126"}],"collection":[{"href":"https:\/\/www.visit-ulcinj.com\/blog\/wp-json\/wp\/v2\/posts"}],"about":[{"href":"https:\/\/www.visit-ulcinj.com\/blog\/wp-json\/wp\/v2\/types\/post"}],"author":[{"embeddable":true,"href":"https:\/\/www.visit-ulcinj.com\/blog\/wp-json\/wp\/v2\/users\/1"}],"replies":[{"embeddable":true,"href":"https:\/\/www.visit-ulcinj.com\/blog\/wp-json\/wp\/v2\/comments?post=56126"}],"version-history":[{"count":1,"href":"https:\/\/www.visit-ulcinj.com\/blog\/wp-json\/wp\/v2\/posts\/56126\/revisions"}],"predecessor-version":[{"id":56130,"href":"https:\/\/www.visit-ulcinj.com\/blog\/wp-json\/wp\/v2\/posts\/56126\/revisions\/56130"}],"wp:attachment":[{"href":"https:\/\/www.visit-ulcinj.com\/blog\/wp-json\/wp\/v2\/media?parent=56126"}],"wp:term":[{"taxonomy":"category","embeddable":true,"href":"https:\/\/www.visit-ulcinj.com\/blog\/wp-json\/wp\/v2\/categories?post=56126"},{"taxonomy":"post_tag","embeddable":true,"href":"https:\/\/www.visit-ulcinj.com\/blog\/wp-json\/wp\/v2\/tags?post=56126"}],"curies":[{"name":"wp","href":"https:\/\/api.w.org\/{rel}","templated":true}]}}