{"id":56137,"date":"2012-01-19T22:49:07","date_gmt":"2012-01-19T21:49:07","guid":{"rendered":"http:\/\/www.visit-ulcinj.com\/blog\/?p=56137"},"modified":"2012-01-20T10:34:51","modified_gmt":"2012-01-20T09:34:51","slug":"ulqini-ende-vazhdon-te-jete-pa-wc-publike","status":"publish","type":"post","link":"https:\/\/www.visit-ulcinj.com\/blog\/2012\/01\/19\/ulqini-ende-vazhdon-te-jete-pa-wc-publike\/","title":{"rendered":"Ulqini ende vazhdon t\u00eb jet\u00eb pa WC publike"},"content":{"rendered":"<div id=\"attachment_56138\" style=\"width: 518px\" class=\"wp-caption alignleft\"><a href=\"http:\/\/www.visit-ulcinj.com\/blog\/wp-content\/uploads\/2012\/01\/Ulqini-ende-vazhdon-t\u00eb-jet\u00eb-pa-WC-publike.jpg\"><img aria-describedby=\"caption-attachment-56138\" loading=\"lazy\" class=\" wp-image-56138 \" title=\"Ulqini ende vazhdon t\u00eb jet\u00eb pa WC publike\" src=\"http:\/\/www.visit-ulcinj.com\/blog\/wp-content\/uploads\/2012\/01\/Ulqini-ende-vazhdon-t\u00eb-jet\u00eb-pa-WC-publike.jpg\" alt=\"\" width=\"508\" height=\"380\" srcset=\"https:\/\/www.visit-ulcinj.com\/blog\/wp-content\/uploads\/2012\/01\/Ulqini-ende-vazhdon-t\u00eb-jet\u00eb-pa-WC-publike.jpg 800w, https:\/\/www.visit-ulcinj.com\/blog\/wp-content\/uploads\/2012\/01\/Ulqini-ende-vazhdon-t\u00eb-jet\u00eb-pa-WC-publike-300x225.jpg 300w\" sizes=\"(max-width: 508px) 100vw, 508px\" \/><\/a><p id=\"caption-attachment-56138\" class=\"wp-caption-text\">Foto: Samir Adrovic - Vijesti<\/p><\/div>\n<p>Ky \u00ebsht\u00eb qyteti i Ulqinit me nj\u00eb gjendje d\u00ebshp\u00ebruese, ku njeriu ndeshet me nj\u00eb realitet dramatik, prej momentit kur del nga sht\u00ebpia, e deri kur kthehet, n\u00eb nj\u00eb rrug\u00ebtim i cili t\u00eb sfidon me mungesa t\u00eb gjithfarshme, elementare.<br \/>\nPrandaj, p\u00ebr ta nd\u00ebrruar a sanuar k\u00ebt\u00eb gjendje, duhet nj\u00eb vullnet kolektiv\u00eb, nj\u00eb besueshm\u00ebri e fuqishme se kjo gjendje mund t\u00eb ndryshohet. Dhe n\u00eb k\u00ebt\u00eb mision, i cili duhet t\u00eb ket\u00eb karakter p\u00ebrtej politik\u00eb, duhet t\u00eb involvoheshin e mobilizoheshin gjitha kategorit\u00eb shoq\u00ebrore q\u00eb mund t\u00eb ndihmojn\u00eb n\u00eb forma t\u00eb ndryshme.<\/p>\n<p>Pse Ulqini ende vazhdon t\u00eb jet\u00eb pa WC publike. N\u00eb munges\u00eb t\u00eb tyre, njer\u00ebzit duhet t\u00eb gjejn\u00eb zgjidhje alternative, si hyrjet n\u00ebp\u00ebr lokale, n\u00eb hap\u00ebsirat gjelb\u00ebruese, e q\u00eb n\u00eb fakt qytetit i japin nj\u00eb imazh jo t\u00eb mir\u00eb.<br \/>\nQytetar\u00ebt thon\u00eb se nj\u00eb projekt kaq i vog\u00ebl \u00ebsht\u00eb vonuar aq shum\u00eb e t\u00eb mos flitet p\u00ebr projektet e m\u00ebdha, t\u00eb cilat sipas tyre, v\u00ebshtir\u00eb se do t\u2019i realizoj\u00eb Komuna e Ulqinit.<br \/>\nProblemi i toaleteve publike n\u00eb Ulqin apo n\u00eb pjes\u00eb tjet\u00ebr t\u00eb qytetit \u00ebsht\u00eb i ndjesh\u00ebm sidomos gjat\u00eb sezonit turistik ku numri i pushuesve mund t\u00eb jet\u00eb i madh\u00eb.<br \/>\n<a href=\"http:\/\/www.visit-ulcinj.com\/blog\/wp-content\/uploads\/2012\/01\/Kalaja-e-Ulqinit-Naten.jpg\"><img loading=\"lazy\" class=\"alignleft  wp-image-56141\" title=\"Kalaja e Ulqinit Naten\" src=\"http:\/\/www.visit-ulcinj.com\/blog\/wp-content\/uploads\/2012\/01\/Kalaja-e-Ulqinit-Naten.jpg\" alt=\"\" width=\"508\" height=\"300\" \/><\/a><\/p>\n<p>N\u00eb fakt q\u00eb qytetit ti japin nj\u00eb imazh t\u00eb mir\u00eb,sikurse shum\u00eb premtime te t\u00eb parit t\u00eb Ulqinit, se qyteti do t\u00eb b\u00ebhet me WC publike dhe me rrug\u00eb sikurse qyteti i Tivarit, kjo deri m\u00eb tash nuk \u00ebsht\u00eb par\u00eb se ka ndodhur.<br \/>\nPrandaj i bem\u00eb thirje t\u00eb parit t\u00eb Ulqinit \u00a0q\u00eb p\u00ebr \u201cProjekte t\u00eb vog\u00ebla p\u00ebr nevoja t\u00eb m\u00ebdha\u201ddhe \u00a0vendosjen e disa WC-ve publike shum\u00eb shpejt \u00a0t\u00eb realizohen n\u00eb komunen e Ulqinit.<\/p>\n<!--YouTube Error: bad URL entered-->\n","protected":false},"excerpt":{"rendered":"<p>Ky \u00ebsht\u00eb qyteti i Ulqinit me nj\u00eb gjendje d\u00ebshp\u00ebruese, ku njeriu ndeshet me nj\u00eb realitet dramatik, prej momentit kur del nga sht\u00ebpia, e deri kur kthehet, n\u00eb nj\u00eb rrug\u00ebtim i cili t\u00eb sfidon me mungesa t\u00eb gjithfarshme, elementare. Prandaj, p\u00ebr ta nd\u00ebrruar a sanuar k\u00ebt\u00eb gjendje, duhet nj\u00eb vullnet kolektiv\u00eb, nj\u00eb besueshm\u00ebri e fuqishme se [&hellip;]<\/p>\n","protected":false},"author":1,"featured_media":0,"comment_status":"open","ping_status":"closed","sticky":false,"template":"","format":"standard","meta":{"spay_email":"","jetpack_publicize_message":"","jetpack_is_tweetstorm":false,"jetpack_publicize_feature_enabled":true},"categories":[12],"tags":[19885,200,18,19884],"jetpack_publicize_connections":[],"yoast_head":"<!-- This site is optimized with the Yoast SEO plugin v19.1 - https:\/\/yoast.com\/wordpress\/plugins\/seo\/ -->\n<title>Ulqini ende vazhdon t\u00eb jet\u00eb pa WC publike - Lajme nga Ulqini<\/title>\n<meta name=\"description\" content=\"Ky \u00ebsht\u00eb qyteti i Ulqinit me nj\u00eb gjendje d\u00ebshp\u00ebruese, ku njeriu ndeshet me nj\u00eb realitet dramatik, prej momentit kur del nga sht\u00ebpia, e deri kur kthehet,\" \/>\n<meta name=\"robots\" content=\"index, follow, max-snippet:-1, max-image-preview:large, max-video-preview:-1\" \/>\n<link rel=\"canonical\" href=\"https:\/\/www.visit-ulcinj.com\/blog\/2012\/01\/19\/ulqini-ende-vazhdon-te-jete-pa-wc-publike\/\" \/>\n<meta property=\"og:locale\" content=\"en_US\" \/>\n<meta property=\"og:type\" content=\"article\" \/>\n<meta property=\"og:title\" content=\"Ulqini ende vazhdon t\u00eb jet\u00eb pa WC publike - Lajme nga Ulqini\" \/>\n<meta property=\"og:description\" content=\"Ky \u00ebsht\u00eb qyteti i Ulqinit me nj\u00eb gjendje d\u00ebshp\u00ebruese, ku njeriu ndeshet me nj\u00eb realitet dramatik, prej momentit kur del nga sht\u00ebpia, e deri kur kthehet,\" \/>\n<meta property=\"og:url\" content=\"https:\/\/www.visit-ulcinj.com\/blog\/2012\/01\/19\/ulqini-ende-vazhdon-te-jete-pa-wc-publike\/\" \/>\n<meta property=\"og:site_name\" content=\"Lajme nga Ulqini\" \/>\n<meta property=\"article:published_time\" content=\"2012-01-19T21:49:07+00:00\" \/>\n<meta property=\"article:modified_time\" content=\"2012-01-20T09:34:51+00:00\" \/>\n<meta property=\"og:image\" content=\"http:\/\/www.visit-ulcinj.com\/blog\/wp-content\/uploads\/2012\/01\/Kalaja-e-Ulqinit-Naten.jpg\" \/>\n<meta name=\"twitter:label1\" content=\"Written by\" \/>\n\t<meta name=\"twitter:data1\" content=\"ulqini\" \/>\n\t<meta name=\"twitter:label2\" content=\"Est. reading time\" \/>\n\t<meta name=\"twitter:data2\" content=\"2 minutes\" \/>\n<script type=\"application\/ld+json\" class=\"yoast-schema-graph\">{\"@context\":\"https:\/\/schema.org\",\"@graph\":[{\"@type\":\"WebSite\",\"@id\":\"https:\/\/www.visit-ulcinj.com\/blog\/#website\",\"url\":\"https:\/\/www.visit-ulcinj.com\/blog\/\",\"name\":\"Lajme nga Ulqini\",\"description\":\"Lajme,Vijesti,Ulqini,Ulqin,Crna Gora,Mali i Zi\",\"potentialAction\":[{\"@type\":\"SearchAction\",\"target\":{\"@type\":\"EntryPoint\",\"urlTemplate\":\"https:\/\/www.visit-ulcinj.com\/blog\/?s={search_term_string}\"},\"query-input\":\"required name=search_term_string\"}],\"inLanguage\":\"en-US\"},{\"@type\":\"ImageObject\",\"inLanguage\":\"en-US\",\"@id\":\"https:\/\/www.visit-ulcinj.com\/blog\/2012\/01\/19\/ulqini-ende-vazhdon-te-jete-pa-wc-publike\/#primaryimage\",\"url\":\"https:\/\/www.visit-ulcinj.com\/blog\/wp-content\/uploads\/2012\/01\/Kalaja-e-Ulqinit-Naten.jpg\",\"contentUrl\":\"https:\/\/www.visit-ulcinj.com\/blog\/wp-content\/uploads\/2012\/01\/Kalaja-e-Ulqinit-Naten.jpg\",\"width\":\"1024\",\"height\":\"768\"},{\"@type\":\"WebPage\",\"@id\":\"https:\/\/www.visit-ulcinj.com\/blog\/2012\/01\/19\/ulqini-ende-vazhdon-te-jete-pa-wc-publike\/#webpage\",\"url\":\"https:\/\/www.visit-ulcinj.com\/blog\/2012\/01\/19\/ulqini-ende-vazhdon-te-jete-pa-wc-publike\/\",\"name\":\"Ulqini ende vazhdon t\u00eb jet\u00eb pa WC publike - Lajme nga Ulqini\",\"isPartOf\":{\"@id\":\"https:\/\/www.visit-ulcinj.com\/blog\/#website\"},\"primaryImageOfPage\":{\"@id\":\"https:\/\/www.visit-ulcinj.com\/blog\/2012\/01\/19\/ulqini-ende-vazhdon-te-jete-pa-wc-publike\/#primaryimage\"},\"datePublished\":\"2012-01-19T21:49:07+00:00\",\"dateModified\":\"2012-01-20T09:34:51+00:00\",\"author\":{\"@id\":\"https:\/\/www.visit-ulcinj.com\/blog\/#\/schema\/person\/dcab619c614d3038751c63bc2aadc06d\"},\"description\":\"Ky \u00ebsht\u00eb qyteti i Ulqinit me nj\u00eb gjendje d\u00ebshp\u00ebruese, ku njeriu ndeshet me nj\u00eb realitet dramatik, prej momentit kur del nga sht\u00ebpia, e deri kur kthehet,\",\"breadcrumb\":{\"@id\":\"https:\/\/www.visit-ulcinj.com\/blog\/2012\/01\/19\/ulqini-ende-vazhdon-te-jete-pa-wc-publike\/#breadcrumb\"},\"inLanguage\":\"en-US\",\"potentialAction\":[{\"@type\":\"ReadAction\",\"target\":[\"https:\/\/www.visit-ulcinj.com\/blog\/2012\/01\/19\/ulqini-ende-vazhdon-te-jete-pa-wc-publike\/\"]}]},{\"@type\":\"BreadcrumbList\",\"@id\":\"https:\/\/www.visit-ulcinj.com\/blog\/2012\/01\/19\/ulqini-ende-vazhdon-te-jete-pa-wc-publike\/#breadcrumb\",\"itemListElement\":[{\"@type\":\"ListItem\",\"position\":1,\"name\":\"Ulqini ende vazhdon t\u00eb jet\u00eb pa WC publike\"}]},{\"@type\":\"Person\",\"@id\":\"https:\/\/www.visit-ulcinj.com\/blog\/#\/schema\/person\/dcab619c614d3038751c63bc2aadc06d\",\"name\":\"ulqini\",\"sameAs\":[\"http:\/\/www.visit-ulcinj.com\"],\"url\":\"https:\/\/www.visit-ulcinj.com\/blog\/author\/admin\/\"}]}<\/script>\n<!-- \/ Yoast SEO plugin. -->","yoast_head_json":{"title":"Ulqini ende vazhdon t\u00eb jet\u00eb pa WC publike - Lajme nga Ulqini","description":"Ky \u00ebsht\u00eb qyteti i Ulqinit me nj\u00eb gjendje d\u00ebshp\u00ebruese, ku njeriu ndeshet me nj\u00eb realitet dramatik, prej momentit kur del nga sht\u00ebpia, e deri kur kthehet,","robots":{"index":"index","follow":"follow","max-snippet":"max-snippet:-1","max-image-preview":"max-image-preview:large","max-video-preview":"max-video-preview:-1"},"canonical":"https:\/\/www.visit-ulcinj.com\/blog\/2012\/01\/19\/ulqini-ende-vazhdon-te-jete-pa-wc-publike\/","og_locale":"en_US","og_type":"article","og_title":"Ulqini ende vazhdon t\u00eb jet\u00eb pa WC publike - Lajme nga Ulqini","og_description":"Ky \u00ebsht\u00eb qyteti i Ulqinit me nj\u00eb gjendje d\u00ebshp\u00ebruese, ku njeriu ndeshet me nj\u00eb realitet dramatik, prej momentit kur del nga sht\u00ebpia, e deri kur kthehet,","og_url":"https:\/\/www.visit-ulcinj.com\/blog\/2012\/01\/19\/ulqini-ende-vazhdon-te-jete-pa-wc-publike\/","og_site_name":"Lajme nga Ulqini","article_published_time":"2012-01-19T21:49:07+00:00","article_modified_time":"2012-01-20T09:34:51+00:00","og_image":[{"url":"http:\/\/www.visit-ulcinj.com\/blog\/wp-content\/uploads\/2012\/01\/Kalaja-e-Ulqinit-Naten.jpg"}],"twitter_misc":{"Written by":"ulqini","Est. reading time":"2 minutes"},"schema":{"@context":"https:\/\/schema.org","@graph":[{"@type":"WebSite","@id":"https:\/\/www.visit-ulcinj.com\/blog\/#website","url":"https:\/\/www.visit-ulcinj.com\/blog\/","name":"Lajme nga Ulqini","description":"Lajme,Vijesti,Ulqini,Ulqin,Crna Gora,Mali i Zi","potentialAction":[{"@type":"SearchAction","target":{"@type":"EntryPoint","urlTemplate":"https:\/\/www.visit-ulcinj.com\/blog\/?s={search_term_string}"},"query-input":"required name=search_term_string"}],"inLanguage":"en-US"},{"@type":"ImageObject","inLanguage":"en-US","@id":"https:\/\/www.visit-ulcinj.com\/blog\/2012\/01\/19\/ulqini-ende-vazhdon-te-jete-pa-wc-publike\/#primaryimage","url":"https:\/\/www.visit-ulcinj.com\/blog\/wp-content\/uploads\/2012\/01\/Kalaja-e-Ulqinit-Naten.jpg","contentUrl":"https:\/\/www.visit-ulcinj.com\/blog\/wp-content\/uploads\/2012\/01\/Kalaja-e-Ulqinit-Naten.jpg","width":"1024","height":"768"},{"@type":"WebPage","@id":"https:\/\/www.visit-ulcinj.com\/blog\/2012\/01\/19\/ulqini-ende-vazhdon-te-jete-pa-wc-publike\/#webpage","url":"https:\/\/www.visit-ulcinj.com\/blog\/2012\/01\/19\/ulqini-ende-vazhdon-te-jete-pa-wc-publike\/","name":"Ulqini ende vazhdon t\u00eb jet\u00eb pa WC publike - Lajme nga Ulqini","isPartOf":{"@id":"https:\/\/www.visit-ulcinj.com\/blog\/#website"},"primaryImageOfPage":{"@id":"https:\/\/www.visit-ulcinj.com\/blog\/2012\/01\/19\/ulqini-ende-vazhdon-te-jete-pa-wc-publike\/#primaryimage"},"datePublished":"2012-01-19T21:49:07+00:00","dateModified":"2012-01-20T09:34:51+00:00","author":{"@id":"https:\/\/www.visit-ulcinj.com\/blog\/#\/schema\/person\/dcab619c614d3038751c63bc2aadc06d"},"description":"Ky \u00ebsht\u00eb qyteti i Ulqinit me nj\u00eb gjendje d\u00ebshp\u00ebruese, ku njeriu ndeshet me nj\u00eb realitet dramatik, prej momentit kur del nga sht\u00ebpia, e deri kur kthehet,","breadcrumb":{"@id":"https:\/\/www.visit-ulcinj.com\/blog\/2012\/01\/19\/ulqini-ende-vazhdon-te-jete-pa-wc-publike\/#breadcrumb"},"inLanguage":"en-US","potentialAction":[{"@type":"ReadAction","target":["https:\/\/www.visit-ulcinj.com\/blog\/2012\/01\/19\/ulqini-ende-vazhdon-te-jete-pa-wc-publike\/"]}]},{"@type":"BreadcrumbList","@id":"https:\/\/www.visit-ulcinj.com\/blog\/2012\/01\/19\/ulqini-ende-vazhdon-te-jete-pa-wc-publike\/#breadcrumb","itemListElement":[{"@type":"ListItem","position":1,"name":"Ulqini ende vazhdon t\u00eb jet\u00eb pa WC publike"}]},{"@type":"Person","@id":"https:\/\/www.visit-ulcinj.com\/blog\/#\/schema\/person\/dcab619c614d3038751c63bc2aadc06d","name":"ulqini","sameAs":["http:\/\/www.visit-ulcinj.com"],"url":"https:\/\/www.visit-ulcinj.com\/blog\/author\/admin\/"}]}},"jetpack_featured_media_url":"","jetpack_sharing_enabled":true,"jetpack_shortlink":"https:\/\/wp.me\/pe6lTn-eBr","_links":{"self":[{"href":"https:\/\/www.visit-ulcinj.com\/blog\/wp-json\/wp\/v2\/posts\/56137"}],"collection":[{"href":"https:\/\/www.visit-ulcinj.com\/blog\/wp-json\/wp\/v2\/posts"}],"about":[{"href":"https:\/\/www.visit-ulcinj.com\/blog\/wp-json\/wp\/v2\/types\/post"}],"author":[{"embeddable":true,"href":"https:\/\/www.visit-ulcinj.com\/blog\/wp-json\/wp\/v2\/users\/1"}],"replies":[{"embeddable":true,"href":"https:\/\/www.visit-ulcinj.com\/blog\/wp-json\/wp\/v2\/comments?post=56137"}],"version-history":[{"count":4,"href":"https:\/\/www.visit-ulcinj.com\/blog\/wp-json\/wp\/v2\/posts\/56137\/revisions"}],"predecessor-version":[{"id":56142,"href":"https:\/\/www.visit-ulcinj.com\/blog\/wp-json\/wp\/v2\/posts\/56137\/revisions\/56142"}],"wp:attachment":[{"href":"https:\/\/www.visit-ulcinj.com\/blog\/wp-json\/wp\/v2\/media?parent=56137"}],"wp:term":[{"taxonomy":"category","embeddable":true,"href":"https:\/\/www.visit-ulcinj.com\/blog\/wp-json\/wp\/v2\/categories?post=56137"},{"taxonomy":"post_tag","embeddable":true,"href":"https:\/\/www.visit-ulcinj.com\/blog\/wp-json\/wp\/v2\/tags?post=56137"}],"curies":[{"name":"wp","href":"https:\/\/api.w.org\/{rel}","templated":true}]}}