{"id":56146,"date":"2012-01-20T09:05:10","date_gmt":"2012-01-20T08:05:10","guid":{"rendered":"http:\/\/www.visit-ulcinj.com\/blog\/?p=56146"},"modified":"2012-01-20T09:06:08","modified_gmt":"2012-01-20T08:06:08","slug":"albancima-prihvatljiva-jedino-zastava-tirane","status":"publish","type":"post","link":"https:\/\/www.visit-ulcinj.com\/blog\/2012\/01\/20\/albancima-prihvatljiva-jedino-zastava-tirane\/","title":{"rendered":"Albancima prihvatljiva jedino zastava Tirane"},"content":{"rendered":"<p><a href=\"http:\/\/www.visit-ulcinj.com\/blog\/wp-content\/uploads\/2012\/01\/Albanski-poslanici_Meto-Zenka_Vasel-Sinistaj_Genci-Nimanbegu_.jpg\"><img loading=\"lazy\" class=\"alignleft  wp-image-56147\" title=\"Albanski-poslanici_Meto-Zenka_Vasel-Sinistaj_Genci-Nimanbegu_\" src=\"http:\/\/www.visit-ulcinj.com\/blog\/wp-content\/uploads\/2012\/01\/Albanski-poslanici_Meto-Zenka_Vasel-Sinistaj_Genci-Nimanbegu_.jpg\" alt=\"\" width=\"508\" height=\"377\" \/><\/a>Predstavnici albanskih partija slo\u017eni su u ocjeni da je njihov nacionalni simbol albanska zastava, sa dvoglavim crnim orlom u crvenom polju, obilje\u017eje zvani\u010dne Tirane.<br \/>\nPresjednik Nacionalnog savjeta Albanaca Tahir Tahiri izjavio je da Albanci u Crnoj Gori ne treba da odre\u0111uju svoje obilje\u017eje jer ono ve\u0107 postoji.<br \/>\nPoslanik Demokratske unije Albanaca Mehmet Zenka kazao je, u izjavi za \u201eDan\u201d, da je simbol jasno definisan i dodao da je albanska zastava nastala prije dr\u017eave.<br \/>\n\u2013 Albanci nemaju potrebu da odre\u0111uju svoj simbol jer je on definisan vjekovima ranije i to je dvoglavi crni orao u crvenom polju \u2013 poru\u010dio je Zenka.<br \/>\n\u010clan 23. spornog zakona o javnom redu i miru propisuje da \u0107e biti dozvoljena upotreba nacionalnih simbola nakon njihovog izbora.<br \/>\nPoslanik Vasilj Sini\u0161taj isti\u010de da je na Naionalnom savjetu Albanaca, koji je iznad partija, bilo da ka\u017ee koji je njihov simbol.<br \/>\n\u2013 Kod nas nije ista situacija kao kod drugih naroda, mi imamo jedan jezik, jedno pismo i jednu zastavu. Nikada nisam imao dileme po pitanju nacionalnih obilje\u017eja \u2013 naveo je Sini\u0161taj.<br \/>\nIstog mi\u0161ljenja je i poslanik Force Genci Nimanbegu koji je naglasio da je albanski simbol na svim teritorijama gdje \u017eive Albanci isti.<\/p>\n<p>&nbsp;<\/p>\n<p><a href=\"http:\/\/www.dan.co.me\/?nivo=3&amp;rubrika=Politika&amp;clanak=316092&amp;najdatum=2012-01-18&amp;datum=2012-01-19\" target=\"_blank\"><strong>Mi. K. \u2013 Bo. M.<\/strong><br \/>\n<strong> Izvor: DAN<\/strong><\/a><\/p>\n","protected":false},"excerpt":{"rendered":"<p>Predstavnici albanskih partija slo\u017eni su u ocjeni da je njihov nacionalni simbol albanska zastava, sa dvoglavim crnim orlom u crvenom polju, obilje\u017eje zvani\u010dne Tirane. Presjednik Nacionalnog savjeta Albanaca Tahir Tahiri izjavio je da Albanci u Crnoj Gori ne treba da odre\u0111uju svoje obilje\u017eje jer ono ve\u0107 postoji. Poslanik Demokratske unije Albanaca Mehmet Zenka kazao je, [&hellip;]<\/p>\n","protected":false},"author":1,"featured_media":0,"comment_status":"open","ping_status":"closed","sticky":false,"template":"","format":"standard","meta":{"spay_email":"","jetpack_publicize_message":"","jetpack_is_tweetstorm":false,"jetpack_publicize_feature_enabled":true},"categories":[8337],"tags":[1520,19886,20],"jetpack_publicize_connections":[],"yoast_head":"<!-- This site is optimized with the Yoast SEO plugin v19.1 - https:\/\/yoast.com\/wordpress\/plugins\/seo\/ -->\n<title>Albancima prihvatljiva jedino zastava Tirane - Lajme nga Ulqini<\/title>\n<meta name=\"description\" content=\"Predstavnici albanskih partija slo\u017eni su u ocjeni da je njihov nacionalni simbol albanska zastava, sa dvoglavim crnim orlom u crvenom polju, obilje\u017eje\" \/>\n<meta name=\"robots\" content=\"index, follow, max-snippet:-1, max-image-preview:large, max-video-preview:-1\" \/>\n<link rel=\"canonical\" href=\"https:\/\/www.visit-ulcinj.com\/blog\/2012\/01\/20\/albancima-prihvatljiva-jedino-zastava-tirane\/\" \/>\n<meta property=\"og:locale\" content=\"en_US\" \/>\n<meta property=\"og:type\" content=\"article\" \/>\n<meta property=\"og:title\" content=\"Albancima prihvatljiva jedino zastava Tirane - Lajme nga Ulqini\" \/>\n<meta property=\"og:description\" content=\"Predstavnici albanskih partija slo\u017eni su u ocjeni da je njihov nacionalni simbol albanska zastava, sa dvoglavim crnim orlom u crvenom polju, obilje\u017eje\" \/>\n<meta property=\"og:url\" content=\"https:\/\/www.visit-ulcinj.com\/blog\/2012\/01\/20\/albancima-prihvatljiva-jedino-zastava-tirane\/\" \/>\n<meta property=\"og:site_name\" content=\"Lajme nga Ulqini\" \/>\n<meta property=\"article:published_time\" content=\"2012-01-20T08:05:10+00:00\" \/>\n<meta property=\"article:modified_time\" content=\"2012-01-20T08:06:08+00:00\" \/>\n<meta property=\"og:image\" content=\"http:\/\/www.visit-ulcinj.com\/blog\/wp-content\/uploads\/2012\/01\/Albanski-poslanici_Meto-Zenka_Vasel-Sinistaj_Genci-Nimanbegu_.jpg\" \/>\n<meta name=\"twitter:label1\" content=\"Written by\" \/>\n\t<meta name=\"twitter:data1\" content=\"ulqini\" \/>\n\t<meta name=\"twitter:label2\" content=\"Est. reading time\" \/>\n\t<meta name=\"twitter:data2\" content=\"1 minute\" \/>\n<script type=\"application\/ld+json\" class=\"yoast-schema-graph\">{\"@context\":\"https:\/\/schema.org\",\"@graph\":[{\"@type\":\"WebSite\",\"@id\":\"https:\/\/www.visit-ulcinj.com\/blog\/#website\",\"url\":\"https:\/\/www.visit-ulcinj.com\/blog\/\",\"name\":\"Lajme nga Ulqini\",\"description\":\"Lajme,Vijesti,Ulqini,Ulqin,Crna Gora,Mali i Zi\",\"potentialAction\":[{\"@type\":\"SearchAction\",\"target\":{\"@type\":\"EntryPoint\",\"urlTemplate\":\"https:\/\/www.visit-ulcinj.com\/blog\/?s={search_term_string}\"},\"query-input\":\"required name=search_term_string\"}],\"inLanguage\":\"en-US\"},{\"@type\":\"ImageObject\",\"inLanguage\":\"en-US\",\"@id\":\"https:\/\/www.visit-ulcinj.com\/blog\/2012\/01\/20\/albancima-prihvatljiva-jedino-zastava-tirane\/#primaryimage\",\"url\":\"https:\/\/www.visit-ulcinj.com\/blog\/wp-content\/uploads\/2012\/01\/Albanski-poslanici_Meto-Zenka_Vasel-Sinistaj_Genci-Nimanbegu_.jpg\",\"contentUrl\":\"https:\/\/www.visit-ulcinj.com\/blog\/wp-content\/uploads\/2012\/01\/Albanski-poslanici_Meto-Zenka_Vasel-Sinistaj_Genci-Nimanbegu_.jpg\",\"width\":\"755\",\"height\":\"677\"},{\"@type\":\"WebPage\",\"@id\":\"https:\/\/www.visit-ulcinj.com\/blog\/2012\/01\/20\/albancima-prihvatljiva-jedino-zastava-tirane\/#webpage\",\"url\":\"https:\/\/www.visit-ulcinj.com\/blog\/2012\/01\/20\/albancima-prihvatljiva-jedino-zastava-tirane\/\",\"name\":\"Albancima prihvatljiva jedino zastava Tirane - Lajme nga Ulqini\",\"isPartOf\":{\"@id\":\"https:\/\/www.visit-ulcinj.com\/blog\/#website\"},\"primaryImageOfPage\":{\"@id\":\"https:\/\/www.visit-ulcinj.com\/blog\/2012\/01\/20\/albancima-prihvatljiva-jedino-zastava-tirane\/#primaryimage\"},\"datePublished\":\"2012-01-20T08:05:10+00:00\",\"dateModified\":\"2012-01-20T08:06:08+00:00\",\"author\":{\"@id\":\"https:\/\/www.visit-ulcinj.com\/blog\/#\/schema\/person\/dcab619c614d3038751c63bc2aadc06d\"},\"description\":\"Predstavnici albanskih partija slo\u017eni su u ocjeni da je njihov nacionalni simbol albanska zastava, sa dvoglavim crnim orlom u crvenom polju, obilje\u017eje\",\"breadcrumb\":{\"@id\":\"https:\/\/www.visit-ulcinj.com\/blog\/2012\/01\/20\/albancima-prihvatljiva-jedino-zastava-tirane\/#breadcrumb\"},\"inLanguage\":\"en-US\",\"potentialAction\":[{\"@type\":\"ReadAction\",\"target\":[\"https:\/\/www.visit-ulcinj.com\/blog\/2012\/01\/20\/albancima-prihvatljiva-jedino-zastava-tirane\/\"]}]},{\"@type\":\"BreadcrumbList\",\"@id\":\"https:\/\/www.visit-ulcinj.com\/blog\/2012\/01\/20\/albancima-prihvatljiva-jedino-zastava-tirane\/#breadcrumb\",\"itemListElement\":[{\"@type\":\"ListItem\",\"position\":1,\"name\":\"Albancima prihvatljiva jedino zastava Tirane\"}]},{\"@type\":\"Person\",\"@id\":\"https:\/\/www.visit-ulcinj.com\/blog\/#\/schema\/person\/dcab619c614d3038751c63bc2aadc06d\",\"name\":\"ulqini\",\"sameAs\":[\"http:\/\/www.visit-ulcinj.com\"],\"url\":\"https:\/\/www.visit-ulcinj.com\/blog\/author\/admin\/\"}]}<\/script>\n<!-- \/ Yoast SEO plugin. -->","yoast_head_json":{"title":"Albancima prihvatljiva jedino zastava Tirane - Lajme nga Ulqini","description":"Predstavnici albanskih partija slo\u017eni su u ocjeni da je njihov nacionalni simbol albanska zastava, sa dvoglavim crnim orlom u crvenom polju, obilje\u017eje","robots":{"index":"index","follow":"follow","max-snippet":"max-snippet:-1","max-image-preview":"max-image-preview:large","max-video-preview":"max-video-preview:-1"},"canonical":"https:\/\/www.visit-ulcinj.com\/blog\/2012\/01\/20\/albancima-prihvatljiva-jedino-zastava-tirane\/","og_locale":"en_US","og_type":"article","og_title":"Albancima prihvatljiva jedino zastava Tirane - Lajme nga Ulqini","og_description":"Predstavnici albanskih partija slo\u017eni su u ocjeni da je njihov nacionalni simbol albanska zastava, sa dvoglavim crnim orlom u crvenom polju, obilje\u017eje","og_url":"https:\/\/www.visit-ulcinj.com\/blog\/2012\/01\/20\/albancima-prihvatljiva-jedino-zastava-tirane\/","og_site_name":"Lajme nga Ulqini","article_published_time":"2012-01-20T08:05:10+00:00","article_modified_time":"2012-01-20T08:06:08+00:00","og_image":[{"url":"http:\/\/www.visit-ulcinj.com\/blog\/wp-content\/uploads\/2012\/01\/Albanski-poslanici_Meto-Zenka_Vasel-Sinistaj_Genci-Nimanbegu_.jpg"}],"twitter_misc":{"Written by":"ulqini","Est. reading time":"1 minute"},"schema":{"@context":"https:\/\/schema.org","@graph":[{"@type":"WebSite","@id":"https:\/\/www.visit-ulcinj.com\/blog\/#website","url":"https:\/\/www.visit-ulcinj.com\/blog\/","name":"Lajme nga Ulqini","description":"Lajme,Vijesti,Ulqini,Ulqin,Crna Gora,Mali i Zi","potentialAction":[{"@type":"SearchAction","target":{"@type":"EntryPoint","urlTemplate":"https:\/\/www.visit-ulcinj.com\/blog\/?s={search_term_string}"},"query-input":"required name=search_term_string"}],"inLanguage":"en-US"},{"@type":"ImageObject","inLanguage":"en-US","@id":"https:\/\/www.visit-ulcinj.com\/blog\/2012\/01\/20\/albancima-prihvatljiva-jedino-zastava-tirane\/#primaryimage","url":"https:\/\/www.visit-ulcinj.com\/blog\/wp-content\/uploads\/2012\/01\/Albanski-poslanici_Meto-Zenka_Vasel-Sinistaj_Genci-Nimanbegu_.jpg","contentUrl":"https:\/\/www.visit-ulcinj.com\/blog\/wp-content\/uploads\/2012\/01\/Albanski-poslanici_Meto-Zenka_Vasel-Sinistaj_Genci-Nimanbegu_.jpg","width":"755","height":"677"},{"@type":"WebPage","@id":"https:\/\/www.visit-ulcinj.com\/blog\/2012\/01\/20\/albancima-prihvatljiva-jedino-zastava-tirane\/#webpage","url":"https:\/\/www.visit-ulcinj.com\/blog\/2012\/01\/20\/albancima-prihvatljiva-jedino-zastava-tirane\/","name":"Albancima prihvatljiva jedino zastava Tirane - Lajme nga Ulqini","isPartOf":{"@id":"https:\/\/www.visit-ulcinj.com\/blog\/#website"},"primaryImageOfPage":{"@id":"https:\/\/www.visit-ulcinj.com\/blog\/2012\/01\/20\/albancima-prihvatljiva-jedino-zastava-tirane\/#primaryimage"},"datePublished":"2012-01-20T08:05:10+00:00","dateModified":"2012-01-20T08:06:08+00:00","author":{"@id":"https:\/\/www.visit-ulcinj.com\/blog\/#\/schema\/person\/dcab619c614d3038751c63bc2aadc06d"},"description":"Predstavnici albanskih partija slo\u017eni su u ocjeni da je njihov nacionalni simbol albanska zastava, sa dvoglavim crnim orlom u crvenom polju, obilje\u017eje","breadcrumb":{"@id":"https:\/\/www.visit-ulcinj.com\/blog\/2012\/01\/20\/albancima-prihvatljiva-jedino-zastava-tirane\/#breadcrumb"},"inLanguage":"en-US","potentialAction":[{"@type":"ReadAction","target":["https:\/\/www.visit-ulcinj.com\/blog\/2012\/01\/20\/albancima-prihvatljiva-jedino-zastava-tirane\/"]}]},{"@type":"BreadcrumbList","@id":"https:\/\/www.visit-ulcinj.com\/blog\/2012\/01\/20\/albancima-prihvatljiva-jedino-zastava-tirane\/#breadcrumb","itemListElement":[{"@type":"ListItem","position":1,"name":"Albancima prihvatljiva jedino zastava Tirane"}]},{"@type":"Person","@id":"https:\/\/www.visit-ulcinj.com\/blog\/#\/schema\/person\/dcab619c614d3038751c63bc2aadc06d","name":"ulqini","sameAs":["http:\/\/www.visit-ulcinj.com"],"url":"https:\/\/www.visit-ulcinj.com\/blog\/author\/admin\/"}]}},"jetpack_featured_media_url":"","jetpack_sharing_enabled":true,"jetpack_shortlink":"https:\/\/wp.me\/pe6lTn-eBA","_links":{"self":[{"href":"https:\/\/www.visit-ulcinj.com\/blog\/wp-json\/wp\/v2\/posts\/56146"}],"collection":[{"href":"https:\/\/www.visit-ulcinj.com\/blog\/wp-json\/wp\/v2\/posts"}],"about":[{"href":"https:\/\/www.visit-ulcinj.com\/blog\/wp-json\/wp\/v2\/types\/post"}],"author":[{"embeddable":true,"href":"https:\/\/www.visit-ulcinj.com\/blog\/wp-json\/wp\/v2\/users\/1"}],"replies":[{"embeddable":true,"href":"https:\/\/www.visit-ulcinj.com\/blog\/wp-json\/wp\/v2\/comments?post=56146"}],"version-history":[{"count":3,"href":"https:\/\/www.visit-ulcinj.com\/blog\/wp-json\/wp\/v2\/posts\/56146\/revisions"}],"predecessor-version":[{"id":56150,"href":"https:\/\/www.visit-ulcinj.com\/blog\/wp-json\/wp\/v2\/posts\/56146\/revisions\/56150"}],"wp:attachment":[{"href":"https:\/\/www.visit-ulcinj.com\/blog\/wp-json\/wp\/v2\/media?parent=56146"}],"wp:term":[{"taxonomy":"category","embeddable":true,"href":"https:\/\/www.visit-ulcinj.com\/blog\/wp-json\/wp\/v2\/categories?post=56146"},{"taxonomy":"post_tag","embeddable":true,"href":"https:\/\/www.visit-ulcinj.com\/blog\/wp-json\/wp\/v2\/tags?post=56146"}],"curies":[{"name":"wp","href":"https:\/\/api.w.org\/{rel}","templated":true}]}}