{"id":56151,"date":"2012-01-20T09:47:09","date_gmt":"2012-01-20T08:47:09","guid":{"rendered":"http:\/\/www.visit-ulcinj.com\/blog\/?p=56151"},"modified":"2012-01-20T09:47:09","modified_gmt":"2012-01-20T08:47:09","slug":"engel-te-avancohet-statusi-i-shqiptareve-ne-mal-te-zi","status":"publish","type":"post","link":"https:\/\/www.visit-ulcinj.com\/blog\/2012\/01\/20\/engel-te-avancohet-statusi-i-shqiptareve-ne-mal-te-zi\/","title":{"rendered":"Engel: T\u00eb avancohet statusi i shqiptar\u00ebve n\u00eb Mal t\u00eb Zi"},"content":{"rendered":"<p><strong><a href=\"http:\/\/www.visit-ulcinj.com\/blog\/wp-content\/uploads\/2012\/01\/Eliot-Engel.jpg\"><img loading=\"lazy\" class=\"alignleft  wp-image-56152\" title=\"Eliot Engel\" src=\"http:\/\/www.visit-ulcinj.com\/blog\/wp-content\/uploads\/2012\/01\/Eliot-Engel.jpg\" alt=\"\" width=\"508\" height=\"380\" \/><\/a>Intervist\u00eb e posa\u00e7me p\u00ebr gazet\u00ebn komb\u00ebtare Bota Sot, me ligjven\u00ebsin demokrat nga Nju Jorku Eliot Engel, bashk\u00ebkryetar i Grupit p\u00ebr \u00c7\u00ebshtjet Shqiptare n\u00eb Kongresin amerikan<\/strong><\/p>\n<p>Johnson Avenue Bronx NY: N\u00eb nj\u00eb intervist\u00eb e posa\u00e7me p\u00ebr gazet\u00ebn komb\u00ebtare Bota Sot, lidhur me takimin q\u00eb zhvilloi ai n\u00eb zyr\u00ebn e tij me Kryetarin e Iniciativ\u00ebs Qytetare dhe deputet n\u00eb parlamentin e Malit t\u00eb Zi, Vasel Sinishtaj, ligjven\u00ebsi demokrat nga Nju Jorku Eliot Engel, bashk\u00ebkryetar i Grupit p\u00ebr \u00c7\u00ebshtjet Shqiptare n\u00eb Kongresin amerikan, foli me gazetarin ton\u00eb, n\u00eb SHBA-\u00ebs, Beqir Sina.<\/p>\n<p>&#8220;Kongresisti Engel tha se ka ardhur koha q\u00eb Tuzit t\u2019i jepet statusi i plot\u00eb i Komun\u00ebs, duke qen\u00eb vullnet i qytetar\u00ebve shqiptar\u00eb, q\u00eb p\u00ebrb\u00ebjn\u00eb shumic\u00ebn n\u00eb Tuz, dhe se ky ka qen\u00eb edhe premtimi i b\u00ebr\u00eb nga autoritetet e Malit t\u00eb Zi n\u00eb takimet e tyre n\u00eb Washington . P\u00ebr k\u00ebt\u00eb tha ai s\u00eb shpejti do t\u00eb bisedoj\u00eb me qeverin\u00eb e Malit t\u00eb Zi q\u00eb kjo k\u00ebrkes\u00eb e qytetar\u00ebve p\u00ebr komun\u00ebn e Tuzit t\u00eb realizohet sa m\u00eb par\u00eb.<\/p>\n<p><strong>Kolegu yn\u00eb e pyeti zotin Engel sesi e vlersonte ai k\u00ebt\u00eb takim me Kryetarin e Iniciativ\u00ebs Qytetare dhe deputet n\u00eb parlamentin e Malit t\u00eb Zi, Vasel Sinishtaj, ?<\/strong><\/p>\n<p><strong>Ligj\u00ebv\u00ebnsi demokrat Eliot Engel tha se: <\/strong><\/p>\n<p><strong>Engel<\/strong> :\u00a0 Ne pat\u00ebm nj\u00eb takim shum\u00eb t\u00eb mir\u00eb. Ai \u00ebsht\u00eb deputet dhe q\u00eb jeton\u00eb atje, ai ka p\u00ebrshkruar \u00e7\u00ebshtjen e shqiptar\u00ebve n\u00eb shum\u00eb detaje dhe si ai e sheh ai at\u00eb n\u00eb Mal t\u00eb Zi, sot. \u00cbsht\u00eb e r\u00ebnd\u00ebsishme p\u00ebr mua p\u00ebr t\u00eb d\u00ebgjuar dhe p\u00ebr t\u00eb biseduar me njer\u00ebzit q\u00eb jetojn\u00eb atje. Si\u00e7 e dini un\u00eb kam qen\u00eb gjithmon\u00eb nj\u00eb ligj\u00ebv\u00ebn\u00ebs q\u00eb i kam ndjekur me v\u00ebmendje \u00e7\u00ebshtjet dhe problemet t\u00eb shqiptar\u00ebve n\u00eb Ballkan, dhe n\u00eb bot\u00eb, kjo \u00ebsht\u00eb di\u00e7ka q\u00eb un\u00eb mendoj se \u00ebsht\u00eb mjaft dometh\u00ebnse dhe e b\u00ebn me shum\u00ebkuptim p\u00ebr mua, di\u00e7ka q\u00eb ne si kongresist\u00ebt amerikan, duhet t\u00eb ndjekim. \u00c7do gj\u00eb un\u00eb mund t\u00eb b\u00ebj p\u00ebr t\u00eb b\u00ebr\u00eb jet\u00ebn e njer\u00ebzve, kudo n\u00eb bot\u00eb m\u00eb t\u00eb mir\u00eb, un\u00eb do t\u00eb doja dhe do t\u00eb p\u00ebrpiqem ta b\u00ebjn\u00eb k\u00ebt\u00eb, kudo. Shpresoj se edhe qeveria e Malit t\u00eb Zi do t\u00eb bien dakord edhe me mua dhe shpresoj se ne s\u00eb bashku mund t\u00eb b\u00ebjm\u00eb disa nga k\u00ebto ndryshime sa m\u00eb shpejt t\u00eb jet\u00eb e mundur, q\u00eb t\u00eb gjith\u00eb duhet t\u00eb jen\u00eb t\u00eb barabart.<\/p>\n<p>Un\u00eb e u interesova se : &#8220;A keni p\u00ebrkrahaje nga grupet t\u00eb tjera brenda parlamentit t\u00eb Malit t\u00eb Zi, nga boshnjak\u00ebt, serb\u00ebt, apo pakicat e tjera? A jan\u00eb serb\u00ebt minoritet n\u00eb Mal t\u00eb Zi dhe a trajtohen si t\u00eb till\u00eb n\u00eb Mal t\u00eb Zi ? .Cilat jan\u00eb t\u00eb drejtat e shkollimit shqip n\u00eb Mal t\u00eb Zi? Cilat jan\u00eb marr\u00ebdh\u00ebnjet mes Tiran\u00ebs , Prishtin\u00ebs dhe Podgoric\u00ebs, p\u00ebr sa u p\u00ebrket shqiptar\u00ebve ? Cilat jan\u00eb arsyet q\u00eb n\u00eb regjistrimin e fundit n\u00eb Mal t\u00eb Zi num\u00ebri i shqiptar\u00ebve u zvog\u00eblua aq shum\u00eb ? e t\u00eb tjera.<\/p>\n<p><strong>\u00a0\u00c7far\u00eb duhet b\u00ebr\u00eb p\u00ebr Shqiptar\u00ebt n\u00eb Mal t\u00eb Zi, t\u00eb cil\u00ebt p\u00ebrb\u00ebjn\u00eb m\u00eb shum\u00eb se 5 % t\u00eb popullat\u00ebs s\u00eb p\u00ebrgjithshme dhe jetojn\u00eb n\u00eb 100 vendbanime?<\/strong><\/p>\n<p><strong>Engel<\/strong> :\u00a0 Natyrisht Shqiptar\u00ebt jan\u00eb rreth pes\u00eb p\u00ebr qind t\u00eb popullsis\u00eb. Nuk \u00ebsht\u00eb e qart\u00eb pse ende ka disa probleme n\u00eb Mal t\u00eb Zi me t\u00eb drejtat e shqiptar\u00ebve, t\u00eb drejtat e pakicave. Nj\u00eb nga gj\u00ebrat q\u00eb mund t\u00eb b\u00ebjm\u00eb sa m\u00eb shpejt\u00a0 \u00ebsht\u00eb komuna e t\u00ebr\u00eb e Tuzit. N\u00eb vler\u00ebsimin tim ajo duhet t\u00eb jet\u00eb komuna me t\u00eb drjeta t\u00eb plota . Ashtu si dhe koumnat e tjera n\u00eb Mal t\u00eb Zi..Njer\u00ebzit\u00a0 atje nuk duan q\u00eb ajo t\u00eb jet\u00eb e ndar\u00eb. Kur isha n\u00eb Mal t\u00eb Zi, gjasht\u00eb vjet e gjysm\u00eb m\u00eb par\u00eb na u tha q\u00eb t\u00eb presim p\u00ebr t\u00eb par\u00eb se si kemi p\u00ebr t\u00eb punuar p\u00ebr ta b\u00ebr\u00eb komun\u00eb t\u00eb plot\u00eb. \u00cbsht\u00eb e qart\u00eb p\u00ebr mua se shumica d\u00ebrrmuese e shqiptar\u00ebve nuk duan t\u00eb vazhdojn\u00eb me k\u00ebt\u00eb m\u00ebnyr\u00eb qeverisje t\u00eb k\u00ebsaj komune , ata duan komun\u00ebn e tyre t\u00eb plot\u00eb. K\u00ebshtu q\u00eb un\u00eb do t\u00eb bisedoj\u00eb me qeverin\u00eb e Malit t\u00eb Zi, shum\u00eb shpejt p\u00ebr t\u00eb k\u00ebrkuar q\u00eb ata t\u00eb lejojn\u00eb Tuzin t\u00eb jet\u00eb komun\u00eb e plot\u00eb ashtu si dhe m\u00eb ka premtuar vet\u00eb Podgorica.<\/p>\n<p>Ka ardhur koha q\u00eb Tuzit t\u2019i jepet statusi i plot\u00eb i Komun\u00ebs, duke qen\u00eb vullnet i qytetar\u00ebve shqiptar\u00eb, q\u00eb p\u00ebrb\u00ebjn\u00eb shumic\u00ebn n\u00eb Tuz, dhe se ky ka qen\u00eb edhe premtimi i b\u00ebr\u00eb nga autoritetet e Malit t\u00eb Zi n\u00eb takimet e tyre n\u00eb Washington . P\u00ebr k\u00ebt\u00eb s\u00eb shpejti do t\u00eb bisedoj\u00eb me qeverin\u00eb e Malit t\u00eb Zi q\u00eb kjo k\u00ebrkes\u00eb e qytetar\u00ebve p\u00ebr komun\u00ebn e Tuzit t\u00eb realizohet sa m\u00eb par\u00eb.<\/p>\n<p><strong>A mendoni sa ka diskriminim n\u00eb k\u00ebt\u00eb k\u00ebnd\u00ebv\u00ebshtrim, p\u00ebr shqiptar\u00ebt n\u00eb Mal t\u00eb Zi ?<\/strong><\/p>\n<p><strong>\u00a0Engel<\/strong> :\u00a0 Po, ne gjithashtu biseduam p\u00ebr diskriminim ndaj minoriteteve n\u00eb p\u00ebrgjith\u00ebsi.\u00a0 Fakti q\u00eb ka shum\u00eb ligje t\u00eb mir\u00eb n\u00eb ligjistacionin n\u00eb Mal t\u00eb Zi, por p\u00ebr fat t\u00eb keq shum\u00eb prej k\u00ebtyre ligjeve nuk jan\u00eb duke u implementuar p\u00ebr t\u00eb siguruar se nuk ka diskriminim kund\u00ebr shqiptar\u00ebve, e v\u00eb n\u00eb dyshim at\u00eb. K\u00ebshtu q\u00eb un\u00eb mendoj se duhet t\u00eb ket\u00eb nj\u00eb diskutim n\u00eb lidhje se cilat ligje duhet t\u00eb zbatohen ose mund t\u00eb zbatohen sa m\u00eb shpejt t\u00eb jet\u00eb e mundur n\u00eb m\u00ebnyr\u00eb q\u00eb pakicat t\u00eb tilla si shqiptar\u00ebt do t\u00eb ndjehen t\u00eb sigurta, dhe se ken\u00eb mbrojtje nga diskriminimi.<\/p>\n<p><strong>Bisedoj\u00eb; Beqir SINA<\/strong><br \/>\n<strong> Bota Sot<br \/>\n<!--YouTube Error: bad URL entered--><br \/>\n<\/strong><\/p>\n","protected":false},"excerpt":{"rendered":"<p>Intervist\u00eb e posa\u00e7me p\u00ebr gazet\u00ebn komb\u00ebtare Bota Sot, me ligjven\u00ebsin demokrat nga Nju Jorku Eliot Engel, bashk\u00ebkryetar i Grupit p\u00ebr \u00c7\u00ebshtjet Shqiptare n\u00eb Kongresin amerikan Johnson Avenue Bronx NY: N\u00eb nj\u00eb intervist\u00eb e posa\u00e7me p\u00ebr gazet\u00ebn komb\u00ebtare Bota Sot, lidhur me takimin q\u00eb zhvilloi ai n\u00eb zyr\u00ebn e tij me Kryetarin e Iniciativ\u00ebs Qytetare dhe [&hellip;]<\/p>\n","protected":false},"author":1,"featured_media":0,"comment_status":"open","ping_status":"closed","sticky":false,"template":"","format":"standard","meta":{"spay_email":"","jetpack_publicize_message":"","jetpack_is_tweetstorm":false,"jetpack_publicize_feature_enabled":true},"categories":[14],"tags":[19863,95,201],"jetpack_publicize_connections":[],"yoast_head":"<!-- This site is optimized with the Yoast SEO plugin v19.1 - https:\/\/yoast.com\/wordpress\/plugins\/seo\/ -->\n<title>Engel: T\u00eb avancohet statusi i shqiptar\u00ebve n\u00eb Mal t\u00eb Zi - Lajme nga Ulqini<\/title>\n<meta name=\"description\" content=\"Intervist\u00eb e posa\u00e7me p\u00ebr gazet\u00ebn komb\u00ebtare Bota Sot, me ligjven\u00ebsin demokrat nga Nju Jorku Eliot Engel, bashk\u00ebkryetar i Grupit p\u00ebr \u00c7\u00ebshtjet Shqiptare n\u00eb\" \/>\n<meta name=\"robots\" content=\"index, follow, max-snippet:-1, max-image-preview:large, max-video-preview:-1\" \/>\n<link rel=\"canonical\" href=\"https:\/\/www.visit-ulcinj.com\/blog\/2012\/01\/20\/engel-te-avancohet-statusi-i-shqiptareve-ne-mal-te-zi\/\" \/>\n<meta property=\"og:locale\" content=\"en_US\" \/>\n<meta property=\"og:type\" content=\"article\" \/>\n<meta property=\"og:title\" content=\"Engel: T\u00eb avancohet statusi i shqiptar\u00ebve n\u00eb Mal t\u00eb Zi - Lajme nga Ulqini\" \/>\n<meta property=\"og:description\" content=\"Intervist\u00eb e posa\u00e7me p\u00ebr gazet\u00ebn komb\u00ebtare Bota Sot, me ligjven\u00ebsin demokrat nga Nju Jorku Eliot Engel, bashk\u00ebkryetar i Grupit p\u00ebr \u00c7\u00ebshtjet Shqiptare n\u00eb\" \/>\n<meta property=\"og:url\" content=\"https:\/\/www.visit-ulcinj.com\/blog\/2012\/01\/20\/engel-te-avancohet-statusi-i-shqiptareve-ne-mal-te-zi\/\" \/>\n<meta property=\"og:site_name\" content=\"Lajme nga Ulqini\" \/>\n<meta property=\"article:published_time\" content=\"2012-01-20T08:47:09+00:00\" \/>\n<meta property=\"og:image\" content=\"http:\/\/www.visit-ulcinj.com\/blog\/wp-content\/uploads\/2012\/01\/Eliot-Engel.jpg\" \/>\n<meta name=\"twitter:label1\" content=\"Written by\" \/>\n\t<meta name=\"twitter:data1\" content=\"ulqini\" \/>\n\t<meta name=\"twitter:label2\" content=\"Est. reading time\" \/>\n\t<meta name=\"twitter:data2\" content=\"5 minutes\" \/>\n<script type=\"application\/ld+json\" class=\"yoast-schema-graph\">{\"@context\":\"https:\/\/schema.org\",\"@graph\":[{\"@type\":\"WebSite\",\"@id\":\"https:\/\/www.visit-ulcinj.com\/blog\/#website\",\"url\":\"https:\/\/www.visit-ulcinj.com\/blog\/\",\"name\":\"Lajme nga Ulqini\",\"description\":\"Lajme,Vijesti,Ulqini,Ulqin,Crna Gora,Mali i Zi\",\"potentialAction\":[{\"@type\":\"SearchAction\",\"target\":{\"@type\":\"EntryPoint\",\"urlTemplate\":\"https:\/\/www.visit-ulcinj.com\/blog\/?s={search_term_string}\"},\"query-input\":\"required name=search_term_string\"}],\"inLanguage\":\"en-US\"},{\"@type\":\"ImageObject\",\"inLanguage\":\"en-US\",\"@id\":\"https:\/\/www.visit-ulcinj.com\/blog\/2012\/01\/20\/engel-te-avancohet-statusi-i-shqiptareve-ne-mal-te-zi\/#primaryimage\",\"url\":\"https:\/\/www.visit-ulcinj.com\/blog\/wp-content\/uploads\/2012\/01\/Eliot-Engel.jpg\",\"contentUrl\":\"https:\/\/www.visit-ulcinj.com\/blog\/wp-content\/uploads\/2012\/01\/Eliot-Engel.jpg\",\"width\":\"1000\",\"height\":\"550\"},{\"@type\":\"WebPage\",\"@id\":\"https:\/\/www.visit-ulcinj.com\/blog\/2012\/01\/20\/engel-te-avancohet-statusi-i-shqiptareve-ne-mal-te-zi\/#webpage\",\"url\":\"https:\/\/www.visit-ulcinj.com\/blog\/2012\/01\/20\/engel-te-avancohet-statusi-i-shqiptareve-ne-mal-te-zi\/\",\"name\":\"Engel: T\u00eb avancohet statusi i shqiptar\u00ebve n\u00eb Mal t\u00eb Zi - Lajme nga Ulqini\",\"isPartOf\":{\"@id\":\"https:\/\/www.visit-ulcinj.com\/blog\/#website\"},\"primaryImageOfPage\":{\"@id\":\"https:\/\/www.visit-ulcinj.com\/blog\/2012\/01\/20\/engel-te-avancohet-statusi-i-shqiptareve-ne-mal-te-zi\/#primaryimage\"},\"datePublished\":\"2012-01-20T08:47:09+00:00\",\"dateModified\":\"2012-01-20T08:47:09+00:00\",\"author\":{\"@id\":\"https:\/\/www.visit-ulcinj.com\/blog\/#\/schema\/person\/dcab619c614d3038751c63bc2aadc06d\"},\"description\":\"Intervist\u00eb e posa\u00e7me p\u00ebr gazet\u00ebn komb\u00ebtare Bota Sot, me ligjven\u00ebsin demokrat nga Nju Jorku Eliot Engel, bashk\u00ebkryetar i Grupit p\u00ebr \u00c7\u00ebshtjet Shqiptare n\u00eb\",\"breadcrumb\":{\"@id\":\"https:\/\/www.visit-ulcinj.com\/blog\/2012\/01\/20\/engel-te-avancohet-statusi-i-shqiptareve-ne-mal-te-zi\/#breadcrumb\"},\"inLanguage\":\"en-US\",\"potentialAction\":[{\"@type\":\"ReadAction\",\"target\":[\"https:\/\/www.visit-ulcinj.com\/blog\/2012\/01\/20\/engel-te-avancohet-statusi-i-shqiptareve-ne-mal-te-zi\/\"]}]},{\"@type\":\"BreadcrumbList\",\"@id\":\"https:\/\/www.visit-ulcinj.com\/blog\/2012\/01\/20\/engel-te-avancohet-statusi-i-shqiptareve-ne-mal-te-zi\/#breadcrumb\",\"itemListElement\":[{\"@type\":\"ListItem\",\"position\":1,\"name\":\"Engel: T\u00eb avancohet statusi i shqiptar\u00ebve n\u00eb Mal t\u00eb Zi\"}]},{\"@type\":\"Person\",\"@id\":\"https:\/\/www.visit-ulcinj.com\/blog\/#\/schema\/person\/dcab619c614d3038751c63bc2aadc06d\",\"name\":\"ulqini\",\"sameAs\":[\"http:\/\/www.visit-ulcinj.com\"],\"url\":\"https:\/\/www.visit-ulcinj.com\/blog\/author\/admin\/\"}]}<\/script>\n<!-- \/ Yoast SEO plugin. -->","yoast_head_json":{"title":"Engel: T\u00eb avancohet statusi i shqiptar\u00ebve n\u00eb Mal t\u00eb Zi - Lajme nga Ulqini","description":"Intervist\u00eb e posa\u00e7me p\u00ebr gazet\u00ebn komb\u00ebtare Bota Sot, me ligjven\u00ebsin demokrat nga Nju Jorku Eliot Engel, bashk\u00ebkryetar i Grupit p\u00ebr \u00c7\u00ebshtjet Shqiptare n\u00eb","robots":{"index":"index","follow":"follow","max-snippet":"max-snippet:-1","max-image-preview":"max-image-preview:large","max-video-preview":"max-video-preview:-1"},"canonical":"https:\/\/www.visit-ulcinj.com\/blog\/2012\/01\/20\/engel-te-avancohet-statusi-i-shqiptareve-ne-mal-te-zi\/","og_locale":"en_US","og_type":"article","og_title":"Engel: T\u00eb avancohet statusi i shqiptar\u00ebve n\u00eb Mal t\u00eb Zi - Lajme nga Ulqini","og_description":"Intervist\u00eb e posa\u00e7me p\u00ebr gazet\u00ebn komb\u00ebtare Bota Sot, me ligjven\u00ebsin demokrat nga Nju Jorku Eliot Engel, bashk\u00ebkryetar i Grupit p\u00ebr \u00c7\u00ebshtjet Shqiptare n\u00eb","og_url":"https:\/\/www.visit-ulcinj.com\/blog\/2012\/01\/20\/engel-te-avancohet-statusi-i-shqiptareve-ne-mal-te-zi\/","og_site_name":"Lajme nga Ulqini","article_published_time":"2012-01-20T08:47:09+00:00","og_image":[{"url":"http:\/\/www.visit-ulcinj.com\/blog\/wp-content\/uploads\/2012\/01\/Eliot-Engel.jpg"}],"twitter_misc":{"Written by":"ulqini","Est. reading time":"5 minutes"},"schema":{"@context":"https:\/\/schema.org","@graph":[{"@type":"WebSite","@id":"https:\/\/www.visit-ulcinj.com\/blog\/#website","url":"https:\/\/www.visit-ulcinj.com\/blog\/","name":"Lajme nga Ulqini","description":"Lajme,Vijesti,Ulqini,Ulqin,Crna Gora,Mali i Zi","potentialAction":[{"@type":"SearchAction","target":{"@type":"EntryPoint","urlTemplate":"https:\/\/www.visit-ulcinj.com\/blog\/?s={search_term_string}"},"query-input":"required name=search_term_string"}],"inLanguage":"en-US"},{"@type":"ImageObject","inLanguage":"en-US","@id":"https:\/\/www.visit-ulcinj.com\/blog\/2012\/01\/20\/engel-te-avancohet-statusi-i-shqiptareve-ne-mal-te-zi\/#primaryimage","url":"https:\/\/www.visit-ulcinj.com\/blog\/wp-content\/uploads\/2012\/01\/Eliot-Engel.jpg","contentUrl":"https:\/\/www.visit-ulcinj.com\/blog\/wp-content\/uploads\/2012\/01\/Eliot-Engel.jpg","width":"1000","height":"550"},{"@type":"WebPage","@id":"https:\/\/www.visit-ulcinj.com\/blog\/2012\/01\/20\/engel-te-avancohet-statusi-i-shqiptareve-ne-mal-te-zi\/#webpage","url":"https:\/\/www.visit-ulcinj.com\/blog\/2012\/01\/20\/engel-te-avancohet-statusi-i-shqiptareve-ne-mal-te-zi\/","name":"Engel: T\u00eb avancohet statusi i shqiptar\u00ebve n\u00eb Mal t\u00eb Zi - Lajme nga Ulqini","isPartOf":{"@id":"https:\/\/www.visit-ulcinj.com\/blog\/#website"},"primaryImageOfPage":{"@id":"https:\/\/www.visit-ulcinj.com\/blog\/2012\/01\/20\/engel-te-avancohet-statusi-i-shqiptareve-ne-mal-te-zi\/#primaryimage"},"datePublished":"2012-01-20T08:47:09+00:00","dateModified":"2012-01-20T08:47:09+00:00","author":{"@id":"https:\/\/www.visit-ulcinj.com\/blog\/#\/schema\/person\/dcab619c614d3038751c63bc2aadc06d"},"description":"Intervist\u00eb e posa\u00e7me p\u00ebr gazet\u00ebn komb\u00ebtare Bota Sot, me ligjven\u00ebsin demokrat nga Nju Jorku Eliot Engel, bashk\u00ebkryetar i Grupit p\u00ebr \u00c7\u00ebshtjet Shqiptare n\u00eb","breadcrumb":{"@id":"https:\/\/www.visit-ulcinj.com\/blog\/2012\/01\/20\/engel-te-avancohet-statusi-i-shqiptareve-ne-mal-te-zi\/#breadcrumb"},"inLanguage":"en-US","potentialAction":[{"@type":"ReadAction","target":["https:\/\/www.visit-ulcinj.com\/blog\/2012\/01\/20\/engel-te-avancohet-statusi-i-shqiptareve-ne-mal-te-zi\/"]}]},{"@type":"BreadcrumbList","@id":"https:\/\/www.visit-ulcinj.com\/blog\/2012\/01\/20\/engel-te-avancohet-statusi-i-shqiptareve-ne-mal-te-zi\/#breadcrumb","itemListElement":[{"@type":"ListItem","position":1,"name":"Engel: T\u00eb avancohet statusi i shqiptar\u00ebve n\u00eb Mal t\u00eb Zi"}]},{"@type":"Person","@id":"https:\/\/www.visit-ulcinj.com\/blog\/#\/schema\/person\/dcab619c614d3038751c63bc2aadc06d","name":"ulqini","sameAs":["http:\/\/www.visit-ulcinj.com"],"url":"https:\/\/www.visit-ulcinj.com\/blog\/author\/admin\/"}]}},"jetpack_featured_media_url":"","jetpack_sharing_enabled":true,"jetpack_shortlink":"https:\/\/wp.me\/pe6lTn-eBF","_links":{"self":[{"href":"https:\/\/www.visit-ulcinj.com\/blog\/wp-json\/wp\/v2\/posts\/56151"}],"collection":[{"href":"https:\/\/www.visit-ulcinj.com\/blog\/wp-json\/wp\/v2\/posts"}],"about":[{"href":"https:\/\/www.visit-ulcinj.com\/blog\/wp-json\/wp\/v2\/types\/post"}],"author":[{"embeddable":true,"href":"https:\/\/www.visit-ulcinj.com\/blog\/wp-json\/wp\/v2\/users\/1"}],"replies":[{"embeddable":true,"href":"https:\/\/www.visit-ulcinj.com\/blog\/wp-json\/wp\/v2\/comments?post=56151"}],"version-history":[{"count":1,"href":"https:\/\/www.visit-ulcinj.com\/blog\/wp-json\/wp\/v2\/posts\/56151\/revisions"}],"predecessor-version":[{"id":56153,"href":"https:\/\/www.visit-ulcinj.com\/blog\/wp-json\/wp\/v2\/posts\/56151\/revisions\/56153"}],"wp:attachment":[{"href":"https:\/\/www.visit-ulcinj.com\/blog\/wp-json\/wp\/v2\/media?parent=56151"}],"wp:term":[{"taxonomy":"category","embeddable":true,"href":"https:\/\/www.visit-ulcinj.com\/blog\/wp-json\/wp\/v2\/categories?post=56151"},{"taxonomy":"post_tag","embeddable":true,"href":"https:\/\/www.visit-ulcinj.com\/blog\/wp-json\/wp\/v2\/tags?post=56151"}],"curies":[{"name":"wp","href":"https:\/\/api.w.org\/{rel}","templated":true}]}}