{"id":56154,"date":"2012-01-20T10:28:01","date_gmt":"2012-01-20T09:28:01","guid":{"rendered":"http:\/\/www.visit-ulcinj.com\/blog\/?p=56154"},"modified":"2012-01-21T13:00:36","modified_gmt":"2012-01-21T12:00:36","slug":"sinishtajzenka-dhe-nimanbegu-njezeri-per-simbolet-kombetare","status":"publish","type":"post","link":"https:\/\/www.visit-ulcinj.com\/blog\/2012\/01\/20\/sinishtajzenka-dhe-nimanbegu-njezeri-per-simbolet-kombetare\/","title":{"rendered":"Sinishtaj,Zenka dhe Nimanbegu nj\u00ebz\u00ebri p\u00ebr simbolet komb\u00ebtare"},"content":{"rendered":"<p><strong><a href=\"http:\/\/www.visit-ulcinj.com\/blog\/wp-content\/uploads\/2012\/01\/Genci-Nimanbegu-Vasel-Sinishtaj-Mehmet-Zenka-Flamuri-Shqiptar.jpg\"><img loading=\"lazy\" class=\"alignleft  wp-image-56156\" title=\"Genci Nimanbegu-Vasel Sinishtaj-Mehmet Zenka-Flamuri Shqiptar\" src=\"http:\/\/www.visit-ulcinj.com\/blog\/wp-content\/uploads\/2012\/01\/Genci-Nimanbegu-Vasel-Sinishtaj-Mehmet-Zenka-Flamuri-Shqiptar.jpg\" alt=\"\" width=\"508\" height=\"400\" \/><\/a>P\u00ebr shqiptar\u00ebt i pranuesh\u00ebm \u00ebsht\u00eb vet\u00ebm flamuri i Tiran\u00ebs zyrtare, shkruan gazeta Dan.<\/strong><\/p>\n<p><strong>P\u00ebrfaq\u00ebsuesit e partive shqiptare jan\u00eb shpreh\u00eb se simboli i tyre komb\u00ebtar\u00eb \u00ebsht\u00eb Flamuri Shqiptar, me fush\u00eb t\u00eb kuqe dhe me shqiponj\u00eb dykrenare t\u00eb zez\u00eb n\u00eb mes. <\/strong><\/p>\n<p>Deputeti i UDSH-s\u00eb Mehmet Zenka deklaroi se simboli \u00ebsht\u00eb i definuar qart\u00eb dhe shtoi se flamuri shqiptar\u00eb \u00ebsht\u00eb krijuar para shtetit shqiptar.<br \/>\n\u201cShqiptar\u00ebt nuk kan\u00eb nevoj\u00eb t\u00eb definojn\u00eb simbolin e tyre pasi ai \u00ebsht\u00eb p\u00ebrcaktuar shekuj m\u00eb par\u00eb, e kjo \u00ebsht\u00eb shqiponja e zez\u00eb dykrenare me fush\u00eb t\u00eb kuqe\u201d,\u00a0 tha Zenka.<\/p>\n<p>Neni 23, ligji i diskutuesh\u00ebm mbi rendin dhe qet\u00ebsin\u00eb publike, p\u00ebr pakicat n\u00eb Mal t\u00eb Zi lejon p\u00ebrdorimin e simboleve komb\u00ebtare mbasi ata ti p\u00ebrcaktojn\u00eb ato, por nj\u00ebkoh\u00ebsisht i nj\u00ebjti ligj n\u00eb Mal t\u00eb Zi ndalon paraqitjen e flamujve, stemave dhe simboleve shtet\u00ebrore t\u00eb vendeve t\u00eb tjera.<\/p>\n<p>Deputeti Vasel Sinishtaj tha se i takon K\u00ebshillit Nacional Shqiptar\u00eb n\u00eb MZ, t\u00eb cil\u00ebt jan\u00eb mbi \u00e7do parti politike, t\u00eb deklarohen se cili \u00ebsht\u00eb simboli komb\u00ebtar\u00eb.<br \/>\n\u201cTek ne nuk \u00ebsht\u00eb e nj\u00ebjta situat\u00eb si te popujt tjer\u00eb, ne kemi nj\u00eb gjuh\u00eb, nj\u00eb alfabet dhe nj\u00eb flamur.<br \/>\nKurr\u00eb nuk kisha dilem\u00eb n\u00eb lidhje me simbolet komb\u00ebtare\u201d, tha Sinishtaj.<br \/>\nT\u00eb nj\u00ebjtin m\u00ebndim ka edhe deputeti i Forc\u00ebs, Genci Nimanbegu i cili tha se simboli komb\u00ebtar\u00eb i shqiptar\u00ebve \u00ebsht\u00eb i nj\u00ebjte n\u00eb t\u00eb gjitha territoret ku jetojn\u00eb shqiptar\u00ebt. \/<strong>Malesia.Org<\/strong>\/<\/p>\n<!--YouTube Error: bad URL entered-->\n<p>&nbsp;<\/p>\n","protected":false},"excerpt":{"rendered":"<p>P\u00ebr shqiptar\u00ebt i pranuesh\u00ebm \u00ebsht\u00eb vet\u00ebm flamuri i Tiran\u00ebs zyrtare, shkruan gazeta Dan. P\u00ebrfaq\u00ebsuesit e partive shqiptare jan\u00eb shpreh\u00eb se simboli i tyre komb\u00ebtar\u00eb \u00ebsht\u00eb Flamuri Shqiptar, me fush\u00eb t\u00eb kuqe dhe me shqiponj\u00eb dykrenare t\u00eb zez\u00eb n\u00eb mes. Deputeti i UDSH-s\u00eb Mehmet Zenka deklaroi se simboli \u00ebsht\u00eb i definuar qart\u00eb dhe shtoi se flamuri [&hellip;]<\/p>\n","protected":false},"author":1,"featured_media":0,"comment_status":"open","ping_status":"closed","sticky":false,"template":"","format":"standard","meta":{"spay_email":"","jetpack_publicize_message":"","jetpack_is_tweetstorm":false,"jetpack_publicize_feature_enabled":true},"categories":[6],"tags":[12865,19887,200,18],"jetpack_publicize_connections":[],"yoast_head":"<!-- This site is optimized with the Yoast SEO plugin v19.1 - https:\/\/yoast.com\/wordpress\/plugins\/seo\/ -->\n<title>Sinishtaj,Zenka dhe Nimanbegu nj\u00ebz\u00ebri p\u00ebr simbolet komb\u00ebtare - Lajme nga Ulqini<\/title>\n<meta name=\"description\" content=\"P\u00ebr shqiptar\u00ebt i pranuesh\u00ebm \u00ebsht\u00eb vet\u00ebm flamuri i Tiran\u00ebs zyrtare, shkruan gazeta Dan. P\u00ebrfaq\u00ebsuesit e partive shqiptare jan\u00eb shpreh\u00eb se simboli i tyre\" \/>\n<meta name=\"robots\" content=\"index, follow, max-snippet:-1, max-image-preview:large, max-video-preview:-1\" \/>\n<link rel=\"canonical\" href=\"https:\/\/www.visit-ulcinj.com\/blog\/2012\/01\/20\/sinishtajzenka-dhe-nimanbegu-njezeri-per-simbolet-kombetare\/\" \/>\n<meta property=\"og:locale\" content=\"en_US\" \/>\n<meta property=\"og:type\" content=\"article\" \/>\n<meta property=\"og:title\" content=\"Sinishtaj,Zenka dhe Nimanbegu nj\u00ebz\u00ebri p\u00ebr simbolet komb\u00ebtare - Lajme nga Ulqini\" \/>\n<meta property=\"og:description\" content=\"P\u00ebr shqiptar\u00ebt i pranuesh\u00ebm \u00ebsht\u00eb vet\u00ebm flamuri i Tiran\u00ebs zyrtare, shkruan gazeta Dan. P\u00ebrfaq\u00ebsuesit e partive shqiptare jan\u00eb shpreh\u00eb se simboli i tyre\" \/>\n<meta property=\"og:url\" content=\"https:\/\/www.visit-ulcinj.com\/blog\/2012\/01\/20\/sinishtajzenka-dhe-nimanbegu-njezeri-per-simbolet-kombetare\/\" \/>\n<meta property=\"og:site_name\" content=\"Lajme nga Ulqini\" \/>\n<meta property=\"article:published_time\" content=\"2012-01-20T09:28:01+00:00\" \/>\n<meta property=\"article:modified_time\" content=\"2012-01-21T12:00:36+00:00\" \/>\n<meta property=\"og:image\" content=\"http:\/\/www.visit-ulcinj.com\/blog\/wp-content\/uploads\/2012\/01\/Genci-Nimanbegu-Vasel-Sinishtaj-Mehmet-Zenka-Flamuri-Shqiptar.jpg\" \/>\n<meta name=\"twitter:label1\" content=\"Written by\" \/>\n\t<meta name=\"twitter:data1\" content=\"ulqini\" \/>\n\t<meta name=\"twitter:label2\" content=\"Est. reading time\" \/>\n\t<meta name=\"twitter:data2\" content=\"1 minute\" \/>\n<script type=\"application\/ld+json\" class=\"yoast-schema-graph\">{\"@context\":\"https:\/\/schema.org\",\"@graph\":[{\"@type\":\"WebSite\",\"@id\":\"https:\/\/www.visit-ulcinj.com\/blog\/#website\",\"url\":\"https:\/\/www.visit-ulcinj.com\/blog\/\",\"name\":\"Lajme nga Ulqini\",\"description\":\"Lajme,Vijesti,Ulqini,Ulqin,Crna Gora,Mali i Zi\",\"potentialAction\":[{\"@type\":\"SearchAction\",\"target\":{\"@type\":\"EntryPoint\",\"urlTemplate\":\"https:\/\/www.visit-ulcinj.com\/blog\/?s={search_term_string}\"},\"query-input\":\"required name=search_term_string\"}],\"inLanguage\":\"en-US\"},{\"@type\":\"ImageObject\",\"inLanguage\":\"en-US\",\"@id\":\"https:\/\/www.visit-ulcinj.com\/blog\/2012\/01\/20\/sinishtajzenka-dhe-nimanbegu-njezeri-per-simbolet-kombetare\/#primaryimage\",\"url\":\"https:\/\/www.visit-ulcinj.com\/blog\/wp-content\/uploads\/2012\/01\/Genci-Nimanbegu-Vasel-Sinishtaj-Mehmet-Zenka-Flamuri-Shqiptar.jpg\",\"contentUrl\":\"https:\/\/www.visit-ulcinj.com\/blog\/wp-content\/uploads\/2012\/01\/Genci-Nimanbegu-Vasel-Sinishtaj-Mehmet-Zenka-Flamuri-Shqiptar.jpg\",\"width\":\"538\",\"height\":\"521\"},{\"@type\":\"WebPage\",\"@id\":\"https:\/\/www.visit-ulcinj.com\/blog\/2012\/01\/20\/sinishtajzenka-dhe-nimanbegu-njezeri-per-simbolet-kombetare\/#webpage\",\"url\":\"https:\/\/www.visit-ulcinj.com\/blog\/2012\/01\/20\/sinishtajzenka-dhe-nimanbegu-njezeri-per-simbolet-kombetare\/\",\"name\":\"Sinishtaj,Zenka dhe Nimanbegu nj\u00ebz\u00ebri p\u00ebr simbolet komb\u00ebtare - Lajme nga Ulqini\",\"isPartOf\":{\"@id\":\"https:\/\/www.visit-ulcinj.com\/blog\/#website\"},\"primaryImageOfPage\":{\"@id\":\"https:\/\/www.visit-ulcinj.com\/blog\/2012\/01\/20\/sinishtajzenka-dhe-nimanbegu-njezeri-per-simbolet-kombetare\/#primaryimage\"},\"datePublished\":\"2012-01-20T09:28:01+00:00\",\"dateModified\":\"2012-01-21T12:00:36+00:00\",\"author\":{\"@id\":\"https:\/\/www.visit-ulcinj.com\/blog\/#\/schema\/person\/dcab619c614d3038751c63bc2aadc06d\"},\"description\":\"P\u00ebr shqiptar\u00ebt i pranuesh\u00ebm \u00ebsht\u00eb vet\u00ebm flamuri i Tiran\u00ebs zyrtare, shkruan gazeta Dan. P\u00ebrfaq\u00ebsuesit e partive shqiptare jan\u00eb shpreh\u00eb se simboli i tyre\",\"breadcrumb\":{\"@id\":\"https:\/\/www.visit-ulcinj.com\/blog\/2012\/01\/20\/sinishtajzenka-dhe-nimanbegu-njezeri-per-simbolet-kombetare\/#breadcrumb\"},\"inLanguage\":\"en-US\",\"potentialAction\":[{\"@type\":\"ReadAction\",\"target\":[\"https:\/\/www.visit-ulcinj.com\/blog\/2012\/01\/20\/sinishtajzenka-dhe-nimanbegu-njezeri-per-simbolet-kombetare\/\"]}]},{\"@type\":\"BreadcrumbList\",\"@id\":\"https:\/\/www.visit-ulcinj.com\/blog\/2012\/01\/20\/sinishtajzenka-dhe-nimanbegu-njezeri-per-simbolet-kombetare\/#breadcrumb\",\"itemListElement\":[{\"@type\":\"ListItem\",\"position\":1,\"name\":\"Sinishtaj,Zenka dhe Nimanbegu nj\u00ebz\u00ebri p\u00ebr simbolet komb\u00ebtare\"}]},{\"@type\":\"Person\",\"@id\":\"https:\/\/www.visit-ulcinj.com\/blog\/#\/schema\/person\/dcab619c614d3038751c63bc2aadc06d\",\"name\":\"ulqini\",\"sameAs\":[\"http:\/\/www.visit-ulcinj.com\"],\"url\":\"https:\/\/www.visit-ulcinj.com\/blog\/author\/admin\/\"}]}<\/script>\n<!-- \/ Yoast SEO plugin. -->","yoast_head_json":{"title":"Sinishtaj,Zenka dhe Nimanbegu nj\u00ebz\u00ebri p\u00ebr simbolet komb\u00ebtare - Lajme nga Ulqini","description":"P\u00ebr shqiptar\u00ebt i pranuesh\u00ebm \u00ebsht\u00eb vet\u00ebm flamuri i Tiran\u00ebs zyrtare, shkruan gazeta Dan. P\u00ebrfaq\u00ebsuesit e partive shqiptare jan\u00eb shpreh\u00eb se simboli i tyre","robots":{"index":"index","follow":"follow","max-snippet":"max-snippet:-1","max-image-preview":"max-image-preview:large","max-video-preview":"max-video-preview:-1"},"canonical":"https:\/\/www.visit-ulcinj.com\/blog\/2012\/01\/20\/sinishtajzenka-dhe-nimanbegu-njezeri-per-simbolet-kombetare\/","og_locale":"en_US","og_type":"article","og_title":"Sinishtaj,Zenka dhe Nimanbegu nj\u00ebz\u00ebri p\u00ebr simbolet komb\u00ebtare - Lajme nga Ulqini","og_description":"P\u00ebr shqiptar\u00ebt i pranuesh\u00ebm \u00ebsht\u00eb vet\u00ebm flamuri i Tiran\u00ebs zyrtare, shkruan gazeta Dan. P\u00ebrfaq\u00ebsuesit e partive shqiptare jan\u00eb shpreh\u00eb se simboli i tyre","og_url":"https:\/\/www.visit-ulcinj.com\/blog\/2012\/01\/20\/sinishtajzenka-dhe-nimanbegu-njezeri-per-simbolet-kombetare\/","og_site_name":"Lajme nga Ulqini","article_published_time":"2012-01-20T09:28:01+00:00","article_modified_time":"2012-01-21T12:00:36+00:00","og_image":[{"url":"http:\/\/www.visit-ulcinj.com\/blog\/wp-content\/uploads\/2012\/01\/Genci-Nimanbegu-Vasel-Sinishtaj-Mehmet-Zenka-Flamuri-Shqiptar.jpg"}],"twitter_misc":{"Written by":"ulqini","Est. reading time":"1 minute"},"schema":{"@context":"https:\/\/schema.org","@graph":[{"@type":"WebSite","@id":"https:\/\/www.visit-ulcinj.com\/blog\/#website","url":"https:\/\/www.visit-ulcinj.com\/blog\/","name":"Lajme nga Ulqini","description":"Lajme,Vijesti,Ulqini,Ulqin,Crna Gora,Mali i Zi","potentialAction":[{"@type":"SearchAction","target":{"@type":"EntryPoint","urlTemplate":"https:\/\/www.visit-ulcinj.com\/blog\/?s={search_term_string}"},"query-input":"required name=search_term_string"}],"inLanguage":"en-US"},{"@type":"ImageObject","inLanguage":"en-US","@id":"https:\/\/www.visit-ulcinj.com\/blog\/2012\/01\/20\/sinishtajzenka-dhe-nimanbegu-njezeri-per-simbolet-kombetare\/#primaryimage","url":"https:\/\/www.visit-ulcinj.com\/blog\/wp-content\/uploads\/2012\/01\/Genci-Nimanbegu-Vasel-Sinishtaj-Mehmet-Zenka-Flamuri-Shqiptar.jpg","contentUrl":"https:\/\/www.visit-ulcinj.com\/blog\/wp-content\/uploads\/2012\/01\/Genci-Nimanbegu-Vasel-Sinishtaj-Mehmet-Zenka-Flamuri-Shqiptar.jpg","width":"538","height":"521"},{"@type":"WebPage","@id":"https:\/\/www.visit-ulcinj.com\/blog\/2012\/01\/20\/sinishtajzenka-dhe-nimanbegu-njezeri-per-simbolet-kombetare\/#webpage","url":"https:\/\/www.visit-ulcinj.com\/blog\/2012\/01\/20\/sinishtajzenka-dhe-nimanbegu-njezeri-per-simbolet-kombetare\/","name":"Sinishtaj,Zenka dhe Nimanbegu nj\u00ebz\u00ebri p\u00ebr simbolet komb\u00ebtare - Lajme nga Ulqini","isPartOf":{"@id":"https:\/\/www.visit-ulcinj.com\/blog\/#website"},"primaryImageOfPage":{"@id":"https:\/\/www.visit-ulcinj.com\/blog\/2012\/01\/20\/sinishtajzenka-dhe-nimanbegu-njezeri-per-simbolet-kombetare\/#primaryimage"},"datePublished":"2012-01-20T09:28:01+00:00","dateModified":"2012-01-21T12:00:36+00:00","author":{"@id":"https:\/\/www.visit-ulcinj.com\/blog\/#\/schema\/person\/dcab619c614d3038751c63bc2aadc06d"},"description":"P\u00ebr shqiptar\u00ebt i pranuesh\u00ebm \u00ebsht\u00eb vet\u00ebm flamuri i Tiran\u00ebs zyrtare, shkruan gazeta Dan. P\u00ebrfaq\u00ebsuesit e partive shqiptare jan\u00eb shpreh\u00eb se simboli i tyre","breadcrumb":{"@id":"https:\/\/www.visit-ulcinj.com\/blog\/2012\/01\/20\/sinishtajzenka-dhe-nimanbegu-njezeri-per-simbolet-kombetare\/#breadcrumb"},"inLanguage":"en-US","potentialAction":[{"@type":"ReadAction","target":["https:\/\/www.visit-ulcinj.com\/blog\/2012\/01\/20\/sinishtajzenka-dhe-nimanbegu-njezeri-per-simbolet-kombetare\/"]}]},{"@type":"BreadcrumbList","@id":"https:\/\/www.visit-ulcinj.com\/blog\/2012\/01\/20\/sinishtajzenka-dhe-nimanbegu-njezeri-per-simbolet-kombetare\/#breadcrumb","itemListElement":[{"@type":"ListItem","position":1,"name":"Sinishtaj,Zenka dhe Nimanbegu nj\u00ebz\u00ebri p\u00ebr simbolet komb\u00ebtare"}]},{"@type":"Person","@id":"https:\/\/www.visit-ulcinj.com\/blog\/#\/schema\/person\/dcab619c614d3038751c63bc2aadc06d","name":"ulqini","sameAs":["http:\/\/www.visit-ulcinj.com"],"url":"https:\/\/www.visit-ulcinj.com\/blog\/author\/admin\/"}]}},"jetpack_featured_media_url":"","jetpack_sharing_enabled":true,"jetpack_shortlink":"https:\/\/wp.me\/pe6lTn-eBI","_links":{"self":[{"href":"https:\/\/www.visit-ulcinj.com\/blog\/wp-json\/wp\/v2\/posts\/56154"}],"collection":[{"href":"https:\/\/www.visit-ulcinj.com\/blog\/wp-json\/wp\/v2\/posts"}],"about":[{"href":"https:\/\/www.visit-ulcinj.com\/blog\/wp-json\/wp\/v2\/types\/post"}],"author":[{"embeddable":true,"href":"https:\/\/www.visit-ulcinj.com\/blog\/wp-json\/wp\/v2\/users\/1"}],"replies":[{"embeddable":true,"href":"https:\/\/www.visit-ulcinj.com\/blog\/wp-json\/wp\/v2\/comments?post=56154"}],"version-history":[{"count":8,"href":"https:\/\/www.visit-ulcinj.com\/blog\/wp-json\/wp\/v2\/posts\/56154\/revisions"}],"predecessor-version":[{"id":56205,"href":"https:\/\/www.visit-ulcinj.com\/blog\/wp-json\/wp\/v2\/posts\/56154\/revisions\/56205"}],"wp:attachment":[{"href":"https:\/\/www.visit-ulcinj.com\/blog\/wp-json\/wp\/v2\/media?parent=56154"}],"wp:term":[{"taxonomy":"category","embeddable":true,"href":"https:\/\/www.visit-ulcinj.com\/blog\/wp-json\/wp\/v2\/categories?post=56154"},{"taxonomy":"post_tag","embeddable":true,"href":"https:\/\/www.visit-ulcinj.com\/blog\/wp-json\/wp\/v2\/tags?post=56154"}],"curies":[{"name":"wp","href":"https:\/\/api.w.org\/{rel}","templated":true}]}}