{"id":56164,"date":"2012-01-20T15:00:04","date_gmt":"2012-01-20T14:00:04","guid":{"rendered":"http:\/\/www.visit-ulcinj.com\/blog\/?p=56164"},"modified":"2012-01-20T15:05:00","modified_gmt":"2012-01-20T14:05:00","slug":"ne-themelet-e-qyteterimit-ilir-mbi-te-kaluaren-e-ulqinit-1-video","status":"publish","type":"post","link":"https:\/\/www.visit-ulcinj.com\/blog\/2012\/01\/20\/ne-themelet-e-qyteterimit-ilir-mbi-te-kaluaren-e-ulqinit-1-video\/","title":{"rendered":"N\u00eb themelet e qytet\u00ebrimit ilir &#8211; Mbi t\u00eb kaluar\u00ebn e Ulqinit (1) &#8211; Video"},"content":{"rendered":"<p><strong><a href=\"http:\/\/www.visit-ulcinj.com\/blog\/wp-content\/uploads\/2012\/01\/Centre-for-Culture-Ulcinj-Homeland-Museum-Montenegro-2.jpg\"><img loading=\"lazy\" class=\"alignleft  wp-image-56165\" title=\"Centre for Culture Ulcinj - Homeland Museum Montenegro (2)\" src=\"http:\/\/www.visit-ulcinj.com\/blog\/wp-content\/uploads\/2012\/01\/Centre-for-Culture-Ulcinj-Homeland-Museum-Montenegro-2.jpg\" alt=\"\" width=\"508\" height=\"377\" \/><\/a>Prof. Dr. Ruzhdi Ushaku<\/strong><br \/>\nTreva e Ulqinit d\u00ebshmohet si vendbanim q\u00eb nga periudha parahistorike. N\u00eb t\u00eb ndeshen gjurm\u00ebt e jet\u00ebs dhe t\u00eb vendbanimeve ilire q\u00eb nga epoka e bronzit, si\u00e7 jan\u00eb dyshemet\u00eb e dheut, tumullat dhe s\u00ebpatat e ashtuquajtura t\u00eb tipit shkodran-dalmatin.<br \/>\n<a href=\"http:\/\/www.visit-ulcinj.com\/blog\/wp-content\/uploads\/2012\/01\/Centre-for-Culture-Ulcinj-Homeland-Museum-Montenegro.1.jpg\"><img loading=\"lazy\" class=\"alignleft size-full wp-image-56166\" title=\"Centre for Culture Ulcinj - Homeland Museum Montenegro.1\" src=\"http:\/\/www.visit-ulcinj.com\/blog\/wp-content\/uploads\/2012\/01\/Centre-for-Culture-Ulcinj-Homeland-Museum-Montenegro.1.jpg\" alt=\"\" width=\"508\" height=\"300\" \/><\/a><br \/>\nT\u00eb dh\u00ebnat arkeologjike dhe historiografike mbi Ulqinin po ashtu flasin qart\u00eb se historia m\u00eb e lasht\u00eb e k\u00ebtij qyteti mij\u00ebravje\u00e7ar z\u00eb rr\u00ebnj\u00eb n\u00eb truallin dhe qytet\u00ebrimin ilir, dhe si i till\u00eb ky \u00ebsht\u00eb nj\u00ebri nd\u00ebr qytetet m\u00eb t\u00eb vjetra dhe m\u00eb interesant t\u00eb Adriatikut q\u00eb zhvillimin m\u00eb t\u00eb lart\u00eb e arriti n\u00eb koh\u00ebn e lul\u00ebzimit t\u00eb Mbret\u00ebris\u00eb s\u00eb Ilir\u00ebve.<\/p>\n<p>N\u00eb rrug\u00ebtimin e jet\u00ebs urbane mbi dymij\u00ebvje\u00e7are, jan\u00eb nd\u00ebrruar stin\u00eb e mote t\u00eb panum\u00ebrta, t\u00eb shoq\u00ebruara me bukuri josh\u00ebse t\u00eb \u201ckoh\u00ebve t\u00eb arta legjendare\u201d, por edhe me furtuna dhe rrebeshe t\u00eb koh\u00eb pas kohshme q\u00eb kan\u00eb kanosur ekzistenc\u00ebn dhe jet\u00ebn e k\u00ebtij qyteti.<br \/>\n<a href=\"http:\/\/www.visit-ulcinj.com\/blog\/wp-content\/uploads\/2012\/01\/Centre-for-Culture-Ulcinj-Homeland-Museum-Montenegro.5.jpg\"><img loading=\"lazy\" class=\"alignleft size-full wp-image-56167\" title=\"Centre for Culture Ulcinj - Homeland Museum Montenegro.5\" src=\"http:\/\/www.visit-ulcinj.com\/blog\/wp-content\/uploads\/2012\/01\/Centre-for-Culture-Ulcinj-Homeland-Museum-Montenegro.5.jpg\" alt=\"\" width=\"508\" height=\"300\" \/><\/a><br \/>\nJeta e qyteteve \u00ebsht\u00eb sikur ajo e njeriut: ata lindin, p\u00ebrkat\u00ebsisht rilindin pareshtur mbi themelet pararend\u00ebse, jetojn\u00eb dhe vdesin. Por Ulqini ka di\u00e7ka t\u00eb ve\u00e7ant\u00eb, sepse n\u00eb damar\u00ebt e tij rrodhi nj\u00eb \u201cperpetuum mobile\u201d e jet\u00ebs, q\u00eb e ndihmoi t\u2019i p\u00ebrballonte sulmet, shkat\u00ebrrimet e djegiet, duke u ngritur e rritur gjithnj\u00eb mbi themelet m\u00eb t\u00eb forta t\u00eb \u201cmureve ilire\u201d, t\u00eb quajtura edhe \u201cpellazge\u201d apo \u201cqiklopike\u201d. N\u00eb rrjedh\u00ebn e koh\u00ebs, n\u00ebp\u00ebr k\u00ebt\u00eb truall jan\u00eb p\u00ebrshkuar kultura t\u00eb ndryshme dhe kan\u00eb parakaluar pushtues t\u00eb ndrysh\u00ebm t\u00eb cil\u00ebt kan\u00eb l\u00ebn\u00eb gjurm\u00ebt e tyre t\u00eb dukshme n\u00eb fush\u00ebn e arkeologjis\u00eb, historiografis\u00eb, arkitektur\u00ebs, artit figurativ e onomastik\u00ebs.<br \/>\n<a href=\"http:\/\/www.visit-ulcinj.com\/blog\/wp-content\/uploads\/2012\/01\/Centre-for-Culture-Ulcinj-Homeland-Museum-Montenegro.4.jpg\"><img loading=\"lazy\" class=\"alignleft size-full wp-image-56168\" title=\"Centre for Culture Ulcinj - Homeland Museum Montenegro.4\" src=\"http:\/\/www.visit-ulcinj.com\/blog\/wp-content\/uploads\/2012\/01\/Centre-for-Culture-Ulcinj-Homeland-Museum-Montenegro.4.jpg\" alt=\"\" width=\"508\" height=\"300\" \/><\/a><br \/>\n<strong>Gjurm\u00ebt e Ulqinit antik<\/strong><br \/>\nN\u00eb tradit\u00ebn gojore t\u00eb banor\u00ebve t\u00eb k\u00ebsaj ane qarkullon shpesh goj\u00ebdh\u00ebna p\u00ebr t\u00eb ashtuquajturin Ulqini i Vjet\u00ebr me lokalizim tek Ada e Krru\u00e7it, e cila gjendet mes Tivarit e Ulqinit. \u00c7\u2019\u00ebsht\u00eb e v\u00ebrteta, k\u00ebrkimet arkeologjike t\u00eb gjertanishme d\u00ebshmojn\u00eb se n\u00eb k\u00ebt\u00eb lokalitet ka edhe ndonj\u00eb gjurm\u00eb jete nga antika dhe mesjeta, por jo t\u00eb asaj natyre e lasht\u00ebsie si\u00e7 ndeshen n\u00eb lokalitetin e Kalas\u00eb s\u00eb Ulqinit. I ashtuquajturi Ulqini i Vjet\u00ebr p\u00ebr her\u00eb t\u00eb par\u00eb p\u00ebrmendet n\u00eb nj\u00eb dokument t\u00eb shkruar n\u00eb vitin 1376, p\u00ebr \u00e7ka do t\u00ebb\u00ebhet fjal\u00eb n\u00eb vazhdim.<\/p>\n<p>Kur shtrohet \u00e7\u00ebshtja e identifikimit t\u00eb Ulqinit antik si lokalitet me nj\u00eb zhvillim t\u00eb vazhduesh\u00ebm t\u00eb jet\u00ebs urbane deri n\u00eb dit\u00ebt e sotme, duhet pasur parasysh pozit\u00ebn gjeografike-strategjike p\u00ebr jet\u00eb e ekzistenc\u00eb buz\u00eb detit, si dhe p\u00ebr mbrojtje nga deti e toka, q\u00eb duhet t\u00eb ken\u00eb qen\u00eb kushte kryesore p\u00ebr ngritjen e themeleve t\u00eb para t\u00eb nj\u00eb qyteti t\u00eb till\u00eb. P\u00ebr m\u00eb tep\u00ebr, edhe rrethina, si faktor ekonomik, duhet t\u00eb jet\u00eb e volitshme p\u00ebr sigurimin e jet\u00ebs s\u00eb vazhdueshme t\u00eb qytetit.<br \/>\n<a href=\"http:\/\/www.visit-ulcinj.com\/blog\/wp-content\/uploads\/2012\/01\/Centre-for-Culture-Ulcinj-Homeland-Museum-Montenegro.3.jpg\"><img loading=\"lazy\" class=\"alignleft size-full wp-image-56169\" title=\"Centre for Culture Ulcinj - Homeland Museum Montenegro.3\" src=\"http:\/\/www.visit-ulcinj.com\/blog\/wp-content\/uploads\/2012\/01\/Centre-for-Culture-Ulcinj-Homeland-Museum-Montenegro.3.jpg\" alt=\"\" width=\"508\" height=\"300\" \/><\/a><br \/>\n<strong>Prej gjurm\u00ebve mitike drejt atyre historike<\/strong><br \/>\nNj\u00eb sundimtari t\u00eb vjet\u00ebr, prij\u00ebsi t\u00eb ndonj\u00eb fisi, mbase ndonj\u00eb st\u00ebrnipi t\u00eb \u201cfisit t\u00eb feak\u00ebve ilir\u00eb\u201d, t\u00eb cil\u00ebt u p\u00ebrjet\u00ebsuan n\u00eb vargjet e Odises\u00eb s\u00eb Homerit, i lindi ideja dhe d\u00ebshira, q\u00eb n\u00eb platon\u00eb m\u00eb t\u00eb lart\u00eb t\u00eb gadishullit t\u2019i urdh\u00ebronte\u201cmurator\u00ebt gjigant\u00eb\u201d t\u00eb ngulnin themelet e para t\u00eb k\u00ebshtjell\u00ebs. Prej shk\u00ebmbinjve t\u00eb gadishullit u shkepen dhe u p\u00ebrpunuan blloqet e m\u00ebdhenj t\u00eb gurit vend\u00ebs ngjyr\u00eb mushk\u00ebllyer t\u00eb verdh\u00eb dhe lindi b\u00ebrthama e k\u00ebshtjell\u00ebs dhe e qytetit t\u00eb ardhsh\u00ebm, n\u00eb pozit\u00ebn e kushteve natyrore t\u00eb siguris\u00eb dhe strategjis\u00eb q\u00eb i ofronte kepi ilart\u00eb.<br \/>\n<a href=\"http:\/\/www.visit-ulcinj.com\/blog\/wp-content\/uploads\/2012\/01\/Centre-for-Culture-Ulcinj-Homeland-Museum-Montenegro.jpg\"><img loading=\"lazy\" class=\"alignleft size-full wp-image-56170\" title=\"Centre for Culture Ulcinj - Homeland Museum Montenegro\" src=\"http:\/\/www.visit-ulcinj.com\/blog\/wp-content\/uploads\/2012\/01\/Centre-for-Culture-Ulcinj-Homeland-Museum-Montenegro.jpg\" alt=\"\" width=\"508\" height=\"300\" \/><\/a><br \/>\nKoha kalonte dhe qyteti kishte nevoj\u00eb p\u00ebr mbrojt\u00ebsin e tij apo t\u00eb fisit, pra p\u00ebr nj\u00eb stem\u00eb. K\u00ebshtu do t\u00eb skalitet nj\u00eb reliev, emblem\u00eb kushtuar per\u00ebndis\u00eb vendore t\u00eb detit. U gdhend, m\u00eb heret a m\u00eb von\u00eb, n\u00eb nj\u00eb bllok guri vend\u00ebs, nga pjesa e shk\u00ebmbit ngjyr\u00eb mushk\u00ebllyer n\u00eb t\u00eb verdh\u00eb t\u00eb mbyllur, si\u00e7 ishin edhe blloqet e m\u00ebdha t\u00eb theme leve t\u00eb para.<\/p>\n<p>N\u00eb k\u00ebt\u00eb bllok guri, q\u00eb \u00ebsht\u00eb ruajtur n\u00eb ballin\u00ebn e bedenit mesjetar q\u00eb dominon mbi gjirin dhe Molin e Ulqinit, dallohet relievi me figur\u00ebn e skalitur n\u00eb m\u00ebnyr\u00eb mjaft primitive me kontura arkaike; sipas t\u00eb gjitha gjasave, paraqet per\u00ebndin\u00eb lokale t\u00eb detit, apo zotin ilir t\u00eb detit si mbrojt\u00ebs t\u00eb k\u00ebtij qyteti antik bregdetar, duke sh\u00ebrbyer edhe si vep\u00ebr kulti, p\u00ebrpara t\u00eb cil\u00ebs b\u00ebheshin ritualet dhe lutjet pagane p\u00ebr mot t\u00eb mir\u00eb e det t\u00eb qet\u00eb, peshk me boll\u00ebk dhe mbrojtje nga armiku i cili i kanosej qytetit nga deti.<\/p>\n<p>N\u00eb nd\u00ebrkoh\u00eb, lidhur me k\u00ebt\u00eb reliev, na ka r\u00ebn\u00eb n\u00eb dor\u00eb nj\u00eb skic\u00eb, m\u00eb shum\u00eb si grafik\u00eb e p\u00ebraf\u00ebrt sesa stampim i figur\u00ebs enigmatike t\u00eb k\u00ebtij relievi, ku figurojn\u00eb edhe monogramet .IS. dhe .L.X n\u00ebn dy k\u00ebmb\u00ebt e figur\u00ebs, me nj\u00eb tekst p\u00ebrcjell\u00ebs t\u00eb shtypur me makin\u00eb shkrimi. Sipas k\u00ebtij shkrimi, e quajtura \u201cStema e Ulqinit\u201d, duhet t\u00eb datoj\u00eb nga viti 1460, si\u00e7 thuhet, \u201cndoshta me rastin e meremetimit t\u00eb K\u00ebshtjellit nga termeku i vjetit 1444\u201d.<\/p>\n<p>Sido q\u00eb t\u00eb jet\u00eb, pozita e k\u00ebtij bllokusteme, n\u00eb vendin ku gjendet sot, p\u00ebrkon me at\u00eb q\u00eb thuhet n\u00eb at\u00eb tekst, pra \u201ce skalitur n\u00eb faqen e jashtme t\u00eb bedenit t\u00eb Kalas\u00eb, me pamje kah deti(sqela)\u201d.<br \/>\n<a href=\"http:\/\/www.visit-ulcinj.com\/blog\/wp-content\/uploads\/2012\/01\/Centre-for-Culture-Ulcinj-Homeland-Museum-Montenegro.2.jpg\"><img loading=\"lazy\" class=\"alignleft size-full wp-image-56171\" title=\"Centre for Culture Ulcinj - Homeland Museum Montenegro.2\" src=\"http:\/\/www.visit-ulcinj.com\/blog\/wp-content\/uploads\/2012\/01\/Centre-for-Culture-Ulcinj-Homeland-Museum-Montenegro.2.jpg\" alt=\"\" width=\"508\" height=\"300\" \/><\/a><br \/>\nAutori i k\u00ebsaj skice, p\u00ebrkat\u00ebsisht i k\u00ebtij teksti, si duket, l\u00eb t\u00eb kuptohet se ky bllok gjendet in situ q\u00eb ka r\u00ebnd\u00ebsi p\u00ebr ta v\u00ebn\u00eb n\u00eb krahasim me altare apo relieve t\u00eb ngjashme q\u00eb u kushtoheshin per\u00ebndive si Medaurit &#8211; hyjnis\u00eb mbrojt\u00ebse t\u00eb qytetit antik Rizon (Risani i sot\u00ebm), sikurse altaret e dedikuar Bindit te Bihaqi apo n\u00eb qytete tjera antike t\u00eb k\u00ebsaj hap\u00ebsire, monumente k\u00ebto q\u00eb zakonisht gjendeshin n\u00eb hyrje apo af\u00ebr qyteteve, n\u00ebn qiellin e hapur. Pa marr\u00eb parasysh se kur \u00ebsht\u00eb skalitur kjo \u201cstem\u00eb\u201d apo figur\u00eb, del se \u00ebsht\u00eb mjaft primitive, dhe pa dyshim simbolizon mbrojt\u00ebsin e qytetit, pra nj\u00eb per\u00ebndi lokale t\u00eb detit, p\u00ebrkat\u00ebsisht Bindin ilir si\u00e7 kemi cekur m\u00eb heret.<\/p>\n<p>D\u00ebshmi se kemi t\u00eb b\u00ebjm\u00eb me nj\u00eb lokalitet, kultur\u00eb shum\u00eb t\u00eb lasht\u00eb, jan\u00eb edhe disa gjetje arkeologjike nga hap\u00ebsira e Kalas\u00eb s\u00eb sotme, si\u00e7 \u00ebsht\u00eb nj\u00eb fragment n\u00eb qeramik\u00eb-plastik\u00eb,i identifikuar nga shkenca N\u00ebna e Madhe, e periudh\u00ebs protoilire, p\u00ebrkat\u00ebsisht e koh\u00ebs s\u00eb bronzit. K\u00ebsaj do t\u2019i shtonim edhe gem\u00ebn antike, po ashtu t\u00eb gjetur ne Kala, e cila vler\u00ebsohet t\u00eb datoj\u00eb nga shekujt VI-V p.e.r.<\/p>\n<p><strong>Koha Javore<\/strong><\/p>\n<p><a href=\"http:\/\/www.visit-ulcinj.com\/gallery\/main.php?g2_itemId=96&amp;g2_page=11\" target=\"_blank\"><strong>FOTOGALERIA E MUZEUT T\u00cb ULQINIT<\/strong><\/a><br \/>\n<strong> [flv]http:\/\/a14.video2.blip.tv\/10010007691031\/Cetinjanin-RTCGIliriUUlcinjuIOkolini205.flv[\/flv]<\/strong><\/p>\n","protected":false},"excerpt":{"rendered":"<p>Prof. Dr. Ruzhdi Ushaku Treva e Ulqinit d\u00ebshmohet si vendbanim q\u00eb nga periudha parahistorike. N\u00eb t\u00eb ndeshen gjurm\u00ebt e jet\u00ebs dhe t\u00eb vendbanimeve ilire q\u00eb nga epoka e bronzit, si\u00e7 jan\u00eb dyshemet\u00eb e dheut, tumullat dhe s\u00ebpatat e ashtuquajtura t\u00eb tipit shkodran-dalmatin. T\u00eb dh\u00ebnat arkeologjike dhe historiografike mbi Ulqinin po ashtu flasin qart\u00eb se historia [&hellip;]<\/p>\n","protected":false},"author":1,"featured_media":0,"comment_status":"open","ping_status":"closed","sticky":false,"template":"","format":"standard","meta":{"spay_email":"","jetpack_publicize_message":"","jetpack_is_tweetstorm":false,"jetpack_publicize_feature_enabled":true},"categories":[4],"tags":[19888,200,18],"jetpack_publicize_connections":[],"yoast_head":"<!-- This site is optimized with the Yoast SEO plugin v19.1 - https:\/\/yoast.com\/wordpress\/plugins\/seo\/ -->\n<title>N\u00eb themelet e qytet\u00ebrimit ilir - Mbi t\u00eb kaluar\u00ebn e Ulqinit (1) - Video - Lajme nga Ulqini<\/title>\n<meta name=\"description\" content=\"Prof. Dr. Ruzhdi Ushaku Treva e Ulqinit d\u00ebshmohet si vendbanim q\u00eb nga periudha parahistorike. N\u00eb t\u00eb ndeshen gjurm\u00ebt e jet\u00ebs dhe t\u00eb vendbanimeve ilire q\u00eb\" \/>\n<meta name=\"robots\" content=\"index, follow, max-snippet:-1, max-image-preview:large, max-video-preview:-1\" \/>\n<link rel=\"canonical\" href=\"https:\/\/www.visit-ulcinj.com\/blog\/2012\/01\/20\/ne-themelet-e-qyteterimit-ilir-mbi-te-kaluaren-e-ulqinit-1-video\/\" \/>\n<meta property=\"og:locale\" content=\"en_US\" \/>\n<meta property=\"og:type\" content=\"article\" \/>\n<meta property=\"og:title\" content=\"N\u00eb themelet e qytet\u00ebrimit ilir - Mbi t\u00eb kaluar\u00ebn e Ulqinit (1) - Video - Lajme nga Ulqini\" \/>\n<meta property=\"og:description\" content=\"Prof. Dr. Ruzhdi Ushaku Treva e Ulqinit d\u00ebshmohet si vendbanim q\u00eb nga periudha parahistorike. N\u00eb t\u00eb ndeshen gjurm\u00ebt e jet\u00ebs dhe t\u00eb vendbanimeve ilire q\u00eb\" \/>\n<meta property=\"og:url\" content=\"https:\/\/www.visit-ulcinj.com\/blog\/2012\/01\/20\/ne-themelet-e-qyteterimit-ilir-mbi-te-kaluaren-e-ulqinit-1-video\/\" \/>\n<meta property=\"og:site_name\" content=\"Lajme nga Ulqini\" \/>\n<meta property=\"article:published_time\" content=\"2012-01-20T14:00:04+00:00\" \/>\n<meta property=\"article:modified_time\" content=\"2012-01-20T14:05:00+00:00\" \/>\n<meta property=\"og:image\" content=\"http:\/\/www.visit-ulcinj.com\/blog\/wp-content\/uploads\/2012\/01\/Centre-for-Culture-Ulcinj-Homeland-Museum-Montenegro-2.jpg\" \/>\n<meta name=\"twitter:label1\" content=\"Written by\" \/>\n\t<meta name=\"twitter:data1\" content=\"ulqini\" \/>\n\t<meta name=\"twitter:label2\" content=\"Est. reading time\" \/>\n\t<meta name=\"twitter:data2\" content=\"6 minutes\" \/>\n<script type=\"application\/ld+json\" class=\"yoast-schema-graph\">{\"@context\":\"https:\/\/schema.org\",\"@graph\":[{\"@type\":\"WebSite\",\"@id\":\"https:\/\/www.visit-ulcinj.com\/blog\/#website\",\"url\":\"https:\/\/www.visit-ulcinj.com\/blog\/\",\"name\":\"Lajme nga Ulqini\",\"description\":\"Lajme,Vijesti,Ulqini,Ulqin,Crna Gora,Mali i Zi\",\"potentialAction\":[{\"@type\":\"SearchAction\",\"target\":{\"@type\":\"EntryPoint\",\"urlTemplate\":\"https:\/\/www.visit-ulcinj.com\/blog\/?s={search_term_string}\"},\"query-input\":\"required name=search_term_string\"}],\"inLanguage\":\"en-US\"},{\"@type\":\"ImageObject\",\"inLanguage\":\"en-US\",\"@id\":\"https:\/\/www.visit-ulcinj.com\/blog\/2012\/01\/20\/ne-themelet-e-qyteterimit-ilir-mbi-te-kaluaren-e-ulqinit-1-video\/#primaryimage\",\"url\":\"https:\/\/www.visit-ulcinj.com\/blog\/wp-content\/uploads\/2012\/01\/Centre-for-Culture-Ulcinj-Homeland-Museum-Montenegro-2.jpg\",\"contentUrl\":\"https:\/\/www.visit-ulcinj.com\/blog\/wp-content\/uploads\/2012\/01\/Centre-for-Culture-Ulcinj-Homeland-Museum-Montenegro-2.jpg\",\"width\":\"882\",\"height\":\"577\"},{\"@type\":\"WebPage\",\"@id\":\"https:\/\/www.visit-ulcinj.com\/blog\/2012\/01\/20\/ne-themelet-e-qyteterimit-ilir-mbi-te-kaluaren-e-ulqinit-1-video\/#webpage\",\"url\":\"https:\/\/www.visit-ulcinj.com\/blog\/2012\/01\/20\/ne-themelet-e-qyteterimit-ilir-mbi-te-kaluaren-e-ulqinit-1-video\/\",\"name\":\"N\u00eb themelet e qytet\u00ebrimit ilir - Mbi t\u00eb kaluar\u00ebn e Ulqinit (1) - Video - Lajme nga Ulqini\",\"isPartOf\":{\"@id\":\"https:\/\/www.visit-ulcinj.com\/blog\/#website\"},\"primaryImageOfPage\":{\"@id\":\"https:\/\/www.visit-ulcinj.com\/blog\/2012\/01\/20\/ne-themelet-e-qyteterimit-ilir-mbi-te-kaluaren-e-ulqinit-1-video\/#primaryimage\"},\"datePublished\":\"2012-01-20T14:00:04+00:00\",\"dateModified\":\"2012-01-20T14:05:00+00:00\",\"author\":{\"@id\":\"https:\/\/www.visit-ulcinj.com\/blog\/#\/schema\/person\/dcab619c614d3038751c63bc2aadc06d\"},\"description\":\"Prof. Dr. Ruzhdi Ushaku Treva e Ulqinit d\u00ebshmohet si vendbanim q\u00eb nga periudha parahistorike. N\u00eb t\u00eb ndeshen gjurm\u00ebt e jet\u00ebs dhe t\u00eb vendbanimeve ilire q\u00eb\",\"breadcrumb\":{\"@id\":\"https:\/\/www.visit-ulcinj.com\/blog\/2012\/01\/20\/ne-themelet-e-qyteterimit-ilir-mbi-te-kaluaren-e-ulqinit-1-video\/#breadcrumb\"},\"inLanguage\":\"en-US\",\"potentialAction\":[{\"@type\":\"ReadAction\",\"target\":[\"https:\/\/www.visit-ulcinj.com\/blog\/2012\/01\/20\/ne-themelet-e-qyteterimit-ilir-mbi-te-kaluaren-e-ulqinit-1-video\/\"]}]},{\"@type\":\"BreadcrumbList\",\"@id\":\"https:\/\/www.visit-ulcinj.com\/blog\/2012\/01\/20\/ne-themelet-e-qyteterimit-ilir-mbi-te-kaluaren-e-ulqinit-1-video\/#breadcrumb\",\"itemListElement\":[{\"@type\":\"ListItem\",\"position\":1,\"name\":\"N\u00eb themelet e qytet\u00ebrimit ilir &#8211; Mbi t\u00eb kaluar\u00ebn e Ulqinit (1) &#8211; Video\"}]},{\"@type\":\"Person\",\"@id\":\"https:\/\/www.visit-ulcinj.com\/blog\/#\/schema\/person\/dcab619c614d3038751c63bc2aadc06d\",\"name\":\"ulqini\",\"sameAs\":[\"http:\/\/www.visit-ulcinj.com\"],\"url\":\"https:\/\/www.visit-ulcinj.com\/blog\/author\/admin\/\"}]}<\/script>\n<!-- \/ Yoast SEO plugin. -->","yoast_head_json":{"title":"N\u00eb themelet e qytet\u00ebrimit ilir - Mbi t\u00eb kaluar\u00ebn e Ulqinit (1) - Video - Lajme nga Ulqini","description":"Prof. Dr. Ruzhdi Ushaku Treva e Ulqinit d\u00ebshmohet si vendbanim q\u00eb nga periudha parahistorike. N\u00eb t\u00eb ndeshen gjurm\u00ebt e jet\u00ebs dhe t\u00eb vendbanimeve ilire q\u00eb","robots":{"index":"index","follow":"follow","max-snippet":"max-snippet:-1","max-image-preview":"max-image-preview:large","max-video-preview":"max-video-preview:-1"},"canonical":"https:\/\/www.visit-ulcinj.com\/blog\/2012\/01\/20\/ne-themelet-e-qyteterimit-ilir-mbi-te-kaluaren-e-ulqinit-1-video\/","og_locale":"en_US","og_type":"article","og_title":"N\u00eb themelet e qytet\u00ebrimit ilir - Mbi t\u00eb kaluar\u00ebn e Ulqinit (1) - Video - Lajme nga Ulqini","og_description":"Prof. Dr. Ruzhdi Ushaku Treva e Ulqinit d\u00ebshmohet si vendbanim q\u00eb nga periudha parahistorike. N\u00eb t\u00eb ndeshen gjurm\u00ebt e jet\u00ebs dhe t\u00eb vendbanimeve ilire q\u00eb","og_url":"https:\/\/www.visit-ulcinj.com\/blog\/2012\/01\/20\/ne-themelet-e-qyteterimit-ilir-mbi-te-kaluaren-e-ulqinit-1-video\/","og_site_name":"Lajme nga Ulqini","article_published_time":"2012-01-20T14:00:04+00:00","article_modified_time":"2012-01-20T14:05:00+00:00","og_image":[{"url":"http:\/\/www.visit-ulcinj.com\/blog\/wp-content\/uploads\/2012\/01\/Centre-for-Culture-Ulcinj-Homeland-Museum-Montenegro-2.jpg"}],"twitter_misc":{"Written by":"ulqini","Est. reading time":"6 minutes"},"schema":{"@context":"https:\/\/schema.org","@graph":[{"@type":"WebSite","@id":"https:\/\/www.visit-ulcinj.com\/blog\/#website","url":"https:\/\/www.visit-ulcinj.com\/blog\/","name":"Lajme nga Ulqini","description":"Lajme,Vijesti,Ulqini,Ulqin,Crna Gora,Mali i Zi","potentialAction":[{"@type":"SearchAction","target":{"@type":"EntryPoint","urlTemplate":"https:\/\/www.visit-ulcinj.com\/blog\/?s={search_term_string}"},"query-input":"required name=search_term_string"}],"inLanguage":"en-US"},{"@type":"ImageObject","inLanguage":"en-US","@id":"https:\/\/www.visit-ulcinj.com\/blog\/2012\/01\/20\/ne-themelet-e-qyteterimit-ilir-mbi-te-kaluaren-e-ulqinit-1-video\/#primaryimage","url":"https:\/\/www.visit-ulcinj.com\/blog\/wp-content\/uploads\/2012\/01\/Centre-for-Culture-Ulcinj-Homeland-Museum-Montenegro-2.jpg","contentUrl":"https:\/\/www.visit-ulcinj.com\/blog\/wp-content\/uploads\/2012\/01\/Centre-for-Culture-Ulcinj-Homeland-Museum-Montenegro-2.jpg","width":"882","height":"577"},{"@type":"WebPage","@id":"https:\/\/www.visit-ulcinj.com\/blog\/2012\/01\/20\/ne-themelet-e-qyteterimit-ilir-mbi-te-kaluaren-e-ulqinit-1-video\/#webpage","url":"https:\/\/www.visit-ulcinj.com\/blog\/2012\/01\/20\/ne-themelet-e-qyteterimit-ilir-mbi-te-kaluaren-e-ulqinit-1-video\/","name":"N\u00eb themelet e qytet\u00ebrimit ilir - Mbi t\u00eb kaluar\u00ebn e Ulqinit (1) - Video - Lajme nga Ulqini","isPartOf":{"@id":"https:\/\/www.visit-ulcinj.com\/blog\/#website"},"primaryImageOfPage":{"@id":"https:\/\/www.visit-ulcinj.com\/blog\/2012\/01\/20\/ne-themelet-e-qyteterimit-ilir-mbi-te-kaluaren-e-ulqinit-1-video\/#primaryimage"},"datePublished":"2012-01-20T14:00:04+00:00","dateModified":"2012-01-20T14:05:00+00:00","author":{"@id":"https:\/\/www.visit-ulcinj.com\/blog\/#\/schema\/person\/dcab619c614d3038751c63bc2aadc06d"},"description":"Prof. Dr. Ruzhdi Ushaku Treva e Ulqinit d\u00ebshmohet si vendbanim q\u00eb nga periudha parahistorike. N\u00eb t\u00eb ndeshen gjurm\u00ebt e jet\u00ebs dhe t\u00eb vendbanimeve ilire q\u00eb","breadcrumb":{"@id":"https:\/\/www.visit-ulcinj.com\/blog\/2012\/01\/20\/ne-themelet-e-qyteterimit-ilir-mbi-te-kaluaren-e-ulqinit-1-video\/#breadcrumb"},"inLanguage":"en-US","potentialAction":[{"@type":"ReadAction","target":["https:\/\/www.visit-ulcinj.com\/blog\/2012\/01\/20\/ne-themelet-e-qyteterimit-ilir-mbi-te-kaluaren-e-ulqinit-1-video\/"]}]},{"@type":"BreadcrumbList","@id":"https:\/\/www.visit-ulcinj.com\/blog\/2012\/01\/20\/ne-themelet-e-qyteterimit-ilir-mbi-te-kaluaren-e-ulqinit-1-video\/#breadcrumb","itemListElement":[{"@type":"ListItem","position":1,"name":"N\u00eb themelet e qytet\u00ebrimit ilir &#8211; Mbi t\u00eb kaluar\u00ebn e Ulqinit (1) &#8211; Video"}]},{"@type":"Person","@id":"https:\/\/www.visit-ulcinj.com\/blog\/#\/schema\/person\/dcab619c614d3038751c63bc2aadc06d","name":"ulqini","sameAs":["http:\/\/www.visit-ulcinj.com"],"url":"https:\/\/www.visit-ulcinj.com\/blog\/author\/admin\/"}]}},"jetpack_featured_media_url":"","jetpack_sharing_enabled":true,"jetpack_shortlink":"https:\/\/wp.me\/pe6lTn-eBS","_links":{"self":[{"href":"https:\/\/www.visit-ulcinj.com\/blog\/wp-json\/wp\/v2\/posts\/56164"}],"collection":[{"href":"https:\/\/www.visit-ulcinj.com\/blog\/wp-json\/wp\/v2\/posts"}],"about":[{"href":"https:\/\/www.visit-ulcinj.com\/blog\/wp-json\/wp\/v2\/types\/post"}],"author":[{"embeddable":true,"href":"https:\/\/www.visit-ulcinj.com\/blog\/wp-json\/wp\/v2\/users\/1"}],"replies":[{"embeddable":true,"href":"https:\/\/www.visit-ulcinj.com\/blog\/wp-json\/wp\/v2\/comments?post=56164"}],"version-history":[{"count":4,"href":"https:\/\/www.visit-ulcinj.com\/blog\/wp-json\/wp\/v2\/posts\/56164\/revisions"}],"predecessor-version":[{"id":56175,"href":"https:\/\/www.visit-ulcinj.com\/blog\/wp-json\/wp\/v2\/posts\/56164\/revisions\/56175"}],"wp:attachment":[{"href":"https:\/\/www.visit-ulcinj.com\/blog\/wp-json\/wp\/v2\/media?parent=56164"}],"wp:term":[{"taxonomy":"category","embeddable":true,"href":"https:\/\/www.visit-ulcinj.com\/blog\/wp-json\/wp\/v2\/categories?post=56164"},{"taxonomy":"post_tag","embeddable":true,"href":"https:\/\/www.visit-ulcinj.com\/blog\/wp-json\/wp\/v2\/tags?post=56164"}],"curies":[{"name":"wp","href":"https:\/\/api.w.org\/{rel}","templated":true}]}}