{"id":56176,"date":"2012-01-21T12:01:36","date_gmt":"2012-01-21T11:01:36","guid":{"rendered":"http:\/\/www.visit-ulcinj.com\/blog\/?p=56176"},"modified":"2012-01-21T12:01:36","modified_gmt":"2012-01-21T11:01:36","slug":"vlasnici-kucica-ako-nas-nema-nestace-i-ada-video","status":"publish","type":"post","link":"https:\/\/www.visit-ulcinj.com\/blog\/2012\/01\/21\/vlasnici-kucica-ako-nas-nema-nestace-i-ada-video\/","title":{"rendered":"Vlasnici ku\u0107ica: Ako nas nema, nesta\u0107e i Ada &#8211; Video"},"content":{"rendered":"<p><strong><a href=\"http:\/\/www.visit-ulcinj.com\/blog\/wp-content\/uploads\/2012\/01\/DZO-ABAZOVIC.1.jpg\"><img loading=\"lazy\" class=\"alignleft  wp-image-56177\" title=\"DZO ABAZOVIC.1\" src=\"http:\/\/www.visit-ulcinj.com\/blog\/wp-content\/uploads\/2012\/01\/DZO-ABAZOVIC.1.jpg\" alt=\"\" width=\"330\" height=\"380\" \/><\/a>&#8220;Ovo se zove antipropaganda nudisti\u010dkog centra na Adi.<\/strong><br \/>\n<strong> Naturizam ne opra\u0161ta ki\u010d, on tra\u017ei ono \u0161to je izvorno i autenti\u010dno\u201d, kazao je Abazovi\u0107.<\/strong><br \/>\nVlasnici ribarskih ku\u0107ica na Bojani poru\u010dili su predstavnicima JP za upravljanje morskim dobrom da ne \u017eele tenzije povodom novog cjenovnika, sugeri\u0161u\u0107i im da u akte vrate termin \u201cribarska ku\u0107ica\u201d i snize naknade za tu vrstu objekata.<\/p>\n<p>Poznati turisti\u010dki poslenik D\u017eaudet D\u017eo Abazovi\u0107 kazao je \u201cVijestima\u201d da je na sceni aktuelna svojevrsna satanizacija Ade.<\/p>\n<p>\u201cOvo se zove antipropaganda nudisti\u010dkog centra na Adi. Malo koji naturista iz Zapadne Evrope ili svijeta odlu\u010di\u0107e da do\u0111e na Adu ako zna da tamo figuriraju vikendice, a ne ribarske ku\u0107ice. Naturizam ne opra\u0161ta ki\u010d, on tra\u017ei ono \u0161to je izvorno i autenti\u010dno\u201d, kazao je Abazovi\u0107.<\/p>\n<p>On je podsjetio je na vrijeme kada se gradilo naselje i kada su dogovoreni prvi ugovori.<\/p>\n<p>\u201cDogovor o zaklju\u010divanju prvih aran\u017emana pao je u ribarskoj kolibi u blizini danasnje Barbane. Te kolibe bile su sinonim za Adu i magnet za naturiste. Svi su htjeli da se slikaju u tim ku\u0107icama, da pri\u010daju sa ribarima i vide ili probaju fre\u0161ku ribu\u201d, sje\u0107a se Abazovi\u0107.<\/p>\n<p>On tvrdi da je poenta u tome, a ne da li \u0107e \u201cMorsko dobro\u201d nekom naplatiti \u201covoliko ili onoliko\u201d.<\/p>\n<p>\u201cAko nestanu ribarske ku\u0107ice, nesta\u0107e i Ada\u201d, ocijenio je on.<\/p>\n<p><strong><a href=\"http:\/\/www.visit-ulcinj.com\/blog\/wp-content\/uploads\/2012\/01\/rijeka-bojana-ulcinj.jpg\"><img loading=\"lazy\" class=\"alignleft  wp-image-56178\" title=\"rijeka bojana ulcinj\" src=\"http:\/\/www.visit-ulcinj.com\/blog\/wp-content\/uploads\/2012\/01\/rijeka-bojana-ulcinj.jpg\" alt=\"\" width=\"340\" height=\"440\" \/><\/a>U\u010dinjena je nepravda<\/strong><\/p>\n<p>Ribari su ocijenili da bi \u201cVlada i \u2019Morsko dobro\u2019 morali da isprave nepravdu\u201d.<\/p>\n<p>\u201cTra\u017eimo da se termin \u2019ribarska ku\u0107ica\u2019 obavezno vrati u cjenovnik i smanje naknade za njihovo kori\u0161\u0107enje, jer su one simbol Bojane. Tako\u0111e, \u2019Morsko dobro\u2019 du\u017eno je da nekim ribarima, kojima su ku\u0107ice klasifikovali kao vikendice, vrati razliku u novcu\u201d, zaklju\u010deno je na skupu, uz ocjenu da bi predstavnici \u201cMorskog dobra\u201d morali da imaju bolju komunikaciju sa ulcinjskim ribarima i NVO sektorom, koji se bavi tom problematikom.<\/p>\n<p>Po novom cjenovniku, startni obra\u010dun za objekte do 30 kvadrata je deset eura po kvadratu. Od 30 kvadrata do 60 kvadrata vlasnici \u0107e pla\u0107ati deset eura po kvadratu do 30 kvadrata, a za svaki preostali kavadrat dodatnih 20 eura.<\/p>\n<p>Vlasnici objekata veli\u010dine od 60 do 100 kvadrata pla\u0107a\u0107e deset eura do 30 kvadrata, jo\u0161 20 eura do 60 kvadrata, plus 40 za svaki preostali kvadrat. Svaki kvadrat preko 100 kvadrata korisnog prostora, po toj metodologiji, vlasnika \u0107e ko\u0161tati dodatnih 50 eura. To zna\u010di da \u0107e vlasnik objekta od 40 kvadrata morati da plati 500 eura, od 80 kvadarata 1.700 eura, dok \u0107e onaj koji u\u017eiva u komforu od, na primjer, 130 kvadrata, godi\u0161nje morati da izdvoji \u010detiri hiljade eura.<br \/>\n<a href=\"http:\/\/www.visit-ulcinj.com\/blog\/wp-content\/uploads\/2012\/01\/KUCICA-U-RIJEKU-BOJANU.jpg\"><img loading=\"lazy\" class=\"alignleft  wp-image-56179\" title=\"KUCICA  U RIJEKU BOJANU\" src=\"http:\/\/www.visit-ulcinj.com\/blog\/wp-content\/uploads\/2012\/01\/KUCICA-U-RIJEKU-BOJANU.jpg\" alt=\"\" width=\"508\" height=\"300\" \/><\/a><\/p>\n<p>Za monta\u017eni objekat tipa \u201cplatforma\u201d, terasa cijena je pet eura po kvadratu, a za dvori\u0161te \u2013 parking euro po metru kvadratnom.<\/p>\n<p>Lani je nadoknada za ribarske ku\u0107ice iznosila 150 eura, \u0161to je za skoro deset puta manje nego \u0161to su pla\u0107ali pojedini ribari \u010dije su ku\u0107ice klasifikovane kao vikendice. Sa druge strane, ribari, kojima su pro\u0161le godine ku\u0107ice klasifikovane kao ribarske, ove godine mora\u0107e da plate vi\u0161e, shodno kvadraturi.<\/p>\n<p><a href=\"http:\/\/www.vijesti.me\/vijesti\/vlasnici-kucica-porucili-ako-nas-nema-nestace-ada-clanak-57070\" target=\"_blank\"><strong>Samir Adrovi\u0107<\/strong><br \/>\n<strong> Vijesti<\/strong><\/a><\/p>\n<p>\n\t\t<style type=\"text\/css\">\n\t\t\t#gallery-1 {\n\t\t\t\tmargin: auto;\n\t\t\t}\n\t\t\t#gallery-1 .gallery-item {\n\t\t\t\tfloat: left;\n\t\t\t\tmargin-top: 10px;\n\t\t\t\ttext-align: center;\n\t\t\t\twidth: 33%;\n\t\t\t}\n\t\t\t#gallery-1 img {\n\t\t\t\tborder: 2px solid #cfcfcf;\n\t\t\t}\n\t\t\t#gallery-1 .gallery-caption {\n\t\t\t\tmargin-left: 0;\n\t\t\t}\n\t\t\t\/* see gallery_shortcode() in wp-includes\/media.php *\/\n\t\t<\/style>\n\t\t<div id='gallery-1' class='gallery galleryid-56176 gallery-columns-3 gallery-size-thumbnail'><dl class='gallery-item'>\n\t\t\t<dt class='gallery-icon portrait'>\n\t\t\t\t<a href='https:\/\/www.visit-ulcinj.com\/blog\/wp-content\/uploads\/2012\/01\/DZO-ABAZOVIC.1.jpg'><img width=\"150\" height=\"150\" src=\"https:\/\/www.visit-ulcinj.com\/blog\/wp-content\/uploads\/2012\/01\/DZO-ABAZOVIC.1-150x150.jpg\" class=\"attachment-thumbnail size-thumbnail\" alt=\"\" loading=\"lazy\" \/><\/a>\n\t\t\t<\/dt><\/dl><dl class='gallery-item'>\n\t\t\t<dt class='gallery-icon portrait'>\n\t\t\t\t<a href='https:\/\/www.visit-ulcinj.com\/blog\/wp-content\/uploads\/2012\/01\/rijeka-bojana-ulcinj.jpg'><img width=\"150\" height=\"150\" src=\"https:\/\/www.visit-ulcinj.com\/blog\/wp-content\/uploads\/2012\/01\/rijeka-bojana-ulcinj-150x150.jpg\" class=\"attachment-thumbnail size-thumbnail\" alt=\"\" loading=\"lazy\" \/><\/a>\n\t\t\t<\/dt><\/dl><dl class='gallery-item'>\n\t\t\t<dt class='gallery-icon landscape'>\n\t\t\t\t<a href='https:\/\/www.visit-ulcinj.com\/blog\/wp-content\/uploads\/2012\/01\/KUCICA-U-RIJEKU-BOJANU.jpg'><img width=\"150\" height=\"150\" src=\"https:\/\/www.visit-ulcinj.com\/blog\/wp-content\/uploads\/2012\/01\/KUCICA-U-RIJEKU-BOJANU-150x150.jpg\" class=\"attachment-thumbnail size-thumbnail\" alt=\"\" loading=\"lazy\" \/><\/a>\n\t\t\t<\/dt><\/dl><br style=\"clear: both\" \/><dl class='gallery-item'>\n\t\t\t<dt class='gallery-icon landscape'>\n\t\t\t\t<a href='https:\/\/www.visit-ulcinj.com\/blog\/wp-content\/uploads\/2012\/01\/ADA-BOJANA-ULCINJ.jpg'><img width=\"150\" height=\"150\" src=\"https:\/\/www.visit-ulcinj.com\/blog\/wp-content\/uploads\/2012\/01\/ADA-BOJANA-ULCINJ-150x150.jpg\" class=\"attachment-thumbnail size-thumbnail\" alt=\"\" loading=\"lazy\" \/><\/a>\n\t\t\t<\/dt><\/dl><dl class='gallery-item'>\n\t\t\t<dt class='gallery-icon portrait'>\n\t\t\t\t<a href='https:\/\/www.visit-ulcinj.com\/blog\/wp-content\/uploads\/2012\/01\/ADA-BOJANA-ULCINJ.1.jpg'><img width=\"150\" height=\"150\" src=\"https:\/\/www.visit-ulcinj.com\/blog\/wp-content\/uploads\/2012\/01\/ADA-BOJANA-ULCINJ.1-150x150.jpg\" class=\"attachment-thumbnail size-thumbnail\" alt=\"\" loading=\"lazy\" \/><\/a>\n\t\t\t<\/dt><\/dl><dl class='gallery-item'>\n\t\t\t<dt class='gallery-icon landscape'>\n\t\t\t\t<a href='https:\/\/www.visit-ulcinj.com\/blog\/wp-content\/uploads\/2012\/01\/JAHANJE-KONJA-NA-ADU-BOJANU.jpg'><img width=\"150\" height=\"150\" src=\"https:\/\/www.visit-ulcinj.com\/blog\/wp-content\/uploads\/2012\/01\/JAHANJE-KONJA-NA-ADU-BOJANU-150x150.jpg\" class=\"attachment-thumbnail size-thumbnail\" alt=\"\" loading=\"lazy\" \/><\/a>\n\t\t\t<\/dt><\/dl><br style=\"clear: both\" \/><dl class='gallery-item'>\n\t\t\t<dt class='gallery-icon landscape'>\n\t\t\t\t<a href='https:\/\/www.visit-ulcinj.com\/blog\/wp-content\/uploads\/2012\/01\/RIBOLOV-NA-RIJEKU-BOJANU-ULCINJ.1.jpg'><img width=\"150\" height=\"150\" src=\"https:\/\/www.visit-ulcinj.com\/blog\/wp-content\/uploads\/2012\/01\/RIBOLOV-NA-RIJEKU-BOJANU-ULCINJ.1-150x150.jpg\" class=\"attachment-thumbnail size-thumbnail\" alt=\"\" loading=\"lazy\" \/><\/a>\n\t\t\t<\/dt><\/dl><dl class='gallery-item'>\n\t\t\t<dt class='gallery-icon portrait'>\n\t\t\t\t<a href='https:\/\/www.visit-ulcinj.com\/blog\/wp-content\/uploads\/2012\/01\/RIBOLOV-NA-RIJEKU-BOJANU-ULCINJ.2.jpg'><img width=\"150\" height=\"150\" src=\"https:\/\/www.visit-ulcinj.com\/blog\/wp-content\/uploads\/2012\/01\/RIBOLOV-NA-RIJEKU-BOJANU-ULCINJ.2-150x150.jpg\" class=\"attachment-thumbnail size-thumbnail\" alt=\"\" loading=\"lazy\" \/><\/a>\n\t\t\t<\/dt><\/dl><dl class='gallery-item'>\n\t\t\t<dt class='gallery-icon landscape'>\n\t\t\t\t<a href='https:\/\/www.visit-ulcinj.com\/blog\/wp-content\/uploads\/2012\/01\/RIBOLOV-NA-RIJEKU-BOJANU-ULCINJ.3.jpg'><img width=\"150\" height=\"150\" src=\"https:\/\/www.visit-ulcinj.com\/blog\/wp-content\/uploads\/2012\/01\/RIBOLOV-NA-RIJEKU-BOJANU-ULCINJ.3-150x150.jpg\" class=\"attachment-thumbnail size-thumbnail\" alt=\"\" loading=\"lazy\" \/><\/a>\n\t\t\t<\/dt><\/dl><br style=\"clear: both\" \/><dl class='gallery-item'>\n\t\t\t<dt class='gallery-icon landscape'>\n\t\t\t\t<a href='https:\/\/www.visit-ulcinj.com\/blog\/wp-content\/uploads\/2012\/01\/RIBOLOV-NA-RIJEKU-BOJANU-ULCINJ.4.jpg'><img width=\"150\" height=\"150\" src=\"https:\/\/www.visit-ulcinj.com\/blog\/wp-content\/uploads\/2012\/01\/RIBOLOV-NA-RIJEKU-BOJANU-ULCINJ.4-150x150.jpg\" class=\"attachment-thumbnail size-thumbnail\" alt=\"\" loading=\"lazy\" \/><\/a>\n\t\t\t<\/dt><\/dl><dl class='gallery-item'>\n\t\t\t<dt class='gallery-icon landscape'>\n\t\t\t\t<a href='https:\/\/www.visit-ulcinj.com\/blog\/wp-content\/uploads\/2012\/01\/RIBOLOV-NA-RIJEKU-BOJANU-ULCINJ.5.jpg'><img width=\"150\" height=\"150\" src=\"https:\/\/www.visit-ulcinj.com\/blog\/wp-content\/uploads\/2012\/01\/RIBOLOV-NA-RIJEKU-BOJANU-ULCINJ.5-150x150.jpg\" class=\"attachment-thumbnail size-thumbnail\" alt=\"\" loading=\"lazy\" \/><\/a>\n\t\t\t<\/dt><\/dl><dl class='gallery-item'>\n\t\t\t<dt class='gallery-icon landscape'>\n\t\t\t\t<a href='https:\/\/www.visit-ulcinj.com\/blog\/wp-content\/uploads\/2012\/01\/RIBOLOV-NA-RIJEKU-BOJANU-ULCINJ.jpg'><img width=\"150\" height=\"150\" src=\"https:\/\/www.visit-ulcinj.com\/blog\/wp-content\/uploads\/2012\/01\/RIBOLOV-NA-RIJEKU-BOJANU-ULCINJ-150x150.jpg\" class=\"attachment-thumbnail size-thumbnail\" alt=\"\" loading=\"lazy\" \/><\/a>\n\t\t\t<\/dt><\/dl><br style=\"clear: both\" \/>\n\t\t<\/div>\n<br \/>\n<!--YouTube Error: bad URL entered--><\/p>\n","protected":false},"excerpt":{"rendered":"<p>&#8220;Ovo se zove antipropaganda nudisti\u010dkog centra na Adi. Naturizam ne opra\u0161ta ki\u010d, on tra\u017ei ono \u0161to je izvorno i autenti\u010dno\u201d, kazao je Abazovi\u0107. Vlasnici ribarskih ku\u0107ica na Bojani poru\u010dili su predstavnicima JP za upravljanje morskim dobrom da ne \u017eele tenzije povodom novog cjenovnika, sugeri\u0161u\u0107i im da u akte vrate termin \u201cribarska ku\u0107ica\u201d i snize naknade [&hellip;]<\/p>\n","protected":false},"author":1,"featured_media":0,"comment_status":"open","ping_status":"closed","sticky":false,"template":"","format":"standard","meta":{"spay_email":"","jetpack_publicize_message":"","jetpack_is_tweetstorm":false,"jetpack_publicize_feature_enabled":true},"categories":[8337],"tags":[138,3536,20,17563,408,19],"jetpack_publicize_connections":[],"yoast_head":"<!-- This site is optimized with the Yoast SEO plugin v19.1 - https:\/\/yoast.com\/wordpress\/plugins\/seo\/ -->\n<title>Vlasnici ku\u0107ica: Ako nas nema, nesta\u0107e i Ada - Video - Lajme nga Ulqini<\/title>\n<meta name=\"description\" content=\"&quot;Ovo se zove antipropaganda nudisti\u010dkog centra na Adi. Naturizam ne opra\u0161ta ki\u010d, on tra\u017ei ono \u0161to je izvorno i autenti\u010dno\u201d, kazao je Abazovi\u0107. Vlasnici\" \/>\n<meta name=\"robots\" content=\"index, follow, max-snippet:-1, max-image-preview:large, max-video-preview:-1\" \/>\n<link rel=\"canonical\" href=\"https:\/\/www.visit-ulcinj.com\/blog\/2012\/01\/21\/vlasnici-kucica-ako-nas-nema-nestace-i-ada-video\/\" \/>\n<meta property=\"og:locale\" content=\"en_US\" \/>\n<meta property=\"og:type\" content=\"article\" \/>\n<meta property=\"og:title\" content=\"Vlasnici ku\u0107ica: Ako nas nema, nesta\u0107e i Ada - Video - Lajme nga Ulqini\" \/>\n<meta property=\"og:description\" content=\"&quot;Ovo se zove antipropaganda nudisti\u010dkog centra na Adi. Naturizam ne opra\u0161ta ki\u010d, on tra\u017ei ono \u0161to je izvorno i autenti\u010dno\u201d, kazao je Abazovi\u0107. Vlasnici\" \/>\n<meta property=\"og:url\" content=\"https:\/\/www.visit-ulcinj.com\/blog\/2012\/01\/21\/vlasnici-kucica-ako-nas-nema-nestace-i-ada-video\/\" \/>\n<meta property=\"og:site_name\" content=\"Lajme nga Ulqini\" \/>\n<meta property=\"article:published_time\" content=\"2012-01-21T11:01:36+00:00\" \/>\n<meta property=\"og:image\" content=\"https:\/\/www.visit-ulcinj.com\/blog\/wp-content\/uploads\/2012\/01\/DZO-ABAZOVIC.1-150x150.jpg\" \/>\n<meta name=\"twitter:label1\" content=\"Written by\" \/>\n\t<meta name=\"twitter:data1\" content=\"ulqini\" \/>\n\t<meta name=\"twitter:label2\" content=\"Est. reading time\" \/>\n\t<meta name=\"twitter:data2\" content=\"3 minutes\" \/>\n<script type=\"application\/ld+json\" class=\"yoast-schema-graph\">{\"@context\":\"https:\/\/schema.org\",\"@graph\":[{\"@type\":\"WebSite\",\"@id\":\"https:\/\/www.visit-ulcinj.com\/blog\/#website\",\"url\":\"https:\/\/www.visit-ulcinj.com\/blog\/\",\"name\":\"Lajme nga Ulqini\",\"description\":\"Lajme,Vijesti,Ulqini,Ulqin,Crna Gora,Mali i Zi\",\"potentialAction\":[{\"@type\":\"SearchAction\",\"target\":{\"@type\":\"EntryPoint\",\"urlTemplate\":\"https:\/\/www.visit-ulcinj.com\/blog\/?s={search_term_string}\"},\"query-input\":\"required name=search_term_string\"}],\"inLanguage\":\"en-US\"},{\"@type\":\"ImageObject\",\"inLanguage\":\"en-US\",\"@id\":\"https:\/\/www.visit-ulcinj.com\/blog\/2012\/01\/21\/vlasnici-kucica-ako-nas-nema-nestace-i-ada-video\/#primaryimage\",\"url\":\"https:\/\/www.visit-ulcinj.com\/blog\/wp-content\/uploads\/2012\/01\/DZO-ABAZOVIC.1.jpg\",\"contentUrl\":\"https:\/\/www.visit-ulcinj.com\/blog\/wp-content\/uploads\/2012\/01\/DZO-ABAZOVIC.1.jpg\",\"width\":\"313\",\"height\":\"353\"},{\"@type\":\"WebPage\",\"@id\":\"https:\/\/www.visit-ulcinj.com\/blog\/2012\/01\/21\/vlasnici-kucica-ako-nas-nema-nestace-i-ada-video\/#webpage\",\"url\":\"https:\/\/www.visit-ulcinj.com\/blog\/2012\/01\/21\/vlasnici-kucica-ako-nas-nema-nestace-i-ada-video\/\",\"name\":\"Vlasnici ku\u0107ica: Ako nas nema, nesta\u0107e i Ada - Video - Lajme nga Ulqini\",\"isPartOf\":{\"@id\":\"https:\/\/www.visit-ulcinj.com\/blog\/#website\"},\"primaryImageOfPage\":{\"@id\":\"https:\/\/www.visit-ulcinj.com\/blog\/2012\/01\/21\/vlasnici-kucica-ako-nas-nema-nestace-i-ada-video\/#primaryimage\"},\"datePublished\":\"2012-01-21T11:01:36+00:00\",\"dateModified\":\"2012-01-21T11:01:36+00:00\",\"author\":{\"@id\":\"https:\/\/www.visit-ulcinj.com\/blog\/#\/schema\/person\/dcab619c614d3038751c63bc2aadc06d\"},\"description\":\"\\\"Ovo se zove antipropaganda nudisti\u010dkog centra na Adi. Naturizam ne opra\u0161ta ki\u010d, on tra\u017ei ono \u0161to je izvorno i autenti\u010dno\u201d, kazao je Abazovi\u0107. Vlasnici\",\"breadcrumb\":{\"@id\":\"https:\/\/www.visit-ulcinj.com\/blog\/2012\/01\/21\/vlasnici-kucica-ako-nas-nema-nestace-i-ada-video\/#breadcrumb\"},\"inLanguage\":\"en-US\",\"potentialAction\":[{\"@type\":\"ReadAction\",\"target\":[\"https:\/\/www.visit-ulcinj.com\/blog\/2012\/01\/21\/vlasnici-kucica-ako-nas-nema-nestace-i-ada-video\/\"]}]},{\"@type\":\"BreadcrumbList\",\"@id\":\"https:\/\/www.visit-ulcinj.com\/blog\/2012\/01\/21\/vlasnici-kucica-ako-nas-nema-nestace-i-ada-video\/#breadcrumb\",\"itemListElement\":[{\"@type\":\"ListItem\",\"position\":1,\"name\":\"Vlasnici ku\u0107ica: Ako nas nema, nesta\u0107e i Ada &#8211; Video\"}]},{\"@type\":\"Person\",\"@id\":\"https:\/\/www.visit-ulcinj.com\/blog\/#\/schema\/person\/dcab619c614d3038751c63bc2aadc06d\",\"name\":\"ulqini\",\"sameAs\":[\"http:\/\/www.visit-ulcinj.com\"],\"url\":\"https:\/\/www.visit-ulcinj.com\/blog\/author\/admin\/\"}]}<\/script>\n<!-- \/ Yoast SEO plugin. -->","yoast_head_json":{"title":"Vlasnici ku\u0107ica: Ako nas nema, nesta\u0107e i Ada - Video - Lajme nga Ulqini","description":"\"Ovo se zove antipropaganda nudisti\u010dkog centra na Adi. Naturizam ne opra\u0161ta ki\u010d, on tra\u017ei ono \u0161to je izvorno i autenti\u010dno\u201d, kazao je Abazovi\u0107. Vlasnici","robots":{"index":"index","follow":"follow","max-snippet":"max-snippet:-1","max-image-preview":"max-image-preview:large","max-video-preview":"max-video-preview:-1"},"canonical":"https:\/\/www.visit-ulcinj.com\/blog\/2012\/01\/21\/vlasnici-kucica-ako-nas-nema-nestace-i-ada-video\/","og_locale":"en_US","og_type":"article","og_title":"Vlasnici ku\u0107ica: Ako nas nema, nesta\u0107e i Ada - Video - Lajme nga Ulqini","og_description":"\"Ovo se zove antipropaganda nudisti\u010dkog centra na Adi. Naturizam ne opra\u0161ta ki\u010d, on tra\u017ei ono \u0161to je izvorno i autenti\u010dno\u201d, kazao je Abazovi\u0107. Vlasnici","og_url":"https:\/\/www.visit-ulcinj.com\/blog\/2012\/01\/21\/vlasnici-kucica-ako-nas-nema-nestace-i-ada-video\/","og_site_name":"Lajme nga Ulqini","article_published_time":"2012-01-21T11:01:36+00:00","og_image":[{"url":"https:\/\/www.visit-ulcinj.com\/blog\/wp-content\/uploads\/2012\/01\/DZO-ABAZOVIC.1-150x150.jpg"}],"twitter_misc":{"Written by":"ulqini","Est. reading time":"3 minutes"},"schema":{"@context":"https:\/\/schema.org","@graph":[{"@type":"WebSite","@id":"https:\/\/www.visit-ulcinj.com\/blog\/#website","url":"https:\/\/www.visit-ulcinj.com\/blog\/","name":"Lajme nga Ulqini","description":"Lajme,Vijesti,Ulqini,Ulqin,Crna Gora,Mali i Zi","potentialAction":[{"@type":"SearchAction","target":{"@type":"EntryPoint","urlTemplate":"https:\/\/www.visit-ulcinj.com\/blog\/?s={search_term_string}"},"query-input":"required name=search_term_string"}],"inLanguage":"en-US"},{"@type":"ImageObject","inLanguage":"en-US","@id":"https:\/\/www.visit-ulcinj.com\/blog\/2012\/01\/21\/vlasnici-kucica-ako-nas-nema-nestace-i-ada-video\/#primaryimage","url":"https:\/\/www.visit-ulcinj.com\/blog\/wp-content\/uploads\/2012\/01\/DZO-ABAZOVIC.1.jpg","contentUrl":"https:\/\/www.visit-ulcinj.com\/blog\/wp-content\/uploads\/2012\/01\/DZO-ABAZOVIC.1.jpg","width":"313","height":"353"},{"@type":"WebPage","@id":"https:\/\/www.visit-ulcinj.com\/blog\/2012\/01\/21\/vlasnici-kucica-ako-nas-nema-nestace-i-ada-video\/#webpage","url":"https:\/\/www.visit-ulcinj.com\/blog\/2012\/01\/21\/vlasnici-kucica-ako-nas-nema-nestace-i-ada-video\/","name":"Vlasnici ku\u0107ica: Ako nas nema, nesta\u0107e i Ada - Video - Lajme nga Ulqini","isPartOf":{"@id":"https:\/\/www.visit-ulcinj.com\/blog\/#website"},"primaryImageOfPage":{"@id":"https:\/\/www.visit-ulcinj.com\/blog\/2012\/01\/21\/vlasnici-kucica-ako-nas-nema-nestace-i-ada-video\/#primaryimage"},"datePublished":"2012-01-21T11:01:36+00:00","dateModified":"2012-01-21T11:01:36+00:00","author":{"@id":"https:\/\/www.visit-ulcinj.com\/blog\/#\/schema\/person\/dcab619c614d3038751c63bc2aadc06d"},"description":"\"Ovo se zove antipropaganda nudisti\u010dkog centra na Adi. Naturizam ne opra\u0161ta ki\u010d, on tra\u017ei ono \u0161to je izvorno i autenti\u010dno\u201d, kazao je Abazovi\u0107. Vlasnici","breadcrumb":{"@id":"https:\/\/www.visit-ulcinj.com\/blog\/2012\/01\/21\/vlasnici-kucica-ako-nas-nema-nestace-i-ada-video\/#breadcrumb"},"inLanguage":"en-US","potentialAction":[{"@type":"ReadAction","target":["https:\/\/www.visit-ulcinj.com\/blog\/2012\/01\/21\/vlasnici-kucica-ako-nas-nema-nestace-i-ada-video\/"]}]},{"@type":"BreadcrumbList","@id":"https:\/\/www.visit-ulcinj.com\/blog\/2012\/01\/21\/vlasnici-kucica-ako-nas-nema-nestace-i-ada-video\/#breadcrumb","itemListElement":[{"@type":"ListItem","position":1,"name":"Vlasnici ku\u0107ica: Ako nas nema, nesta\u0107e i Ada &#8211; Video"}]},{"@type":"Person","@id":"https:\/\/www.visit-ulcinj.com\/blog\/#\/schema\/person\/dcab619c614d3038751c63bc2aadc06d","name":"ulqini","sameAs":["http:\/\/www.visit-ulcinj.com"],"url":"https:\/\/www.visit-ulcinj.com\/blog\/author\/admin\/"}]}},"jetpack_featured_media_url":"","jetpack_sharing_enabled":true,"jetpack_shortlink":"https:\/\/wp.me\/pe6lTn-eC4","_links":{"self":[{"href":"https:\/\/www.visit-ulcinj.com\/blog\/wp-json\/wp\/v2\/posts\/56176"}],"collection":[{"href":"https:\/\/www.visit-ulcinj.com\/blog\/wp-json\/wp\/v2\/posts"}],"about":[{"href":"https:\/\/www.visit-ulcinj.com\/blog\/wp-json\/wp\/v2\/types\/post"}],"author":[{"embeddable":true,"href":"https:\/\/www.visit-ulcinj.com\/blog\/wp-json\/wp\/v2\/users\/1"}],"replies":[{"embeddable":true,"href":"https:\/\/www.visit-ulcinj.com\/blog\/wp-json\/wp\/v2\/comments?post=56176"}],"version-history":[{"count":1,"href":"https:\/\/www.visit-ulcinj.com\/blog\/wp-json\/wp\/v2\/posts\/56176\/revisions"}],"predecessor-version":[{"id":56189,"href":"https:\/\/www.visit-ulcinj.com\/blog\/wp-json\/wp\/v2\/posts\/56176\/revisions\/56189"}],"wp:attachment":[{"href":"https:\/\/www.visit-ulcinj.com\/blog\/wp-json\/wp\/v2\/media?parent=56176"}],"wp:term":[{"taxonomy":"category","embeddable":true,"href":"https:\/\/www.visit-ulcinj.com\/blog\/wp-json\/wp\/v2\/categories?post=56176"},{"taxonomy":"post_tag","embeddable":true,"href":"https:\/\/www.visit-ulcinj.com\/blog\/wp-json\/wp\/v2\/tags?post=56176"}],"curies":[{"name":"wp","href":"https:\/\/api.w.org\/{rel}","templated":true}]}}