{"id":56190,"date":"2012-01-21T12:51:24","date_gmt":"2012-01-21T11:51:24","guid":{"rendered":"http:\/\/www.visit-ulcinj.com\/blog\/?p=56190"},"modified":"2012-02-04T18:26:36","modified_gmt":"2012-02-04T17:26:36","slug":"ndertimet-ne-gryken-e-lumit-buna-tendence-edhe-e-kolonizimit-te-ulqinit","status":"publish","type":"post","link":"https:\/\/www.visit-ulcinj.com\/blog\/2012\/01\/21\/ndertimet-ne-gryken-e-lumit-buna-tendence-edhe-e-kolonizimit-te-ulqinit\/","title":{"rendered":"Nd\u00ebrtimet n\u00eb Gryk\u00ebn e lumit Buna, tendenc\u00eb edhe e kolonizimit t\u00eb Ulqinit"},"content":{"rendered":"<p><a href=\"http:\/\/www.visit-ulcinj.com\/blog\/wp-content\/uploads\/2012\/01\/Ndertimet-n\u00eb-Gryken-e-lumit-Buna-Ulqin.7.jpg\"><img loading=\"lazy\" class=\"alignleft  wp-image-56191\" title=\"Ndertimet n\u00eb Gryken e lumit Buna - Ulqin.7\" src=\"http:\/\/www.visit-ulcinj.com\/blog\/wp-content\/uploads\/2012\/01\/Ndertimet-n\u00eb-Gryken-e-lumit-Buna-Ulqin.7.jpg\" alt=\"\" width=\"508\" height=\"380\" \/><\/a>Gryka e lumit nd\u00ebrkufitar, Mali i Zi &#8211; Shqip\u00ebri, Buna, territor q\u00eb i takon Komun\u00ebs s\u00eb Ulqinit, p\u00ebrseri ka ngritur tensione t\u00eb natyrave t\u00eb ndryshme, madje edhe n\u00eb p\u00ebrmasa nd\u00ebrkomb\u00ebtare, sepse aty ndodhen mbi 500 objekte t\u00eb jasht\u00ebligjshme. Pronar\u00ebt e tyre, jan\u00eb nga Ulqini, Mali i Zi, Kosova, Bosnj\u00eb-Hercegovina, Serbia, madje edhe nga Rusia, ndon\u00ebse nuk ekziston ndonj\u00eb list\u00eb e b\u00ebr\u00eb publike,njofton KosovaLife.<\/p>\n<p><strong>Shtes\u00eb Lajm\u00eb<\/strong><\/p>\n<p>Nj\u00ebra nd\u00ebr pushimoret m\u00eb atraktive n\u00eb Detin Adriatik, plazhi nudistik me renome nd\u00ebrkomb\u00ebtare n\u00eb gryk\u00ebn e lumit Buna, \u00ebsht\u00eb duke u \u201cfundosur\u201d dhe kjo humbje n\u00eb det ka filluar n\u00eb dy dekadat e fundit si rezultat i pakujdesis\u00eb njer\u00ebzore dhe shtet\u00ebrore.<br \/>\n<a href=\"http:\/\/www.visit-ulcinj.com\/blog\/wp-content\/uploads\/2012\/01\/Ndertimet-n\u00eb-Gryken-e-lumit-Buna-Ulqin.8.jpg\"><img loading=\"lazy\" class=\"alignleft  wp-image-56192\" title=\"Ndertimet n\u00eb Gryken e lumit Buna - Ulqin.8\" src=\"http:\/\/www.visit-ulcinj.com\/blog\/wp-content\/uploads\/2012\/01\/Ndertimet-n\u00eb-Gryken-e-lumit-Buna-Ulqin.8.jpg\" alt=\"\" width=\"508\" height=\"300\" \/><\/a><\/p>\n<p>Mali i Zi, edhe pse n\u00eb fillim t\u00eb k\u00ebtij shekulli \u00ebsht\u00eb shpallur shtet ekologjik, n\u00eb breg t\u00eb pushimores s\u00eb njohur nudistike Ada dhe n\u00eb Gryk\u00ebn e lumit Buna ka lejuar\u00a0 nd\u00ebrtimin ilegal t\u00eb mbi 500 vilave dhe restoranteve, q\u00eb kan\u00eb degraduar k\u00ebto dy ambiente m\u00eb atraktive, jo vet\u00ebm n\u00eb bregdetin e Ulqinit, por edhe at\u00eb t\u00eb Adriatikut.<\/p>\n<p>N\u00eb Parlamentin lokal t\u00eb Ulqinit me vite t\u00eb t\u00ebra debatohet p\u00ebr dukurin\u00eb e nd\u00ebrtimeve t\u00eb jasht\u00ebligjshme n\u00eb bregun e lumit Buna. Partit\u00eb opozitare shqiptare si LD n\u00eb MZ dhe Forca e Re Demokratike insistojn\u00eb q\u00eb menaxhimi i bregdetit t\u00eb kthehet n\u00ebn ingerencat e Ulqinit dhe ai t\u00eb vendos mbi nd\u00ebrtimet n\u00eb k\u00ebt\u00eb lokalitet pran\u00eb kufirit malazez- shqiptar.<\/p>\n<p><a href=\"http:\/\/www.visit-ulcinj.com\/blog\/wp-content\/uploads\/2012\/01\/Ndertimet-n\u00eb-Gryken-e-lumit-Buna-Ulqin_.jpg\"><img loading=\"lazy\" class=\"alignleft  wp-image-56193\" title=\"Ndertimet n\u00eb Gryken e lumit Buna Ulqin_\" src=\"http:\/\/www.visit-ulcinj.com\/blog\/wp-content\/uploads\/2012\/01\/Ndertimet-n\u00eb-Gryken-e-lumit-Buna-Ulqin_.jpg\" alt=\"\" width=\"340\" height=\"440\" \/><\/a>\u201cKy \u00ebsht\u00eb kolonizim klasik i bregdetit ton\u00eb t\u00eb Ulqinit. Organizatat joqeveritare t\u00eb Ulqinit, por edhe ato malazeze e nd\u00ebrkomb\u00ebtare mbi t\u00eb drejtat e njeriut dhe t\u00eb mjedisit, vazhdimisht kemi apeluar te institucionet shtet\u00ebrore malazeze q\u00eb t\u00eb ndalojn\u00eb intensitetin e shtuar t\u00eb nd\u00ebrtimeve pa leje n\u00eb Gryk\u00ebn e lumit Buna, n\u00eb nj\u00eb potencial t\u00eb paz\u00ebvend\u00ebsuesh\u00ebm t\u00eb ardhm\u00ebris\u00eb turistike,\u201d thot\u00eb Xhemal Mustafa- Peroviq, bashk\u00ebrendues nd\u00ebrkomb\u00ebtar i sektorit civil q\u00eb monitoron l\u00ebvizjet nd\u00ebrtimore n\u00eb bregdetin e Ulqinit.<\/p>\n<p>Nd\u00ebrmarrja publike q\u00eb menaxhon bregdetin,\u201dT\u00eb mirat detare\u201d me seli n\u00eb Budv\u00eb, merret vet\u00ebm me monitorimin e k\u00ebsaj riviere.<br \/>\nZ\u00ebdh\u00ebn\u00ebsi i Nd\u00ebrmarrjes Publike \u201cT\u00eb mirat detare\u201d, q\u00eb selin\u00eb e ka n\u00eb Budva thot\u00eb se n\u00ebnshkruesit e kontrat\u00ebs do t\u00eb jen\u00eb vet\u00ebm shfryt\u00ebzues t\u00eb sip\u00ebrfaqes tok\u00ebsore.<\/p>\n<p>Ndon\u00ebse ende nuk \u00ebsht\u00eb publikuar ndonj\u00eb list\u00eb e sakt\u00eb, OJQ-et jozyrtarisht m\u00ebson se investuesit jan\u00eb nga t\u00eb gjitha vendet e rajonit dhe objektet m\u00eb shum\u00eb u ngjajn\u00eb hoteleve shum\u00ebkat\u00ebshe, se sa sht\u00ebpive, gjoja, t\u00eb pushimit, duke e ditur se pronar\u00ebt e tyre merren me turiz\u00ebm edhe inspektor\u00ebt turistik\u00eb t\u00eb komun\u00ebs s\u00eb Ulqinit nuk arrijn\u00eb dot n\u00eb k\u00ebt\u00eb lagje \u201ct\u00eb pashkelur\u201d.<\/p>\n<p>\n\t\t<style type=\"text\/css\">\n\t\t\t#gallery-1 {\n\t\t\t\tmargin: auto;\n\t\t\t}\n\t\t\t#gallery-1 .gallery-item {\n\t\t\t\tfloat: left;\n\t\t\t\tmargin-top: 10px;\n\t\t\t\ttext-align: center;\n\t\t\t\twidth: 33%;\n\t\t\t}\n\t\t\t#gallery-1 img {\n\t\t\t\tborder: 2px solid #cfcfcf;\n\t\t\t}\n\t\t\t#gallery-1 .gallery-caption {\n\t\t\t\tmargin-left: 0;\n\t\t\t}\n\t\t\t\/* see gallery_shortcode() in wp-includes\/media.php *\/\n\t\t<\/style>\n\t\t<div id='gallery-1' class='gallery galleryid-56190 gallery-columns-3 gallery-size-thumbnail'><dl class='gallery-item'>\n\t\t\t<dt class='gallery-icon landscape'>\n\t\t\t\t<a href='https:\/\/www.visit-ulcinj.com\/blog\/wp-content\/uploads\/2012\/01\/Ndertimet-n\u00eb-Gryken-e-lumit-Buna-Ulqin.7.jpg'><img width=\"150\" height=\"150\" src=\"https:\/\/www.visit-ulcinj.com\/blog\/wp-content\/uploads\/2012\/01\/Ndertimet-n\u00eb-Gryken-e-lumit-Buna-Ulqin.7-150x150.jpg\" class=\"attachment-thumbnail size-thumbnail\" alt=\"\" loading=\"lazy\" \/><\/a>\n\t\t\t<\/dt><\/dl><dl class='gallery-item'>\n\t\t\t<dt class='gallery-icon landscape'>\n\t\t\t\t<a href='https:\/\/www.visit-ulcinj.com\/blog\/wp-content\/uploads\/2012\/01\/Ndertimet-n\u00eb-Gryken-e-lumit-Buna-Ulqin.8.jpg'><img width=\"150\" height=\"150\" src=\"https:\/\/www.visit-ulcinj.com\/blog\/wp-content\/uploads\/2012\/01\/Ndertimet-n\u00eb-Gryken-e-lumit-Buna-Ulqin.8-150x150.jpg\" class=\"attachment-thumbnail size-thumbnail\" alt=\"\" loading=\"lazy\" \/><\/a>\n\t\t\t<\/dt><\/dl><dl class='gallery-item'>\n\t\t\t<dt class='gallery-icon portrait'>\n\t\t\t\t<a href='https:\/\/www.visit-ulcinj.com\/blog\/wp-content\/uploads\/2012\/01\/Ndertimet-n\u00eb-Gryken-e-lumit-Buna-Ulqin_.jpg'><img width=\"150\" height=\"150\" src=\"https:\/\/www.visit-ulcinj.com\/blog\/wp-content\/uploads\/2012\/01\/Ndertimet-n\u00eb-Gryken-e-lumit-Buna-Ulqin_-150x150.jpg\" class=\"attachment-thumbnail size-thumbnail\" alt=\"\" loading=\"lazy\" \/><\/a>\n\t\t\t<\/dt><\/dl><br style=\"clear: both\" \/><dl class='gallery-item'>\n\t\t\t<dt class='gallery-icon landscape'>\n\t\t\t\t<a href='https:\/\/www.visit-ulcinj.com\/blog\/wp-content\/uploads\/2012\/01\/Ndertimet-n\u00eb-Gryken-e-lumit-Buna-Ulqin.jpg'><img width=\"150\" height=\"150\" src=\"https:\/\/www.visit-ulcinj.com\/blog\/wp-content\/uploads\/2012\/01\/Ndertimet-n\u00eb-Gryken-e-lumit-Buna-Ulqin-150x150.jpg\" class=\"attachment-thumbnail size-thumbnail\" alt=\"\" loading=\"lazy\" \/><\/a>\n\t\t\t<\/dt><\/dl><dl class='gallery-item'>\n\t\t\t<dt class='gallery-icon landscape'>\n\t\t\t\t<a href='https:\/\/www.visit-ulcinj.com\/blog\/wp-content\/uploads\/2012\/01\/Ndertimet-n\u00eb-Gryken-e-lumit-Buna-Ulqin.1.jpg'><img width=\"150\" height=\"150\" src=\"https:\/\/www.visit-ulcinj.com\/blog\/wp-content\/uploads\/2012\/01\/Ndertimet-n\u00eb-Gryken-e-lumit-Buna-Ulqin.1-150x150.jpg\" class=\"attachment-thumbnail size-thumbnail\" alt=\"\" loading=\"lazy\" \/><\/a>\n\t\t\t<\/dt><\/dl><dl class='gallery-item'>\n\t\t\t<dt class='gallery-icon landscape'>\n\t\t\t\t<a href='https:\/\/www.visit-ulcinj.com\/blog\/wp-content\/uploads\/2012\/01\/Ndertimet-n\u00eb-Gryken-e-lumit-Buna-Ulqin.2.jpg'><img width=\"150\" height=\"150\" src=\"https:\/\/www.visit-ulcinj.com\/blog\/wp-content\/uploads\/2012\/01\/Ndertimet-n\u00eb-Gryken-e-lumit-Buna-Ulqin.2-150x150.jpg\" class=\"attachment-thumbnail size-thumbnail\" alt=\"\" loading=\"lazy\" \/><\/a>\n\t\t\t<\/dt><\/dl><br style=\"clear: both\" \/><dl class='gallery-item'>\n\t\t\t<dt class='gallery-icon landscape'>\n\t\t\t\t<a href='https:\/\/www.visit-ulcinj.com\/blog\/wp-content\/uploads\/2012\/01\/Ndertimet-n\u00eb-Gryken-e-lumit-Buna-Ulqin.3.jpg'><img width=\"150\" height=\"150\" src=\"https:\/\/www.visit-ulcinj.com\/blog\/wp-content\/uploads\/2012\/01\/Ndertimet-n\u00eb-Gryken-e-lumit-Buna-Ulqin.3-150x150.jpg\" class=\"attachment-thumbnail size-thumbnail\" alt=\"\" loading=\"lazy\" \/><\/a>\n\t\t\t<\/dt><\/dl><dl class='gallery-item'>\n\t\t\t<dt class='gallery-icon landscape'>\n\t\t\t\t<a href='https:\/\/www.visit-ulcinj.com\/blog\/wp-content\/uploads\/2012\/01\/Ndertimet-n\u00eb-Gryken-e-lumit-Buna-Ulqin.4.jpg'><img width=\"150\" height=\"150\" src=\"https:\/\/www.visit-ulcinj.com\/blog\/wp-content\/uploads\/2012\/01\/Ndertimet-n\u00eb-Gryken-e-lumit-Buna-Ulqin.4-150x150.jpg\" class=\"attachment-thumbnail size-thumbnail\" alt=\"\" loading=\"lazy\" \/><\/a>\n\t\t\t<\/dt><\/dl><dl class='gallery-item'>\n\t\t\t<dt class='gallery-icon landscape'>\n\t\t\t\t<a href='https:\/\/www.visit-ulcinj.com\/blog\/wp-content\/uploads\/2012\/01\/Ndertimet-n\u00eb-Gryken-e-lumit-Buna-Ulqin.5.jpg'><img width=\"150\" height=\"150\" src=\"https:\/\/www.visit-ulcinj.com\/blog\/wp-content\/uploads\/2012\/01\/Ndertimet-n\u00eb-Gryken-e-lumit-Buna-Ulqin.5-150x150.jpg\" class=\"attachment-thumbnail size-thumbnail\" alt=\"\" loading=\"lazy\" \/><\/a>\n\t\t\t<\/dt><\/dl><br style=\"clear: both\" \/>\n\t\t<\/div>\n<br \/>\n<!--YouTube Error: bad URL entered--><\/p>\n","protected":false},"excerpt":{"rendered":"<p>Gryka e lumit nd\u00ebrkufitar, Mali i Zi &#8211; Shqip\u00ebri, Buna, territor q\u00eb i takon Komun\u00ebs s\u00eb Ulqinit, p\u00ebrseri ka ngritur tensione t\u00eb natyrave t\u00eb ndryshme, madje edhe n\u00eb p\u00ebrmasa nd\u00ebrkomb\u00ebtare, sepse aty ndodhen mbi 500 objekte t\u00eb jasht\u00ebligjshme. Pronar\u00ebt e tyre, jan\u00eb nga Ulqini, Mali i Zi, Kosova, Bosnj\u00eb-Hercegovina, Serbia, madje edhe nga Rusia, ndon\u00ebse [&hellip;]<\/p>\n","protected":false},"author":1,"featured_media":0,"comment_status":"open","ping_status":"closed","sticky":false,"template":"","format":"standard","meta":{"spay_email":"","jetpack_publicize_message":"","jetpack_is_tweetstorm":false,"jetpack_publicize_feature_enabled":true},"categories":[11],"tags":[138,19889,19627,11648,5882,200,18],"jetpack_publicize_connections":[],"yoast_head":"<!-- This site is optimized with the Yoast SEO plugin v19.1 - https:\/\/yoast.com\/wordpress\/plugins\/seo\/ -->\n<title>Nd\u00ebrtimet n\u00eb Gryk\u00ebn e lumit Buna, tendenc\u00eb edhe e kolonizimit t\u00eb Ulqinit - Lajme nga Ulqini<\/title>\n<meta name=\"description\" content=\"Gryka e lumit nd\u00ebrkufitar, Mali i Zi - Shqip\u00ebri, Buna, territor q\u00eb i takon Komun\u00ebs s\u00eb Ulqinit, p\u00ebrseri ka ngritur tensione t\u00eb natyrave t\u00eb ndryshme, madje\" \/>\n<meta name=\"robots\" content=\"index, follow, max-snippet:-1, max-image-preview:large, max-video-preview:-1\" \/>\n<link rel=\"canonical\" href=\"https:\/\/www.visit-ulcinj.com\/blog\/2012\/01\/21\/ndertimet-ne-gryken-e-lumit-buna-tendence-edhe-e-kolonizimit-te-ulqinit\/\" \/>\n<meta property=\"og:locale\" content=\"en_US\" \/>\n<meta property=\"og:type\" content=\"article\" \/>\n<meta property=\"og:title\" content=\"Nd\u00ebrtimet n\u00eb Gryk\u00ebn e lumit Buna, tendenc\u00eb edhe e kolonizimit t\u00eb Ulqinit - Lajme nga Ulqini\" \/>\n<meta property=\"og:description\" content=\"Gryka e lumit nd\u00ebrkufitar, Mali i Zi - Shqip\u00ebri, Buna, territor q\u00eb i takon Komun\u00ebs s\u00eb Ulqinit, p\u00ebrseri ka ngritur tensione t\u00eb natyrave t\u00eb ndryshme, madje\" \/>\n<meta property=\"og:url\" content=\"https:\/\/www.visit-ulcinj.com\/blog\/2012\/01\/21\/ndertimet-ne-gryken-e-lumit-buna-tendence-edhe-e-kolonizimit-te-ulqinit\/\" \/>\n<meta property=\"og:site_name\" content=\"Lajme nga Ulqini\" \/>\n<meta property=\"article:published_time\" content=\"2012-01-21T11:51:24+00:00\" \/>\n<meta property=\"article:modified_time\" content=\"2012-02-04T17:26:36+00:00\" \/>\n<meta property=\"og:image\" content=\"https:\/\/www.visit-ulcinj.com\/blog\/wp-content\/uploads\/2012\/01\/Ndertimet-n\u00eb-Gryken-e-lumit-Buna-Ulqin.7-150x150.jpg\" \/>\n<meta name=\"twitter:label1\" content=\"Written by\" \/>\n\t<meta name=\"twitter:data1\" content=\"ulqini\" \/>\n\t<meta name=\"twitter:label2\" content=\"Est. reading time\" \/>\n\t<meta name=\"twitter:data2\" content=\"2 minutes\" \/>\n<script type=\"application\/ld+json\" class=\"yoast-schema-graph\">{\"@context\":\"https:\/\/schema.org\",\"@graph\":[{\"@type\":\"WebSite\",\"@id\":\"https:\/\/www.visit-ulcinj.com\/blog\/#website\",\"url\":\"https:\/\/www.visit-ulcinj.com\/blog\/\",\"name\":\"Lajme nga Ulqini\",\"description\":\"Lajme,Vijesti,Ulqini,Ulqin,Crna Gora,Mali i Zi\",\"potentialAction\":[{\"@type\":\"SearchAction\",\"target\":{\"@type\":\"EntryPoint\",\"urlTemplate\":\"https:\/\/www.visit-ulcinj.com\/blog\/?s={search_term_string}\"},\"query-input\":\"required name=search_term_string\"}],\"inLanguage\":\"en-US\"},{\"@type\":\"WebPage\",\"@id\":\"https:\/\/www.visit-ulcinj.com\/blog\/2012\/01\/21\/ndertimet-ne-gryken-e-lumit-buna-tendence-edhe-e-kolonizimit-te-ulqinit\/#webpage\",\"url\":\"https:\/\/www.visit-ulcinj.com\/blog\/2012\/01\/21\/ndertimet-ne-gryken-e-lumit-buna-tendence-edhe-e-kolonizimit-te-ulqinit\/\",\"name\":\"Nd\u00ebrtimet n\u00eb Gryk\u00ebn e lumit Buna, tendenc\u00eb edhe e kolonizimit t\u00eb Ulqinit - Lajme nga Ulqini\",\"isPartOf\":{\"@id\":\"https:\/\/www.visit-ulcinj.com\/blog\/#website\"},\"datePublished\":\"2012-01-21T11:51:24+00:00\",\"dateModified\":\"2012-02-04T17:26:36+00:00\",\"author\":{\"@id\":\"https:\/\/www.visit-ulcinj.com\/blog\/#\/schema\/person\/dcab619c614d3038751c63bc2aadc06d\"},\"description\":\"Gryka e lumit nd\u00ebrkufitar, Mali i Zi - Shqip\u00ebri, Buna, territor q\u00eb i takon Komun\u00ebs s\u00eb Ulqinit, p\u00ebrseri ka ngritur tensione t\u00eb natyrave t\u00eb ndryshme, madje\",\"breadcrumb\":{\"@id\":\"https:\/\/www.visit-ulcinj.com\/blog\/2012\/01\/21\/ndertimet-ne-gryken-e-lumit-buna-tendence-edhe-e-kolonizimit-te-ulqinit\/#breadcrumb\"},\"inLanguage\":\"en-US\",\"potentialAction\":[{\"@type\":\"ReadAction\",\"target\":[\"https:\/\/www.visit-ulcinj.com\/blog\/2012\/01\/21\/ndertimet-ne-gryken-e-lumit-buna-tendence-edhe-e-kolonizimit-te-ulqinit\/\"]}]},{\"@type\":\"BreadcrumbList\",\"@id\":\"https:\/\/www.visit-ulcinj.com\/blog\/2012\/01\/21\/ndertimet-ne-gryken-e-lumit-buna-tendence-edhe-e-kolonizimit-te-ulqinit\/#breadcrumb\",\"itemListElement\":[{\"@type\":\"ListItem\",\"position\":1,\"name\":\"Nd\u00ebrtimet n\u00eb Gryk\u00ebn e lumit Buna, tendenc\u00eb edhe e kolonizimit t\u00eb Ulqinit\"}]},{\"@type\":\"Person\",\"@id\":\"https:\/\/www.visit-ulcinj.com\/blog\/#\/schema\/person\/dcab619c614d3038751c63bc2aadc06d\",\"name\":\"ulqini\",\"sameAs\":[\"http:\/\/www.visit-ulcinj.com\"],\"url\":\"https:\/\/www.visit-ulcinj.com\/blog\/author\/admin\/\"}]}<\/script>\n<!-- \/ Yoast SEO plugin. -->","yoast_head_json":{"title":"Nd\u00ebrtimet n\u00eb Gryk\u00ebn e lumit Buna, tendenc\u00eb edhe e kolonizimit t\u00eb Ulqinit - Lajme nga Ulqini","description":"Gryka e lumit nd\u00ebrkufitar, Mali i Zi - Shqip\u00ebri, Buna, territor q\u00eb i takon Komun\u00ebs s\u00eb Ulqinit, p\u00ebrseri ka ngritur tensione t\u00eb natyrave t\u00eb ndryshme, madje","robots":{"index":"index","follow":"follow","max-snippet":"max-snippet:-1","max-image-preview":"max-image-preview:large","max-video-preview":"max-video-preview:-1"},"canonical":"https:\/\/www.visit-ulcinj.com\/blog\/2012\/01\/21\/ndertimet-ne-gryken-e-lumit-buna-tendence-edhe-e-kolonizimit-te-ulqinit\/","og_locale":"en_US","og_type":"article","og_title":"Nd\u00ebrtimet n\u00eb Gryk\u00ebn e lumit Buna, tendenc\u00eb edhe e kolonizimit t\u00eb Ulqinit - Lajme nga Ulqini","og_description":"Gryka e lumit nd\u00ebrkufitar, Mali i Zi - Shqip\u00ebri, Buna, territor q\u00eb i takon Komun\u00ebs s\u00eb Ulqinit, p\u00ebrseri ka ngritur tensione t\u00eb natyrave t\u00eb ndryshme, madje","og_url":"https:\/\/www.visit-ulcinj.com\/blog\/2012\/01\/21\/ndertimet-ne-gryken-e-lumit-buna-tendence-edhe-e-kolonizimit-te-ulqinit\/","og_site_name":"Lajme nga Ulqini","article_published_time":"2012-01-21T11:51:24+00:00","article_modified_time":"2012-02-04T17:26:36+00:00","og_image":[{"url":"https:\/\/www.visit-ulcinj.com\/blog\/wp-content\/uploads\/2012\/01\/Ndertimet-n\u00eb-Gryken-e-lumit-Buna-Ulqin.7-150x150.jpg"}],"twitter_misc":{"Written by":"ulqini","Est. reading time":"2 minutes"},"schema":{"@context":"https:\/\/schema.org","@graph":[{"@type":"WebSite","@id":"https:\/\/www.visit-ulcinj.com\/blog\/#website","url":"https:\/\/www.visit-ulcinj.com\/blog\/","name":"Lajme nga Ulqini","description":"Lajme,Vijesti,Ulqini,Ulqin,Crna Gora,Mali i Zi","potentialAction":[{"@type":"SearchAction","target":{"@type":"EntryPoint","urlTemplate":"https:\/\/www.visit-ulcinj.com\/blog\/?s={search_term_string}"},"query-input":"required name=search_term_string"}],"inLanguage":"en-US"},{"@type":"WebPage","@id":"https:\/\/www.visit-ulcinj.com\/blog\/2012\/01\/21\/ndertimet-ne-gryken-e-lumit-buna-tendence-edhe-e-kolonizimit-te-ulqinit\/#webpage","url":"https:\/\/www.visit-ulcinj.com\/blog\/2012\/01\/21\/ndertimet-ne-gryken-e-lumit-buna-tendence-edhe-e-kolonizimit-te-ulqinit\/","name":"Nd\u00ebrtimet n\u00eb Gryk\u00ebn e lumit Buna, tendenc\u00eb edhe e kolonizimit t\u00eb Ulqinit - Lajme nga Ulqini","isPartOf":{"@id":"https:\/\/www.visit-ulcinj.com\/blog\/#website"},"datePublished":"2012-01-21T11:51:24+00:00","dateModified":"2012-02-04T17:26:36+00:00","author":{"@id":"https:\/\/www.visit-ulcinj.com\/blog\/#\/schema\/person\/dcab619c614d3038751c63bc2aadc06d"},"description":"Gryka e lumit nd\u00ebrkufitar, Mali i Zi - Shqip\u00ebri, Buna, territor q\u00eb i takon Komun\u00ebs s\u00eb Ulqinit, p\u00ebrseri ka ngritur tensione t\u00eb natyrave t\u00eb ndryshme, madje","breadcrumb":{"@id":"https:\/\/www.visit-ulcinj.com\/blog\/2012\/01\/21\/ndertimet-ne-gryken-e-lumit-buna-tendence-edhe-e-kolonizimit-te-ulqinit\/#breadcrumb"},"inLanguage":"en-US","potentialAction":[{"@type":"ReadAction","target":["https:\/\/www.visit-ulcinj.com\/blog\/2012\/01\/21\/ndertimet-ne-gryken-e-lumit-buna-tendence-edhe-e-kolonizimit-te-ulqinit\/"]}]},{"@type":"BreadcrumbList","@id":"https:\/\/www.visit-ulcinj.com\/blog\/2012\/01\/21\/ndertimet-ne-gryken-e-lumit-buna-tendence-edhe-e-kolonizimit-te-ulqinit\/#breadcrumb","itemListElement":[{"@type":"ListItem","position":1,"name":"Nd\u00ebrtimet n\u00eb Gryk\u00ebn e lumit Buna, tendenc\u00eb edhe e kolonizimit t\u00eb Ulqinit"}]},{"@type":"Person","@id":"https:\/\/www.visit-ulcinj.com\/blog\/#\/schema\/person\/dcab619c614d3038751c63bc2aadc06d","name":"ulqini","sameAs":["http:\/\/www.visit-ulcinj.com"],"url":"https:\/\/www.visit-ulcinj.com\/blog\/author\/admin\/"}]}},"jetpack_featured_media_url":"","jetpack_sharing_enabled":true,"jetpack_shortlink":"https:\/\/wp.me\/pe6lTn-eCi","_links":{"self":[{"href":"https:\/\/www.visit-ulcinj.com\/blog\/wp-json\/wp\/v2\/posts\/56190"}],"collection":[{"href":"https:\/\/www.visit-ulcinj.com\/blog\/wp-json\/wp\/v2\/posts"}],"about":[{"href":"https:\/\/www.visit-ulcinj.com\/blog\/wp-json\/wp\/v2\/types\/post"}],"author":[{"embeddable":true,"href":"https:\/\/www.visit-ulcinj.com\/blog\/wp-json\/wp\/v2\/users\/1"}],"replies":[{"embeddable":true,"href":"https:\/\/www.visit-ulcinj.com\/blog\/wp-json\/wp\/v2\/comments?post=56190"}],"version-history":[{"count":6,"href":"https:\/\/www.visit-ulcinj.com\/blog\/wp-json\/wp\/v2\/posts\/56190\/revisions"}],"predecessor-version":[{"id":57016,"href":"https:\/\/www.visit-ulcinj.com\/blog\/wp-json\/wp\/v2\/posts\/56190\/revisions\/57016"}],"wp:attachment":[{"href":"https:\/\/www.visit-ulcinj.com\/blog\/wp-json\/wp\/v2\/media?parent=56190"}],"wp:term":[{"taxonomy":"category","embeddable":true,"href":"https:\/\/www.visit-ulcinj.com\/blog\/wp-json\/wp\/v2\/categories?post=56190"},{"taxonomy":"post_tag","embeddable":true,"href":"https:\/\/www.visit-ulcinj.com\/blog\/wp-json\/wp\/v2\/tags?post=56190"}],"curies":[{"name":"wp","href":"https:\/\/api.w.org\/{rel}","templated":true}]}}