{"id":562,"date":"2008-02-18T12:52:27","date_gmt":"2008-02-18T17:52:27","guid":{"rendered":"http:\/\/www.visit-ulcinj.com\/blog\/2008\/02\/18\/ne-malesi-festohet-pavaresia-e-kosoves\/"},"modified":"2008-02-18T12:52:27","modified_gmt":"2008-02-18T17:52:27","slug":"ne-malesi-festohet-pavaresia-e-kosoves","status":"publish","type":"post","link":"https:\/\/www.visit-ulcinj.com\/blog\/2008\/02\/18\/ne-malesi-festohet-pavaresia-e-kosoves\/","title":{"rendered":"N\u00eb Mal\u00ebsi festohet Pavar\u00ebsia e Kosov\u00ebs"},"content":{"rendered":"<p><a href=\"http:\/\/www.visit-ulcinj.com\/blog\/2008\/02\/18\/ne-malesi-festohet-pavaresia-e-kosoves\/ld-ne-mz\/\" rel=\"attachment wp-att-563\" title=\"LD n\u00eb MZ\"><img loading=\"lazy\" src=\"http:\/\/www.visit-ulcinj.com\/blog\/wp-content\/uploads\/2008\/02\/ldmz.jpg\" alt=\"LD n\u00eb MZ\" align=\"left\" height=\"201\" width=\"200\" \/><\/a>Me rastin e shpalljes s\u00eb pavar\u00ebsis\u00eb s\u00eb Kosov\u00ebs, LD n\u00eb MZ-Dega e Mal\u00ebsis\u00eb, mbajti mbledhje solemne, gjat\u00eb t\u00eb s\u00eb cil\u00ebs u p\u00ebrcjell ceremonia e miratimit t\u00eb Deklarat\u00ebs s\u00eb pavar\u00ebsis\u00eb n\u00eb Kuvendin e Kosov\u00ebs.<br \/>\nN\u00eb k\u00ebt\u00eb mbledhje ishin t\u00eb ftuar edhe dashamir\u00eb t\u00eb shumt\u00eb t\u00eb subjektit t\u00eb par\u00eb politik t\u00eb shqiptar\u00ebve n\u00eb Mal t\u00eb Zi, ish funksionar partiak dhe qytetar\u00eb t\u00eb shumt\u00eb nga Mal\u00ebsia, t\u00eb cil\u00ebt erdh\u00ebn s\u00eb selin\u00eb e LD n\u00eb MZ n\u00eb Tuz, p\u00ebr t\u00eb p\u00ebrjetuar s\u00eb bashku k\u00ebto \u00e7aste solemne dhe tejet t\u00eb g\u00ebzueshme p\u00ebr t\u00eb gjith\u00eb shqiptar\u00ebt.<br \/>\nK\u00ebt\u00eb tubim solemn, me prezenc\u00ebn e tyre e p\u00ebrsh\u00ebndet\u00ebn edhe kryetari i KU t\u00eb Tuzit Smail\u2013Maliq \u00c7unmulaj si dhe p\u00ebrfaq\u00ebsues t\u00eb tjer\u00eb t\u00eb Alternativ\u00ebs Shqiptare. N\u00eb zyre t\u00eb LD ishin edhe partneri i koalicionit n\u00eb pushtetin vendor, Kol\u00eb Lulgjuraj si dhe k\u00ebshilltari i PDS n\u00eb Kuvendin e KU t\u00eb Tuzit dr. Halil Dukoviq, t\u00eb cil\u00ebt erdh\u00ebn p\u00ebr t\u00eb p\u00ebrg\u00ebzuar Lidhjen demokratike p\u00ebr k\u00ebt\u00eb dat\u00eb t\u00eb sh\u00ebnur t\u00eb popullit shqiptar. Poashtu n\u00eb k\u00ebt\u00eb manifestim ishte edhe p\u00ebrfaq\u00ebsuesi i zyr\u00ebs s\u00eb Shoqat\u00ebs \u201cAt\u00ebdheu na bashkon\u201d, Muhamed Gjokaj si edhe shum\u00eb dashamir\u00eb t\u00eb tjer\u00eb.<br \/>\nKryetari i k\u00ebsaj dege z. Nikoll\u00eb Camaj , duke i p\u00ebrsh\u00ebndetur t\u00eb pranishmit, e p\u00ebrg\u00ebzoi popullin e Kosov\u00ebs p\u00ebr k\u00ebt\u00eb dit\u00eb kaq t\u00eb lumtur dhe t\u00eb shum\u00ebpritur p\u00ebr t\u00eb gjith\u00eb shqiptar\u00ebt kudo q\u00eb ndodhen.<br \/>\n\u201cG\u00ebzimi yn\u00eb \u00ebsht\u00eb aq m\u00eb i madh, pasiq\u00eb LD n\u00eb MZ nuk hezitoi asnj\u00ebher\u00eb t\u00eb p\u00ebrkrah\u00eb luft\u00ebn e drejt\u00eb t\u00eb popullit t\u00eb Kosov\u00ebs p\u00ebr liri dhe pavar\u00ebsi. Andaj jemi bashkuar sot q\u00eb t\u00eb g\u00ebzohemi bashk\u00eb me popullin e Kosov\u00ebs dhe t\u00eb gjith\u00eb shqiptar\u00ebt kudo q\u00eb jetojn\u00eb. Ishte privilegj t\u00eb jesh\u00eb bashk\u00ebkohas i gjenerat\u00ebs q\u00eb lindi Kosov\u00ebn, kurse privilegj i dyfisht\u00eb t\u00eb jesh\u00eb edhe akter i k\u00ebsaj beteje. Lidhja demokratike gjith\u00ebsesi ishte pjes\u00eb e k\u00ebtij fronti gjith\u00ebkomb\u00ebtar! \u201d, theksoi Camaj n\u00eb fjal\u00ebn e vet t\u00eb rastit.<br \/>\nBesnik Gjonaj, aktivist i LD, recitoi vargje kushtuar k\u00ebsaj dite &#8211; shpalljes s\u00eb pavar\u00ebsis\u00eb s\u00eb Kosov\u00ebs.<br \/>\nTubimi vazhdoi deri n\u00eb or\u00ebt e vona, duke p\u00ebrcjellur me vemendje rrjedh\u00ebn e manifestimeve n\u00eb kryeqytetin e Kosov\u00ebs, shtetin m\u00eb t\u00eb ri n\u00eb bot\u00eb.<\/p>\n","protected":false},"excerpt":{"rendered":"<p><img loading=\"lazy\" src=\"http:\/\/www.visit-ulcinj.com\/blog\/wp-content\/uploads\/2008\/02\/ldmz.jpg\" alt=\"LD n\u00eb MZ\" align=\"left\" height=\"140\" width=\"140\" \/><\/p>\n","protected":false},"author":1,"featured_media":0,"comment_status":"open","ping_status":"closed","sticky":false,"template":"","format":"standard","meta":{"spay_email":"","jetpack_publicize_message":"","jetpack_is_tweetstorm":false,"jetpack_publicize_feature_enabled":true},"categories":[1],"tags":[],"jetpack_publicize_connections":[],"yoast_head":"<!-- This site is optimized with the Yoast SEO plugin v19.1 - https:\/\/yoast.com\/wordpress\/plugins\/seo\/ -->\n<title>N\u00eb Mal\u00ebsi festohet Pavar\u00ebsia e Kosov\u00ebs - Lajme nga Ulqini<\/title>\n<meta name=\"robots\" content=\"index, follow, max-snippet:-1, max-image-preview:large, max-video-preview:-1\" \/>\n<link rel=\"canonical\" href=\"https:\/\/www.visit-ulcinj.com\/blog\/2008\/02\/18\/ne-malesi-festohet-pavaresia-e-kosoves\/\" \/>\n<meta property=\"og:locale\" content=\"en_US\" \/>\n<meta property=\"og:type\" content=\"article\" \/>\n<meta property=\"og:title\" content=\"N\u00eb Mal\u00ebsi festohet Pavar\u00ebsia e Kosov\u00ebs - Lajme nga Ulqini\" \/>\n<meta property=\"og:url\" content=\"https:\/\/www.visit-ulcinj.com\/blog\/2008\/02\/18\/ne-malesi-festohet-pavaresia-e-kosoves\/\" \/>\n<meta property=\"og:site_name\" content=\"Lajme nga Ulqini\" \/>\n<meta property=\"article:published_time\" content=\"2008-02-18T17:52:27+00:00\" \/>\n<meta property=\"og:image\" content=\"http:\/\/www.visit-ulcinj.com\/blog\/wp-content\/uploads\/2008\/02\/ldmz.jpg\" \/>\n<meta name=\"twitter:label1\" content=\"Written by\" \/>\n\t<meta name=\"twitter:data1\" content=\"ulqini\" \/>\n\t<meta name=\"twitter:label2\" content=\"Est. reading time\" \/>\n\t<meta name=\"twitter:data2\" content=\"2 minutes\" \/>\n<script type=\"application\/ld+json\" class=\"yoast-schema-graph\">{\"@context\":\"https:\/\/schema.org\",\"@graph\":[{\"@type\":\"WebSite\",\"@id\":\"https:\/\/www.visit-ulcinj.com\/blog\/#website\",\"url\":\"https:\/\/www.visit-ulcinj.com\/blog\/\",\"name\":\"Lajme nga Ulqini\",\"description\":\"Lajme,Vijesti,Ulqini,Ulqin,Crna Gora,Mali i Zi\",\"potentialAction\":[{\"@type\":\"SearchAction\",\"target\":{\"@type\":\"EntryPoint\",\"urlTemplate\":\"https:\/\/www.visit-ulcinj.com\/blog\/?s={search_term_string}\"},\"query-input\":\"required name=search_term_string\"}],\"inLanguage\":\"en-US\"},{\"@type\":\"ImageObject\",\"inLanguage\":\"en-US\",\"@id\":\"https:\/\/www.visit-ulcinj.com\/blog\/2008\/02\/18\/ne-malesi-festohet-pavaresia-e-kosoves\/#primaryimage\",\"url\":\"http:\/\/www.visit-ulcinj.com\/blog\/wp-content\/uploads\/2008\/02\/ldmz.jpg\",\"contentUrl\":\"http:\/\/www.visit-ulcinj.com\/blog\/wp-content\/uploads\/2008\/02\/ldmz.jpg\"},{\"@type\":\"WebPage\",\"@id\":\"https:\/\/www.visit-ulcinj.com\/blog\/2008\/02\/18\/ne-malesi-festohet-pavaresia-e-kosoves\/#webpage\",\"url\":\"https:\/\/www.visit-ulcinj.com\/blog\/2008\/02\/18\/ne-malesi-festohet-pavaresia-e-kosoves\/\",\"name\":\"N\u00eb Mal\u00ebsi festohet Pavar\u00ebsia e Kosov\u00ebs - Lajme nga Ulqini\",\"isPartOf\":{\"@id\":\"https:\/\/www.visit-ulcinj.com\/blog\/#website\"},\"primaryImageOfPage\":{\"@id\":\"https:\/\/www.visit-ulcinj.com\/blog\/2008\/02\/18\/ne-malesi-festohet-pavaresia-e-kosoves\/#primaryimage\"},\"datePublished\":\"2008-02-18T17:52:27+00:00\",\"dateModified\":\"2008-02-18T17:52:27+00:00\",\"author\":{\"@id\":\"https:\/\/www.visit-ulcinj.com\/blog\/#\/schema\/person\/dcab619c614d3038751c63bc2aadc06d\"},\"breadcrumb\":{\"@id\":\"https:\/\/www.visit-ulcinj.com\/blog\/2008\/02\/18\/ne-malesi-festohet-pavaresia-e-kosoves\/#breadcrumb\"},\"inLanguage\":\"en-US\",\"potentialAction\":[{\"@type\":\"ReadAction\",\"target\":[\"https:\/\/www.visit-ulcinj.com\/blog\/2008\/02\/18\/ne-malesi-festohet-pavaresia-e-kosoves\/\"]}]},{\"@type\":\"BreadcrumbList\",\"@id\":\"https:\/\/www.visit-ulcinj.com\/blog\/2008\/02\/18\/ne-malesi-festohet-pavaresia-e-kosoves\/#breadcrumb\",\"itemListElement\":[{\"@type\":\"ListItem\",\"position\":1,\"name\":\"N\u00eb Mal\u00ebsi festohet Pavar\u00ebsia e Kosov\u00ebs\"}]},{\"@type\":\"Person\",\"@id\":\"https:\/\/www.visit-ulcinj.com\/blog\/#\/schema\/person\/dcab619c614d3038751c63bc2aadc06d\",\"name\":\"ulqini\",\"sameAs\":[\"http:\/\/www.visit-ulcinj.com\"],\"url\":\"https:\/\/www.visit-ulcinj.com\/blog\/author\/admin\/\"}]}<\/script>\n<!-- \/ Yoast SEO plugin. -->","yoast_head_json":{"title":"N\u00eb Mal\u00ebsi festohet Pavar\u00ebsia e Kosov\u00ebs - Lajme nga Ulqini","robots":{"index":"index","follow":"follow","max-snippet":"max-snippet:-1","max-image-preview":"max-image-preview:large","max-video-preview":"max-video-preview:-1"},"canonical":"https:\/\/www.visit-ulcinj.com\/blog\/2008\/02\/18\/ne-malesi-festohet-pavaresia-e-kosoves\/","og_locale":"en_US","og_type":"article","og_title":"N\u00eb Mal\u00ebsi festohet Pavar\u00ebsia e Kosov\u00ebs - Lajme nga Ulqini","og_url":"https:\/\/www.visit-ulcinj.com\/blog\/2008\/02\/18\/ne-malesi-festohet-pavaresia-e-kosoves\/","og_site_name":"Lajme nga Ulqini","article_published_time":"2008-02-18T17:52:27+00:00","og_image":[{"url":"http:\/\/www.visit-ulcinj.com\/blog\/wp-content\/uploads\/2008\/02\/ldmz.jpg"}],"twitter_misc":{"Written by":"ulqini","Est. reading time":"2 minutes"},"schema":{"@context":"https:\/\/schema.org","@graph":[{"@type":"WebSite","@id":"https:\/\/www.visit-ulcinj.com\/blog\/#website","url":"https:\/\/www.visit-ulcinj.com\/blog\/","name":"Lajme nga Ulqini","description":"Lajme,Vijesti,Ulqini,Ulqin,Crna Gora,Mali i Zi","potentialAction":[{"@type":"SearchAction","target":{"@type":"EntryPoint","urlTemplate":"https:\/\/www.visit-ulcinj.com\/blog\/?s={search_term_string}"},"query-input":"required name=search_term_string"}],"inLanguage":"en-US"},{"@type":"ImageObject","inLanguage":"en-US","@id":"https:\/\/www.visit-ulcinj.com\/blog\/2008\/02\/18\/ne-malesi-festohet-pavaresia-e-kosoves\/#primaryimage","url":"http:\/\/www.visit-ulcinj.com\/blog\/wp-content\/uploads\/2008\/02\/ldmz.jpg","contentUrl":"http:\/\/www.visit-ulcinj.com\/blog\/wp-content\/uploads\/2008\/02\/ldmz.jpg"},{"@type":"WebPage","@id":"https:\/\/www.visit-ulcinj.com\/blog\/2008\/02\/18\/ne-malesi-festohet-pavaresia-e-kosoves\/#webpage","url":"https:\/\/www.visit-ulcinj.com\/blog\/2008\/02\/18\/ne-malesi-festohet-pavaresia-e-kosoves\/","name":"N\u00eb Mal\u00ebsi festohet Pavar\u00ebsia e Kosov\u00ebs - Lajme nga Ulqini","isPartOf":{"@id":"https:\/\/www.visit-ulcinj.com\/blog\/#website"},"primaryImageOfPage":{"@id":"https:\/\/www.visit-ulcinj.com\/blog\/2008\/02\/18\/ne-malesi-festohet-pavaresia-e-kosoves\/#primaryimage"},"datePublished":"2008-02-18T17:52:27+00:00","dateModified":"2008-02-18T17:52:27+00:00","author":{"@id":"https:\/\/www.visit-ulcinj.com\/blog\/#\/schema\/person\/dcab619c614d3038751c63bc2aadc06d"},"breadcrumb":{"@id":"https:\/\/www.visit-ulcinj.com\/blog\/2008\/02\/18\/ne-malesi-festohet-pavaresia-e-kosoves\/#breadcrumb"},"inLanguage":"en-US","potentialAction":[{"@type":"ReadAction","target":["https:\/\/www.visit-ulcinj.com\/blog\/2008\/02\/18\/ne-malesi-festohet-pavaresia-e-kosoves\/"]}]},{"@type":"BreadcrumbList","@id":"https:\/\/www.visit-ulcinj.com\/blog\/2008\/02\/18\/ne-malesi-festohet-pavaresia-e-kosoves\/#breadcrumb","itemListElement":[{"@type":"ListItem","position":1,"name":"N\u00eb Mal\u00ebsi festohet Pavar\u00ebsia e Kosov\u00ebs"}]},{"@type":"Person","@id":"https:\/\/www.visit-ulcinj.com\/blog\/#\/schema\/person\/dcab619c614d3038751c63bc2aadc06d","name":"ulqini","sameAs":["http:\/\/www.visit-ulcinj.com"],"url":"https:\/\/www.visit-ulcinj.com\/blog\/author\/admin\/"}]}},"jetpack_featured_media_url":"","jetpack_sharing_enabled":true,"jetpack_shortlink":"https:\/\/wp.me\/pe6lTn-94","_links":{"self":[{"href":"https:\/\/www.visit-ulcinj.com\/blog\/wp-json\/wp\/v2\/posts\/562"}],"collection":[{"href":"https:\/\/www.visit-ulcinj.com\/blog\/wp-json\/wp\/v2\/posts"}],"about":[{"href":"https:\/\/www.visit-ulcinj.com\/blog\/wp-json\/wp\/v2\/types\/post"}],"author":[{"embeddable":true,"href":"https:\/\/www.visit-ulcinj.com\/blog\/wp-json\/wp\/v2\/users\/1"}],"replies":[{"embeddable":true,"href":"https:\/\/www.visit-ulcinj.com\/blog\/wp-json\/wp\/v2\/comments?post=562"}],"version-history":[{"count":0,"href":"https:\/\/www.visit-ulcinj.com\/blog\/wp-json\/wp\/v2\/posts\/562\/revisions"}],"wp:attachment":[{"href":"https:\/\/www.visit-ulcinj.com\/blog\/wp-json\/wp\/v2\/media?parent=562"}],"wp:term":[{"taxonomy":"category","embeddable":true,"href":"https:\/\/www.visit-ulcinj.com\/blog\/wp-json\/wp\/v2\/categories?post=562"},{"taxonomy":"post_tag","embeddable":true,"href":"https:\/\/www.visit-ulcinj.com\/blog\/wp-json\/wp\/v2\/tags?post=562"}],"curies":[{"name":"wp","href":"https:\/\/api.w.org\/{rel}","templated":true}]}}