{"id":56210,"date":"2012-01-21T18:01:40","date_gmt":"2012-01-21T17:01:40","guid":{"rendered":"http:\/\/www.visit-ulcinj.com\/blog\/?p=56210"},"modified":"2012-01-21T18:01:40","modified_gmt":"2012-01-21T17:01:40","slug":"dritan-abazovic-analiza-atmosfere-ulcinja-video","status":"publish","type":"post","link":"https:\/\/www.visit-ulcinj.com\/blog\/2012\/01\/21\/dritan-abazovic-analiza-atmosfere-ulcinja-video\/","title":{"rendered":"Dritan Abazovic &#8211; Analiza atmosfere Ulcinja &#8211; Video"},"content":{"rendered":"<p><a href=\"http:\/\/www.visit-ulcinj.com\/blog\/wp-content\/uploads\/2012\/01\/Dritan-Abazovic-analiza-o-ulcinju.jpg\"><img loading=\"lazy\" class=\"alignleft  wp-image-56211\" title=\"Dritan-Abazovic-analiza o ulcinju\" src=\"http:\/\/www.visit-ulcinj.com\/blog\/wp-content\/uploads\/2012\/01\/Dritan-Abazovic-analiza-o-ulcinju.jpg\" alt=\"\" width=\"508\" height=\"380\" \/><\/a>Dosta je slo\u017eeno da do\u0111e do demokratizacije unutar vlasti, ali nije nerealno. Mislim da je jako slo\u017eeno obzirom da su konekcije ljudi, koji su unutra vlasti, i njihove zasluge za opstanak ove vlasti svih ovih godina, toliko velike, da vrlo te\u0161ko mo\u017eemo da o\u010dekujemo da neko bude izba\u010den iz te pri\u010de. U svakom slu\u010daju mislim da trebaju neka osvje\u017eenja.<\/p>\n<p>Ta osvje\u017eenja bi mogla da budu plasirana na na\u010din \u0161to bi neki ljudi, koji su mo\u017eda do sada bili manje aktivni na javnoj sceni, mogli da se aktiviraju, da se da \u0161ansa nekim mla\u0111im kadrovima. Na taj na\u010din bi se ukupna negativna atmosfera, koja se stvarala kroz fosilizaciju politi\u010dke scene, na na\u010din \u0161to su ljudi po 20 godina bili poslanici, mogla promijeniti. Na taj na\u010din bi se jedna defosilizacija pokazala kao dobar po\u010detak jedne nove demokratske pri\u010de i kona\u010dnog zavr\u0161etka tranzicije na jedan uspje\u0161an na\u010din.<\/p>\n<!--YouTube Error: bad URL entered-->\n<p>&nbsp;<\/p>\n","protected":false},"excerpt":{"rendered":"<p>Dosta je slo\u017eeno da do\u0111e do demokratizacije unutar vlasti, ali nije nerealno. Mislim da je jako slo\u017eeno obzirom da su konekcije ljudi, koji su unutra vlasti, i njihove zasluge za opstanak ove vlasti svih ovih godina, toliko velike, da vrlo te\u0161ko mo\u017eemo da o\u010dekujemo da neko bude izba\u010den iz te pri\u010de. U svakom slu\u010daju mislim [&hellip;]<\/p>\n","protected":false},"author":1,"featured_media":0,"comment_status":"open","ping_status":"closed","sticky":false,"template":"","format":"standard","meta":{"spay_email":"","jetpack_publicize_message":"","jetpack_is_tweetstorm":false,"jetpack_publicize_feature_enabled":true},"categories":[8337],"tags":[1520,13706,12769,19891,4126,19,136,265],"jetpack_publicize_connections":[],"yoast_head":"<!-- This site is optimized with the Yoast SEO plugin v19.1 - https:\/\/yoast.com\/wordpress\/plugins\/seo\/ -->\n<title>Dritan Abazovic - Analiza atmosfere Ulcinja - Video - Lajme nga Ulqini<\/title>\n<meta name=\"description\" content=\"Dosta je slo\u017eeno da do\u0111e do demokratizacije unutar vlasti, ali nije nerealno. Mislim da je jako slo\u017eeno obzirom da su konekcije ljudi, koji su unutra\" \/>\n<meta name=\"robots\" content=\"index, follow, max-snippet:-1, max-image-preview:large, max-video-preview:-1\" \/>\n<link rel=\"canonical\" href=\"https:\/\/www.visit-ulcinj.com\/blog\/2012\/01\/21\/dritan-abazovic-analiza-atmosfere-ulcinja-video\/\" \/>\n<meta property=\"og:locale\" content=\"en_US\" \/>\n<meta property=\"og:type\" content=\"article\" \/>\n<meta property=\"og:title\" content=\"Dritan Abazovic - Analiza atmosfere Ulcinja - Video - Lajme nga Ulqini\" \/>\n<meta property=\"og:description\" content=\"Dosta je slo\u017eeno da do\u0111e do demokratizacije unutar vlasti, ali nije nerealno. Mislim da je jako slo\u017eeno obzirom da su konekcije ljudi, koji su unutra\" \/>\n<meta property=\"og:url\" content=\"https:\/\/www.visit-ulcinj.com\/blog\/2012\/01\/21\/dritan-abazovic-analiza-atmosfere-ulcinja-video\/\" \/>\n<meta property=\"og:site_name\" content=\"Lajme nga Ulqini\" \/>\n<meta property=\"article:published_time\" content=\"2012-01-21T17:01:40+00:00\" \/>\n<meta property=\"og:image\" content=\"http:\/\/www.visit-ulcinj.com\/blog\/wp-content\/uploads\/2012\/01\/Dritan-Abazovic-analiza-o-ulcinju.jpg\" \/>\n<meta name=\"twitter:label1\" content=\"Written by\" \/>\n\t<meta name=\"twitter:data1\" content=\"ulqini\" \/>\n\t<meta name=\"twitter:label2\" content=\"Est. reading time\" \/>\n\t<meta name=\"twitter:data2\" content=\"1 minute\" \/>\n<script type=\"application\/ld+json\" class=\"yoast-schema-graph\">{\"@context\":\"https:\/\/schema.org\",\"@graph\":[{\"@type\":\"WebSite\",\"@id\":\"https:\/\/www.visit-ulcinj.com\/blog\/#website\",\"url\":\"https:\/\/www.visit-ulcinj.com\/blog\/\",\"name\":\"Lajme nga Ulqini\",\"description\":\"Lajme,Vijesti,Ulqini,Ulqin,Crna Gora,Mali i Zi\",\"potentialAction\":[{\"@type\":\"SearchAction\",\"target\":{\"@type\":\"EntryPoint\",\"urlTemplate\":\"https:\/\/www.visit-ulcinj.com\/blog\/?s={search_term_string}\"},\"query-input\":\"required name=search_term_string\"}],\"inLanguage\":\"en-US\"},{\"@type\":\"ImageObject\",\"inLanguage\":\"en-US\",\"@id\":\"https:\/\/www.visit-ulcinj.com\/blog\/2012\/01\/21\/dritan-abazovic-analiza-atmosfere-ulcinja-video\/#primaryimage\",\"url\":\"https:\/\/www.visit-ulcinj.com\/blog\/wp-content\/uploads\/2012\/01\/Dritan-Abazovic-analiza-o-ulcinju.jpg\",\"contentUrl\":\"https:\/\/www.visit-ulcinj.com\/blog\/wp-content\/uploads\/2012\/01\/Dritan-Abazovic-analiza-o-ulcinju.jpg\",\"width\":\"960\",\"height\":\"639\"},{\"@type\":\"WebPage\",\"@id\":\"https:\/\/www.visit-ulcinj.com\/blog\/2012\/01\/21\/dritan-abazovic-analiza-atmosfere-ulcinja-video\/#webpage\",\"url\":\"https:\/\/www.visit-ulcinj.com\/blog\/2012\/01\/21\/dritan-abazovic-analiza-atmosfere-ulcinja-video\/\",\"name\":\"Dritan Abazovic - Analiza atmosfere Ulcinja - Video - Lajme nga Ulqini\",\"isPartOf\":{\"@id\":\"https:\/\/www.visit-ulcinj.com\/blog\/#website\"},\"primaryImageOfPage\":{\"@id\":\"https:\/\/www.visit-ulcinj.com\/blog\/2012\/01\/21\/dritan-abazovic-analiza-atmosfere-ulcinja-video\/#primaryimage\"},\"datePublished\":\"2012-01-21T17:01:40+00:00\",\"dateModified\":\"2012-01-21T17:01:40+00:00\",\"author\":{\"@id\":\"https:\/\/www.visit-ulcinj.com\/blog\/#\/schema\/person\/dcab619c614d3038751c63bc2aadc06d\"},\"description\":\"Dosta je slo\u017eeno da do\u0111e do demokratizacije unutar vlasti, ali nije nerealno. Mislim da je jako slo\u017eeno obzirom da su konekcije ljudi, koji su unutra\",\"breadcrumb\":{\"@id\":\"https:\/\/www.visit-ulcinj.com\/blog\/2012\/01\/21\/dritan-abazovic-analiza-atmosfere-ulcinja-video\/#breadcrumb\"},\"inLanguage\":\"en-US\",\"potentialAction\":[{\"@type\":\"ReadAction\",\"target\":[\"https:\/\/www.visit-ulcinj.com\/blog\/2012\/01\/21\/dritan-abazovic-analiza-atmosfere-ulcinja-video\/\"]}]},{\"@type\":\"BreadcrumbList\",\"@id\":\"https:\/\/www.visit-ulcinj.com\/blog\/2012\/01\/21\/dritan-abazovic-analiza-atmosfere-ulcinja-video\/#breadcrumb\",\"itemListElement\":[{\"@type\":\"ListItem\",\"position\":1,\"name\":\"Dritan Abazovic &#8211; Analiza atmosfere Ulcinja &#8211; Video\"}]},{\"@type\":\"Person\",\"@id\":\"https:\/\/www.visit-ulcinj.com\/blog\/#\/schema\/person\/dcab619c614d3038751c63bc2aadc06d\",\"name\":\"ulqini\",\"sameAs\":[\"http:\/\/www.visit-ulcinj.com\"],\"url\":\"https:\/\/www.visit-ulcinj.com\/blog\/author\/admin\/\"}]}<\/script>\n<!-- \/ Yoast SEO plugin. -->","yoast_head_json":{"title":"Dritan Abazovic - Analiza atmosfere Ulcinja - Video - Lajme nga Ulqini","description":"Dosta je slo\u017eeno da do\u0111e do demokratizacije unutar vlasti, ali nije nerealno. Mislim da je jako slo\u017eeno obzirom da su konekcije ljudi, koji su unutra","robots":{"index":"index","follow":"follow","max-snippet":"max-snippet:-1","max-image-preview":"max-image-preview:large","max-video-preview":"max-video-preview:-1"},"canonical":"https:\/\/www.visit-ulcinj.com\/blog\/2012\/01\/21\/dritan-abazovic-analiza-atmosfere-ulcinja-video\/","og_locale":"en_US","og_type":"article","og_title":"Dritan Abazovic - Analiza atmosfere Ulcinja - Video - Lajme nga Ulqini","og_description":"Dosta je slo\u017eeno da do\u0111e do demokratizacije unutar vlasti, ali nije nerealno. Mislim da je jako slo\u017eeno obzirom da su konekcije ljudi, koji su unutra","og_url":"https:\/\/www.visit-ulcinj.com\/blog\/2012\/01\/21\/dritan-abazovic-analiza-atmosfere-ulcinja-video\/","og_site_name":"Lajme nga Ulqini","article_published_time":"2012-01-21T17:01:40+00:00","og_image":[{"url":"http:\/\/www.visit-ulcinj.com\/blog\/wp-content\/uploads\/2012\/01\/Dritan-Abazovic-analiza-o-ulcinju.jpg"}],"twitter_misc":{"Written by":"ulqini","Est. reading time":"1 minute"},"schema":{"@context":"https:\/\/schema.org","@graph":[{"@type":"WebSite","@id":"https:\/\/www.visit-ulcinj.com\/blog\/#website","url":"https:\/\/www.visit-ulcinj.com\/blog\/","name":"Lajme nga Ulqini","description":"Lajme,Vijesti,Ulqini,Ulqin,Crna Gora,Mali i Zi","potentialAction":[{"@type":"SearchAction","target":{"@type":"EntryPoint","urlTemplate":"https:\/\/www.visit-ulcinj.com\/blog\/?s={search_term_string}"},"query-input":"required name=search_term_string"}],"inLanguage":"en-US"},{"@type":"ImageObject","inLanguage":"en-US","@id":"https:\/\/www.visit-ulcinj.com\/blog\/2012\/01\/21\/dritan-abazovic-analiza-atmosfere-ulcinja-video\/#primaryimage","url":"https:\/\/www.visit-ulcinj.com\/blog\/wp-content\/uploads\/2012\/01\/Dritan-Abazovic-analiza-o-ulcinju.jpg","contentUrl":"https:\/\/www.visit-ulcinj.com\/blog\/wp-content\/uploads\/2012\/01\/Dritan-Abazovic-analiza-o-ulcinju.jpg","width":"960","height":"639"},{"@type":"WebPage","@id":"https:\/\/www.visit-ulcinj.com\/blog\/2012\/01\/21\/dritan-abazovic-analiza-atmosfere-ulcinja-video\/#webpage","url":"https:\/\/www.visit-ulcinj.com\/blog\/2012\/01\/21\/dritan-abazovic-analiza-atmosfere-ulcinja-video\/","name":"Dritan Abazovic - Analiza atmosfere Ulcinja - Video - Lajme nga Ulqini","isPartOf":{"@id":"https:\/\/www.visit-ulcinj.com\/blog\/#website"},"primaryImageOfPage":{"@id":"https:\/\/www.visit-ulcinj.com\/blog\/2012\/01\/21\/dritan-abazovic-analiza-atmosfere-ulcinja-video\/#primaryimage"},"datePublished":"2012-01-21T17:01:40+00:00","dateModified":"2012-01-21T17:01:40+00:00","author":{"@id":"https:\/\/www.visit-ulcinj.com\/blog\/#\/schema\/person\/dcab619c614d3038751c63bc2aadc06d"},"description":"Dosta je slo\u017eeno da do\u0111e do demokratizacije unutar vlasti, ali nije nerealno. Mislim da je jako slo\u017eeno obzirom da su konekcije ljudi, koji su unutra","breadcrumb":{"@id":"https:\/\/www.visit-ulcinj.com\/blog\/2012\/01\/21\/dritan-abazovic-analiza-atmosfere-ulcinja-video\/#breadcrumb"},"inLanguage":"en-US","potentialAction":[{"@type":"ReadAction","target":["https:\/\/www.visit-ulcinj.com\/blog\/2012\/01\/21\/dritan-abazovic-analiza-atmosfere-ulcinja-video\/"]}]},{"@type":"BreadcrumbList","@id":"https:\/\/www.visit-ulcinj.com\/blog\/2012\/01\/21\/dritan-abazovic-analiza-atmosfere-ulcinja-video\/#breadcrumb","itemListElement":[{"@type":"ListItem","position":1,"name":"Dritan Abazovic &#8211; Analiza atmosfere Ulcinja &#8211; Video"}]},{"@type":"Person","@id":"https:\/\/www.visit-ulcinj.com\/blog\/#\/schema\/person\/dcab619c614d3038751c63bc2aadc06d","name":"ulqini","sameAs":["http:\/\/www.visit-ulcinj.com"],"url":"https:\/\/www.visit-ulcinj.com\/blog\/author\/admin\/"}]}},"jetpack_featured_media_url":"","jetpack_sharing_enabled":true,"jetpack_shortlink":"https:\/\/wp.me\/pe6lTn-eCC","_links":{"self":[{"href":"https:\/\/www.visit-ulcinj.com\/blog\/wp-json\/wp\/v2\/posts\/56210"}],"collection":[{"href":"https:\/\/www.visit-ulcinj.com\/blog\/wp-json\/wp\/v2\/posts"}],"about":[{"href":"https:\/\/www.visit-ulcinj.com\/blog\/wp-json\/wp\/v2\/types\/post"}],"author":[{"embeddable":true,"href":"https:\/\/www.visit-ulcinj.com\/blog\/wp-json\/wp\/v2\/users\/1"}],"replies":[{"embeddable":true,"href":"https:\/\/www.visit-ulcinj.com\/blog\/wp-json\/wp\/v2\/comments?post=56210"}],"version-history":[{"count":2,"href":"https:\/\/www.visit-ulcinj.com\/blog\/wp-json\/wp\/v2\/posts\/56210\/revisions"}],"predecessor-version":[{"id":56242,"href":"https:\/\/www.visit-ulcinj.com\/blog\/wp-json\/wp\/v2\/posts\/56210\/revisions\/56242"}],"wp:attachment":[{"href":"https:\/\/www.visit-ulcinj.com\/blog\/wp-json\/wp\/v2\/media?parent=56210"}],"wp:term":[{"taxonomy":"category","embeddable":true,"href":"https:\/\/www.visit-ulcinj.com\/blog\/wp-json\/wp\/v2\/categories?post=56210"},{"taxonomy":"post_tag","embeddable":true,"href":"https:\/\/www.visit-ulcinj.com\/blog\/wp-json\/wp\/v2\/tags?post=56210"}],"curies":[{"name":"wp","href":"https:\/\/api.w.org\/{rel}","templated":true}]}}