{"id":56238,"date":"2012-01-23T18:06:26","date_gmt":"2012-01-23T17:06:26","guid":{"rendered":"http:\/\/www.visit-ulcinj.com\/blog\/?p=56238"},"modified":"2012-01-23T18:07:12","modified_gmt":"2012-01-23T17:07:12","slug":"abazovic-puca-savez-dps-dua","status":"publish","type":"post","link":"https:\/\/www.visit-ulcinj.com\/blog\/2012\/01\/23\/abazovic-puca-savez-dps-dua\/","title":{"rendered":"Abazovic: Puca savez DPS\u2013DUA"},"content":{"rendered":"<p><a href=\"http:\/\/www.visit-ulcinj.com\/blog\/wp-content\/uploads\/2012\/01\/Abazovic_Puca-savez-DPS\u2013DUA.jpg\"><img loading=\"lazy\" class=\"alignleft size-full wp-image-56239\" title=\"Abazovic_Puca savez DPS\u2013DUA\" src=\"http:\/\/www.visit-ulcinj.com\/blog\/wp-content\/uploads\/2012\/01\/Abazovic_Puca-savez-DPS\u2013DUA.jpg\" alt=\"\" width=\"508\" height=\"339\" srcset=\"https:\/\/www.visit-ulcinj.com\/blog\/wp-content\/uploads\/2012\/01\/Abazovic_Puca-savez-DPS\u2013DUA.jpg 508w, https:\/\/www.visit-ulcinj.com\/blog\/wp-content\/uploads\/2012\/01\/Abazovic_Puca-savez-DPS\u2013DUA-300x200.jpg 300w\" sizes=\"(max-width: 508px) 100vw, 508px\" \/><\/a>Dritan Abazovi\u0107 ocjenjuje da gubitak vlasti u Ulcinju i afere donose prekid saradnje u vladaju\u0107oj koaliciji<br \/>\nPolitikolog i \u010dlan Foruma 2010 Dritan Abazovi\u0107 ocijenio je ju\u010de da bi neka druga albanska partija mogla zamijeniti Demokratsku uniju Albanaca (DUA) u koaliciji sa DPS-om na dr\u017eavnom nivou, uz iste uslove. Abazovi\u0107 je za \u201eDan\u201d istakao da je su\u0161tinsko pitanje da li \u0107e DPS htjeti vi\u0161e savez sa DUA, s obzirom na poslednja de\u0161avanja, kao i na o\u010digledni pad rejtinga Unije u albanskom bira\u010dkom tjelu.<br \/>\n\u2013 Ako ovome dodamo lo\u0161u kadrovsku politiku DUA, afere koje prate njene \u010delnike, kao i gubitak lokalne vlasti u Ulcinju, te\u0161ko. Vjerovatno \u0107e DPS dobro procijeniti \u0161ta mu je \u010diniti, ali se najvi\u0161e pla\u0161im mogu\u0107nosti da neka druga albanska partija zamijeni DUA na dr\u017eavnom nivou, uz iste uslove \u2013 podvukao je Abazovi\u0107.<br \/>\nPodsjetimo, DPS i DUA su jo\u0161 od kraja devedesetih godina u savezu, a lider DPS-a Milo \u0110ukanovi\u0107 i biv\u0161i \u0161ef DUA Ferhat Dino\u0161a, koji je danas ambasador u Albaniji, sara\u0111ivali su na brojnim projektima.<br \/>\nNa\u0161 sagovornik ocjenjuje da DPS sigurno traga za \u010dvrstim partnerima u albanskom politi\u010dkom korpusu. Upozorio je da snaga ponekad nije presudna jer je praksa pokazala da nekad u DPS-u prevagnu li\u010dne preferencije rukuvodstva ili lidera u odnosu na kvalitet partnera.<br \/>\n<a href=\"http:\/\/www.visit-ulcinj.com\/blog\/?attachment_id=56240\" rel=\"attachment wp-att-56240\"><img loading=\"lazy\" class=\"alignleft  wp-image-56240\" title=\"DPS ULCINJ.1\" src=\"http:\/\/www.visit-ulcinj.com\/blog\/wp-content\/uploads\/2012\/01\/DPS-ULCINJ.1.jpg\" alt=\"\" width=\"508\" height=\"300\" \/><\/a><br \/>\n\u2013 Zabrinjavaju\u0107e je da su i druge albanske partije sklone savezu sa DPS-om, \u0161to je potpuno nelogi\u010dno, ako znamo da ne postoje jasne platforme koje kanali\u0161u zahtjeve albanskog naroda. Mnogo je va\u017enije \u0161to je DPS glavni i najve\u0107i krivac za lo\u0161u ekonomsku i socijalnu situaciju ove populacije. To, prema mom mi\u0161ljenju, nije prepreka nekim \u010delnicima albanskih stranaka da potr\u010de u zagrljaj najve\u0107oj partiji, naro\u010dito ako ona i na narednim izborima poka\u017ee svoju supremaciju \u2013 istakao je Abazovi\u0107.<br \/>\nPo njegovoj ocjeni, politi\u010dki je takvo postupanje albanskih stranaka krajnje neprincipijeno i suprotno zahtjevima bira\u010da.<br \/>\n\u2013 Na\u017ealost ili na radost pojedinaca, takva nam je izgleda sudbina. Ta\u010dno je da je DPS-u DUA i dalje glavni saveznik na dr\u017eavnom nivou, zbog legitimnosti i podr\u0161ke koju su pru\u017eali DPS-u svih ovih godina kroz razne propale i proma\u0161ene projekte. Me\u0111utim, nakon izbora i po\u0161to se u procentima iska\u017ee snaga svakog subjekta pojedina\u010dno, taj savez mo\u017ee da se okona\u010da. Va\u017eno je samo jasno ista\u0107i zahtjeve prilikom stavranja novog saveza, kako neko drugi ne bi do\u0161ao u situaciju kao \u0161to je to bila DUA, izigravaju\u0107i \u201efikus\u201d za dekor ambijenta Vlade Crne Gore \u2013 kazao je Abazovi\u0107.<\/p>\n<p><a href=\"http:\/\/www.dan.co.me\/?nivo=3&amp;rubrika=Politika&amp;clanak=316856&amp;datum=2012-01-23\" target=\"_blank\"><strong>M.V.<\/strong><br \/>\n<strong> Izvor: DAN<\/strong><\/a><\/p>\n<!--YouTube Error: bad URL entered-->\n","protected":false},"excerpt":{"rendered":"<p>Dritan Abazovi\u0107 ocjenjuje da gubitak vlasti u Ulcinju i afere donose prekid saradnje u vladaju\u0107oj koaliciji Politikolog i \u010dlan Foruma 2010 Dritan Abazovi\u0107 ocijenio je ju\u010de da bi neka druga albanska partija mogla zamijeniti Demokratsku uniju Albanaca (DUA) u koaliciji sa DPS-om na dr\u017eavnom nivou, uz iste uslove. Abazovi\u0107 je za \u201eDan\u201d istakao da je [&hellip;]<\/p>\n","protected":false},"author":1,"featured_media":0,"comment_status":"open","ping_status":"closed","sticky":false,"template":"","format":"standard","meta":{"spay_email":"","jetpack_publicize_message":"","jetpack_is_tweetstorm":false,"jetpack_publicize_feature_enabled":true},"categories":[8337],"tags":[530,13706,87,19],"jetpack_publicize_connections":[],"yoast_head":"<!-- This site is optimized with the Yoast SEO plugin v19.1 - https:\/\/yoast.com\/wordpress\/plugins\/seo\/ -->\n<title>Abazovic: Puca savez DPS\u2013DUA - Lajme nga Ulqini<\/title>\n<meta name=\"description\" content=\"Dritan Abazovi\u0107 ocjenjuje da gubitak vlasti u Ulcinju i afere donose prekid saradnje u vladaju\u0107oj koaliciji Politikolog i \u010dlan Foruma 2010 Dritan Abazovi\u0107\" \/>\n<meta name=\"robots\" content=\"index, follow, max-snippet:-1, max-image-preview:large, max-video-preview:-1\" \/>\n<link rel=\"canonical\" href=\"https:\/\/www.visit-ulcinj.com\/blog\/2012\/01\/23\/abazovic-puca-savez-dps-dua\/\" \/>\n<meta property=\"og:locale\" content=\"en_US\" \/>\n<meta property=\"og:type\" content=\"article\" \/>\n<meta property=\"og:title\" content=\"Abazovic: Puca savez DPS\u2013DUA - Lajme nga Ulqini\" \/>\n<meta property=\"og:description\" content=\"Dritan Abazovi\u0107 ocjenjuje da gubitak vlasti u Ulcinju i afere donose prekid saradnje u vladaju\u0107oj koaliciji Politikolog i \u010dlan Foruma 2010 Dritan Abazovi\u0107\" \/>\n<meta property=\"og:url\" content=\"https:\/\/www.visit-ulcinj.com\/blog\/2012\/01\/23\/abazovic-puca-savez-dps-dua\/\" \/>\n<meta property=\"og:site_name\" content=\"Lajme nga Ulqini\" \/>\n<meta property=\"article:published_time\" content=\"2012-01-23T17:06:26+00:00\" \/>\n<meta property=\"article:modified_time\" content=\"2012-01-23T17:07:12+00:00\" \/>\n<meta property=\"og:image\" content=\"http:\/\/www.visit-ulcinj.com\/blog\/wp-content\/uploads\/2012\/01\/DPS-ULCINJ.1.jpg\" \/>\n<meta name=\"twitter:label1\" content=\"Written by\" \/>\n\t<meta name=\"twitter:data1\" content=\"ulqini\" \/>\n\t<meta name=\"twitter:label2\" content=\"Est. reading time\" \/>\n\t<meta name=\"twitter:data2\" content=\"2 minutes\" \/>\n<script type=\"application\/ld+json\" class=\"yoast-schema-graph\">{\"@context\":\"https:\/\/schema.org\",\"@graph\":[{\"@type\":\"WebSite\",\"@id\":\"https:\/\/www.visit-ulcinj.com\/blog\/#website\",\"url\":\"https:\/\/www.visit-ulcinj.com\/blog\/\",\"name\":\"Lajme nga Ulqini\",\"description\":\"Lajme,Vijesti,Ulqini,Ulqin,Crna Gora,Mali i Zi\",\"potentialAction\":[{\"@type\":\"SearchAction\",\"target\":{\"@type\":\"EntryPoint\",\"urlTemplate\":\"https:\/\/www.visit-ulcinj.com\/blog\/?s={search_term_string}\"},\"query-input\":\"required name=search_term_string\"}],\"inLanguage\":\"en-US\"},{\"@type\":\"ImageObject\",\"inLanguage\":\"en-US\",\"@id\":\"https:\/\/www.visit-ulcinj.com\/blog\/2012\/01\/23\/abazovic-puca-savez-dps-dua\/#primaryimage\",\"url\":\"https:\/\/www.visit-ulcinj.com\/blog\/wp-content\/uploads\/2012\/01\/DPS-ULCINJ.1.jpg\",\"contentUrl\":\"https:\/\/www.visit-ulcinj.com\/blog\/wp-content\/uploads\/2012\/01\/DPS-ULCINJ.1.jpg\",\"width\":\"960\",\"height\":\"640\"},{\"@type\":\"WebPage\",\"@id\":\"https:\/\/www.visit-ulcinj.com\/blog\/2012\/01\/23\/abazovic-puca-savez-dps-dua\/#webpage\",\"url\":\"https:\/\/www.visit-ulcinj.com\/blog\/2012\/01\/23\/abazovic-puca-savez-dps-dua\/\",\"name\":\"Abazovic: Puca savez DPS\u2013DUA - Lajme nga Ulqini\",\"isPartOf\":{\"@id\":\"https:\/\/www.visit-ulcinj.com\/blog\/#website\"},\"primaryImageOfPage\":{\"@id\":\"https:\/\/www.visit-ulcinj.com\/blog\/2012\/01\/23\/abazovic-puca-savez-dps-dua\/#primaryimage\"},\"datePublished\":\"2012-01-23T17:06:26+00:00\",\"dateModified\":\"2012-01-23T17:07:12+00:00\",\"author\":{\"@id\":\"https:\/\/www.visit-ulcinj.com\/blog\/#\/schema\/person\/dcab619c614d3038751c63bc2aadc06d\"},\"description\":\"Dritan Abazovi\u0107 ocjenjuje da gubitak vlasti u Ulcinju i afere donose prekid saradnje u vladaju\u0107oj koaliciji Politikolog i \u010dlan Foruma 2010 Dritan Abazovi\u0107\",\"breadcrumb\":{\"@id\":\"https:\/\/www.visit-ulcinj.com\/blog\/2012\/01\/23\/abazovic-puca-savez-dps-dua\/#breadcrumb\"},\"inLanguage\":\"en-US\",\"potentialAction\":[{\"@type\":\"ReadAction\",\"target\":[\"https:\/\/www.visit-ulcinj.com\/blog\/2012\/01\/23\/abazovic-puca-savez-dps-dua\/\"]}]},{\"@type\":\"BreadcrumbList\",\"@id\":\"https:\/\/www.visit-ulcinj.com\/blog\/2012\/01\/23\/abazovic-puca-savez-dps-dua\/#breadcrumb\",\"itemListElement\":[{\"@type\":\"ListItem\",\"position\":1,\"name\":\"Abazovic: Puca savez DPS\u2013DUA\"}]},{\"@type\":\"Person\",\"@id\":\"https:\/\/www.visit-ulcinj.com\/blog\/#\/schema\/person\/dcab619c614d3038751c63bc2aadc06d\",\"name\":\"ulqini\",\"sameAs\":[\"http:\/\/www.visit-ulcinj.com\"],\"url\":\"https:\/\/www.visit-ulcinj.com\/blog\/author\/admin\/\"}]}<\/script>\n<!-- \/ Yoast SEO plugin. -->","yoast_head_json":{"title":"Abazovic: Puca savez DPS\u2013DUA - Lajme nga Ulqini","description":"Dritan Abazovi\u0107 ocjenjuje da gubitak vlasti u Ulcinju i afere donose prekid saradnje u vladaju\u0107oj koaliciji Politikolog i \u010dlan Foruma 2010 Dritan Abazovi\u0107","robots":{"index":"index","follow":"follow","max-snippet":"max-snippet:-1","max-image-preview":"max-image-preview:large","max-video-preview":"max-video-preview:-1"},"canonical":"https:\/\/www.visit-ulcinj.com\/blog\/2012\/01\/23\/abazovic-puca-savez-dps-dua\/","og_locale":"en_US","og_type":"article","og_title":"Abazovic: Puca savez DPS\u2013DUA - Lajme nga Ulqini","og_description":"Dritan Abazovi\u0107 ocjenjuje da gubitak vlasti u Ulcinju i afere donose prekid saradnje u vladaju\u0107oj koaliciji Politikolog i \u010dlan Foruma 2010 Dritan Abazovi\u0107","og_url":"https:\/\/www.visit-ulcinj.com\/blog\/2012\/01\/23\/abazovic-puca-savez-dps-dua\/","og_site_name":"Lajme nga Ulqini","article_published_time":"2012-01-23T17:06:26+00:00","article_modified_time":"2012-01-23T17:07:12+00:00","og_image":[{"url":"http:\/\/www.visit-ulcinj.com\/blog\/wp-content\/uploads\/2012\/01\/DPS-ULCINJ.1.jpg"}],"twitter_misc":{"Written by":"ulqini","Est. reading time":"2 minutes"},"schema":{"@context":"https:\/\/schema.org","@graph":[{"@type":"WebSite","@id":"https:\/\/www.visit-ulcinj.com\/blog\/#website","url":"https:\/\/www.visit-ulcinj.com\/blog\/","name":"Lajme nga Ulqini","description":"Lajme,Vijesti,Ulqini,Ulqin,Crna Gora,Mali i Zi","potentialAction":[{"@type":"SearchAction","target":{"@type":"EntryPoint","urlTemplate":"https:\/\/www.visit-ulcinj.com\/blog\/?s={search_term_string}"},"query-input":"required name=search_term_string"}],"inLanguage":"en-US"},{"@type":"ImageObject","inLanguage":"en-US","@id":"https:\/\/www.visit-ulcinj.com\/blog\/2012\/01\/23\/abazovic-puca-savez-dps-dua\/#primaryimage","url":"https:\/\/www.visit-ulcinj.com\/blog\/wp-content\/uploads\/2012\/01\/DPS-ULCINJ.1.jpg","contentUrl":"https:\/\/www.visit-ulcinj.com\/blog\/wp-content\/uploads\/2012\/01\/DPS-ULCINJ.1.jpg","width":"960","height":"640"},{"@type":"WebPage","@id":"https:\/\/www.visit-ulcinj.com\/blog\/2012\/01\/23\/abazovic-puca-savez-dps-dua\/#webpage","url":"https:\/\/www.visit-ulcinj.com\/blog\/2012\/01\/23\/abazovic-puca-savez-dps-dua\/","name":"Abazovic: Puca savez DPS\u2013DUA - Lajme nga Ulqini","isPartOf":{"@id":"https:\/\/www.visit-ulcinj.com\/blog\/#website"},"primaryImageOfPage":{"@id":"https:\/\/www.visit-ulcinj.com\/blog\/2012\/01\/23\/abazovic-puca-savez-dps-dua\/#primaryimage"},"datePublished":"2012-01-23T17:06:26+00:00","dateModified":"2012-01-23T17:07:12+00:00","author":{"@id":"https:\/\/www.visit-ulcinj.com\/blog\/#\/schema\/person\/dcab619c614d3038751c63bc2aadc06d"},"description":"Dritan Abazovi\u0107 ocjenjuje da gubitak vlasti u Ulcinju i afere donose prekid saradnje u vladaju\u0107oj koaliciji Politikolog i \u010dlan Foruma 2010 Dritan Abazovi\u0107","breadcrumb":{"@id":"https:\/\/www.visit-ulcinj.com\/blog\/2012\/01\/23\/abazovic-puca-savez-dps-dua\/#breadcrumb"},"inLanguage":"en-US","potentialAction":[{"@type":"ReadAction","target":["https:\/\/www.visit-ulcinj.com\/blog\/2012\/01\/23\/abazovic-puca-savez-dps-dua\/"]}]},{"@type":"BreadcrumbList","@id":"https:\/\/www.visit-ulcinj.com\/blog\/2012\/01\/23\/abazovic-puca-savez-dps-dua\/#breadcrumb","itemListElement":[{"@type":"ListItem","position":1,"name":"Abazovic: Puca savez DPS\u2013DUA"}]},{"@type":"Person","@id":"https:\/\/www.visit-ulcinj.com\/blog\/#\/schema\/person\/dcab619c614d3038751c63bc2aadc06d","name":"ulqini","sameAs":["http:\/\/www.visit-ulcinj.com"],"url":"https:\/\/www.visit-ulcinj.com\/blog\/author\/admin\/"}]}},"jetpack_featured_media_url":"","jetpack_sharing_enabled":true,"jetpack_shortlink":"https:\/\/wp.me\/pe6lTn-eD4","_links":{"self":[{"href":"https:\/\/www.visit-ulcinj.com\/blog\/wp-json\/wp\/v2\/posts\/56238"}],"collection":[{"href":"https:\/\/www.visit-ulcinj.com\/blog\/wp-json\/wp\/v2\/posts"}],"about":[{"href":"https:\/\/www.visit-ulcinj.com\/blog\/wp-json\/wp\/v2\/types\/post"}],"author":[{"embeddable":true,"href":"https:\/\/www.visit-ulcinj.com\/blog\/wp-json\/wp\/v2\/users\/1"}],"replies":[{"embeddable":true,"href":"https:\/\/www.visit-ulcinj.com\/blog\/wp-json\/wp\/v2\/comments?post=56238"}],"version-history":[{"count":3,"href":"https:\/\/www.visit-ulcinj.com\/blog\/wp-json\/wp\/v2\/posts\/56238\/revisions"}],"predecessor-version":[{"id":56244,"href":"https:\/\/www.visit-ulcinj.com\/blog\/wp-json\/wp\/v2\/posts\/56238\/revisions\/56244"}],"wp:attachment":[{"href":"https:\/\/www.visit-ulcinj.com\/blog\/wp-json\/wp\/v2\/media?parent=56238"}],"wp:term":[{"taxonomy":"category","embeddable":true,"href":"https:\/\/www.visit-ulcinj.com\/blog\/wp-json\/wp\/v2\/categories?post=56238"},{"taxonomy":"post_tag","embeddable":true,"href":"https:\/\/www.visit-ulcinj.com\/blog\/wp-json\/wp\/v2\/tags?post=56238"}],"curies":[{"name":"wp","href":"https:\/\/api.w.org\/{rel}","templated":true}]}}