{"id":56282,"date":"2012-01-24T21:11:27","date_gmt":"2012-01-24T20:11:27","guid":{"rendered":"http:\/\/www.visit-ulcinj.com\/blog\/?p=56282"},"modified":"2012-01-24T21:12:09","modified_gmt":"2012-01-24T20:12:09","slug":"sali-berisha-neser-ne-podgorice","status":"publish","type":"post","link":"https:\/\/www.visit-ulcinj.com\/blog\/2012\/01\/24\/sali-berisha-neser-ne-podgorice\/","title":{"rendered":"Sali Berisha neser n\u00eb Podgoric\u00eb"},"content":{"rendered":"<p><a href=\"http:\/\/www.visit-ulcinj.com\/blog\/wp-content\/uploads\/2012\/01\/Kryeministri-Berisha-nes\u00ebr-n\u00eb-mal-te-zi.jpg\"><img loading=\"lazy\" class=\"alignleft size-full wp-image-56283\" title=\"SAMSUNG DIGITAL CAMERA\" src=\"http:\/\/www.visit-ulcinj.com\/blog\/wp-content\/uploads\/2012\/01\/Kryeministri-Berisha-nes\u00ebr-n\u00eb-mal-te-zi.jpg\" alt=\"\" width=\"490\" height=\"372\" srcset=\"https:\/\/www.visit-ulcinj.com\/blog\/wp-content\/uploads\/2012\/01\/Kryeministri-Berisha-nes\u00ebr-n\u00eb-mal-te-zi.jpg 490w, https:\/\/www.visit-ulcinj.com\/blog\/wp-content\/uploads\/2012\/01\/Kryeministri-Berisha-nes\u00ebr-n\u00eb-mal-te-zi-300x227.jpg 300w\" sizes=\"(max-width: 490px) 100vw, 490px\" \/><\/a>Kryeministri i Shqip\u00ebris\u00eb Sali Berisha nes\u00ebr qendron p\u00ebr vizit\u00eb zyrtare n\u00eb Mal t\u00eb Zi. Ai fillimisht do t\u00eb q\u00ebndroj\u00eb n\u00eb Ulqin ku do t\u00eb takohet me kryetarin dhe n\u00ebnkryetarin e Komun\u00ebs s\u00eb Ulqinit Nazif Cungu dhe Xhaudet Cakuli si dhe me p\u00ebrfaq\u00ebsuesit tjer\u00eb t\u00eb k\u00ebsaj komune.<br \/>\nPas q\u00ebndrimit n\u00eb Ulqin kryeministri shqiptar\u00eb do t\u00eb q\u00ebndroj\u00eb n\u00eb Podgoric\u00eb me \u00e7&#8217;rast paralaj\u00ebrohen takime me zyrtar\u00ebt e shtetit malazez\u00eb. Kryeministri Berisha do t\u00eb takohet n\u00eb Vilen Gorica me presidentin Filip Vujanoviq, pastaj me kryeministrin Igor Llukshiq dhe me n\u00ebnkryetarin e Kuvendit Zhelko Shturanoviq. Si\u00e7 paralajm\u00ebrohet nj\u00eb vizit\u00eb e shkurt\u00ebr kryeministri i Shqip\u00ebris\u00eb do ta realizoj\u00eb edhe n\u00eb Tuz. N\u00eb or\u00ebt e pasdit\u00ebs ai do t\u00eb takohet me kryetarin e Komun\u00ebs urbane Nikoll\u00eb Gegaj si dhe me udh\u00ebheq\u00ebsin e k\u00ebsaj komune. N\u00eb programin e vizit\u00ebs s\u00eb kryeministrit t\u00eb Shqip\u00ebris\u00eb priten takime edhe me kryetarin e PDS-s\u00eb Millo Gjukanoviq, me deputet shqiptar\u00eb n\u00eb parlamenitin e Malit t\u00eb Zi Mehmet Bardhi, Vasel Sinishtaj, Genci Nimanbegu dhe Mehmet Zenka. Gjat qendrimit n\u00eb Mal t\u00eb Zi paralajm\u00ebrohet se do t\u00eb n\u00ebnshkruhet marr\u00ebveshja mes qeverive t\u00eb Malit t\u00eb Zi dhe Shqip\u00ebris\u00eb p\u00ebr caktimin e vendkalimit t\u00eb p\u00ebrbashk\u00ebt kufitar\u00eb n\u00eb Grabom , n\u00eb Cem t\u00eb Trieshit si dhe vendkalimet kufitare Vraniq e Qerem. Marr\u00ebveshjen si\u00e7 thuhet n\u00eb kumtes\u00ebn e qeveris\u00eb do ta n\u00ebnshkruajn\u00eb ambasadori i Malit t\u00eb Zi n\u00eb Shqip\u00ebri, Zhelko Peroviq, dhe ambasadori shqiptar n\u00eb Mal t\u00eb Zi,Tonin Beci.<br \/>\nN\u00eb kumt\u00ebs\u00ebn e qeveris\u00eb po ashtu thuhet se pas takimit mes dy kryeministrave Llukshiq-Berisha do t\u00eb organizohet edhe nj\u00eb konferenc\u00eb e p\u00ebrbashk\u00ebt p\u00ebr gazetar\u00ebt n\u00eb Vil\u00ebn Gorica.<\/p>\n<p><strong>TVCG<\/strong><\/p>\n","protected":false},"excerpt":{"rendered":"<p>Kryeministri i Shqip\u00ebris\u00eb Sali Berisha nes\u00ebr qendron p\u00ebr vizit\u00eb zyrtare n\u00eb Mal t\u00eb Zi. Ai fillimisht do t\u00eb q\u00ebndroj\u00eb n\u00eb Ulqin ku do t\u00eb takohet me kryetarin dhe n\u00ebnkryetarin e Komun\u00ebs s\u00eb Ulqinit Nazif Cungu dhe Xhaudet Cakuli si dhe me p\u00ebrfaq\u00ebsuesit tjer\u00eb t\u00eb k\u00ebsaj komune. Pas q\u00ebndrimit n\u00eb Ulqin kryeministri shqiptar\u00eb do t\u00eb q\u00ebndroj\u00eb [&hellip;]<\/p>\n","protected":false},"author":1,"featured_media":0,"comment_status":"open","ping_status":"closed","sticky":false,"template":"","format":"standard","meta":{"spay_email":"","jetpack_publicize_message":"","jetpack_is_tweetstorm":false,"jetpack_publicize_feature_enabled":true},"categories":[14],"tags":[95,2224,200,18],"jetpack_publicize_connections":[],"yoast_head":"<!-- This site is optimized with the Yoast SEO plugin v19.1 - https:\/\/yoast.com\/wordpress\/plugins\/seo\/ -->\n<title>Sali Berisha neser n\u00eb Podgoric\u00eb - Lajme nga Ulqini<\/title>\n<meta name=\"description\" content=\"Kryeministri i Shqip\u00ebris\u00eb Sali Berisha nes\u00ebr qendron p\u00ebr vizit\u00eb zyrtare n\u00eb Mal t\u00eb Zi. Ai fillimisht do t\u00eb q\u00ebndroj\u00eb n\u00eb Ulqin ku do t\u00eb takohet me kryetarin\" \/>\n<meta name=\"robots\" content=\"index, follow, max-snippet:-1, max-image-preview:large, max-video-preview:-1\" \/>\n<link rel=\"canonical\" href=\"https:\/\/www.visit-ulcinj.com\/blog\/2012\/01\/24\/sali-berisha-neser-ne-podgorice\/\" \/>\n<meta property=\"og:locale\" content=\"en_US\" \/>\n<meta property=\"og:type\" content=\"article\" \/>\n<meta property=\"og:title\" content=\"Sali Berisha neser n\u00eb Podgoric\u00eb - Lajme nga Ulqini\" \/>\n<meta property=\"og:description\" content=\"Kryeministri i Shqip\u00ebris\u00eb Sali Berisha nes\u00ebr qendron p\u00ebr vizit\u00eb zyrtare n\u00eb Mal t\u00eb Zi. Ai fillimisht do t\u00eb q\u00ebndroj\u00eb n\u00eb Ulqin ku do t\u00eb takohet me kryetarin\" \/>\n<meta property=\"og:url\" content=\"https:\/\/www.visit-ulcinj.com\/blog\/2012\/01\/24\/sali-berisha-neser-ne-podgorice\/\" \/>\n<meta property=\"og:site_name\" content=\"Lajme nga Ulqini\" \/>\n<meta property=\"article:published_time\" content=\"2012-01-24T20:11:27+00:00\" \/>\n<meta property=\"article:modified_time\" content=\"2012-01-24T20:12:09+00:00\" \/>\n<meta name=\"twitter:label1\" content=\"Written by\" \/>\n\t<meta name=\"twitter:data1\" content=\"ulqini\" \/>\n\t<meta name=\"twitter:label2\" content=\"Est. reading time\" \/>\n\t<meta name=\"twitter:data2\" content=\"2 minutes\" \/>\n<script type=\"application\/ld+json\" class=\"yoast-schema-graph\">{\"@context\":\"https:\/\/schema.org\",\"@graph\":[{\"@type\":\"WebSite\",\"@id\":\"https:\/\/www.visit-ulcinj.com\/blog\/#website\",\"url\":\"https:\/\/www.visit-ulcinj.com\/blog\/\",\"name\":\"Lajme nga Ulqini\",\"description\":\"Lajme,Vijesti,Ulqini,Ulqin,Crna Gora,Mali i Zi\",\"potentialAction\":[{\"@type\":\"SearchAction\",\"target\":{\"@type\":\"EntryPoint\",\"urlTemplate\":\"https:\/\/www.visit-ulcinj.com\/blog\/?s={search_term_string}\"},\"query-input\":\"required name=search_term_string\"}],\"inLanguage\":\"en-US\"},{\"@type\":\"WebPage\",\"@id\":\"https:\/\/www.visit-ulcinj.com\/blog\/2012\/01\/24\/sali-berisha-neser-ne-podgorice\/#webpage\",\"url\":\"https:\/\/www.visit-ulcinj.com\/blog\/2012\/01\/24\/sali-berisha-neser-ne-podgorice\/\",\"name\":\"Sali Berisha neser n\u00eb Podgoric\u00eb - Lajme nga Ulqini\",\"isPartOf\":{\"@id\":\"https:\/\/www.visit-ulcinj.com\/blog\/#website\"},\"datePublished\":\"2012-01-24T20:11:27+00:00\",\"dateModified\":\"2012-01-24T20:12:09+00:00\",\"author\":{\"@id\":\"https:\/\/www.visit-ulcinj.com\/blog\/#\/schema\/person\/dcab619c614d3038751c63bc2aadc06d\"},\"description\":\"Kryeministri i Shqip\u00ebris\u00eb Sali Berisha nes\u00ebr qendron p\u00ebr vizit\u00eb zyrtare n\u00eb Mal t\u00eb Zi. Ai fillimisht do t\u00eb q\u00ebndroj\u00eb n\u00eb Ulqin ku do t\u00eb takohet me kryetarin\",\"breadcrumb\":{\"@id\":\"https:\/\/www.visit-ulcinj.com\/blog\/2012\/01\/24\/sali-berisha-neser-ne-podgorice\/#breadcrumb\"},\"inLanguage\":\"en-US\",\"potentialAction\":[{\"@type\":\"ReadAction\",\"target\":[\"https:\/\/www.visit-ulcinj.com\/blog\/2012\/01\/24\/sali-berisha-neser-ne-podgorice\/\"]}]},{\"@type\":\"BreadcrumbList\",\"@id\":\"https:\/\/www.visit-ulcinj.com\/blog\/2012\/01\/24\/sali-berisha-neser-ne-podgorice\/#breadcrumb\",\"itemListElement\":[{\"@type\":\"ListItem\",\"position\":1,\"name\":\"Sali Berisha neser n\u00eb Podgoric\u00eb\"}]},{\"@type\":\"Person\",\"@id\":\"https:\/\/www.visit-ulcinj.com\/blog\/#\/schema\/person\/dcab619c614d3038751c63bc2aadc06d\",\"name\":\"ulqini\",\"sameAs\":[\"http:\/\/www.visit-ulcinj.com\"],\"url\":\"https:\/\/www.visit-ulcinj.com\/blog\/author\/admin\/\"}]}<\/script>\n<!-- \/ Yoast SEO plugin. -->","yoast_head_json":{"title":"Sali Berisha neser n\u00eb Podgoric\u00eb - Lajme nga Ulqini","description":"Kryeministri i Shqip\u00ebris\u00eb Sali Berisha nes\u00ebr qendron p\u00ebr vizit\u00eb zyrtare n\u00eb Mal t\u00eb Zi. Ai fillimisht do t\u00eb q\u00ebndroj\u00eb n\u00eb Ulqin ku do t\u00eb takohet me kryetarin","robots":{"index":"index","follow":"follow","max-snippet":"max-snippet:-1","max-image-preview":"max-image-preview:large","max-video-preview":"max-video-preview:-1"},"canonical":"https:\/\/www.visit-ulcinj.com\/blog\/2012\/01\/24\/sali-berisha-neser-ne-podgorice\/","og_locale":"en_US","og_type":"article","og_title":"Sali Berisha neser n\u00eb Podgoric\u00eb - Lajme nga Ulqini","og_description":"Kryeministri i Shqip\u00ebris\u00eb Sali Berisha nes\u00ebr qendron p\u00ebr vizit\u00eb zyrtare n\u00eb Mal t\u00eb Zi. Ai fillimisht do t\u00eb q\u00ebndroj\u00eb n\u00eb Ulqin ku do t\u00eb takohet me kryetarin","og_url":"https:\/\/www.visit-ulcinj.com\/blog\/2012\/01\/24\/sali-berisha-neser-ne-podgorice\/","og_site_name":"Lajme nga Ulqini","article_published_time":"2012-01-24T20:11:27+00:00","article_modified_time":"2012-01-24T20:12:09+00:00","twitter_misc":{"Written by":"ulqini","Est. reading time":"2 minutes"},"schema":{"@context":"https:\/\/schema.org","@graph":[{"@type":"WebSite","@id":"https:\/\/www.visit-ulcinj.com\/blog\/#website","url":"https:\/\/www.visit-ulcinj.com\/blog\/","name":"Lajme nga Ulqini","description":"Lajme,Vijesti,Ulqini,Ulqin,Crna Gora,Mali i Zi","potentialAction":[{"@type":"SearchAction","target":{"@type":"EntryPoint","urlTemplate":"https:\/\/www.visit-ulcinj.com\/blog\/?s={search_term_string}"},"query-input":"required name=search_term_string"}],"inLanguage":"en-US"},{"@type":"WebPage","@id":"https:\/\/www.visit-ulcinj.com\/blog\/2012\/01\/24\/sali-berisha-neser-ne-podgorice\/#webpage","url":"https:\/\/www.visit-ulcinj.com\/blog\/2012\/01\/24\/sali-berisha-neser-ne-podgorice\/","name":"Sali Berisha neser n\u00eb Podgoric\u00eb - Lajme nga Ulqini","isPartOf":{"@id":"https:\/\/www.visit-ulcinj.com\/blog\/#website"},"datePublished":"2012-01-24T20:11:27+00:00","dateModified":"2012-01-24T20:12:09+00:00","author":{"@id":"https:\/\/www.visit-ulcinj.com\/blog\/#\/schema\/person\/dcab619c614d3038751c63bc2aadc06d"},"description":"Kryeministri i Shqip\u00ebris\u00eb Sali Berisha nes\u00ebr qendron p\u00ebr vizit\u00eb zyrtare n\u00eb Mal t\u00eb Zi. Ai fillimisht do t\u00eb q\u00ebndroj\u00eb n\u00eb Ulqin ku do t\u00eb takohet me kryetarin","breadcrumb":{"@id":"https:\/\/www.visit-ulcinj.com\/blog\/2012\/01\/24\/sali-berisha-neser-ne-podgorice\/#breadcrumb"},"inLanguage":"en-US","potentialAction":[{"@type":"ReadAction","target":["https:\/\/www.visit-ulcinj.com\/blog\/2012\/01\/24\/sali-berisha-neser-ne-podgorice\/"]}]},{"@type":"BreadcrumbList","@id":"https:\/\/www.visit-ulcinj.com\/blog\/2012\/01\/24\/sali-berisha-neser-ne-podgorice\/#breadcrumb","itemListElement":[{"@type":"ListItem","position":1,"name":"Sali Berisha neser n\u00eb Podgoric\u00eb"}]},{"@type":"Person","@id":"https:\/\/www.visit-ulcinj.com\/blog\/#\/schema\/person\/dcab619c614d3038751c63bc2aadc06d","name":"ulqini","sameAs":["http:\/\/www.visit-ulcinj.com"],"url":"https:\/\/www.visit-ulcinj.com\/blog\/author\/admin\/"}]}},"jetpack_featured_media_url":"","jetpack_sharing_enabled":true,"jetpack_shortlink":"https:\/\/wp.me\/pe6lTn-eDM","_links":{"self":[{"href":"https:\/\/www.visit-ulcinj.com\/blog\/wp-json\/wp\/v2\/posts\/56282"}],"collection":[{"href":"https:\/\/www.visit-ulcinj.com\/blog\/wp-json\/wp\/v2\/posts"}],"about":[{"href":"https:\/\/www.visit-ulcinj.com\/blog\/wp-json\/wp\/v2\/types\/post"}],"author":[{"embeddable":true,"href":"https:\/\/www.visit-ulcinj.com\/blog\/wp-json\/wp\/v2\/users\/1"}],"replies":[{"embeddable":true,"href":"https:\/\/www.visit-ulcinj.com\/blog\/wp-json\/wp\/v2\/comments?post=56282"}],"version-history":[{"count":2,"href":"https:\/\/www.visit-ulcinj.com\/blog\/wp-json\/wp\/v2\/posts\/56282\/revisions"}],"predecessor-version":[{"id":56285,"href":"https:\/\/www.visit-ulcinj.com\/blog\/wp-json\/wp\/v2\/posts\/56282\/revisions\/56285"}],"wp:attachment":[{"href":"https:\/\/www.visit-ulcinj.com\/blog\/wp-json\/wp\/v2\/media?parent=56282"}],"wp:term":[{"taxonomy":"category","embeddable":true,"href":"https:\/\/www.visit-ulcinj.com\/blog\/wp-json\/wp\/v2\/categories?post=56282"},{"taxonomy":"post_tag","embeddable":true,"href":"https:\/\/www.visit-ulcinj.com\/blog\/wp-json\/wp\/v2\/tags?post=56282"}],"curies":[{"name":"wp","href":"https:\/\/api.w.org\/{rel}","templated":true}]}}