{"id":56286,"date":"2012-01-24T21:37:21","date_gmt":"2012-01-24T20:37:21","guid":{"rendered":"http:\/\/www.visit-ulcinj.com\/blog\/?p=56286"},"modified":"2012-01-24T21:39:02","modified_gmt":"2012-01-24T20:39:02","slug":"novoj-vlasti-u-ulcinju-ni-hiljadu-dana-nece-biti-dovoljno-da-ispravi","status":"publish","type":"post","link":"https:\/\/www.visit-ulcinj.com\/blog\/2012\/01\/24\/novoj-vlasti-u-ulcinju-ni-hiljadu-dana-nece-biti-dovoljno-da-ispravi\/","title":{"rendered":"Novoj vlasti u Ulcinju ni hiljadu dana ne\u0107e biti dovoljno da ispravi"},"content":{"rendered":"<p><strong><a href=\"http:\/\/www.visit-ulcinj.com\/blog\/wp-content\/uploads\/2012\/01\/NAZIF-CUNGU_ULCINJ1.jpg\"><img loading=\"lazy\" class=\"alignleft  wp-image-56287\" title=\"NAZIF-CUNGU_ULCINJ\" src=\"http:\/\/www.visit-ulcinj.com\/blog\/wp-content\/uploads\/2012\/01\/NAZIF-CUNGU_ULCINJ1.jpg\" alt=\"\" width=\"508\" height=\"527\" \/><\/a>I 1.000 dana malo da se isprave gre\u0161ke prethodnika<\/strong><\/p>\n<p>ULCINj \u2013 Novoj vlasti u Ulcinju ni hiljadu dana ne\u0107e biti dovoljno da ispravi nepravilnosti, nezakonite radnje i povrati povjerenje u lokalnu upravu kod gra\u0111ana i institucija, koje je uru\u0161ila prethodna vlast, izjavio je ju\u010de predsjednik najju\u017enije op\u0161tine Nazif Cungu.<br \/>\nNa konferenciji za novinare povodom 100 dana rada nove koalicije Cungu je kazao da je prethodna vlast mnogobrojnim manipulacijama poku\u0161ala da zadr\u017ei bira\u010dko tijelo, ali je istovremeno proizvela posledice koje treba godinama sanirati.<br \/>\n\u2013 Nekontrolisano tro\u0161enje bud\u017eetskih sredstava, nepotrebna mnogobrojna putovanja, i to naj\u010de\u0161\u0107e u inostranstvo (SAD, Austrija, Njema\u010dka, \u0160vajcarska, Luksemburg, Turska, Bugarska, Ukraina, Italija, Hrvatska&#8230;) , bez ijednog izvje\u0161taja o razlozima i u\u010dincima sa tih putovanja, netransparentnost u oblasti urbanizma, ucjene, prijetnje, obe\u0107anja, predstavljala su osnov za masovne zlouptorebe. Prekora\u010denje u realizaciji bud\u017eeta kod tro\u0161kova i zloupotreba sredstava gra\u0111ana od poreza i taksi dodatno su uticali na veoma negativnu klimu ukupnog stanja u Ulcinju. Prikriveni rashodi tokom nekoliko godina, koji su ostvareni u predizbornim kampanjama radi kupovine glasova, dijele\u0107i gra\u0111anima cement, \u017eeljezo, \u0161oder, elektromaterijal, vodomaterijal, sada predstavljaju prijetnju za normalno funkcionisanje lokalne uprave, odnosno opasnost blokiranja svih \u017eiro ra\u010duna. U periodu kada se najvi\u0161e ulagalo u Crnu Goru, Op\u0161tina Ulcinj nije uspjela da zadr\u017ei barem jednog zainteresovanog investitora. Na\u017ealost, od investitora su nezakonito napla\u0107ene komunalije i tro\u0161ena ta sredstva. Mnogi investitori su uba\u010deni u makaze \u2013 prvo su pozvani da ula\u017eu, obe\u0107ana im je podr\u0161ka i brza priprema planske dokumentacije, avansno su im napla\u0107ene komunalije, a zatim su odba\u010deni. Veoma je te\u0161ko objasniti radnicima Op\u0161tine, koji su ispunili uslove za penziju, da ne mogu da je ostvare zbog toga \u0161to je neko potro\u0161io njihove pare na mobilne telefone, na laptop ra\u010dunare, hranu i pi\u0107e, na putovanja, zabave, komisije&#8230; Mislili smo da smo kao opozicija bili dosta bu\u010dni i da smo ukazivali na nepravilnosti, ali tek sada vidimo da nijesmo ni pribli\u017eno bili upoznati sa pravom situacijom \u2013 kazao je Cungu i dodao da gra\u0111ani, koji s pravom tra\u017ee rezultate od nove vlasti, prvo moraju da saznaju istinu o ukupnom stanju i ko ih je doveo u sada\u0161nju situaciju.<br \/>\nPrema njegovim rije\u010dima, izvr\u0161na vlast uradi\u0107e sve \u0161to je mogu\u0107e kako bi se katastrofalna situacija popravila.<br \/>\n\u2013 U postupku smo analiziranja svih javnih preduze\u0107a i uskoro \u0107emo ponuditi Skup\u0161tini konkretne predloge. Prethodna tri mjeseca poku\u0161ali smo da pokrijemo nekoliko mjese\u010dnih plata ali to nije ni pribli\u017eno koliko treba. Op\u0161te je poznato da smo kao nova vlast naslijedili veoma lo\u0161u finansijsku situaciju sa procijenjenim obavezama preko 20 miliona. Godi\u0161nji op\u0161tinski bud\u017eet se kre\u0107e izme\u0111u \u010detiri i pet miliona \u0161to zna\u010di da su na\u0161a dugovanja \u010detiri do pet godi\u0161njih bud\u017eeta. Veoma ozbiljno smo pristupili analizi dugovanja i programiranju vra\u0107anja dugova u narednom periodu. U toku priprema bud\u017eeta za 2012. godinu od Ministarstva finansija dobili smo mi\u0161ljenje i sugestije koje smo ve\u0107 po\u010deli da sprovodimo \u2013 naglasio je Cungu.<br \/>\nPrvi \u010dovjek op\u0161tine istakao je da su u cilju stabilizacije katastrofalnog stanja u Op\u0161tini svi mogu\u0107i operativni tro\u0161kovi svedeni na minimum.<br \/>\nUtro\u0161ak goriva se detaljno kontroli\u0161e, slu\u017ebena putovanja su pod kontrolom, racionalna i isklju\u010divo se obavljaju unutar zemlje, reprezentacija se koristi samo u slu\u017ebene svrhe, potro\u0161nja sitnog inventara je pod strogom kontrolom.<br \/>\n\u2013 Smanjene su plate svim zaposlenima i to za 10 odsto. Izradili smo program \u0161tednje elektri\u010dne energije i po tom osnovu o\u010dekujemo u\u0161tedu na godi\u0161njem nivou u vrijednosti od 65.000 eura. Sproveli smo postupak kompenzacije sa Elektroprivredom na iznos od 320.000 eura. Sekretarijat za za\u0161titu op\u0161tinske imovine izvr\u0161io je evidenciju svih predmeta i procjenu mogu\u0107ih finansijskih obaveza po osnovu sudskih sporova. Odr\u017eali smo sastanke sa skoro svim komercijalnim bankama, koja imaju u Ulcinju svoje filijale i obe\u0107ana je podr\u0161ka kako Op\u0161tini tako i gra\u0111anima i privrednim subjektima. Obavili smo nekoliko sastanka sa predstavnicima TIKE iz Turske, za pomo\u0107 u realizciji nekoliko projekata. Izvr\u0161ili smo transformaciju Javnog preduze\u0107a UPIN u Agenciju za izgradnju i razvoj. Sproveli smo proceduru u\u010dlanjenja op\u0161tine Ulcinj u Vodakom. U postupku je priprema programa za ure\u0111enje parkinga. U zavisnosti od raspolo\u017eivih sredstava, pristupi\u0107emo realizaciji ure\u0111enog parking sistema \u2013 rekao je Cungu.<br \/>\nPredsjednik op\u0161tine smatra da je najve\u0107i iskorak napravljen u oblasti pripreme i usvajanja prostorno-planske dokumentacije, jer je za tri mjeseca pokrenuto usvajanje urbanisti\u010dkih planove koji su zapo\u010deti ranije.<br \/>\n\u2013 Mi smo po\u010deli sa usvajanjem planskih dokumenata koje Ulcinj \u010deka vi\u0161e od 20 godina. Mislim da smo u proteklih 100 dana bili dosta aktivni, ali to nije ni pribli\u017eno koliko \u0107emo se sada anga\u017eovati za kvalitetnu pripremu turisti\u010dke sezone. O\u010dekujem da \u0107e ova turisti\u010dka sezona biti bolja nego prethodna, zato se potrudimo svi da tako i bude \u2013 zaklju\u010dio je prvi \u010dovjek op\u0161tine.<\/p>\n<p><strong>M.KNE\u017dEVI\u0106<\/strong><br \/>\n<a href=\"http:\/\/www.visit-ulcinj.com\/blog\/wp-content\/uploads\/2012\/01\/Prostorni-plan-Ulcinja1.jpg\"><img loading=\"lazy\" class=\"alignleft  wp-image-56288\" title=\"Prostorni-plan-Ulcinja\" src=\"http:\/\/www.visit-ulcinj.com\/blog\/wp-content\/uploads\/2012\/01\/Prostorni-plan-Ulcinja1.jpg\" alt=\"\" width=\"508\" height=\"300\" \/><\/a><\/p>\n<p><strong> U proceduri<\/strong><\/p>\n<p>\u2013 Intenzivno radimo na usvajanju planske dokumentacije koja je vezana za po\u010detak radova za igradnju hotela \u201eJadran\u201c. Izvr\u0161ili smo pripreme za po\u010detak gradnje turisti\u010dkog naselja u Liman dva. Investicija je vrijedna preko 10 miliona eura. Uspjeli smo da pripremimo i dobijemo sve saglasnosti i kona\u010dno usvojimo izmjenu prostornog plana u djelu Briske Gore. Za taj lokalitet usvojili smo dvije studije lokacije za izgradnju dva turisti\u010dka kompleksa, od kojih jedan predstavlja okosnicu u razvoju ulcinjskog turizma, a to je golf teren sa 18 rupa. Ova investicija aproksimativno iznosi 150 miliona eura. Izvr\u0161ili smo pripreme za usvajanje urbanisti\u010dkog plana za hotel \u201eGaleb\u201c. Usvojena je izmjena i dopuna GUP-a za Ulcinj grad \u2013 kao i izmjena i dopuna DUP-a Pinje\u0161 1 i 2. Najzna\u010dajniji urbanisti\u010dki dokument, prostorno-urbanisti\u010dki plan, op\u0161tine Ulcinj bi\u0107e stavljen na javnu raspravu u narednih nekoliko dana i nadamo se da \u0107emo uspjeti da ga usvojimo do kraja godine. Uporedo radimo na izradi strate\u0161kog plana razvoja op\u0161tine. Dogovorili smo i aktivnosti za po\u010detak izrade projektne dokumentacije za bojanski nasip. Uskoro \u0107e biti zavr\u0161ena odluka za ure\u0111enje i odr\u017eavanje maslinade. Odlukom Skup\u0161tine op\u0161tine dodijelili smo lokaciju Regionalnom Vodovdu za postavljanje rezervoara za vodu. Na na\u0161 zahtjev obezbje\u0111ena su dodatna sredstva za nastavak trase vodovoda prema Velikoj pla\u017ei u du\u017eini od 1.773 metra. O\u010dekujemo da \u0107e radovi do benzinske pumpe biti zavr\u0161eni prije turisti\u010dke sezone. Za prvu fazu radova na putu Sukubin \u2013 Ulcinj donijeli smo odluku o osloba\u0111anju pla\u0107anja komunalija. Sanitarna deponija Mo\u017eura treba da se zavr\u0161i prije po\u010detka turisti\u010dke sezone. Izvr\u0161ili smo sve zajedni\u010dke pripreme sa op\u0161tinom Bar \u2013 naveo je Cungu i istakao da \u201eova godina treba da bude prekretnica za razvoj Ulcinja\u201c.<\/p>\n<p><strong>Dug za struju 700.000 eura<\/strong><\/p>\n<p>Cungu je saop\u0161tio da Ulcinj ima najve\u0107i dug za struju od svih op\u0161tina u Crnoj Gori.<br \/>\n\u2013 Zajedno sa javnim preduze\u0107ima dugujemo preko 700. 000 eura. Javnom komunalnom preduze\u0107u \u0107e biti blokiran ra\u010dun zbog duga od 271.000 eura za struju, dok Op\u0161tina duguje komunalnom preduze\u0107u oko 850. 000 eura za usluge. Podatke o dugovanjima smo pripremili u CD-u i oni su javni za sve.<br \/>\nUz podr\u0161ku Ministarstva za odr\u017eivi razvoj i turizam, uspjeli smo da obezbijedimo sredstva u iznosu od milion eura za nabavku opreme za odr\u017eavanje \u010disto\u0107e. Radi se o \u010detiri kamiona, jednoj ma\u0161ini za \u010di\u0161\u0107enje ulica, cisternoj za vodu, jednom traktoru, 400 kontejnera od jednog kubika, 20 kontejnera od pet kubika kao i 20 kontejnera sedam kubika. Tender za nabavku navedene opreme je me\u0111unarodnog karaktera i zatvara se 13. februara, a kompletna oprema treba da bude na raspolaganju do 30. juna ove godine \u2013 kazao je Cungu.<\/p>\n<p><a href=\"http:\/\/www.dan.co.me\/?nivo=3&amp;rubrika=Regioni&amp;clanak=317030&amp;datum=2012-01-24\" target=\"_blank\"><strong>Izvor: DAN<\/strong><\/a><\/p>\n","protected":false},"excerpt":{"rendered":"<p>I 1.000 dana malo da se isprave gre\u0161ke prethodnika ULCINj \u2013 Novoj vlasti u Ulcinju ni hiljadu dana ne\u0107e biti dovoljno da ispravi nepravilnosti, nezakonite radnje i povrati povjerenje u lokalnu upravu kod gra\u0111ana i institucija, koje je uru\u0161ila prethodna vlast, izjavio je ju\u010de predsjednik najju\u017enije op\u0161tine Nazif Cungu. Na konferenciji za novinare povodom 100 [&hellip;]<\/p>\n","protected":false},"author":1,"featured_media":0,"comment_status":"open","ping_status":"closed","sticky":false,"template":"","format":"standard","meta":{"spay_email":"","jetpack_publicize_message":"","jetpack_is_tweetstorm":false,"jetpack_publicize_feature_enabled":true},"categories":[8337],"tags":[118,19],"jetpack_publicize_connections":[],"yoast_head":"<!-- This site is optimized with the Yoast SEO plugin v19.1 - https:\/\/yoast.com\/wordpress\/plugins\/seo\/ -->\n<title>Novoj vlasti u Ulcinju ni hiljadu dana ne\u0107e biti dovoljno da ispravi - Lajme nga Ulqini<\/title>\n<meta name=\"description\" content=\"I 1.000 dana malo da se isprave gre\u0161ke prethodnika ULCINj \u2013 Novoj vlasti u Ulcinju ni hiljadu dana ne\u0107e biti dovoljno da ispravi nepravilnosti, nezakonite\" \/>\n<meta name=\"robots\" content=\"index, follow, max-snippet:-1, max-image-preview:large, max-video-preview:-1\" \/>\n<link rel=\"canonical\" href=\"https:\/\/www.visit-ulcinj.com\/blog\/2012\/01\/24\/novoj-vlasti-u-ulcinju-ni-hiljadu-dana-nece-biti-dovoljno-da-ispravi\/\" \/>\n<meta property=\"og:locale\" content=\"en_US\" \/>\n<meta property=\"og:type\" content=\"article\" \/>\n<meta property=\"og:title\" content=\"Novoj vlasti u Ulcinju ni hiljadu dana ne\u0107e biti dovoljno da ispravi - Lajme nga Ulqini\" \/>\n<meta property=\"og:description\" content=\"I 1.000 dana malo da se isprave gre\u0161ke prethodnika ULCINj \u2013 Novoj vlasti u Ulcinju ni hiljadu dana ne\u0107e biti dovoljno da ispravi nepravilnosti, nezakonite\" \/>\n<meta property=\"og:url\" content=\"https:\/\/www.visit-ulcinj.com\/blog\/2012\/01\/24\/novoj-vlasti-u-ulcinju-ni-hiljadu-dana-nece-biti-dovoljno-da-ispravi\/\" \/>\n<meta property=\"og:site_name\" content=\"Lajme nga Ulqini\" \/>\n<meta property=\"article:published_time\" content=\"2012-01-24T20:37:21+00:00\" \/>\n<meta property=\"article:modified_time\" content=\"2012-01-24T20:39:02+00:00\" \/>\n<meta property=\"og:image\" content=\"http:\/\/www.visit-ulcinj.com\/blog\/wp-content\/uploads\/2012\/01\/NAZIF-CUNGU_ULCINJ1.jpg\" \/>\n<meta name=\"twitter:label1\" content=\"Written by\" \/>\n\t<meta name=\"twitter:data1\" content=\"ulqini\" \/>\n\t<meta name=\"twitter:label2\" content=\"Est. reading time\" \/>\n\t<meta name=\"twitter:data2\" content=\"7 minutes\" \/>\n<script type=\"application\/ld+json\" class=\"yoast-schema-graph\">{\"@context\":\"https:\/\/schema.org\",\"@graph\":[{\"@type\":\"WebSite\",\"@id\":\"https:\/\/www.visit-ulcinj.com\/blog\/#website\",\"url\":\"https:\/\/www.visit-ulcinj.com\/blog\/\",\"name\":\"Lajme nga Ulqini\",\"description\":\"Lajme,Vijesti,Ulqini,Ulqin,Crna Gora,Mali i Zi\",\"potentialAction\":[{\"@type\":\"SearchAction\",\"target\":{\"@type\":\"EntryPoint\",\"urlTemplate\":\"https:\/\/www.visit-ulcinj.com\/blog\/?s={search_term_string}\"},\"query-input\":\"required name=search_term_string\"}],\"inLanguage\":\"en-US\"},{\"@type\":\"ImageObject\",\"inLanguage\":\"en-US\",\"@id\":\"https:\/\/www.visit-ulcinj.com\/blog\/2012\/01\/24\/novoj-vlasti-u-ulcinju-ni-hiljadu-dana-nece-biti-dovoljno-da-ispravi\/#primaryimage\",\"url\":\"https:\/\/www.visit-ulcinj.com\/blog\/wp-content\/uploads\/2012\/01\/NAZIF-CUNGU_ULCINJ1.jpg\",\"contentUrl\":\"https:\/\/www.visit-ulcinj.com\/blog\/wp-content\/uploads\/2012\/01\/NAZIF-CUNGU_ULCINJ1.jpg\",\"width\":\"506\",\"height\":\"527\"},{\"@type\":\"WebPage\",\"@id\":\"https:\/\/www.visit-ulcinj.com\/blog\/2012\/01\/24\/novoj-vlasti-u-ulcinju-ni-hiljadu-dana-nece-biti-dovoljno-da-ispravi\/#webpage\",\"url\":\"https:\/\/www.visit-ulcinj.com\/blog\/2012\/01\/24\/novoj-vlasti-u-ulcinju-ni-hiljadu-dana-nece-biti-dovoljno-da-ispravi\/\",\"name\":\"Novoj vlasti u Ulcinju ni hiljadu dana ne\u0107e biti dovoljno da ispravi - Lajme nga Ulqini\",\"isPartOf\":{\"@id\":\"https:\/\/www.visit-ulcinj.com\/blog\/#website\"},\"primaryImageOfPage\":{\"@id\":\"https:\/\/www.visit-ulcinj.com\/blog\/2012\/01\/24\/novoj-vlasti-u-ulcinju-ni-hiljadu-dana-nece-biti-dovoljno-da-ispravi\/#primaryimage\"},\"datePublished\":\"2012-01-24T20:37:21+00:00\",\"dateModified\":\"2012-01-24T20:39:02+00:00\",\"author\":{\"@id\":\"https:\/\/www.visit-ulcinj.com\/blog\/#\/schema\/person\/dcab619c614d3038751c63bc2aadc06d\"},\"description\":\"I 1.000 dana malo da se isprave gre\u0161ke prethodnika ULCINj \u2013 Novoj vlasti u Ulcinju ni hiljadu dana ne\u0107e biti dovoljno da ispravi nepravilnosti, nezakonite\",\"breadcrumb\":{\"@id\":\"https:\/\/www.visit-ulcinj.com\/blog\/2012\/01\/24\/novoj-vlasti-u-ulcinju-ni-hiljadu-dana-nece-biti-dovoljno-da-ispravi\/#breadcrumb\"},\"inLanguage\":\"en-US\",\"potentialAction\":[{\"@type\":\"ReadAction\",\"target\":[\"https:\/\/www.visit-ulcinj.com\/blog\/2012\/01\/24\/novoj-vlasti-u-ulcinju-ni-hiljadu-dana-nece-biti-dovoljno-da-ispravi\/\"]}]},{\"@type\":\"BreadcrumbList\",\"@id\":\"https:\/\/www.visit-ulcinj.com\/blog\/2012\/01\/24\/novoj-vlasti-u-ulcinju-ni-hiljadu-dana-nece-biti-dovoljno-da-ispravi\/#breadcrumb\",\"itemListElement\":[{\"@type\":\"ListItem\",\"position\":1,\"name\":\"Novoj vlasti u Ulcinju ni hiljadu dana ne\u0107e biti dovoljno da ispravi\"}]},{\"@type\":\"Person\",\"@id\":\"https:\/\/www.visit-ulcinj.com\/blog\/#\/schema\/person\/dcab619c614d3038751c63bc2aadc06d\",\"name\":\"ulqini\",\"sameAs\":[\"http:\/\/www.visit-ulcinj.com\"],\"url\":\"https:\/\/www.visit-ulcinj.com\/blog\/author\/admin\/\"}]}<\/script>\n<!-- \/ Yoast SEO plugin. -->","yoast_head_json":{"title":"Novoj vlasti u Ulcinju ni hiljadu dana ne\u0107e biti dovoljno da ispravi - Lajme nga Ulqini","description":"I 1.000 dana malo da se isprave gre\u0161ke prethodnika ULCINj \u2013 Novoj vlasti u Ulcinju ni hiljadu dana ne\u0107e biti dovoljno da ispravi nepravilnosti, nezakonite","robots":{"index":"index","follow":"follow","max-snippet":"max-snippet:-1","max-image-preview":"max-image-preview:large","max-video-preview":"max-video-preview:-1"},"canonical":"https:\/\/www.visit-ulcinj.com\/blog\/2012\/01\/24\/novoj-vlasti-u-ulcinju-ni-hiljadu-dana-nece-biti-dovoljno-da-ispravi\/","og_locale":"en_US","og_type":"article","og_title":"Novoj vlasti u Ulcinju ni hiljadu dana ne\u0107e biti dovoljno da ispravi - Lajme nga Ulqini","og_description":"I 1.000 dana malo da se isprave gre\u0161ke prethodnika ULCINj \u2013 Novoj vlasti u Ulcinju ni hiljadu dana ne\u0107e biti dovoljno da ispravi nepravilnosti, nezakonite","og_url":"https:\/\/www.visit-ulcinj.com\/blog\/2012\/01\/24\/novoj-vlasti-u-ulcinju-ni-hiljadu-dana-nece-biti-dovoljno-da-ispravi\/","og_site_name":"Lajme nga Ulqini","article_published_time":"2012-01-24T20:37:21+00:00","article_modified_time":"2012-01-24T20:39:02+00:00","og_image":[{"url":"http:\/\/www.visit-ulcinj.com\/blog\/wp-content\/uploads\/2012\/01\/NAZIF-CUNGU_ULCINJ1.jpg"}],"twitter_misc":{"Written by":"ulqini","Est. reading time":"7 minutes"},"schema":{"@context":"https:\/\/schema.org","@graph":[{"@type":"WebSite","@id":"https:\/\/www.visit-ulcinj.com\/blog\/#website","url":"https:\/\/www.visit-ulcinj.com\/blog\/","name":"Lajme nga Ulqini","description":"Lajme,Vijesti,Ulqini,Ulqin,Crna Gora,Mali i Zi","potentialAction":[{"@type":"SearchAction","target":{"@type":"EntryPoint","urlTemplate":"https:\/\/www.visit-ulcinj.com\/blog\/?s={search_term_string}"},"query-input":"required name=search_term_string"}],"inLanguage":"en-US"},{"@type":"ImageObject","inLanguage":"en-US","@id":"https:\/\/www.visit-ulcinj.com\/blog\/2012\/01\/24\/novoj-vlasti-u-ulcinju-ni-hiljadu-dana-nece-biti-dovoljno-da-ispravi\/#primaryimage","url":"https:\/\/www.visit-ulcinj.com\/blog\/wp-content\/uploads\/2012\/01\/NAZIF-CUNGU_ULCINJ1.jpg","contentUrl":"https:\/\/www.visit-ulcinj.com\/blog\/wp-content\/uploads\/2012\/01\/NAZIF-CUNGU_ULCINJ1.jpg","width":"506","height":"527"},{"@type":"WebPage","@id":"https:\/\/www.visit-ulcinj.com\/blog\/2012\/01\/24\/novoj-vlasti-u-ulcinju-ni-hiljadu-dana-nece-biti-dovoljno-da-ispravi\/#webpage","url":"https:\/\/www.visit-ulcinj.com\/blog\/2012\/01\/24\/novoj-vlasti-u-ulcinju-ni-hiljadu-dana-nece-biti-dovoljno-da-ispravi\/","name":"Novoj vlasti u Ulcinju ni hiljadu dana ne\u0107e biti dovoljno da ispravi - Lajme nga Ulqini","isPartOf":{"@id":"https:\/\/www.visit-ulcinj.com\/blog\/#website"},"primaryImageOfPage":{"@id":"https:\/\/www.visit-ulcinj.com\/blog\/2012\/01\/24\/novoj-vlasti-u-ulcinju-ni-hiljadu-dana-nece-biti-dovoljno-da-ispravi\/#primaryimage"},"datePublished":"2012-01-24T20:37:21+00:00","dateModified":"2012-01-24T20:39:02+00:00","author":{"@id":"https:\/\/www.visit-ulcinj.com\/blog\/#\/schema\/person\/dcab619c614d3038751c63bc2aadc06d"},"description":"I 1.000 dana malo da se isprave gre\u0161ke prethodnika ULCINj \u2013 Novoj vlasti u Ulcinju ni hiljadu dana ne\u0107e biti dovoljno da ispravi nepravilnosti, nezakonite","breadcrumb":{"@id":"https:\/\/www.visit-ulcinj.com\/blog\/2012\/01\/24\/novoj-vlasti-u-ulcinju-ni-hiljadu-dana-nece-biti-dovoljno-da-ispravi\/#breadcrumb"},"inLanguage":"en-US","potentialAction":[{"@type":"ReadAction","target":["https:\/\/www.visit-ulcinj.com\/blog\/2012\/01\/24\/novoj-vlasti-u-ulcinju-ni-hiljadu-dana-nece-biti-dovoljno-da-ispravi\/"]}]},{"@type":"BreadcrumbList","@id":"https:\/\/www.visit-ulcinj.com\/blog\/2012\/01\/24\/novoj-vlasti-u-ulcinju-ni-hiljadu-dana-nece-biti-dovoljno-da-ispravi\/#breadcrumb","itemListElement":[{"@type":"ListItem","position":1,"name":"Novoj vlasti u Ulcinju ni hiljadu dana ne\u0107e biti dovoljno da ispravi"}]},{"@type":"Person","@id":"https:\/\/www.visit-ulcinj.com\/blog\/#\/schema\/person\/dcab619c614d3038751c63bc2aadc06d","name":"ulqini","sameAs":["http:\/\/www.visit-ulcinj.com"],"url":"https:\/\/www.visit-ulcinj.com\/blog\/author\/admin\/"}]}},"jetpack_featured_media_url":"","jetpack_sharing_enabled":true,"jetpack_shortlink":"https:\/\/wp.me\/pe6lTn-eDQ","_links":{"self":[{"href":"https:\/\/www.visit-ulcinj.com\/blog\/wp-json\/wp\/v2\/posts\/56286"}],"collection":[{"href":"https:\/\/www.visit-ulcinj.com\/blog\/wp-json\/wp\/v2\/posts"}],"about":[{"href":"https:\/\/www.visit-ulcinj.com\/blog\/wp-json\/wp\/v2\/types\/post"}],"author":[{"embeddable":true,"href":"https:\/\/www.visit-ulcinj.com\/blog\/wp-json\/wp\/v2\/users\/1"}],"replies":[{"embeddable":true,"href":"https:\/\/www.visit-ulcinj.com\/blog\/wp-json\/wp\/v2\/comments?post=56286"}],"version-history":[{"count":4,"href":"https:\/\/www.visit-ulcinj.com\/blog\/wp-json\/wp\/v2\/posts\/56286\/revisions"}],"predecessor-version":[{"id":56292,"href":"https:\/\/www.visit-ulcinj.com\/blog\/wp-json\/wp\/v2\/posts\/56286\/revisions\/56292"}],"wp:attachment":[{"href":"https:\/\/www.visit-ulcinj.com\/blog\/wp-json\/wp\/v2\/media?parent=56286"}],"wp:term":[{"taxonomy":"category","embeddable":true,"href":"https:\/\/www.visit-ulcinj.com\/blog\/wp-json\/wp\/v2\/categories?post=56286"},{"taxonomy":"post_tag","embeddable":true,"href":"https:\/\/www.visit-ulcinj.com\/blog\/wp-json\/wp\/v2\/tags?post=56286"}],"curies":[{"name":"wp","href":"https:\/\/api.w.org\/{rel}","templated":true}]}}