{"id":56298,"date":"2012-01-24T21:57:40","date_gmt":"2012-01-24T20:57:40","guid":{"rendered":"http:\/\/www.visit-ulcinj.com\/blog\/?p=56298"},"modified":"2012-01-24T21:57:40","modified_gmt":"2012-01-24T20:57:40","slug":"ledina-celo-mora-ndihmese-te-me-mesonte-si-te-rrisja-djalin","status":"publish","type":"post","link":"https:\/\/www.visit-ulcinj.com\/blog\/2012\/01\/24\/ledina-celo-mora-ndihmese-te-me-mesonte-si-te-rrisja-djalin\/","title":{"rendered":"Ledina Celo: Mora ndihm\u00ebse, t\u00eb m\u00eb m\u00ebsonte si t\u00eb rrisja djalin"},"content":{"rendered":"<p><a href=\"http:\/\/www.visit-ulcinj.com\/blog\/wp-content\/uploads\/2012\/01\/Ledina-Celo.jpg\"><img loading=\"lazy\" class=\"alignleft  wp-image-56299\" title=\"Ledina Celo\" src=\"http:\/\/www.visit-ulcinj.com\/blog\/wp-content\/uploads\/2012\/01\/Ledina-Celo.jpg\" alt=\"\" width=\"508\" height=\"332\" \/><\/a>N\u00eb muzik\u00ebn shqiptare vitet e fundit ka vend p\u00ebr t\u00eb gjith\u00eb. T\u00eb rinj e t\u00eb vjet\u00ebr. Modern\u00eb e demode. T\u00eb gjith\u00eb synojn\u00eb suksesin. Disa ia dalin, t\u00eb tjer\u00eb q\u00ebndrojn\u00eb n\u00eb vend. E n\u00eb k\u00ebt\u00eb sken\u00eb gjigande p\u00ebr k\u00ebt\u00eb vend t\u00eb vog\u00ebl, n\u00eb t\u00eb cil\u00ebn hyjn\u00eb e dalin shum\u00eb k\u00ebng\u00ebtar\u00eb ka gjithmon\u00eb nevoj\u00eb p\u00ebr yje si ajo. Suksesi e ndjek gjithmon\u00eb, si n\u00eb Shqip\u00ebri, ashtu edhe jasht\u00eb vendit.<\/p>\n<p>K\u00ebng\u00ebt e saj klasifikohen n\u00eb toplistat gjermane, kan\u00eb supershitje n\u00eb internet dhe num\u00ebrojn\u00eb mij\u00ebra shikime n\u00eb Youtube. Kur bie fjala p\u00ebr t\u00eb, t\u00eb gjith\u00eb nj\u00ebz\u00ebri themi se ajo \u00ebsht\u00eb nj\u00eb ikon\u00eb e padiskutueshme e sken\u00ebs. Ledina \u00c7elo, biondja me z\u00ebrin bomb\u00eb dhe dukjen gjithmon\u00eb t\u00eb kuruar, ka pasur nj\u00eb vit plot surpriza. 2011 e b\u00ebri n\u00ebn\u00eb.<\/p>\n<p><strong>Do t\u00eb jen\u00eb pik\u00ebrisht p\u00ebrjetimet e k\u00ebtij statusi t\u00eb ri q\u00eb i dha 2011, ato q\u00eb do t\u00eb vijn\u00eb t\u00eb rr\u00ebfyera nga vet\u00eb Ledina sot p\u00ebr faqet e s\u00eb shtun\u00ebs. Ve\u00e7 dit\u00ebve me Erlisin dhe momenteve t\u00eb mrekullueshme q\u00eb kalon me t\u00eb, k\u00ebng\u00ebtarja pa mosh\u00eb, q\u00eb gjithmon\u00eb relfekton rini n\u00eb daljet e saj, na ka treguar edhe p\u00ebr projektet e reja artistike, jet\u00ebn bashk\u00ebshortore dhe marr\u00ebdh\u00ebniet me koleg\u00ebt\u2026<\/strong><br \/>\nLedina ju kemi par\u00eb n\u00eb Tiran\u00eb dit\u00ebt e fundit t\u00eb vitit, ku ishit dhe e ftuar speciale n\u00eb Festivalin e 50-t\u00eb t\u00eb k\u00ebng\u00ebs n\u00eb RTSH. Megjithat\u00eb ndon\u00ebse e ftuar n\u00eb nj\u00eb festival, ende s\u2019kemi nj\u00eb krijim t\u00eb ri prej jush. Kur do t\u2019i ktheheni muzik\u00ebs?<br \/>\nS\u00eb shpejti do t\u00eb b\u00ebhet promovimi i tri k\u00ebng\u00ebve t\u00eb mia t\u00eb reja n\u00eb anglisht dhe nj\u00ebra prej tyre do t\u00eb konkurroj\u00eb s\u00ebrish n\u00eb charts k\u00ebtu n\u00eb Gjermani ku un\u00eb jetoj. Gjithashtu jam duke p\u00ebrfunduar nj\u00eb k\u00ebng\u00eb t\u00eb re n\u00eb shqip enkas p\u00ebr publikun dhe fansat e mi n\u00eb Shqip\u00ebri.<br \/>\n<strong>Si ju duket festivali sot?<\/strong><br \/>\nFestivali k\u00ebt\u00eb vit m\u00eb p\u00eblqeu p\u00ebrsa i p\u00ebrket an\u00ebs vokale t\u00eb disa k\u00ebng\u00ebtar\u00ebve t\u00eb rinj, disa prej t\u00eb cil\u00ebve ndoshta debutuan edhe p\u00ebr her\u00eb t\u00eb par\u00eb mbi at\u00eb sken\u00eb. Nd\u00ebrsa p\u00ebrsa i takon krijimtaris\u00eb do t\u00eb thoja se ishte pak i vak\u00ebt. Gjithesesi p\u00ebr mua Festivali n\u00eb RTSH mbetet i shenjt\u00eb p\u00ebr faktin se ky festival ishte ai q\u00eb orientoi rrug\u00ebn time drejt karrier\u00ebs sime.<br \/>\nNd\u00ebrkaq flasim s\u00ebrish p\u00ebr hapin tuaj t\u00eb rradh\u00ebs. Keni l\u00ebn\u00eb pas nj\u00eb em\u00ebr t\u00eb madh p\u00ebr shijet e publikut, por heshtja dyvje\u00e7are pret tjet\u00ebr \u2018goditje\u2019\u2026Si do t\u00eb jet\u00eb rikthimi?<br \/>\nDo doja t\u00eb ishte m\u00eb mir\u00eb nj\u00eb surpriz\u00eb, por jam shum\u00eb e sigurt q\u00eb fansat e mi nuk do t\u2019i zhg\u00ebnjej\u2026<br \/>\n<strong>Me cil\u00ebn nga k\u00ebng\u00ebtaret shqiptare ruani kontaktet m\u00eb shum\u00eb dhe p\u00ebr \u00e7far\u00eb flisni?<\/strong><br \/>\nMe Manjola Nallbanin kam miq\u00ebsi prej shum\u00eb vitesh. P\u00ebrve\u00e7se \u00ebsht\u00eb nj\u00eb artiste e v\u00ebrtet\u00eb, \u00ebsht\u00eb dhe mikja ime m\u00eb e mir\u00eb. Po ashtu dhe me Aurel\u00ebn e Ened\u00ebn kam nj\u00eb marr\u00ebdh\u00ebnie shum\u00eb t\u00eb mir\u00eb, i kam shum\u00eb xhan pasi nuk jan\u00eb vet\u00ebm artiste t\u00eb mrekullueshme, por dhe vajza t\u00eb shk\u00eblqyera gjithashtu. Bisedat tona jan\u00eb t\u00eb ndryshme, profesionale, private, t\u00eb \u00e7do karakteri\u2026<br \/>\n<strong>Keni frik\u00eb nga k\u00ebng\u00ebtaret e reja, ato cil\u00ebsoret q\u00eb kan\u00eb \u2018zaptuar\u2019 tregun me hite, look modern dhe talent?<\/strong><br \/>\nUn\u00eb artin tim s\u2019e kam par\u00eb asnj\u00ebher\u00eb si nj\u00eb gar\u00eb\u2026Secili artist ka vlerat e veta dhe mendoj q\u00eb ka vend p\u00ebr t\u00eb gjith\u00eb.<br \/>\n<strong>Cil\u00ebn nga k\u00ebng\u00ebt shqiptare t\u00eb 2 viteve t\u00eb fundit do ve\u00e7onit si m\u00eb t\u00eb mir\u00ebn?<\/strong><br \/>\nS\u2019di t\u00eb ve\u00e7oj, por mund t\u00eb them q\u00eb ka k\u00ebng\u00ebtare me z\u00eb shum\u00eb t\u00eb bukur, me nj\u00eb vokal impresionues, t\u00eb tilla si: Anjeza Shahini, Kejsi Tola, apo Rona Nishliu q\u00eb s\u00eb fundmi u shpall fituese e Festivalit t\u00eb 50-t\u00eb.<br \/>\n<strong>A ju mund\u00ebson muzika jasht\u00eb vendit aktualisht t\u00eb ardhura financiare?<\/strong><br \/>\nK\u00ebnga \u201cDangerous\u201d pati shitje n\u00eb disa vende t\u00eb europ\u00ebs, por rekordin e theu n\u00eb Japoni p\u00ebr blerjet n\u00ebp\u00ebrmjet internetit. Kjo b\u00ebri q\u00eb t\u00eb pasojn\u00eb dhe k\u00ebng\u00ebt e tjera si \u201cCan u touch me baby\u201d, e cila sipas testimeve do t\u00eb jet\u00eb suksesi i radh\u00ebs.<br \/>\nLedina krahas karrier\u00ebs, jeta juaj personale ka p\u00ebrb\u00ebr\u00eb gjithmon\u00eb kuriozitet. K\u00ebt\u00eb vit jeni b\u00ebr\u00eb n\u00ebn\u00eb p\u00ebr her\u00eb t\u00eb par\u00eb. <strong>Na tregoni pak p\u00ebr ndjesit\u00eb e p\u00ebrjetuara dhe dit\u00ebn tuaj t\u00eb re. Si \u00ebsht\u00eb ajo?<\/strong><br \/>\nT\u00eb qenit n\u00ebn\u00eb \u00ebsht\u00eb nj\u00eb ndjesi e pap\u00ebrshkrueshme. Q\u00ebkur erdhi Erlisi n\u00eb jet\u00eb dita shkon pa e kuptuar. P\u00ebrkushtimi ndaj tij arrin maksimumin. Ardhja e tij m\u00eb b\u00ebri mjaft t\u00eb lumtur, ai i dha jet\u00eb e g\u00ebzim gjith\u00eb sht\u00ebpis\u00eb\u2026 Shpenzoj shum\u00eb koh\u00eb me t\u00eb, e shijoj pa fund \u00e7do or\u00eb q\u00eb q\u00ebndroj bashk\u00eb me t\u00eb\u2026Dua t\u2019i jap sa m\u00eb shum\u00eb dashuri atij, qe dhe ai ta p\u00ebr\u00e7oj\u00eb m\u00eb pas, ashtu sikurse dhe prind\u00ebrit e mi m\u00eb kan\u00eb dh\u00ebn\u00eb dashuri pa kufij. Ai \u00ebsht\u00eb nj\u00eb f\u00ebmij\u00eb shum\u00eb i mbar\u00eb, qesh shum\u00eb\u2026(me ngjan mua n\u00eb k\u00ebt\u00eb drejtim thot\u00eb ajo duke qeshur) Gjat\u00eb koh\u00ebs q\u00eb ai fle merrem dhe me veten time sigurisht, ndonj\u00eb pun\u00eb t\u00eb zakonshme t\u00eb sht\u00ebpis\u00eb, sh\u00ebtitje \u00e7do mbasdite n\u00eb aj\u00ebr t\u00eb past\u00ebr, trajnoj z\u00ebrin tim me vokaliza. Shpesh dalim t\u00eb dy p\u00ebr shopping (buz\u00ebqesh), isha dhe n\u00eb Tiran\u00eb p\u00ebr Krishtlindje me t\u00eb\u2026Kam filluar dhe pak palest\u00ebr kur jam e shplodhur dhe kam pak koh\u00eb\u2026<br \/>\n<strong>Kush ia zgjodhi emrin djalit? Ka ndonj\u00eb dometh\u00ebnie?<\/strong><br \/>\nIshte d\u00ebshira e bashk\u00ebshortit tim p\u00ebr t\u2019i v\u00ebn\u00eb k\u00ebt\u00eb em\u00ebr. \u00cbsht\u00eb nj\u00eb em\u00ebr shqiptar, p\u00ebrzgjedhja e t\u00eb cilit erdhi shum\u00eb rast\u00ebsisht\u2026<br \/>\n<strong>A ka filluar Erlisi t\u2019i hedh\u00eb hapat e par\u00eb, ose t\u00eb b\u00eblb\u00ebzoj\u00eb?<\/strong><br \/>\nAi \u00ebsht\u00eb n\u00eb muajin e n\u00ebnt\u00eb tani dhe ka filluar t\u00eb ngrihet n\u00eb k\u00ebmb\u00eb, kuptohet duke u mbajtur diku. Para disa dit\u00ebsh ecte k\u00ebmba dorazi. Gjithashtu kur m\u00eb d\u00ebgjon mua t\u00eb k\u00ebndoj, fillon dhe ai t\u00eb nxjerr\u00eb tinguj\u2026Q\u00eb tani e ndjej q\u00eb ndoshta mund t\u00eb b\u00ebhet nj\u00eb muzikant i ardhsh\u00ebm (qesh).<br \/>\n<strong>\u00cbsht\u00eb qaraman apo f\u00ebmij\u00eb i qet\u00eb, m\u00eb tregoni gjith\u00e7ka p\u00ebr eksperienc\u00ebn tuaj si mama \u2018full time\u2019. Dh\u00ebmbi i par\u00eb, festimet p\u00ebr \u00e7do muaj n\u00eb dit\u00ebn e tij t\u00eb lindjes, festa e par\u00eb e vitit t\u00eb ri, fotot q\u00eb shumta q\u00eb i b\u00ebni\u2026Ndonj\u00eb moment t\u00eb ve\u00e7ant\u00eb.<\/strong><br \/>\n\u00cbsht\u00eb nj\u00eb f\u00ebmij\u00eb q\u00eb pak her\u00eb e kam d\u00ebgjuar t\u00eb qaje. Si\u00e7 e thash\u00eb edhe m\u00eb lart \u00ebsht\u00eb bebush i qeshur\u2026Ka lodra t\u00eb ndryshme, por nuk i do. I p\u00eblqen t\u00eb l\u00ebviz\u00eb n\u00ebp\u00ebr sht\u00ebpi e t\u00eb prek\u00eb mjetet elektronike q\u00eb ka p\u00ebrreth, telefonin p\u00ebrshembull e ka shum\u00eb qejf q\u00eb tani (qesh)\u2026I p\u00eblqen t\u00eb gris\u00eb faqet e librave apo revistave dhe ajo q\u00eb ai dashuron m\u00eb s\u00eb shumti \u00ebsht\u00eb uji. \u00cbsht\u00eb shum\u00eb i g\u00ebzuar kur b\u00ebn banjo. Po ashtu \u00ebsht\u00eb gjithmon\u00eb i gatsh\u00ebm t\u00eb pozoj\u00eb p\u00ebrpara aparatit fotografik\u2026<br \/>\n<strong>Si ia b\u00ebnit n\u00eb fillim, ju m\u00ebsoi dikush si t\u00eb silleshit, apo lexuat libra?<\/strong><br \/>\nN\u00ebp\u00ebrmjet librave t\u00eb shumt\u00eb, informacioneve t\u00eb shumta q\u00eb m\u00eb dha mjeku im, po ashtu edhe p\u00ebrmes nj\u00eb ndihm\u00ebseje, e cila 2 muajt e par\u00eb vinte \u00e7do dit\u00eb e m\u00eb tregonte ato m\u00eb t\u00eb r\u00ebnd\u00ebsishmet\u2026<br \/>\n<strong>\u00cbsht\u00eb Ledina nj\u00eb zonj\u00eb sht\u00ebpie? Merreni me pun\u00eb, ose gatim?<\/strong><br \/>\nN\u00eb fakt n\u00eb k\u00ebt\u00eb pyetje duhej t\u00eb p\u00ebrgjigjej bashk\u00ebshorti im. Mendoj se ia kam marr\u00eb dor\u00ebn gatimit\u2026Nuk \u00ebsht\u00eb se gatuaj \u00e7do dit\u00eb, pasi ndodh q\u00eb Naimi \u00ebsht\u00eb n\u00eb l\u00ebvizje, ndaj na duhet q\u00eb shpeshher\u00eb t\u00eb drekojm\u00eb jasht\u00eb. Gjithsesi sht\u00ebpia ka lezetin e vet p\u00ebr t\u00eb shijuar ushqimin q\u00eb gatuaj, si rizoton me perime apo fruta deti q\u00eb e qaj (qesh), ashtu edhe ndonj\u00eb tav\u00eb peshku n\u00eb furr\u00eb, apo t\u00eb tjera gatime.<br \/>\n<strong>Cili \u00ebsht\u00eb ushqimi i preferuar i Erlisit n\u00eb k\u00ebt\u00eb periudh\u00eb, po i bashk\u00ebshortit tuaj?<\/strong><br \/>\nErlisi p\u00eblqen supat me zarzavate dhe qum\u00ebshtin q\u00eb e do me ngulm sapo zgjohet n\u00eb m\u00ebngjes. Naimi ndryshe nga un\u00eb q\u00eb p\u00eblqej peshkun, ka m\u00eb p\u00ebrzem\u00ebr mishin.<br \/>\n<strong>Si ia b\u00ebni q\u00eb jeni kaq n\u00eb form\u00eb?<\/strong><br \/>\nTani q\u00eb u b\u00ebra dhe mami, mendoj se fizikun e kam m\u00eb tep\u00ebr trash\u00ebgimi genetike. Gjithsesi jam shum\u00eb e kujdesshme n\u00eb t\u00eb ushqyer. Kam vite q\u00eb i kam eliminuar brum\u00ebrat po ashtu dhe \u00ebmb\u00eblsirat. Preferoj shum\u00eb produktet bio dhe sporti ka qen\u00eb kultur\u00eb n\u00eb familjen time.<br \/>\n<strong>Bashk\u00ebshorti juaj ndihet i frik\u00ebsuar nga obsesioni i publikut dhe gazetar\u00ebve ndaj jet\u00ebs suaj?<\/strong><br \/>\nAspak, p\u00ebr faktin se dhe ai i ka p\u00ebrjetuar pyetjet e gazetar\u00ebve n\u00eb periudh\u00ebn kur ka mbrojtur titullin e tij si kampion bote n\u00eb kick boks\u2026Ne jemi nj\u00eb e t\u00ebr\u00eb q\u00eb plot\u00ebsojme nj\u00ebri-tjetrin, e p\u00ebr t\u00eb \u00ebsht\u00eb di\u00e7ka e zakonshme.<br \/>\n<strong>Si \u00ebsht\u00eb Naimi si baba dhe si bashk\u00ebshort?<\/strong><br \/>\nNaimi megjith\u00ebs\u00eb \u00ebsht\u00eb i impenjuar me pun\u00ebn e tij t\u00eb p\u00ebrditshme, gjen koh\u00eb p\u00ebr t\u00eb luajtur me Erlisin, duke m\u00eb ndihmuar mua jo pak n\u00eb jet\u00ebn e p\u00ebrditshme. Ve\u00e7 k\u00ebsaj ai \u00ebsht\u00eb nj\u00eb shtys\u00eb p\u00ebr mua edhe p\u00ebr planet e mia muzikore.<\/p>\n<p>Eraldo Rexho<br \/>\n<strong>Bluetooth<br \/>\n<!--YouTube Error: bad URL entered--><br \/>\n<\/strong><\/p>\n","protected":false},"excerpt":{"rendered":"<p>N\u00eb muzik\u00ebn shqiptare vitet e fundit ka vend p\u00ebr t\u00eb gjith\u00eb. T\u00eb rinj e t\u00eb vjet\u00ebr. Modern\u00eb e demode. T\u00eb gjith\u00eb synojn\u00eb suksesin. Disa ia dalin, t\u00eb tjer\u00eb q\u00ebndrojn\u00eb n\u00eb vend. E n\u00eb k\u00ebt\u00eb sken\u00eb gjigande p\u00ebr k\u00ebt\u00eb vend t\u00eb vog\u00ebl, n\u00eb t\u00eb cil\u00ebn hyjn\u00eb e dalin shum\u00eb k\u00ebng\u00ebtar\u00eb ka gjithmon\u00eb nevoj\u00eb p\u00ebr yje si [&hellip;]<\/p>\n","protected":false},"author":1,"featured_media":0,"comment_status":"open","ping_status":"closed","sticky":false,"template":"","format":"standard","meta":{"spay_email":"","jetpack_publicize_message":"","jetpack_is_tweetstorm":false,"jetpack_publicize_feature_enabled":true},"categories":[1],"tags":[19677,19806,16036,19514,13519,19511,19460],"jetpack_publicize_connections":[],"yoast_head":"<!-- This site is optimized with the Yoast SEO plugin v19.1 - https:\/\/yoast.com\/wordpress\/plugins\/seo\/ -->\n<title>Ledina Celo: Mora ndihm\u00ebse, t\u00eb m\u00eb m\u00ebsonte si t\u00eb rrisja djalin - Lajme nga Ulqini<\/title>\n<meta name=\"description\" content=\"N\u00eb muzik\u00ebn shqiptare vitet e fundit ka vend p\u00ebr t\u00eb gjith\u00eb. T\u00eb rinj e t\u00eb vjet\u00ebr. Modern\u00eb e demode. T\u00eb gjith\u00eb synojn\u00eb suksesin. Disa ia dalin, t\u00eb tjer\u00eb\" \/>\n<meta name=\"robots\" content=\"index, follow, max-snippet:-1, max-image-preview:large, max-video-preview:-1\" \/>\n<link rel=\"canonical\" href=\"https:\/\/www.visit-ulcinj.com\/blog\/2012\/01\/24\/ledina-celo-mora-ndihmese-te-me-mesonte-si-te-rrisja-djalin\/\" \/>\n<meta property=\"og:locale\" content=\"en_US\" \/>\n<meta property=\"og:type\" content=\"article\" \/>\n<meta property=\"og:title\" content=\"Ledina Celo: Mora ndihm\u00ebse, t\u00eb m\u00eb m\u00ebsonte si t\u00eb rrisja djalin - Lajme nga Ulqini\" \/>\n<meta property=\"og:description\" content=\"N\u00eb muzik\u00ebn shqiptare vitet e fundit ka vend p\u00ebr t\u00eb gjith\u00eb. T\u00eb rinj e t\u00eb vjet\u00ebr. Modern\u00eb e demode. T\u00eb gjith\u00eb synojn\u00eb suksesin. Disa ia dalin, t\u00eb tjer\u00eb\" \/>\n<meta property=\"og:url\" content=\"https:\/\/www.visit-ulcinj.com\/blog\/2012\/01\/24\/ledina-celo-mora-ndihmese-te-me-mesonte-si-te-rrisja-djalin\/\" \/>\n<meta property=\"og:site_name\" content=\"Lajme nga Ulqini\" \/>\n<meta property=\"article:published_time\" content=\"2012-01-24T20:57:40+00:00\" \/>\n<meta property=\"og:image\" content=\"http:\/\/www.visit-ulcinj.com\/blog\/wp-content\/uploads\/2012\/01\/Ledina-Celo.jpg\" \/>\n<meta name=\"twitter:label1\" content=\"Written by\" \/>\n\t<meta name=\"twitter:data1\" content=\"ulqini\" \/>\n\t<meta name=\"twitter:label2\" content=\"Est. reading time\" \/>\n\t<meta name=\"twitter:data2\" content=\"8 minutes\" \/>\n<script type=\"application\/ld+json\" class=\"yoast-schema-graph\">{\"@context\":\"https:\/\/schema.org\",\"@graph\":[{\"@type\":\"WebSite\",\"@id\":\"https:\/\/www.visit-ulcinj.com\/blog\/#website\",\"url\":\"https:\/\/www.visit-ulcinj.com\/blog\/\",\"name\":\"Lajme nga Ulqini\",\"description\":\"Lajme,Vijesti,Ulqini,Ulqin,Crna Gora,Mali i Zi\",\"potentialAction\":[{\"@type\":\"SearchAction\",\"target\":{\"@type\":\"EntryPoint\",\"urlTemplate\":\"https:\/\/www.visit-ulcinj.com\/blog\/?s={search_term_string}\"},\"query-input\":\"required name=search_term_string\"}],\"inLanguage\":\"en-US\"},{\"@type\":\"ImageObject\",\"inLanguage\":\"en-US\",\"@id\":\"https:\/\/www.visit-ulcinj.com\/blog\/2012\/01\/24\/ledina-celo-mora-ndihmese-te-me-mesonte-si-te-rrisja-djalin\/#primaryimage\",\"url\":\"http:\/\/www.visit-ulcinj.com\/blog\/wp-content\/uploads\/2012\/01\/Ledina-Celo.jpg\",\"contentUrl\":\"http:\/\/www.visit-ulcinj.com\/blog\/wp-content\/uploads\/2012\/01\/Ledina-Celo.jpg\"},{\"@type\":\"WebPage\",\"@id\":\"https:\/\/www.visit-ulcinj.com\/blog\/2012\/01\/24\/ledina-celo-mora-ndihmese-te-me-mesonte-si-te-rrisja-djalin\/#webpage\",\"url\":\"https:\/\/www.visit-ulcinj.com\/blog\/2012\/01\/24\/ledina-celo-mora-ndihmese-te-me-mesonte-si-te-rrisja-djalin\/\",\"name\":\"Ledina Celo: Mora ndihm\u00ebse, t\u00eb m\u00eb m\u00ebsonte si t\u00eb rrisja djalin - Lajme nga Ulqini\",\"isPartOf\":{\"@id\":\"https:\/\/www.visit-ulcinj.com\/blog\/#website\"},\"primaryImageOfPage\":{\"@id\":\"https:\/\/www.visit-ulcinj.com\/blog\/2012\/01\/24\/ledina-celo-mora-ndihmese-te-me-mesonte-si-te-rrisja-djalin\/#primaryimage\"},\"datePublished\":\"2012-01-24T20:57:40+00:00\",\"dateModified\":\"2012-01-24T20:57:40+00:00\",\"author\":{\"@id\":\"https:\/\/www.visit-ulcinj.com\/blog\/#\/schema\/person\/dcab619c614d3038751c63bc2aadc06d\"},\"description\":\"N\u00eb muzik\u00ebn shqiptare vitet e fundit ka vend p\u00ebr t\u00eb gjith\u00eb. T\u00eb rinj e t\u00eb vjet\u00ebr. Modern\u00eb e demode. T\u00eb gjith\u00eb synojn\u00eb suksesin. Disa ia dalin, t\u00eb tjer\u00eb\",\"breadcrumb\":{\"@id\":\"https:\/\/www.visit-ulcinj.com\/blog\/2012\/01\/24\/ledina-celo-mora-ndihmese-te-me-mesonte-si-te-rrisja-djalin\/#breadcrumb\"},\"inLanguage\":\"en-US\",\"potentialAction\":[{\"@type\":\"ReadAction\",\"target\":[\"https:\/\/www.visit-ulcinj.com\/blog\/2012\/01\/24\/ledina-celo-mora-ndihmese-te-me-mesonte-si-te-rrisja-djalin\/\"]}]},{\"@type\":\"BreadcrumbList\",\"@id\":\"https:\/\/www.visit-ulcinj.com\/blog\/2012\/01\/24\/ledina-celo-mora-ndihmese-te-me-mesonte-si-te-rrisja-djalin\/#breadcrumb\",\"itemListElement\":[{\"@type\":\"ListItem\",\"position\":1,\"name\":\"Ledina Celo: Mora ndihm\u00ebse, t\u00eb m\u00eb m\u00ebsonte si t\u00eb rrisja djalin\"}]},{\"@type\":\"Person\",\"@id\":\"https:\/\/www.visit-ulcinj.com\/blog\/#\/schema\/person\/dcab619c614d3038751c63bc2aadc06d\",\"name\":\"ulqini\",\"sameAs\":[\"http:\/\/www.visit-ulcinj.com\"],\"url\":\"https:\/\/www.visit-ulcinj.com\/blog\/author\/admin\/\"}]}<\/script>\n<!-- \/ Yoast SEO plugin. -->","yoast_head_json":{"title":"Ledina Celo: Mora ndihm\u00ebse, t\u00eb m\u00eb m\u00ebsonte si t\u00eb rrisja djalin - Lajme nga Ulqini","description":"N\u00eb muzik\u00ebn shqiptare vitet e fundit ka vend p\u00ebr t\u00eb gjith\u00eb. T\u00eb rinj e t\u00eb vjet\u00ebr. Modern\u00eb e demode. T\u00eb gjith\u00eb synojn\u00eb suksesin. Disa ia dalin, t\u00eb tjer\u00eb","robots":{"index":"index","follow":"follow","max-snippet":"max-snippet:-1","max-image-preview":"max-image-preview:large","max-video-preview":"max-video-preview:-1"},"canonical":"https:\/\/www.visit-ulcinj.com\/blog\/2012\/01\/24\/ledina-celo-mora-ndihmese-te-me-mesonte-si-te-rrisja-djalin\/","og_locale":"en_US","og_type":"article","og_title":"Ledina Celo: Mora ndihm\u00ebse, t\u00eb m\u00eb m\u00ebsonte si t\u00eb rrisja djalin - Lajme nga Ulqini","og_description":"N\u00eb muzik\u00ebn shqiptare vitet e fundit ka vend p\u00ebr t\u00eb gjith\u00eb. T\u00eb rinj e t\u00eb vjet\u00ebr. Modern\u00eb e demode. T\u00eb gjith\u00eb synojn\u00eb suksesin. Disa ia dalin, t\u00eb tjer\u00eb","og_url":"https:\/\/www.visit-ulcinj.com\/blog\/2012\/01\/24\/ledina-celo-mora-ndihmese-te-me-mesonte-si-te-rrisja-djalin\/","og_site_name":"Lajme nga Ulqini","article_published_time":"2012-01-24T20:57:40+00:00","og_image":[{"url":"http:\/\/www.visit-ulcinj.com\/blog\/wp-content\/uploads\/2012\/01\/Ledina-Celo.jpg"}],"twitter_misc":{"Written by":"ulqini","Est. reading time":"8 minutes"},"schema":{"@context":"https:\/\/schema.org","@graph":[{"@type":"WebSite","@id":"https:\/\/www.visit-ulcinj.com\/blog\/#website","url":"https:\/\/www.visit-ulcinj.com\/blog\/","name":"Lajme nga Ulqini","description":"Lajme,Vijesti,Ulqini,Ulqin,Crna Gora,Mali i Zi","potentialAction":[{"@type":"SearchAction","target":{"@type":"EntryPoint","urlTemplate":"https:\/\/www.visit-ulcinj.com\/blog\/?s={search_term_string}"},"query-input":"required name=search_term_string"}],"inLanguage":"en-US"},{"@type":"ImageObject","inLanguage":"en-US","@id":"https:\/\/www.visit-ulcinj.com\/blog\/2012\/01\/24\/ledina-celo-mora-ndihmese-te-me-mesonte-si-te-rrisja-djalin\/#primaryimage","url":"http:\/\/www.visit-ulcinj.com\/blog\/wp-content\/uploads\/2012\/01\/Ledina-Celo.jpg","contentUrl":"http:\/\/www.visit-ulcinj.com\/blog\/wp-content\/uploads\/2012\/01\/Ledina-Celo.jpg"},{"@type":"WebPage","@id":"https:\/\/www.visit-ulcinj.com\/blog\/2012\/01\/24\/ledina-celo-mora-ndihmese-te-me-mesonte-si-te-rrisja-djalin\/#webpage","url":"https:\/\/www.visit-ulcinj.com\/blog\/2012\/01\/24\/ledina-celo-mora-ndihmese-te-me-mesonte-si-te-rrisja-djalin\/","name":"Ledina Celo: Mora ndihm\u00ebse, t\u00eb m\u00eb m\u00ebsonte si t\u00eb rrisja djalin - Lajme nga Ulqini","isPartOf":{"@id":"https:\/\/www.visit-ulcinj.com\/blog\/#website"},"primaryImageOfPage":{"@id":"https:\/\/www.visit-ulcinj.com\/blog\/2012\/01\/24\/ledina-celo-mora-ndihmese-te-me-mesonte-si-te-rrisja-djalin\/#primaryimage"},"datePublished":"2012-01-24T20:57:40+00:00","dateModified":"2012-01-24T20:57:40+00:00","author":{"@id":"https:\/\/www.visit-ulcinj.com\/blog\/#\/schema\/person\/dcab619c614d3038751c63bc2aadc06d"},"description":"N\u00eb muzik\u00ebn shqiptare vitet e fundit ka vend p\u00ebr t\u00eb gjith\u00eb. T\u00eb rinj e t\u00eb vjet\u00ebr. Modern\u00eb e demode. T\u00eb gjith\u00eb synojn\u00eb suksesin. Disa ia dalin, t\u00eb tjer\u00eb","breadcrumb":{"@id":"https:\/\/www.visit-ulcinj.com\/blog\/2012\/01\/24\/ledina-celo-mora-ndihmese-te-me-mesonte-si-te-rrisja-djalin\/#breadcrumb"},"inLanguage":"en-US","potentialAction":[{"@type":"ReadAction","target":["https:\/\/www.visit-ulcinj.com\/blog\/2012\/01\/24\/ledina-celo-mora-ndihmese-te-me-mesonte-si-te-rrisja-djalin\/"]}]},{"@type":"BreadcrumbList","@id":"https:\/\/www.visit-ulcinj.com\/blog\/2012\/01\/24\/ledina-celo-mora-ndihmese-te-me-mesonte-si-te-rrisja-djalin\/#breadcrumb","itemListElement":[{"@type":"ListItem","position":1,"name":"Ledina Celo: Mora ndihm\u00ebse, t\u00eb m\u00eb m\u00ebsonte si t\u00eb rrisja djalin"}]},{"@type":"Person","@id":"https:\/\/www.visit-ulcinj.com\/blog\/#\/schema\/person\/dcab619c614d3038751c63bc2aadc06d","name":"ulqini","sameAs":["http:\/\/www.visit-ulcinj.com"],"url":"https:\/\/www.visit-ulcinj.com\/blog\/author\/admin\/"}]}},"jetpack_featured_media_url":"","jetpack_sharing_enabled":true,"jetpack_shortlink":"https:\/\/wp.me\/pe6lTn-eE2","_links":{"self":[{"href":"https:\/\/www.visit-ulcinj.com\/blog\/wp-json\/wp\/v2\/posts\/56298"}],"collection":[{"href":"https:\/\/www.visit-ulcinj.com\/blog\/wp-json\/wp\/v2\/posts"}],"about":[{"href":"https:\/\/www.visit-ulcinj.com\/blog\/wp-json\/wp\/v2\/types\/post"}],"author":[{"embeddable":true,"href":"https:\/\/www.visit-ulcinj.com\/blog\/wp-json\/wp\/v2\/users\/1"}],"replies":[{"embeddable":true,"href":"https:\/\/www.visit-ulcinj.com\/blog\/wp-json\/wp\/v2\/comments?post=56298"}],"version-history":[{"count":1,"href":"https:\/\/www.visit-ulcinj.com\/blog\/wp-json\/wp\/v2\/posts\/56298\/revisions"}],"predecessor-version":[{"id":56300,"href":"https:\/\/www.visit-ulcinj.com\/blog\/wp-json\/wp\/v2\/posts\/56298\/revisions\/56300"}],"wp:attachment":[{"href":"https:\/\/www.visit-ulcinj.com\/blog\/wp-json\/wp\/v2\/media?parent=56298"}],"wp:term":[{"taxonomy":"category","embeddable":true,"href":"https:\/\/www.visit-ulcinj.com\/blog\/wp-json\/wp\/v2\/categories?post=56298"},{"taxonomy":"post_tag","embeddable":true,"href":"https:\/\/www.visit-ulcinj.com\/blog\/wp-json\/wp\/v2\/tags?post=56298"}],"curies":[{"name":"wp","href":"https:\/\/api.w.org\/{rel}","templated":true}]}}