{"id":56305,"date":"2012-01-24T22:16:55","date_gmt":"2012-01-24T21:16:55","guid":{"rendered":"http:\/\/www.visit-ulcinj.com\/blog\/?p=56305"},"modified":"2012-01-24T22:16:55","modified_gmt":"2012-01-24T21:16:55","slug":"vesa-luma-tani-jetoj-ne-shqiperi-por-zemra-eshte-ne-kosove","status":"publish","type":"post","link":"https:\/\/www.visit-ulcinj.com\/blog\/2012\/01\/24\/vesa-luma-tani-jetoj-ne-shqiperi-por-zemra-eshte-ne-kosove\/","title":{"rendered":"Vesa Luma: Tani jetoj n\u00eb Shqip\u00ebri, por zemra \u00ebsht\u00eb n\u00eb Kosov\u00eb"},"content":{"rendered":"<p><a href=\"http:\/\/www.visit-ulcinj.com\/blog\/wp-content\/uploads\/2012\/01\/VESA-LUMA.jpg\"><img loading=\"lazy\" class=\"alignleft  wp-image-56306\" title=\"VESA LUMA\" src=\"http:\/\/www.visit-ulcinj.com\/blog\/wp-content\/uploads\/2012\/01\/VESA-LUMA.jpg\" alt=\"\" width=\"508\" height=\"608\" \/><\/a>Angazhimet e saj muzikore, obligimet ndaj shout \u2018X Factor\u2019, ku ajo tashm\u00eb \u00ebsht\u00eb edhe an\u00ebtare e juris\u00eb, e kan\u00eb shtyr\u00eb k\u00ebng\u00ebtaren q\u00eb t\u00eb zhvendoset nga Kosova p\u00ebr t\u00eb jetuar n\u00eb Shqip\u00ebri.<\/p>\n<p>Ndon\u00ebse ajo gjat\u00eb q\u00ebndrimit t\u00eb saj atje \u00ebsht\u00eb duke p\u00ebrgatitur k\u00ebng\u00eb dhe videoklipe t\u00eb reja. Nd\u00ebrsa sa i p\u00ebrket jet\u00ebs private, ajo vazhdon t\u00eb jet\u00eb beqare duke i kaluar dit\u00ebt m\u00eb t\u00eb mir\u00eb t\u00eb rinis\u00eb s\u00eb saj. M\u00eb shum\u00eb rreth pun\u00ebs dhe \u00e7do gj\u00eb tjet\u00ebr flet ajo p\u00ebr \u201cZ\u00ebrin\u201d.<\/p>\n<p><strong>Tani keni vendosur t\u00eb jetoni n\u00eb Shqip\u00ebri, si ndjeheni atje?<\/strong><\/p>\n<p>Arsyeja p\u00ebrse kam vendosur t\u00eb jetoj k\u00ebtu n\u00eb Shqip\u00ebri \u00ebsht\u00eb puna dhe angazhimi im i madh n\u00eb shoun televiziv \u2018X Factor\u2019. Rruga e shpesht\u00eb Prishtin\u00eb- Tiran\u00eb \u00ebsht\u00eb shum\u00eb e mundimshme, andaj m\u00eb t\u00eb arsyeshme e kam par\u00eb q\u00eb p\u00ebr disa muaj t\u00eb jetoj k\u00ebtu.<\/p>\n<p>Nd\u00ebrsa k\u00ebtu sa her\u00eb q\u00eb vij ndjehem shum\u00eb mir\u00eb, tashm\u00eb kam ndjenj\u00ebn sikur t\u00eb jem n\u00eb sht\u00ebpin\u00eb time, apo edhe n\u00eb vendin tim sepse \u00ebsht\u00eb k\u00ebtu kam shum\u00eb miq dhe adhurues t\u00eb cil\u00ebt m\u00eb p\u00ebrkrahin shum\u00eb.<\/p>\n<p><strong>Ke menduar ndonj\u00ebher\u00eb se mund t\u00eb b\u00ebhesh pjes\u00eb e juris\u00eb s\u00eb shout \u2018X Factor\u2019?<\/strong><\/p>\n<p>N\u00eb realitet un\u00eb kam marr\u00eb pjes\u00eb p\u00ebr disa muaj me radh\u00eb n\u00eb k\u00ebt\u00eb shou, nd\u00ebrsa n\u00eb momentin kur kuptova se do t\u00eb jam pjes\u00eb e juris\u00eb jam ndier\u00eb shum\u00eb mir\u00eb, u g\u00ebzova pa mas\u00eb.<\/p>\n<p>Jam shum\u00eb e nderuar t\u00eb jem tashm\u00eb zyrtarisht an\u00ebtare e juris\u00eb t\u00eb patent\u00ebs shum\u00eb t\u00eb njohur bot\u00ebrore \u2018X Factor\u2019, q\u00eb n\u00eb Shqip\u00ebri transmetohet n\u00eb TV Klan nga ky muaj deri n\u00eb muajin maj t\u00eb k\u00ebtij viti. Pra kjo \u00ebsht\u00eb nj\u00eb privilegj i madh p\u00ebr mua dhe nj\u00eb p\u00ebrvoj\u00eb shum\u00eb e mir\u00eb.<\/p>\n<p><strong>A do t\u00eb mund t\u00eb b\u00ebheshit banore e p\u00ebrhershme e Shqip\u00ebris\u00eb?<\/strong><\/p>\n<p>Nuk kam menduar p\u00ebr k\u00ebt\u00eb, edhe pse ka nj\u00eb muaj q\u00eb un\u00eb tani jetoj k\u00ebtu. Por nuk kam ardhur p\u00ebr t\u00eb jetuar gjithnj\u00eb n\u00eb Shqip\u00ebri, sepse vendi im \u00ebsht\u00eb n\u00eb Kosov\u00eb. Por Tirana m\u00eb p\u00eblqen dhe nuk do t\u00eb ishte problem edhe n\u00ebse do jetoja k\u00ebtu.<\/p>\n<p><strong>\u00c7far\u00eb ka t\u00eb reja n\u00eb jet\u00ebn sentimentale?<\/strong><\/p>\n<p>Tani p\u00ebr tani nuk ka asgj\u00eb t\u00eb reja, jam e p\u00ebrkushtuar t\u00ebr\u00ebsisht n\u00eb pun\u00ebn e shout \u2018X Factor\u2019 dhe n\u00eb projektet e mia muzikore.<\/p>\n<p><strong>Tani s\u00eb shpejti do t\u00eb lansoni edhe nj\u00eb videoklip, na flisni di\u00e7ka p\u00ebr t\u00eb?<\/strong><\/p>\n<p>Xhirimet e videoklipit t\u00eb ri i kam filluar dhe jam e bindur q\u00eb adhuruesit e mi do t\u00eb befasohen me k\u00ebt\u00eb projekt timin. Jam munduar t\u00eb sjell\u00eb risi n\u00eb sken\u00ebn muzikore, andaj edhe jemi duke punuar intensivisht n\u00eb k\u00ebt\u00eb videospot. Shum\u00eb shpejt k\u00ebnga dhe klipi do t\u00eb lansohen n\u00eb tregun muzikor.<\/p>\n<p>&nbsp;<\/p>\n<p><strong>N\u00eb cilin vend t\u00eb duartroket m\u00eb shum\u00eb publiku?<\/strong><\/p>\n<p>T\u00eb them t\u00eb drejt\u00ebn nuk mund t\u00eb cek asnj\u00eb vend, sepse kudo q\u00eb shkoj kam fansat e mi dhe k\u00ebshtu q\u00eb gjithnj\u00eb m\u00eb duartrokasin.<\/p>\n<p>Mir\u00ebpo asnj\u00ebher\u00eb nuk kam mundur t\u00eb dalloj vendet se ku kam m\u00eb shum\u00eb dhe ku m\u00eb pak adhurues. Sa her\u00eb q\u00eb jam brenda apo edhe jasht\u00eb vendit sallat mbushen plot\u00eb me adhuruesit e mi, andaj p\u00ebr k\u00ebt\u00eb i fal\u00ebnderoj shum\u00eb dhe iu b\u00ebj t\u00eb ditur se Vesa nuk do t\u00eb ndalet kurr\u00eb.<\/p>\n<p><strong>\u00c7far\u00eb pret nga viti 2012?<\/strong><\/p>\n<p>Pres shum\u00eb pun\u00eb dhe shum\u00eb suksese, uroj t\u00eb kem nj\u00eb vit t\u00eb mbar\u00eb bashk\u00eb me adhuruesit e mi kudo q\u00eb jan\u00eb.<\/p>\n<p><strong>Vipat.info<br \/>\n<!--YouTube Error: bad URL entered--><br \/>\n<\/strong><\/p>\n","protected":false},"excerpt":{"rendered":"<p>Angazhimet e saj muzikore, obligimet ndaj shout \u2018X Factor\u2019, ku ajo tashm\u00eb \u00ebsht\u00eb edhe an\u00ebtare e juris\u00eb, e kan\u00eb shtyr\u00eb k\u00ebng\u00ebtaren q\u00eb t\u00eb zhvendoset nga Kosova p\u00ebr t\u00eb jetuar n\u00eb Shqip\u00ebri. Ndon\u00ebse ajo gjat\u00eb q\u00ebndrimit t\u00eb saj atje \u00ebsht\u00eb duke p\u00ebrgatitur k\u00ebng\u00eb dhe videoklipe t\u00eb reja. Nd\u00ebrsa sa i p\u00ebrket jet\u00ebs private, ajo vazhdon t\u00eb [&hellip;]<\/p>\n","protected":false},"author":1,"featured_media":0,"comment_status":"open","ping_status":"closed","sticky":false,"template":"","format":"standard","meta":{"spay_email":"","jetpack_publicize_message":"","jetpack_is_tweetstorm":false,"jetpack_publicize_feature_enabled":true},"categories":[1],"tags":[19677,19806,16036,8966,19514,19511,5017,19460],"jetpack_publicize_connections":[],"yoast_head":"<!-- This site is optimized with the Yoast SEO plugin v19.1 - https:\/\/yoast.com\/wordpress\/plugins\/seo\/ -->\n<title>Vesa Luma: Tani jetoj n\u00eb Shqip\u00ebri, por zemra \u00ebsht\u00eb n\u00eb Kosov\u00eb - Lajme nga Ulqini<\/title>\n<meta name=\"description\" content=\"Angazhimet e saj muzikore, obligimet ndaj shout \u2018X Factor\u2019, ku ajo tashm\u00eb \u00ebsht\u00eb edhe an\u00ebtare e juris\u00eb, e kan\u00eb shtyr\u00eb k\u00ebng\u00ebtaren q\u00eb t\u00eb zhvendoset nga\" \/>\n<meta name=\"robots\" content=\"index, follow, max-snippet:-1, max-image-preview:large, max-video-preview:-1\" \/>\n<link rel=\"canonical\" href=\"https:\/\/www.visit-ulcinj.com\/blog\/2012\/01\/24\/vesa-luma-tani-jetoj-ne-shqiperi-por-zemra-eshte-ne-kosove\/\" \/>\n<meta property=\"og:locale\" content=\"en_US\" \/>\n<meta property=\"og:type\" content=\"article\" \/>\n<meta property=\"og:title\" content=\"Vesa Luma: Tani jetoj n\u00eb Shqip\u00ebri, por zemra \u00ebsht\u00eb n\u00eb Kosov\u00eb - Lajme nga Ulqini\" \/>\n<meta property=\"og:description\" content=\"Angazhimet e saj muzikore, obligimet ndaj shout \u2018X Factor\u2019, ku ajo tashm\u00eb \u00ebsht\u00eb edhe an\u00ebtare e juris\u00eb, e kan\u00eb shtyr\u00eb k\u00ebng\u00ebtaren q\u00eb t\u00eb zhvendoset nga\" \/>\n<meta property=\"og:url\" content=\"https:\/\/www.visit-ulcinj.com\/blog\/2012\/01\/24\/vesa-luma-tani-jetoj-ne-shqiperi-por-zemra-eshte-ne-kosove\/\" \/>\n<meta property=\"og:site_name\" content=\"Lajme nga Ulqini\" \/>\n<meta property=\"article:published_time\" content=\"2012-01-24T21:16:55+00:00\" \/>\n<meta property=\"og:image\" content=\"http:\/\/www.visit-ulcinj.com\/blog\/wp-content\/uploads\/2012\/01\/VESA-LUMA.jpg\" \/>\n<meta name=\"twitter:label1\" content=\"Written by\" \/>\n\t<meta name=\"twitter:data1\" content=\"ulqini\" \/>\n\t<meta name=\"twitter:label2\" content=\"Est. reading time\" \/>\n\t<meta name=\"twitter:data2\" content=\"3 minutes\" \/>\n<script type=\"application\/ld+json\" class=\"yoast-schema-graph\">{\"@context\":\"https:\/\/schema.org\",\"@graph\":[{\"@type\":\"WebSite\",\"@id\":\"https:\/\/www.visit-ulcinj.com\/blog\/#website\",\"url\":\"https:\/\/www.visit-ulcinj.com\/blog\/\",\"name\":\"Lajme nga Ulqini\",\"description\":\"Lajme,Vijesti,Ulqini,Ulqin,Crna Gora,Mali i Zi\",\"potentialAction\":[{\"@type\":\"SearchAction\",\"target\":{\"@type\":\"EntryPoint\",\"urlTemplate\":\"https:\/\/www.visit-ulcinj.com\/blog\/?s={search_term_string}\"},\"query-input\":\"required name=search_term_string\"}],\"inLanguage\":\"en-US\"},{\"@type\":\"ImageObject\",\"inLanguage\":\"en-US\",\"@id\":\"https:\/\/www.visit-ulcinj.com\/blog\/2012\/01\/24\/vesa-luma-tani-jetoj-ne-shqiperi-por-zemra-eshte-ne-kosove\/#primaryimage\",\"url\":\"http:\/\/www.visit-ulcinj.com\/blog\/wp-content\/uploads\/2012\/01\/VESA-LUMA.jpg\",\"contentUrl\":\"http:\/\/www.visit-ulcinj.com\/blog\/wp-content\/uploads\/2012\/01\/VESA-LUMA.jpg\"},{\"@type\":\"WebPage\",\"@id\":\"https:\/\/www.visit-ulcinj.com\/blog\/2012\/01\/24\/vesa-luma-tani-jetoj-ne-shqiperi-por-zemra-eshte-ne-kosove\/#webpage\",\"url\":\"https:\/\/www.visit-ulcinj.com\/blog\/2012\/01\/24\/vesa-luma-tani-jetoj-ne-shqiperi-por-zemra-eshte-ne-kosove\/\",\"name\":\"Vesa Luma: Tani jetoj n\u00eb Shqip\u00ebri, por zemra \u00ebsht\u00eb n\u00eb Kosov\u00eb - Lajme nga Ulqini\",\"isPartOf\":{\"@id\":\"https:\/\/www.visit-ulcinj.com\/blog\/#website\"},\"primaryImageOfPage\":{\"@id\":\"https:\/\/www.visit-ulcinj.com\/blog\/2012\/01\/24\/vesa-luma-tani-jetoj-ne-shqiperi-por-zemra-eshte-ne-kosove\/#primaryimage\"},\"datePublished\":\"2012-01-24T21:16:55+00:00\",\"dateModified\":\"2012-01-24T21:16:55+00:00\",\"author\":{\"@id\":\"https:\/\/www.visit-ulcinj.com\/blog\/#\/schema\/person\/dcab619c614d3038751c63bc2aadc06d\"},\"description\":\"Angazhimet e saj muzikore, obligimet ndaj shout \u2018X Factor\u2019, ku ajo tashm\u00eb \u00ebsht\u00eb edhe an\u00ebtare e juris\u00eb, e kan\u00eb shtyr\u00eb k\u00ebng\u00ebtaren q\u00eb t\u00eb zhvendoset nga\",\"breadcrumb\":{\"@id\":\"https:\/\/www.visit-ulcinj.com\/blog\/2012\/01\/24\/vesa-luma-tani-jetoj-ne-shqiperi-por-zemra-eshte-ne-kosove\/#breadcrumb\"},\"inLanguage\":\"en-US\",\"potentialAction\":[{\"@type\":\"ReadAction\",\"target\":[\"https:\/\/www.visit-ulcinj.com\/blog\/2012\/01\/24\/vesa-luma-tani-jetoj-ne-shqiperi-por-zemra-eshte-ne-kosove\/\"]}]},{\"@type\":\"BreadcrumbList\",\"@id\":\"https:\/\/www.visit-ulcinj.com\/blog\/2012\/01\/24\/vesa-luma-tani-jetoj-ne-shqiperi-por-zemra-eshte-ne-kosove\/#breadcrumb\",\"itemListElement\":[{\"@type\":\"ListItem\",\"position\":1,\"name\":\"Vesa Luma: Tani jetoj n\u00eb Shqip\u00ebri, por zemra \u00ebsht\u00eb n\u00eb Kosov\u00eb\"}]},{\"@type\":\"Person\",\"@id\":\"https:\/\/www.visit-ulcinj.com\/blog\/#\/schema\/person\/dcab619c614d3038751c63bc2aadc06d\",\"name\":\"ulqini\",\"sameAs\":[\"http:\/\/www.visit-ulcinj.com\"],\"url\":\"https:\/\/www.visit-ulcinj.com\/blog\/author\/admin\/\"}]}<\/script>\n<!-- \/ Yoast SEO plugin. -->","yoast_head_json":{"title":"Vesa Luma: Tani jetoj n\u00eb Shqip\u00ebri, por zemra \u00ebsht\u00eb n\u00eb Kosov\u00eb - Lajme nga Ulqini","description":"Angazhimet e saj muzikore, obligimet ndaj shout \u2018X Factor\u2019, ku ajo tashm\u00eb \u00ebsht\u00eb edhe an\u00ebtare e juris\u00eb, e kan\u00eb shtyr\u00eb k\u00ebng\u00ebtaren q\u00eb t\u00eb zhvendoset nga","robots":{"index":"index","follow":"follow","max-snippet":"max-snippet:-1","max-image-preview":"max-image-preview:large","max-video-preview":"max-video-preview:-1"},"canonical":"https:\/\/www.visit-ulcinj.com\/blog\/2012\/01\/24\/vesa-luma-tani-jetoj-ne-shqiperi-por-zemra-eshte-ne-kosove\/","og_locale":"en_US","og_type":"article","og_title":"Vesa Luma: Tani jetoj n\u00eb Shqip\u00ebri, por zemra \u00ebsht\u00eb n\u00eb Kosov\u00eb - Lajme nga Ulqini","og_description":"Angazhimet e saj muzikore, obligimet ndaj shout \u2018X Factor\u2019, ku ajo tashm\u00eb \u00ebsht\u00eb edhe an\u00ebtare e juris\u00eb, e kan\u00eb shtyr\u00eb k\u00ebng\u00ebtaren q\u00eb t\u00eb zhvendoset nga","og_url":"https:\/\/www.visit-ulcinj.com\/blog\/2012\/01\/24\/vesa-luma-tani-jetoj-ne-shqiperi-por-zemra-eshte-ne-kosove\/","og_site_name":"Lajme nga Ulqini","article_published_time":"2012-01-24T21:16:55+00:00","og_image":[{"url":"http:\/\/www.visit-ulcinj.com\/blog\/wp-content\/uploads\/2012\/01\/VESA-LUMA.jpg"}],"twitter_misc":{"Written by":"ulqini","Est. reading time":"3 minutes"},"schema":{"@context":"https:\/\/schema.org","@graph":[{"@type":"WebSite","@id":"https:\/\/www.visit-ulcinj.com\/blog\/#website","url":"https:\/\/www.visit-ulcinj.com\/blog\/","name":"Lajme nga Ulqini","description":"Lajme,Vijesti,Ulqini,Ulqin,Crna Gora,Mali i Zi","potentialAction":[{"@type":"SearchAction","target":{"@type":"EntryPoint","urlTemplate":"https:\/\/www.visit-ulcinj.com\/blog\/?s={search_term_string}"},"query-input":"required name=search_term_string"}],"inLanguage":"en-US"},{"@type":"ImageObject","inLanguage":"en-US","@id":"https:\/\/www.visit-ulcinj.com\/blog\/2012\/01\/24\/vesa-luma-tani-jetoj-ne-shqiperi-por-zemra-eshte-ne-kosove\/#primaryimage","url":"http:\/\/www.visit-ulcinj.com\/blog\/wp-content\/uploads\/2012\/01\/VESA-LUMA.jpg","contentUrl":"http:\/\/www.visit-ulcinj.com\/blog\/wp-content\/uploads\/2012\/01\/VESA-LUMA.jpg"},{"@type":"WebPage","@id":"https:\/\/www.visit-ulcinj.com\/blog\/2012\/01\/24\/vesa-luma-tani-jetoj-ne-shqiperi-por-zemra-eshte-ne-kosove\/#webpage","url":"https:\/\/www.visit-ulcinj.com\/blog\/2012\/01\/24\/vesa-luma-tani-jetoj-ne-shqiperi-por-zemra-eshte-ne-kosove\/","name":"Vesa Luma: Tani jetoj n\u00eb Shqip\u00ebri, por zemra \u00ebsht\u00eb n\u00eb Kosov\u00eb - Lajme nga Ulqini","isPartOf":{"@id":"https:\/\/www.visit-ulcinj.com\/blog\/#website"},"primaryImageOfPage":{"@id":"https:\/\/www.visit-ulcinj.com\/blog\/2012\/01\/24\/vesa-luma-tani-jetoj-ne-shqiperi-por-zemra-eshte-ne-kosove\/#primaryimage"},"datePublished":"2012-01-24T21:16:55+00:00","dateModified":"2012-01-24T21:16:55+00:00","author":{"@id":"https:\/\/www.visit-ulcinj.com\/blog\/#\/schema\/person\/dcab619c614d3038751c63bc2aadc06d"},"description":"Angazhimet e saj muzikore, obligimet ndaj shout \u2018X Factor\u2019, ku ajo tashm\u00eb \u00ebsht\u00eb edhe an\u00ebtare e juris\u00eb, e kan\u00eb shtyr\u00eb k\u00ebng\u00ebtaren q\u00eb t\u00eb zhvendoset nga","breadcrumb":{"@id":"https:\/\/www.visit-ulcinj.com\/blog\/2012\/01\/24\/vesa-luma-tani-jetoj-ne-shqiperi-por-zemra-eshte-ne-kosove\/#breadcrumb"},"inLanguage":"en-US","potentialAction":[{"@type":"ReadAction","target":["https:\/\/www.visit-ulcinj.com\/blog\/2012\/01\/24\/vesa-luma-tani-jetoj-ne-shqiperi-por-zemra-eshte-ne-kosove\/"]}]},{"@type":"BreadcrumbList","@id":"https:\/\/www.visit-ulcinj.com\/blog\/2012\/01\/24\/vesa-luma-tani-jetoj-ne-shqiperi-por-zemra-eshte-ne-kosove\/#breadcrumb","itemListElement":[{"@type":"ListItem","position":1,"name":"Vesa Luma: Tani jetoj n\u00eb Shqip\u00ebri, por zemra \u00ebsht\u00eb n\u00eb Kosov\u00eb"}]},{"@type":"Person","@id":"https:\/\/www.visit-ulcinj.com\/blog\/#\/schema\/person\/dcab619c614d3038751c63bc2aadc06d","name":"ulqini","sameAs":["http:\/\/www.visit-ulcinj.com"],"url":"https:\/\/www.visit-ulcinj.com\/blog\/author\/admin\/"}]}},"jetpack_featured_media_url":"","jetpack_sharing_enabled":true,"jetpack_shortlink":"https:\/\/wp.me\/pe6lTn-eE9","_links":{"self":[{"href":"https:\/\/www.visit-ulcinj.com\/blog\/wp-json\/wp\/v2\/posts\/56305"}],"collection":[{"href":"https:\/\/www.visit-ulcinj.com\/blog\/wp-json\/wp\/v2\/posts"}],"about":[{"href":"https:\/\/www.visit-ulcinj.com\/blog\/wp-json\/wp\/v2\/types\/post"}],"author":[{"embeddable":true,"href":"https:\/\/www.visit-ulcinj.com\/blog\/wp-json\/wp\/v2\/users\/1"}],"replies":[{"embeddable":true,"href":"https:\/\/www.visit-ulcinj.com\/blog\/wp-json\/wp\/v2\/comments?post=56305"}],"version-history":[{"count":1,"href":"https:\/\/www.visit-ulcinj.com\/blog\/wp-json\/wp\/v2\/posts\/56305\/revisions"}],"predecessor-version":[{"id":56307,"href":"https:\/\/www.visit-ulcinj.com\/blog\/wp-json\/wp\/v2\/posts\/56305\/revisions\/56307"}],"wp:attachment":[{"href":"https:\/\/www.visit-ulcinj.com\/blog\/wp-json\/wp\/v2\/media?parent=56305"}],"wp:term":[{"taxonomy":"category","embeddable":true,"href":"https:\/\/www.visit-ulcinj.com\/blog\/wp-json\/wp\/v2\/categories?post=56305"},{"taxonomy":"post_tag","embeddable":true,"href":"https:\/\/www.visit-ulcinj.com\/blog\/wp-json\/wp\/v2\/tags?post=56305"}],"curies":[{"name":"wp","href":"https:\/\/api.w.org\/{rel}","templated":true}]}}