{"id":56317,"date":"2012-01-25T09:47:52","date_gmt":"2012-01-25T08:47:52","guid":{"rendered":"http:\/\/www.visit-ulcinj.com\/blog\/?p=56317"},"modified":"2012-01-25T09:47:52","modified_gmt":"2012-01-25T08:47:52","slug":"afrimi-dhe-bashkepunimi-i-alternatives-shqiptare-dhe-partis-demokratike","status":"publish","type":"post","link":"https:\/\/www.visit-ulcinj.com\/blog\/2012\/01\/25\/afrimi-dhe-bashkepunimi-i-alternatives-shqiptare-dhe-partis-demokratike\/","title":{"rendered":"Afrimi dhe bashk\u00ebpunimi i Alternatives Shqiptare dhe Partis Demokratike"},"content":{"rendered":"<p><a href=\"http:\/\/www.visit-ulcinj.com\/blog\/wp-content\/uploads\/2012\/01\/Alternativa-Shqiptare-dhe-Partia-Demokratike.jpg\"><img loading=\"lazy\" class=\"alignleft size-full wp-image-56318\" title=\"Alternativa Shqiptare dhe Partia Demokratike\" src=\"http:\/\/www.visit-ulcinj.com\/blog\/wp-content\/uploads\/2012\/01\/Alternativa-Shqiptare-dhe-Partia-Demokratike.jpg\" alt=\"\" width=\"318\" height=\"176\" srcset=\"https:\/\/www.visit-ulcinj.com\/blog\/wp-content\/uploads\/2012\/01\/Alternativa-Shqiptare-dhe-Partia-Demokratike.jpg 318w, https:\/\/www.visit-ulcinj.com\/blog\/wp-content\/uploads\/2012\/01\/Alternativa-Shqiptare-dhe-Partia-Demokratike-300x166.jpg 300w\" sizes=\"(max-width: 318px) 100vw, 318px\" \/><\/a>Alternativa Shqiptare dhe Partia Demokratike mbajt\u00ebn takim pune, me tem\u00eb \u201cafrimi dhe bashk\u00ebpunimi\u00a0 i subjekteve nacionale shqiptare n\u00eb Mal t\u00eb Zi\u201d.<br \/>\nBashk\u00ebbiseduesit u pajtuan se \u00ebsht\u00eb nevoj\u00eb shum\u00eb e madhe q\u00eb k\u00ebrkesat dhe projektet q\u00eb ndikojn\u00eb n\u00eb m\u00ebnyr\u00eb thelb\u00ebsore n\u00eb statusin e shqiptar\u00ebve n\u00eb Mal t\u00eb Zi, t\u00eb artikulohen dhe prezantohen n\u00eb m\u00ebnyr\u00eb sa m\u00eb unike nga subjektet nacionale.<br \/>\nASH dhe PD pajtohen q\u00eb n\u00eb t\u00eb ardhmen t\u00eb punojn\u00eb shum\u00eb af\u00ebr, duke mbajtur q\u00ebndrime t\u00eb nj\u00ebjta\u00a0 politike p\u00ebr \u00e7\u00ebshtjet e hapura dhe ato q\u00eb do t\u00eb paraqiten n\u00eb t\u00eb ardhmen.<br \/>\nNj\u00ebkoh\u00ebsisht ,nga ky takim, ftojn\u00eb edhe subjektet tjera nacionale n\u00eb bashk\u00ebpunim t\u00eb af\u00ebrt, q\u00eb q\u00ebndrimet politike dhe programet tona t\u00eb jen\u00eb sa m\u00eb t\u00eb fuqishme dhe si t\u00eb tilla me m\u00eb shum\u00eb legjitimitet, ato t\u00eb k\u00ebrkohen t\u00eb realizohen para strukturave udh\u00ebheq\u00ebse(qeveritare).<br \/>\nASH dhe PD fuqish\u00ebm do t\u00eb angazhohen, q\u00eb ne pjes\u00ebt ku ato veprojn\u00eb,t\u00eb punojn\u00eb n\u00eb bashkimin e subjekteve tjera nacionale. Nj\u00ebkoh\u00ebsisht jan\u00eb pajtuar q\u00eb n\u00eb t\u00eb ardhmen, n\u00eb m\u00ebnyr\u00eb intensive t\u00eb vazhdojn\u00eb komunikimin, qen\u00eb takimet e ardhshme t\u00eb kemi edhe ndonj\u00eb marr\u00ebveshje politike p\u00ebr bashk\u00ebpunim dhe veprim politik t\u00eb subjekteve nacionale t\u00eb shqiptar\u00ebve n\u00eb Mal t\u00eb Zi.<\/p>\n<p>Alternativa Shqiptare \u2013 Gjergj Camaj, Kryetar<br \/>\nPartia Demokratike \u2013 Fatmir Gjeka, Kryetar<\/p>\n<p>Malsia.org<\/p>\n","protected":false},"excerpt":{"rendered":"<p>Alternativa Shqiptare dhe Partia Demokratike mbajt\u00ebn takim pune, me tem\u00eb \u201cafrimi dhe bashk\u00ebpunimi\u00a0 i subjekteve nacionale shqiptare n\u00eb Mal t\u00eb Zi\u201d. Bashk\u00ebbiseduesit u pajtuan se \u00ebsht\u00eb nevoj\u00eb shum\u00eb e madhe q\u00eb k\u00ebrkesat dhe projektet q\u00eb ndikojn\u00eb n\u00eb m\u00ebnyr\u00eb thelb\u00ebsore n\u00eb statusin e shqiptar\u00ebve n\u00eb Mal t\u00eb Zi, t\u00eb artikulohen dhe prezantohen n\u00eb m\u00ebnyr\u00eb sa m\u00eb [&hellip;]<\/p>\n","protected":false},"author":1,"featured_media":0,"comment_status":"open","ping_status":"closed","sticky":false,"template":"","format":"standard","meta":{"spay_email":"","jetpack_publicize_message":"","jetpack_is_tweetstorm":false,"jetpack_publicize_feature_enabled":true},"categories":[14249],"tags":[3461,11584],"jetpack_publicize_connections":[],"yoast_head":"<!-- This site is optimized with the Yoast SEO plugin v19.1 - https:\/\/yoast.com\/wordpress\/plugins\/seo\/ -->\n<title>Afrimi dhe bashk\u00ebpunimi i Alternatives Shqiptare dhe Partis Demokratike - Lajme nga Ulqini<\/title>\n<meta name=\"description\" content=\"Alternativa Shqiptare dhe Partia Demokratike mbajt\u00ebn takim pune, me tem\u00eb \u201cafrimi dhe bashk\u00ebpunimi\u00a0 i subjekteve nacionale shqiptare n\u00eb Mal t\u00eb Zi\u201d.\" \/>\n<meta name=\"robots\" content=\"index, follow, max-snippet:-1, max-image-preview:large, max-video-preview:-1\" \/>\n<link rel=\"canonical\" href=\"https:\/\/www.visit-ulcinj.com\/blog\/2012\/01\/25\/afrimi-dhe-bashkepunimi-i-alternatives-shqiptare-dhe-partis-demokratike\/\" \/>\n<meta property=\"og:locale\" content=\"en_US\" \/>\n<meta property=\"og:type\" content=\"article\" \/>\n<meta property=\"og:title\" content=\"Afrimi dhe bashk\u00ebpunimi i Alternatives Shqiptare dhe Partis Demokratike - Lajme nga Ulqini\" \/>\n<meta property=\"og:description\" content=\"Alternativa Shqiptare dhe Partia Demokratike mbajt\u00ebn takim pune, me tem\u00eb \u201cafrimi dhe bashk\u00ebpunimi\u00a0 i subjekteve nacionale shqiptare n\u00eb Mal t\u00eb Zi\u201d.\" \/>\n<meta property=\"og:url\" content=\"https:\/\/www.visit-ulcinj.com\/blog\/2012\/01\/25\/afrimi-dhe-bashkepunimi-i-alternatives-shqiptare-dhe-partis-demokratike\/\" \/>\n<meta property=\"og:site_name\" content=\"Lajme nga Ulqini\" \/>\n<meta property=\"article:published_time\" content=\"2012-01-25T08:47:52+00:00\" \/>\n<meta property=\"og:image\" content=\"http:\/\/www.visit-ulcinj.com\/blog\/wp-content\/uploads\/2012\/01\/Alternativa-Shqiptare-dhe-Partia-Demokratike.jpg\" \/>\n<meta name=\"twitter:label1\" content=\"Written by\" \/>\n\t<meta name=\"twitter:data1\" content=\"ulqini\" \/>\n\t<meta name=\"twitter:label2\" content=\"Est. reading time\" \/>\n\t<meta name=\"twitter:data2\" content=\"1 minute\" \/>\n<script type=\"application\/ld+json\" class=\"yoast-schema-graph\">{\"@context\":\"https:\/\/schema.org\",\"@graph\":[{\"@type\":\"WebSite\",\"@id\":\"https:\/\/www.visit-ulcinj.com\/blog\/#website\",\"url\":\"https:\/\/www.visit-ulcinj.com\/blog\/\",\"name\":\"Lajme nga Ulqini\",\"description\":\"Lajme,Vijesti,Ulqini,Ulqin,Crna Gora,Mali i Zi\",\"potentialAction\":[{\"@type\":\"SearchAction\",\"target\":{\"@type\":\"EntryPoint\",\"urlTemplate\":\"https:\/\/www.visit-ulcinj.com\/blog\/?s={search_term_string}\"},\"query-input\":\"required name=search_term_string\"}],\"inLanguage\":\"en-US\"},{\"@type\":\"ImageObject\",\"inLanguage\":\"en-US\",\"@id\":\"https:\/\/www.visit-ulcinj.com\/blog\/2012\/01\/25\/afrimi-dhe-bashkepunimi-i-alternatives-shqiptare-dhe-partis-demokratike\/#primaryimage\",\"url\":\"https:\/\/www.visit-ulcinj.com\/blog\/wp-content\/uploads\/2012\/01\/Alternativa-Shqiptare-dhe-Partia-Demokratike.jpg\",\"contentUrl\":\"https:\/\/www.visit-ulcinj.com\/blog\/wp-content\/uploads\/2012\/01\/Alternativa-Shqiptare-dhe-Partia-Demokratike.jpg\",\"width\":\"318\",\"height\":\"176\"},{\"@type\":\"WebPage\",\"@id\":\"https:\/\/www.visit-ulcinj.com\/blog\/2012\/01\/25\/afrimi-dhe-bashkepunimi-i-alternatives-shqiptare-dhe-partis-demokratike\/#webpage\",\"url\":\"https:\/\/www.visit-ulcinj.com\/blog\/2012\/01\/25\/afrimi-dhe-bashkepunimi-i-alternatives-shqiptare-dhe-partis-demokratike\/\",\"name\":\"Afrimi dhe bashk\u00ebpunimi i Alternatives Shqiptare dhe Partis Demokratike - Lajme nga Ulqini\",\"isPartOf\":{\"@id\":\"https:\/\/www.visit-ulcinj.com\/blog\/#website\"},\"primaryImageOfPage\":{\"@id\":\"https:\/\/www.visit-ulcinj.com\/blog\/2012\/01\/25\/afrimi-dhe-bashkepunimi-i-alternatives-shqiptare-dhe-partis-demokratike\/#primaryimage\"},\"datePublished\":\"2012-01-25T08:47:52+00:00\",\"dateModified\":\"2012-01-25T08:47:52+00:00\",\"author\":{\"@id\":\"https:\/\/www.visit-ulcinj.com\/blog\/#\/schema\/person\/dcab619c614d3038751c63bc2aadc06d\"},\"description\":\"Alternativa Shqiptare dhe Partia Demokratike mbajt\u00ebn takim pune, me tem\u00eb \u201cafrimi dhe bashk\u00ebpunimi\u00a0 i subjekteve nacionale shqiptare n\u00eb Mal t\u00eb Zi\u201d.\",\"breadcrumb\":{\"@id\":\"https:\/\/www.visit-ulcinj.com\/blog\/2012\/01\/25\/afrimi-dhe-bashkepunimi-i-alternatives-shqiptare-dhe-partis-demokratike\/#breadcrumb\"},\"inLanguage\":\"en-US\",\"potentialAction\":[{\"@type\":\"ReadAction\",\"target\":[\"https:\/\/www.visit-ulcinj.com\/blog\/2012\/01\/25\/afrimi-dhe-bashkepunimi-i-alternatives-shqiptare-dhe-partis-demokratike\/\"]}]},{\"@type\":\"BreadcrumbList\",\"@id\":\"https:\/\/www.visit-ulcinj.com\/blog\/2012\/01\/25\/afrimi-dhe-bashkepunimi-i-alternatives-shqiptare-dhe-partis-demokratike\/#breadcrumb\",\"itemListElement\":[{\"@type\":\"ListItem\",\"position\":1,\"name\":\"Afrimi dhe bashk\u00ebpunimi i Alternatives Shqiptare dhe Partis Demokratike\"}]},{\"@type\":\"Person\",\"@id\":\"https:\/\/www.visit-ulcinj.com\/blog\/#\/schema\/person\/dcab619c614d3038751c63bc2aadc06d\",\"name\":\"ulqini\",\"sameAs\":[\"http:\/\/www.visit-ulcinj.com\"],\"url\":\"https:\/\/www.visit-ulcinj.com\/blog\/author\/admin\/\"}]}<\/script>\n<!-- \/ Yoast SEO plugin. -->","yoast_head_json":{"title":"Afrimi dhe bashk\u00ebpunimi i Alternatives Shqiptare dhe Partis Demokratike - Lajme nga Ulqini","description":"Alternativa Shqiptare dhe Partia Demokratike mbajt\u00ebn takim pune, me tem\u00eb \u201cafrimi dhe bashk\u00ebpunimi\u00a0 i subjekteve nacionale shqiptare n\u00eb Mal t\u00eb Zi\u201d.","robots":{"index":"index","follow":"follow","max-snippet":"max-snippet:-1","max-image-preview":"max-image-preview:large","max-video-preview":"max-video-preview:-1"},"canonical":"https:\/\/www.visit-ulcinj.com\/blog\/2012\/01\/25\/afrimi-dhe-bashkepunimi-i-alternatives-shqiptare-dhe-partis-demokratike\/","og_locale":"en_US","og_type":"article","og_title":"Afrimi dhe bashk\u00ebpunimi i Alternatives Shqiptare dhe Partis Demokratike - Lajme nga Ulqini","og_description":"Alternativa Shqiptare dhe Partia Demokratike mbajt\u00ebn takim pune, me tem\u00eb \u201cafrimi dhe bashk\u00ebpunimi\u00a0 i subjekteve nacionale shqiptare n\u00eb Mal t\u00eb Zi\u201d.","og_url":"https:\/\/www.visit-ulcinj.com\/blog\/2012\/01\/25\/afrimi-dhe-bashkepunimi-i-alternatives-shqiptare-dhe-partis-demokratike\/","og_site_name":"Lajme nga Ulqini","article_published_time":"2012-01-25T08:47:52+00:00","og_image":[{"url":"http:\/\/www.visit-ulcinj.com\/blog\/wp-content\/uploads\/2012\/01\/Alternativa-Shqiptare-dhe-Partia-Demokratike.jpg"}],"twitter_misc":{"Written by":"ulqini","Est. reading time":"1 minute"},"schema":{"@context":"https:\/\/schema.org","@graph":[{"@type":"WebSite","@id":"https:\/\/www.visit-ulcinj.com\/blog\/#website","url":"https:\/\/www.visit-ulcinj.com\/blog\/","name":"Lajme nga Ulqini","description":"Lajme,Vijesti,Ulqini,Ulqin,Crna Gora,Mali i Zi","potentialAction":[{"@type":"SearchAction","target":{"@type":"EntryPoint","urlTemplate":"https:\/\/www.visit-ulcinj.com\/blog\/?s={search_term_string}"},"query-input":"required name=search_term_string"}],"inLanguage":"en-US"},{"@type":"ImageObject","inLanguage":"en-US","@id":"https:\/\/www.visit-ulcinj.com\/blog\/2012\/01\/25\/afrimi-dhe-bashkepunimi-i-alternatives-shqiptare-dhe-partis-demokratike\/#primaryimage","url":"https:\/\/www.visit-ulcinj.com\/blog\/wp-content\/uploads\/2012\/01\/Alternativa-Shqiptare-dhe-Partia-Demokratike.jpg","contentUrl":"https:\/\/www.visit-ulcinj.com\/blog\/wp-content\/uploads\/2012\/01\/Alternativa-Shqiptare-dhe-Partia-Demokratike.jpg","width":"318","height":"176"},{"@type":"WebPage","@id":"https:\/\/www.visit-ulcinj.com\/blog\/2012\/01\/25\/afrimi-dhe-bashkepunimi-i-alternatives-shqiptare-dhe-partis-demokratike\/#webpage","url":"https:\/\/www.visit-ulcinj.com\/blog\/2012\/01\/25\/afrimi-dhe-bashkepunimi-i-alternatives-shqiptare-dhe-partis-demokratike\/","name":"Afrimi dhe bashk\u00ebpunimi i Alternatives Shqiptare dhe Partis Demokratike - Lajme nga Ulqini","isPartOf":{"@id":"https:\/\/www.visit-ulcinj.com\/blog\/#website"},"primaryImageOfPage":{"@id":"https:\/\/www.visit-ulcinj.com\/blog\/2012\/01\/25\/afrimi-dhe-bashkepunimi-i-alternatives-shqiptare-dhe-partis-demokratike\/#primaryimage"},"datePublished":"2012-01-25T08:47:52+00:00","dateModified":"2012-01-25T08:47:52+00:00","author":{"@id":"https:\/\/www.visit-ulcinj.com\/blog\/#\/schema\/person\/dcab619c614d3038751c63bc2aadc06d"},"description":"Alternativa Shqiptare dhe Partia Demokratike mbajt\u00ebn takim pune, me tem\u00eb \u201cafrimi dhe bashk\u00ebpunimi\u00a0 i subjekteve nacionale shqiptare n\u00eb Mal t\u00eb Zi\u201d.","breadcrumb":{"@id":"https:\/\/www.visit-ulcinj.com\/blog\/2012\/01\/25\/afrimi-dhe-bashkepunimi-i-alternatives-shqiptare-dhe-partis-demokratike\/#breadcrumb"},"inLanguage":"en-US","potentialAction":[{"@type":"ReadAction","target":["https:\/\/www.visit-ulcinj.com\/blog\/2012\/01\/25\/afrimi-dhe-bashkepunimi-i-alternatives-shqiptare-dhe-partis-demokratike\/"]}]},{"@type":"BreadcrumbList","@id":"https:\/\/www.visit-ulcinj.com\/blog\/2012\/01\/25\/afrimi-dhe-bashkepunimi-i-alternatives-shqiptare-dhe-partis-demokratike\/#breadcrumb","itemListElement":[{"@type":"ListItem","position":1,"name":"Afrimi dhe bashk\u00ebpunimi i Alternatives Shqiptare dhe Partis Demokratike"}]},{"@type":"Person","@id":"https:\/\/www.visit-ulcinj.com\/blog\/#\/schema\/person\/dcab619c614d3038751c63bc2aadc06d","name":"ulqini","sameAs":["http:\/\/www.visit-ulcinj.com"],"url":"https:\/\/www.visit-ulcinj.com\/blog\/author\/admin\/"}]}},"jetpack_featured_media_url":"","jetpack_sharing_enabled":true,"jetpack_shortlink":"https:\/\/wp.me\/pe6lTn-eEl","_links":{"self":[{"href":"https:\/\/www.visit-ulcinj.com\/blog\/wp-json\/wp\/v2\/posts\/56317"}],"collection":[{"href":"https:\/\/www.visit-ulcinj.com\/blog\/wp-json\/wp\/v2\/posts"}],"about":[{"href":"https:\/\/www.visit-ulcinj.com\/blog\/wp-json\/wp\/v2\/types\/post"}],"author":[{"embeddable":true,"href":"https:\/\/www.visit-ulcinj.com\/blog\/wp-json\/wp\/v2\/users\/1"}],"replies":[{"embeddable":true,"href":"https:\/\/www.visit-ulcinj.com\/blog\/wp-json\/wp\/v2\/comments?post=56317"}],"version-history":[{"count":1,"href":"https:\/\/www.visit-ulcinj.com\/blog\/wp-json\/wp\/v2\/posts\/56317\/revisions"}],"predecessor-version":[{"id":56319,"href":"https:\/\/www.visit-ulcinj.com\/blog\/wp-json\/wp\/v2\/posts\/56317\/revisions\/56319"}],"wp:attachment":[{"href":"https:\/\/www.visit-ulcinj.com\/blog\/wp-json\/wp\/v2\/media?parent=56317"}],"wp:term":[{"taxonomy":"category","embeddable":true,"href":"https:\/\/www.visit-ulcinj.com\/blog\/wp-json\/wp\/v2\/categories?post=56317"},{"taxonomy":"post_tag","embeddable":true,"href":"https:\/\/www.visit-ulcinj.com\/blog\/wp-json\/wp\/v2\/tags?post=56317"}],"curies":[{"name":"wp","href":"https:\/\/api.w.org\/{rel}","templated":true}]}}