{"id":56320,"date":"2012-01-25T10:03:20","date_gmt":"2012-01-25T09:03:20","guid":{"rendered":"http:\/\/www.visit-ulcinj.com\/blog\/?p=56320"},"modified":"2012-01-31T08:46:26","modified_gmt":"2012-01-31T07:46:26","slug":"skulptura-na-kacemi-ulcinja","status":"publish","type":"post","link":"https:\/\/www.visit-ulcinj.com\/blog\/2012\/01\/25\/skulptura-na-kacemi-ulcinja\/","title":{"rendered":"Skulptura na Kacemi Ulcinja"},"content":{"rendered":"<p><a href=\"http:\/\/www.visit-ulcinj.com\/blog\/wp-content\/uploads\/2012\/01\/Skulptura-na-Kacemi-Ulcinja.jpg\"><img loading=\"lazy\" class=\"alignleft  wp-image-56321\" title=\"Skulptura na Kacemi Ulcinja\" src=\"http:\/\/www.visit-ulcinj.com\/blog\/wp-content\/uploads\/2012\/01\/Skulptura-na-Kacemi-Ulcinja.jpg\" alt=\"\" width=\"508\" height=\"380\" srcset=\"https:\/\/www.visit-ulcinj.com\/blog\/wp-content\/uploads\/2012\/01\/Skulptura-na-Kacemi-Ulcinja.jpg 960w, https:\/\/www.visit-ulcinj.com\/blog\/wp-content\/uploads\/2012\/01\/Skulptura-na-Kacemi-Ulcinja-300x225.jpg 300w\" sizes=\"(max-width: 508px) 100vw, 508px\" \/><\/a>Mi\u0161ljenja i razmi\u0161ljanja sasvim obi\u010dnih ljudi, prolaznika i ribara koji svakodnevno tuda prolaze, se ne sla\u017eu sa mi\u0161ljenjem &#8220;umjetnika&#8221; i &#8220;stru\u010dnjaka&#8221; koji su svojim &#8220;autoritetom&#8221; na ovoj stijeni ispred na\u0161e nekada\u0161nje Kaceme, postavili jednu futuristi\u010dku skulpturu u obliku ptice. Ne ulaze\u0107i u umjetni\u010dku vrijednost postavljene skulpture, mi\u0161ljenje ve\u0107ine njih je, da ona ne odgovara ambijentu stijene, mora i neba&#8230;Nije ni galeb, koji bi mo\u017eda i mogao da se uklopi u postoje\u0107i ambijent, nije ni orao, koji bi mo\u017eda svojom snagom i predstavljao neki simbol&#8230; Za mnoge skulptura jeste ptica, ali koja li\u010di na sovu, ili kako je narod naziva &#8220;kukuvajkom&#8230;&#8221; Sa ironijom i sarkazmom, ka\u017eu da, ta skulptura i jeste lo\u0161 znak da Kacema i nije ispala onako kako je i zami\u0161ljena. A zami\u0161ljena je da bude mala&#8221; Lu\u010dica&#8221; za na\u0161e \u010damce, a nikako &#8220;Jakuzzi&#8221; koji vri sa malo Juga, i koji nikako ne predstavlja sigurnost za na\u0161e \u010damce.. Sasvim je sigurno da ona ne funkcioni\u0161e onako kako su je gospoda iz &#8220;Morskog dobra &#8221; i zami\u0161ljalji., svjesni su i oni toga.<br \/>\nOvih dana, ta gospoda postavljaju i ogra\u0111uju Kacemu ogradom, koja opet vi\u0161i li\u010di na ogradu na nekom sportskom objektu, a nikako na ogradu za jedno \u0161etali\u0161te pored mora ispod zidina Starog grada&#8230; U svakom slu\u010daju, \u010dini mi se da je kod nas u Ulcinju sve u nekoj disproporciji i neskladu&#8230; &#8220;\u010cuvena komisija&#8221; koja je odlu\u010dila da nam po parkovima pored &#8220;Male pla\u017ee&#8221; i jo\u0161 ponegdje, postavi neke futuristi\u010dke figure od mermera, a posebno ovu ispred zidina Starog grada na tako prelijepom ambijentu, morala je ipak da konsultuje nas obi\u010dne ljude, gra\u0111ane i ribare&#8230;. \u010cini mi se da su sve ovo radili na brzinu, kako bi se \u0161to prije rije\u0161ili skulptura, jer kona\u010dno neko je platio da se one izrade&#8230; Dali su to radili za interese nas gra\u0111ana ili svoje li\u010dne&#8230;to prepu\u0161tam njima i njihovoj savjessti&#8230;&#8230;<br \/>\nMoje skromno mi\u0161ljenje je, da su mogli da ne\u0161to i nau\u010de od jednog poslovo\u0111e preduze\u0107a iz Nik\u0161i\u0107a koje je i izvodilo radove na na\u0161oj Kacemi&#8230; Ne znaju\u0107i \u0161ta \u0107e sa jednim starim \u010damcem, \u010diji se vlasnik nije javljao, a koji se nalazio na mjestu gdje su oni izvodili radove, jednostavno ga je postavio na stijeni ..I ja sam nai\u0161ao i ovjekovje\u010dio ga mojim malim fotoaparatom,..Siguran sam da dijelim mi\u0161ljenje ogromne ve\u0107ine gra\u0111ana, pa \u010dak i onih koji su tamo postavili onu &#8220;sovu&#8221; od mermera, da bi taj stari \u010damac, vi\u0161e odgovarao postoje\u0107em ambijentu, stijeni, moru i &#8220;nebu&#8221;i kona\u010dno svima nama koji svakodnevno tuda prolazimo&#8230; fotografija, nedvosmisljeno pokazuje, ko je u pravu&#8230;.<\/p>\n<p><a href=\"https:\/\/www.facebook.com\/photo.php?fbid=3080624978814&amp;set=a.2558080995541.2146248.1359492972&amp;type=3&amp;theater\" target=\"_blank\"><strong>Ismet Karamanaga Facebook<\/strong><\/a><\/p>\n<!--YouTube Error: bad URL entered-->\n","protected":false},"excerpt":{"rendered":"<p>Mi\u0161ljenja i razmi\u0161ljanja sasvim obi\u010dnih ljudi, prolaznika i ribara koji svakodnevno tuda prolaze, se ne sla\u017eu sa mi\u0161ljenjem &#8220;umjetnika&#8221; i &#8220;stru\u010dnjaka&#8221; koji su svojim &#8220;autoritetom&#8221; na ovoj stijeni ispred na\u0161e nekada\u0161nje Kaceme, postavili jednu futuristi\u010dku skulpturu u obliku ptice. Ne ulaze\u0107i u umjetni\u010dku vrijednost postavljene skulpture, mi\u0161ljenje ve\u0107ine njih je, da ona ne odgovara ambijentu [&hellip;]<\/p>\n","protected":false},"author":1,"featured_media":0,"comment_status":"open","ping_status":"closed","sticky":false,"template":"","format":"standard","meta":{"spay_email":"","jetpack_publicize_message":"","jetpack_is_tweetstorm":false,"jetpack_publicize_feature_enabled":true},"categories":[8337],"tags":[19902,18654,850,19],"jetpack_publicize_connections":[],"yoast_head":"<!-- This site is optimized with the Yoast SEO plugin v19.1 - https:\/\/yoast.com\/wordpress\/plugins\/seo\/ -->\n<title>Skulptura na Kacemi Ulcinja - Lajme nga Ulqini<\/title>\n<meta name=\"description\" content=\"Mi\u0161ljenja i razmi\u0161ljanja sasvim obi\u010dnih ljudi, prolaznika i ribara koji svakodnevno tuda prolaze, se ne sla\u017eu sa mi\u0161ljenjem &quot;umjetnika&quot; i &quot;stru\u010dnjaka&quot;\" \/>\n<meta name=\"robots\" content=\"index, follow, max-snippet:-1, max-image-preview:large, max-video-preview:-1\" \/>\n<link rel=\"canonical\" href=\"https:\/\/www.visit-ulcinj.com\/blog\/2012\/01\/25\/skulptura-na-kacemi-ulcinja\/\" \/>\n<meta property=\"og:locale\" content=\"en_US\" \/>\n<meta property=\"og:type\" content=\"article\" \/>\n<meta property=\"og:title\" content=\"Skulptura na Kacemi Ulcinja - Lajme nga Ulqini\" \/>\n<meta property=\"og:description\" content=\"Mi\u0161ljenja i razmi\u0161ljanja sasvim obi\u010dnih ljudi, prolaznika i ribara koji svakodnevno tuda prolaze, se ne sla\u017eu sa mi\u0161ljenjem &quot;umjetnika&quot; i &quot;stru\u010dnjaka&quot;\" \/>\n<meta property=\"og:url\" content=\"https:\/\/www.visit-ulcinj.com\/blog\/2012\/01\/25\/skulptura-na-kacemi-ulcinja\/\" \/>\n<meta property=\"og:site_name\" content=\"Lajme nga Ulqini\" \/>\n<meta property=\"article:published_time\" content=\"2012-01-25T09:03:20+00:00\" \/>\n<meta property=\"article:modified_time\" content=\"2012-01-31T07:46:26+00:00\" \/>\n<meta property=\"og:image\" content=\"http:\/\/www.visit-ulcinj.com\/blog\/wp-content\/uploads\/2012\/01\/Skulptura-na-Kacemi-Ulcinja.jpg\" \/>\n<meta name=\"twitter:label1\" content=\"Written by\" \/>\n\t<meta name=\"twitter:data1\" content=\"ulqini\" \/>\n\t<meta name=\"twitter:label2\" content=\"Est. reading time\" \/>\n\t<meta name=\"twitter:data2\" content=\"2 minutes\" \/>\n<script type=\"application\/ld+json\" class=\"yoast-schema-graph\">{\"@context\":\"https:\/\/schema.org\",\"@graph\":[{\"@type\":\"WebSite\",\"@id\":\"https:\/\/www.visit-ulcinj.com\/blog\/#website\",\"url\":\"https:\/\/www.visit-ulcinj.com\/blog\/\",\"name\":\"Lajme nga Ulqini\",\"description\":\"Lajme,Vijesti,Ulqini,Ulqin,Crna Gora,Mali i Zi\",\"potentialAction\":[{\"@type\":\"SearchAction\",\"target\":{\"@type\":\"EntryPoint\",\"urlTemplate\":\"https:\/\/www.visit-ulcinj.com\/blog\/?s={search_term_string}\"},\"query-input\":\"required name=search_term_string\"}],\"inLanguage\":\"en-US\"},{\"@type\":\"ImageObject\",\"inLanguage\":\"en-US\",\"@id\":\"https:\/\/www.visit-ulcinj.com\/blog\/2012\/01\/25\/skulptura-na-kacemi-ulcinja\/#primaryimage\",\"url\":\"https:\/\/www.visit-ulcinj.com\/blog\/wp-content\/uploads\/2012\/01\/Skulptura-na-Kacemi-Ulcinja.jpg\",\"contentUrl\":\"https:\/\/www.visit-ulcinj.com\/blog\/wp-content\/uploads\/2012\/01\/Skulptura-na-Kacemi-Ulcinja.jpg\",\"width\":\"960\",\"height\":\"720\"},{\"@type\":\"WebPage\",\"@id\":\"https:\/\/www.visit-ulcinj.com\/blog\/2012\/01\/25\/skulptura-na-kacemi-ulcinja\/#webpage\",\"url\":\"https:\/\/www.visit-ulcinj.com\/blog\/2012\/01\/25\/skulptura-na-kacemi-ulcinja\/\",\"name\":\"Skulptura na Kacemi Ulcinja - Lajme nga Ulqini\",\"isPartOf\":{\"@id\":\"https:\/\/www.visit-ulcinj.com\/blog\/#website\"},\"primaryImageOfPage\":{\"@id\":\"https:\/\/www.visit-ulcinj.com\/blog\/2012\/01\/25\/skulptura-na-kacemi-ulcinja\/#primaryimage\"},\"datePublished\":\"2012-01-25T09:03:20+00:00\",\"dateModified\":\"2012-01-31T07:46:26+00:00\",\"author\":{\"@id\":\"https:\/\/www.visit-ulcinj.com\/blog\/#\/schema\/person\/dcab619c614d3038751c63bc2aadc06d\"},\"description\":\"Mi\u0161ljenja i razmi\u0161ljanja sasvim obi\u010dnih ljudi, prolaznika i ribara koji svakodnevno tuda prolaze, se ne sla\u017eu sa mi\u0161ljenjem \\\"umjetnika\\\" i \\\"stru\u010dnjaka\\\"\",\"breadcrumb\":{\"@id\":\"https:\/\/www.visit-ulcinj.com\/blog\/2012\/01\/25\/skulptura-na-kacemi-ulcinja\/#breadcrumb\"},\"inLanguage\":\"en-US\",\"potentialAction\":[{\"@type\":\"ReadAction\",\"target\":[\"https:\/\/www.visit-ulcinj.com\/blog\/2012\/01\/25\/skulptura-na-kacemi-ulcinja\/\"]}]},{\"@type\":\"BreadcrumbList\",\"@id\":\"https:\/\/www.visit-ulcinj.com\/blog\/2012\/01\/25\/skulptura-na-kacemi-ulcinja\/#breadcrumb\",\"itemListElement\":[{\"@type\":\"ListItem\",\"position\":1,\"name\":\"Skulptura na Kacemi Ulcinja\"}]},{\"@type\":\"Person\",\"@id\":\"https:\/\/www.visit-ulcinj.com\/blog\/#\/schema\/person\/dcab619c614d3038751c63bc2aadc06d\",\"name\":\"ulqini\",\"sameAs\":[\"http:\/\/www.visit-ulcinj.com\"],\"url\":\"https:\/\/www.visit-ulcinj.com\/blog\/author\/admin\/\"}]}<\/script>\n<!-- \/ Yoast SEO plugin. -->","yoast_head_json":{"title":"Skulptura na Kacemi Ulcinja - Lajme nga Ulqini","description":"Mi\u0161ljenja i razmi\u0161ljanja sasvim obi\u010dnih ljudi, prolaznika i ribara koji svakodnevno tuda prolaze, se ne sla\u017eu sa mi\u0161ljenjem \"umjetnika\" i \"stru\u010dnjaka\"","robots":{"index":"index","follow":"follow","max-snippet":"max-snippet:-1","max-image-preview":"max-image-preview:large","max-video-preview":"max-video-preview:-1"},"canonical":"https:\/\/www.visit-ulcinj.com\/blog\/2012\/01\/25\/skulptura-na-kacemi-ulcinja\/","og_locale":"en_US","og_type":"article","og_title":"Skulptura na Kacemi Ulcinja - Lajme nga Ulqini","og_description":"Mi\u0161ljenja i razmi\u0161ljanja sasvim obi\u010dnih ljudi, prolaznika i ribara koji svakodnevno tuda prolaze, se ne sla\u017eu sa mi\u0161ljenjem \"umjetnika\" i \"stru\u010dnjaka\"","og_url":"https:\/\/www.visit-ulcinj.com\/blog\/2012\/01\/25\/skulptura-na-kacemi-ulcinja\/","og_site_name":"Lajme nga Ulqini","article_published_time":"2012-01-25T09:03:20+00:00","article_modified_time":"2012-01-31T07:46:26+00:00","og_image":[{"url":"http:\/\/www.visit-ulcinj.com\/blog\/wp-content\/uploads\/2012\/01\/Skulptura-na-Kacemi-Ulcinja.jpg"}],"twitter_misc":{"Written by":"ulqini","Est. reading time":"2 minutes"},"schema":{"@context":"https:\/\/schema.org","@graph":[{"@type":"WebSite","@id":"https:\/\/www.visit-ulcinj.com\/blog\/#website","url":"https:\/\/www.visit-ulcinj.com\/blog\/","name":"Lajme nga Ulqini","description":"Lajme,Vijesti,Ulqini,Ulqin,Crna Gora,Mali i Zi","potentialAction":[{"@type":"SearchAction","target":{"@type":"EntryPoint","urlTemplate":"https:\/\/www.visit-ulcinj.com\/blog\/?s={search_term_string}"},"query-input":"required name=search_term_string"}],"inLanguage":"en-US"},{"@type":"ImageObject","inLanguage":"en-US","@id":"https:\/\/www.visit-ulcinj.com\/blog\/2012\/01\/25\/skulptura-na-kacemi-ulcinja\/#primaryimage","url":"https:\/\/www.visit-ulcinj.com\/blog\/wp-content\/uploads\/2012\/01\/Skulptura-na-Kacemi-Ulcinja.jpg","contentUrl":"https:\/\/www.visit-ulcinj.com\/blog\/wp-content\/uploads\/2012\/01\/Skulptura-na-Kacemi-Ulcinja.jpg","width":"960","height":"720"},{"@type":"WebPage","@id":"https:\/\/www.visit-ulcinj.com\/blog\/2012\/01\/25\/skulptura-na-kacemi-ulcinja\/#webpage","url":"https:\/\/www.visit-ulcinj.com\/blog\/2012\/01\/25\/skulptura-na-kacemi-ulcinja\/","name":"Skulptura na Kacemi Ulcinja - Lajme nga Ulqini","isPartOf":{"@id":"https:\/\/www.visit-ulcinj.com\/blog\/#website"},"primaryImageOfPage":{"@id":"https:\/\/www.visit-ulcinj.com\/blog\/2012\/01\/25\/skulptura-na-kacemi-ulcinja\/#primaryimage"},"datePublished":"2012-01-25T09:03:20+00:00","dateModified":"2012-01-31T07:46:26+00:00","author":{"@id":"https:\/\/www.visit-ulcinj.com\/blog\/#\/schema\/person\/dcab619c614d3038751c63bc2aadc06d"},"description":"Mi\u0161ljenja i razmi\u0161ljanja sasvim obi\u010dnih ljudi, prolaznika i ribara koji svakodnevno tuda prolaze, se ne sla\u017eu sa mi\u0161ljenjem \"umjetnika\" i \"stru\u010dnjaka\"","breadcrumb":{"@id":"https:\/\/www.visit-ulcinj.com\/blog\/2012\/01\/25\/skulptura-na-kacemi-ulcinja\/#breadcrumb"},"inLanguage":"en-US","potentialAction":[{"@type":"ReadAction","target":["https:\/\/www.visit-ulcinj.com\/blog\/2012\/01\/25\/skulptura-na-kacemi-ulcinja\/"]}]},{"@type":"BreadcrumbList","@id":"https:\/\/www.visit-ulcinj.com\/blog\/2012\/01\/25\/skulptura-na-kacemi-ulcinja\/#breadcrumb","itemListElement":[{"@type":"ListItem","position":1,"name":"Skulptura na Kacemi Ulcinja"}]},{"@type":"Person","@id":"https:\/\/www.visit-ulcinj.com\/blog\/#\/schema\/person\/dcab619c614d3038751c63bc2aadc06d","name":"ulqini","sameAs":["http:\/\/www.visit-ulcinj.com"],"url":"https:\/\/www.visit-ulcinj.com\/blog\/author\/admin\/"}]}},"jetpack_featured_media_url":"","jetpack_sharing_enabled":true,"jetpack_shortlink":"https:\/\/wp.me\/pe6lTn-eEo","_links":{"self":[{"href":"https:\/\/www.visit-ulcinj.com\/blog\/wp-json\/wp\/v2\/posts\/56320"}],"collection":[{"href":"https:\/\/www.visit-ulcinj.com\/blog\/wp-json\/wp\/v2\/posts"}],"about":[{"href":"https:\/\/www.visit-ulcinj.com\/blog\/wp-json\/wp\/v2\/types\/post"}],"author":[{"embeddable":true,"href":"https:\/\/www.visit-ulcinj.com\/blog\/wp-json\/wp\/v2\/users\/1"}],"replies":[{"embeddable":true,"href":"https:\/\/www.visit-ulcinj.com\/blog\/wp-json\/wp\/v2\/comments?post=56320"}],"version-history":[{"count":2,"href":"https:\/\/www.visit-ulcinj.com\/blog\/wp-json\/wp\/v2\/posts\/56320\/revisions"}],"predecessor-version":[{"id":56590,"href":"https:\/\/www.visit-ulcinj.com\/blog\/wp-json\/wp\/v2\/posts\/56320\/revisions\/56590"}],"wp:attachment":[{"href":"https:\/\/www.visit-ulcinj.com\/blog\/wp-json\/wp\/v2\/media?parent=56320"}],"wp:term":[{"taxonomy":"category","embeddable":true,"href":"https:\/\/www.visit-ulcinj.com\/blog\/wp-json\/wp\/v2\/categories?post=56320"},{"taxonomy":"post_tag","embeddable":true,"href":"https:\/\/www.visit-ulcinj.com\/blog\/wp-json\/wp\/v2\/tags?post=56320"}],"curies":[{"name":"wp","href":"https:\/\/api.w.org\/{rel}","templated":true}]}}