{"id":56325,"date":"2012-01-25T11:43:21","date_gmt":"2012-01-25T10:43:21","guid":{"rendered":"http:\/\/www.visit-ulcinj.com\/blog\/?p=56325"},"modified":"2012-01-26T15:06:54","modified_gmt":"2012-01-26T14:06:54","slug":"vizita-e-sali-berishes-ne-mal-te-zi-dhe-ulqin-foto-video","status":"publish","type":"post","link":"https:\/\/www.visit-ulcinj.com\/blog\/2012\/01\/25\/vizita-e-sali-berishes-ne-mal-te-zi-dhe-ulqin-foto-video\/","title":{"rendered":"Vizita e Sali Berishes ne Mal t\u00eb Zi dhe Ulqin &#8211; Foto &#8211; Video"},"content":{"rendered":"<p><a href=\"http:\/\/www.visit-ulcinj.com\/blog\/wp-content\/uploads\/2012\/01\/Pritja-e-Sali-Berishes-ne-kufi-nga-Milazim-Mustafa-_Xhaudet-Cakuli.jpg\"><img loading=\"lazy\" class=\"alignleft  wp-image-56326\" title=\"Pritja e Sali Berishes ne kufi nga Milazim Mustafa _Xhaudet Cakuli\" src=\"http:\/\/www.visit-ulcinj.com\/blog\/wp-content\/uploads\/2012\/01\/Pritja-e-Sali-Berishes-ne-kufi-nga-Milazim-Mustafa-_Xhaudet-Cakuli.jpg\" alt=\"\" width=\"508\" height=\"380\" \/><\/a>Sot ne ora 9:00 ne kalimin kufitar te Sukobin\u00ebs arriti Kryeministri i Shqip\u00ebris\u00eb zot\u00ebri Sali Berisha. N\u00eb kufi e prit\u00ebn Kryetari i Kuvendit Milazim Mustafa dhe nenkryetari i komun\u00ebs s\u00eb Ulqinit Xhaudet Cakuli.<\/p>\n<p>Kryeministri Berisha u nis sot p\u00ebr nj\u00eb vizit\u00eb zyrtare nj\u00ebditore n\u00eb Mal t\u00eb Zi, me ftes\u00eb t\u00eb Kryeministrit malazez z.Igor Luk\u0161i\u0107.<\/p>\n<p><a href=\"http:\/\/www.visit-ulcinj.com\/blog\/wp-content\/uploads\/2012\/01\/Vizita-e-Sali-Berishes-ne-Mal-te-Zi-me-kryeministrin-Igor-Lukshic.4.jpg\"><img loading=\"lazy\" class=\"alignleft size-full wp-image-56340\" title=\"Vizita e Sali Berishes ne Mal te Zi me kryeministrin Igor Lukshic.4\" src=\"http:\/\/www.visit-ulcinj.com\/blog\/wp-content\/uploads\/2012\/01\/Vizita-e-Sali-Berishes-ne-Mal-te-Zi-me-kryeministrin-Igor-Lukshic.4.jpg\" alt=\"\" width=\"508\" height=\"300\" \/><\/a><\/p>\n<p>Kryeministri Berisha do t\u00eb pritet nga Kryeministri i Malit t\u00eb Zi z. Igor Luk\u0161i\u0107 me t\u00eb cilin do t\u00eb zhvilloj\u00eb nj\u00eb takim t\u00eate-a-t\u00eate q\u00eb do t\u00eb pasohet nga takimi i delegacioneve respektive. Pas takimit, ambasador\u00ebt e t\u00eb dy vendeve do t\u00eb n\u00ebnshkruajn\u00eb Marr\u00ebveshjen p\u00ebr p\u00ebrcaktimin e pik\u00ebs s\u00eb p\u00ebrbashk\u00ebt t\u00eb kalimit t\u00eb kufirit Grabon &#8211; Zatrijebacka cijevna. M\u00eb pas, dy Kryeministrat do t\u00eb japin nj\u00eb konferenc\u00eb t\u00eb p\u00ebrbashk\u00ebt p\u00ebr shtyp.<\/p>\n<p><a href=\"http:\/\/www.visit-ulcinj.com\/blog\/wp-content\/uploads\/2012\/01\/Vizita-e-Sali-Berishes-ne-Mal-te-Zi-me-kryeministrin-Igor-Lukshic.jpg\"><img loading=\"lazy\" class=\"alignleft size-full wp-image-56341\" title=\"Vizita e Sali Berishes ne Mal te Zi me kryeministrin Igor Lukshic\" src=\"http:\/\/www.visit-ulcinj.com\/blog\/wp-content\/uploads\/2012\/01\/Vizita-e-Sali-Berishes-ne-Mal-te-Zi-me-kryeministrin-Igor-Lukshic.jpg\" alt=\"\" width=\"508\" height=\"300\" \/><\/a><\/p>\n<p>Kryeministri Berisha do t\u00eb zhvilloj\u00eb takime t\u00eb ve\u00e7anta me Presidentin e Malit t\u00eb Zi, z. Filip Vujanovi\u0107\u00a0dhe me Z\u00ebvend\u00ebskryetarin e Parlamentit t\u00eb Malit t\u00eb Zi, z. \u017deljko \u0160turanovi\u0107. Gjithashtu, Kryeministri do t\u00eb takohet dhe me kryetarin e PDS-s\u00eb s\u00eb Malit t\u00eb Zi z. Milo Djukanovic.<\/p>\n<p><a href=\"http:\/\/www.visit-ulcinj.com\/blog\/wp-content\/uploads\/2012\/01\/Vizita-e-Sali-Berishes-ne-Mal-te-Zi-me-kryeministrin-Igor-Lukshic.1.jpg\"><img loading=\"lazy\" class=\"alignleft size-full wp-image-56342\" title=\"Vizita e Sali Berishes ne Mal te Zi me kryeministrin Igor Lukshic.1\" src=\"http:\/\/www.visit-ulcinj.com\/blog\/wp-content\/uploads\/2012\/01\/Vizita-e-Sali-Berishes-ne-Mal-te-Zi-me-kryeministrin-Igor-Lukshic.1.jpg\" alt=\"\" width=\"508\" height=\"300\" \/><\/a><\/p>\n<p>N\u00eb vijim t\u00eb vizit\u00ebs n\u00eb Malin e Zi, Kryeministri Berisha do t\u00eb takohet edhe me p\u00ebrfaq\u00ebsues t\u00eb partive shqiptare, si z. Mehmet Bardhi kryetar i Lidhjes Demokratike n\u00eb Mal t\u00eb Zi, z. Vasil Sinishtaj i Koalicionit Shqiptar Perspektiva, z. Genci Nimanbegu i FORCA dhe z. Mehmet Zenka i Unionit Demokratik Shqiptar.<br \/>\n<a href=\"http:\/\/www.visit-ulcinj.com\/blog\/wp-content\/uploads\/2012\/01\/Kryeministri-Berisha-takohet-me-perfaqesues-te-partive-shqiptare_z.-Mehmet-Bardhi-kryetar-i-Lidhjes-Demokratike-n\u00eb-Mal-t\u00eb-Zi-z.-Vasel-Sinishtaj-i-Koalicionit-Shqiptar-Perspektiva-z.-Genci-Nimanbegu-i-FORCA.jpg\"><img loading=\"lazy\" class=\"alignleft size-full wp-image-56353\" title=\"Kryeministri Berisha takohet me perfaqesues te partive shqiptare_z. Mehmet Bardhi kryetar i Lidhjes Demokratike n\u00eb Mal t\u00eb Zi, z. Vasel Sinishtaj i Koalicionit Shqiptar Perspektiva, z. Genci Nimanbegu i FORCA\" src=\"http:\/\/www.visit-ulcinj.com\/blog\/wp-content\/uploads\/2012\/01\/Kryeministri-Berisha-takohet-me-perfaqesues-te-partive-shqiptare_z.-Mehmet-Bardhi-kryetar-i-Lidhjes-Demokratike-n\u00eb-Mal-t\u00eb-Zi-z.-Vasel-Sinishtaj-i-Koalicionit-Shqiptar-Perspektiva-z.-Genci-Nimanbegu-i-FORCA.jpg\" alt=\"\" width=\"508\" height=\"300\" \/><\/a><br \/>\nM\u00eb pas, Kryeministri Berisha do t\u00eb zhvilloj\u00eb nj\u00eb vizit\u00eb Tuz, ku do t\u00eb pritet nga kryetari i Komun\u00ebs z. Nikola Gegaj dhe do t\u00eb takohet me p\u00ebrfaq\u00ebsues t\u00eb Kuvendit t\u00eb Komun\u00ebs Urbane t\u00eb Tuzit.<\/p>\n<p><a href=\"http:\/\/www.visit-ulcinj.com\/blog\/wp-content\/uploads\/2012\/01\/Vizita-e-Sali-Berishes-ne-Mal-te-Zi-me-kryeministrin-Igor-Lukshic.3.jpg\"><img loading=\"lazy\" class=\"alignleft size-full wp-image-56344\" title=\"Vizita e Sali Berishes ne Mal te Zi me kryeministrin Igor Lukshic.3\" src=\"http:\/\/www.visit-ulcinj.com\/blog\/wp-content\/uploads\/2012\/01\/Vizita-e-Sali-Berishes-ne-Mal-te-Zi-me-kryeministrin-Igor-Lukshic.3.jpg\" alt=\"\" width=\"508\" height=\"300\" \/><\/a><\/p>\n<p>Vizita e Kryeministrit Berisha do t\u00eb p\u00ebrmbyllet me nj\u00eb vizit\u00eb n\u00eb Ulqin ku do t\u00eb pritet dhe do t\u00eb zhvilloj\u00eb nj\u00eb takim me kryetarin e Komun\u00ebs s\u00eb Ulqinit z. Nazif Cungu n\u00eb ora 18:30.<\/p>\n<p>&nbsp;<\/p>\n<p>FOTO: Vlada.me<\/p>\n<p><a href=\"http:\/\/www.visit-ulcinj.com\/blog\/wp-content\/uploads\/2012\/01\/Kryeministri-Berisha-takohet-ne-Potgoric\u00eb-me-Kryetarin-e-PDS-s\u00eb-s\u00eb-Malit-t\u00eb-Zi-z.-Milo-Djukanovic.jpg\"><img loading=\"lazy\" class=\"alignleft size-full wp-image-56347\" title=\"Kryeministri Berisha takohet ne Potgoric\u00eb me Kryetarin e PDS-s\u00eb s\u00eb Malit t\u00eb Zi, z. Milo Djukanovic\" src=\"http:\/\/www.visit-ulcinj.com\/blog\/wp-content\/uploads\/2012\/01\/Kryeministri-Berisha-takohet-ne-Potgoric\u00eb-me-Kryetarin-e-PDS-s\u00eb-s\u00eb-Malit-t\u00eb-Zi-z.-Milo-Djukanovic.jpg\" alt=\"\" width=\"508\" height=\"300\" \/><\/a><\/p>\n<p><strong>Kryeministri Berisha takohet n\u00eb Podgoric\u00eb me kryetarin e PDS-s\u00eb, zotin Milo Djukanovic<\/strong><strong><\/strong><\/p>\n<p>Gjat\u00eb q\u00ebndrimit t\u00eb tij n\u00eb Podgoric\u00eb, Kryeministri Berisha zhvilloi nj\u00eb takim me kryetarin e Partis\u00eb Demokratike Socialiste t\u00eb Malit t\u00eb Zi, zotin Milo Djukanovic.<\/p>\n<p>Duke i uruar perzemersisht mir\u00ebseardhjen Kryeministrit Berisha, zoti Djukanovic shprehu k\u00ebnaq\u00ebsin\u00eb e vecante per k\u00ebt\u00eb takim dhe k\u00ebt\u00eb vizit\u00eb q\u00eb ai po zhvillon n\u00eb Mal t\u00eb Zi. Ai shprehu k\u00ebnaq\u00ebsin\u00eb p\u00ebr nivelin e shk\u00eblqyer t\u00eb marr\u00ebdhenieve nd\u00ebrmjet dy vendeve tona, si dhe theksoi se po ndjek me kujdes t\u00eb gjitha projektet p\u00ebr bashkepunimit te gjithanshem, zgjerimin e lidhjeve infrastrukturore, hapjen e pikave t\u00eb p\u00ebrbashk\u00ebta t\u00eb kalimit kufitar, etj. Zoti Djukanovic shprehu k\u00ebnaq\u00ebsin\u00eb dhe vler\u00ebsimet e tij p\u00ebr zhvillimet e arritjet shum\u00eb t\u00eb r\u00ebnd\u00ebsishme q\u00eb jan\u00eb sh\u00ebnuar n\u00eb Shqip\u00ebri gjat\u00eb gjith\u00eb k\u00ebsaj periudhe. Ai u shpreh se \u00ebsht\u00eb nj\u00eb lajm shum\u00eb i mir\u00eb q\u00eb bojkoti parlamentar u nd\u00ebrpre dhe tashm\u00eb Parlamenti funksionon i plot\u00eb.<\/p>\n<p>Kryeministri Berisha shprehu, gjithashtu, k\u00ebnaq\u00ebsin\u00eb p\u00ebr k\u00ebt\u00eb takim dhe vler\u00ebsoi se zoti Djukanovic mbetet jo vetem arkitekt i pavaresis\u00eb s\u00eb Malit t\u00eb Zi, por edhe arkitekt i miq\u00ebsise midis s\u00eb dy vendeve dhe popujve. \u201cMbeshtetja qe Mali i Zi i dha ceshtjes se drejte te shqiptareve ne Kosove dhe pavaresise se republikes se Kosoves do te mbetet perhere i paharruar per shqiptaret,&#8221; u shpreh Berisha. \u201cPrandaj mbetesh nj\u00eb mik shum\u00eb i \u00e7muar dhe ruan vendin e ve\u00e7ant\u00eb dhe shum\u00eb t\u00eb r\u00ebnd\u00ebsish\u00ebm n\u00eb marredheniet midis t\u00eb dy vendeve\u201d, tha Kryeministri.<\/p>\n<p>Duke folur p\u00ebr bashk\u00ebpunimin nd\u00ebrmjet dy vendeve, Kryeministri Berisha theksoi se po punohet p\u00ebr nje ser\u00eb projektesh t\u00eb r\u00ebnd\u00ebsishme t\u00eb p\u00ebrbashk\u00ebta. Kryeministri vler\u00ebsoi se zhvillimet shum\u00eb pozitive n\u00eb Mal t\u00eb Zi kan\u00eb qen\u00eb nj\u00eb d\u00ebshmi e shk\u00eblqyer q\u00eb justifikuan luft\u00ebn dhe p\u00ebrpjekjet e zotit Djukanovic dhe popullit te ketij vendi mik e fqinj qe konkluduan ne arritjen e pavaresise se Republikes se Malit te Zi.<\/p>\n<p>Ne takim u vleresuan perpjekjet dhe angazhimi i jashtezakonshem me te cilin Shqip\u00ebria dhe Mali i Zi po punojn\u00eb p\u00ebr projektin e p\u00ebrbashk\u00ebt, at\u00eb t\u00eb integrimit n\u00eb Bashkimin Europian. Kryeministri Berisha p\u00ebrs\u00ebriti mb\u00ebshtjen e plote nga ana e Shqip\u00ebris\u00eb p\u00ebr an\u00ebtar\u00ebsimin e Malit t\u00eb Zi n\u00eb NATO. M\u00eb tej, Kryeministri Berisha theksoi se Ballkani \u00ebsht\u00eb m\u00eb i lir\u00eb s\u00eb kurr\u00eb tashm\u00eb q\u00eb Kosova dhe Mali i Zi jan\u00eb t\u00eb pavarur.<\/p>\n<p>Zoti Djukanovic e falenderoi perzemersisht kryeministrin dhe u shpreh se an\u00ebtar\u00ebsimi i Malit t\u00eb Zi n\u00eb NATO mbetet nj\u00eb projekt strategjik me r\u00ebndesi t\u00eb jasht\u00ebzakonshme.<\/p>\n<p>Me tej, Kryeministri Berisha vleresoi progresin dhe rolin q\u00eb shqiptar\u00ebt kan\u00eb arritur n\u00eb Mal t\u00eb Zi. \u201cP\u00ebrkushtimi yn\u00eb i madh n\u00eb projektin evropian i sh\u00ebrben jet\u00ebs mir\u00ebq\u00ebnies e standardeve t\u00eb jetes se qytetareve n\u00eb Mal t\u00eb Zi, n\u00eb Shqip\u00ebri dhe n\u00eb cdo vend tjet\u00ebr q\u00eb punon p\u00ebr k\u00ebt\u00eb projekt\u201d, theksoi Kryeministri.<\/p>\n<p>Gjat\u00eb takimit, Kryeministri Berisha dhe zoti Djukanovic diskutuan edhe p\u00ebr zhvillimet e fundit n\u00eb rajon.<\/p>\n<p>Kryeministri Berisha e ftoi zotin Djukanovic t\u00eb vizitoj\u00eb Shqip\u00ebrin\u00eb, duke u shprehur se \u00ebsht\u00eb p\u00ebrher\u00eb i mir\u00ebpritur ta vizitoj\u00eb at\u00eb. Nga e tij, zoti Dukanovic u shpreh se me shum\u00eb k\u00ebnaq\u00ebsi do ta zhvilloj\u00eb k\u00ebt\u00eb vizit\u00eb<\/p>\n<p><strong>Keshilli i Ministrave.al<br \/>\n<\/strong><br \/>\n<a href=\"http:\/\/www.visit-ulcinj.com\/blog\/wp-content\/uploads\/2012\/01\/Kryeministri-Berisha-takohet-me-Presidentin-e-Malit-t\u00eb-Zi-zotin-Filip-Vujanovic.jpg\"><img loading=\"lazy\" class=\"alignleft size-full wp-image-56351\" title=\"Kryeministri Berisha takohet me Presidentin e Malit t\u00eb Zi, zotin Filip Vujanovic\" src=\"http:\/\/www.visit-ulcinj.com\/blog\/wp-content\/uploads\/2012\/01\/Kryeministri-Berisha-takohet-me-Presidentin-e-Malit-t\u00eb-Zi-zotin-Filip-Vujanovic.jpg\" alt=\"\" width=\"508\" height=\"300\" \/><\/a><br \/>\n<strong>Kryeministri Berisha takohet me Presidentin e Malit t\u00eb Zi, zotin Filip Vujanovi\u0107<\/strong><\/p>\n<p>N\u00eb vijim t\u00eb vizit\u00ebs zyrtare n\u00eb Mal t\u00eb Zi, Kryeministri Berisha u takua sot n\u00eb mesdit\u00eb me Presidentin malazez, zotin Filip Vujanovi\u0107.<\/p>\n<p>Presidenti Vujanovi\u0107 i uroi mir\u00ebseardhjen Kryeministrit Berisha dhe i shprehu fal\u00ebnderime p\u00ebr kontributin e madh q\u00eb ai ka dh\u00ebn\u00eb n\u00eb marr\u00ebdh\u00ebniet e shk\u00eblqyera q\u00eb ekzistojn\u00eb midis Shqip\u00ebris\u00eb dhe Malit t\u00eb Zi. Duke i cil\u00ebsuar ato si nj\u00eb shembull i shk\u00eblqyer, Presidenti Vujanovi\u0107 theksoi se kjo vizit\u00eb \u00ebsht\u00eb nj\u00eb kontribut tjet\u00ebr n\u00eb forcimin e tyre. M\u00eb tej, ai shprehu vullnetin e Malit t\u00eb Zi p\u00ebr \u00e7uarjen edhe m\u00eb tej t\u00eb k\u00ebtyre marr\u00ebdh\u00ebnieve n\u00eb t\u00eb gjitha fushat, n\u00eb ve\u00e7anti n\u00eb fush\u00ebn ekonomike.<\/p>\n<p>Kryeministri Berisha e fal\u00ebnderoi Presidentin Vujanovi\u0107 p\u00ebr pritjen e ngroht\u00eb dhe tep\u00ebr miq\u00ebsore, nd\u00ebrsa shtoi se ndihet gjithnj\u00eb shum\u00eb i mir\u00ebpritur n\u00eb Mal t\u00eb Zi. Kryeministri theksoi se ndjek me shum\u00eb interes progresin e Malit t\u00eb Zi dhe shprehu k\u00ebnaq\u00ebsin\u00eb q\u00eb ky vend po ec\u00ebn me shpejt\u00ebsi drejt integrimit n\u00eb Bashkimin Evropian dhe n\u00eb NATO. Kryeministri Berisha e siguroi Presidentin Vujanovi\u0107 se qeveria shqiptare do t\u00eb vijoj\u00eb ta mb\u00ebshtes\u00eb fuqish\u00ebm antar\u00ebsimin e Malit t\u00eb Zi n\u00eb NATO, duke e vler\u00ebsuar k\u00ebt\u00eb antar\u00ebsim si plot\u00ebsisht t\u00eb merituar, por edhe si interesi m\u00eb i mir\u00eb i NATO-s, kahu jug &#8211; lindor i t\u00eb cil\u00ebs do t\u00eb b\u00ebhet m\u00eb i plot\u00eb me an\u00ebtar\u00ebsimin e Malit t\u00eb Zi n\u00eb k\u00ebt\u00eb Aleanc\u00eb. N\u00eb takim u ripohua vullneti i pal\u00ebve p\u00ebr t\u00eb vijuar bashk\u00ebpunimin n\u00eb projekte t\u00eb p\u00ebrbashk\u00ebta n\u00eb shum\u00eb fusha, si infrastruktur\u00ebn rrugore, nism\u00ebn p\u00ebr autostrad\u00ebn Adriatiko-Joniane, projektin p\u00ebr lumin Buna dhe liqenin e Shkodr\u00ebs, si dhe projekte t\u00eb p\u00ebrbashk\u00ebta turistike, ve\u00e7an\u00ebrisht p\u00ebr turizmin malor, p\u00ebr t\u2019i paraqitur alpet si nj\u00eb destinacion jasht\u00ebzakonisht t\u00ebrheq\u00ebs p\u00ebr turiz\u00ebm e investime n\u00eb t\u00eb dy vendet.<\/p>\n<p>Kryeministri Berisha shprehu, gjithashtu, k\u00ebnaq\u00ebsin\u00eb p\u00ebr progresin q\u00eb shqiptar\u00ebt kan\u00eb b\u00ebr\u00eb n\u00eb Mal t\u00eb Zi.<\/p>\n<p>Nga ana e tij, Presidenti Vujanovi\u0107 vler\u00ebsoi progresin e r\u00ebnd\u00ebsish\u00ebm dhe arritjet q\u00eb ka sh\u00ebnuar qeveria shqiptare gjat\u00eb k\u00ebsaj periudhe, t\u00eb cilat e kan\u00eb transformuar dhe shnd\u00ebrruar Shqip\u00ebrin\u00eb n\u00eb nj\u00eb destinacion shum\u00eb t\u00ebrheq\u00ebs p\u00ebr investime t\u00eb huaja, si edhe p\u00ebr turist\u00ebt.<\/p>\n<p>Presidenti Vujanovi\u0107 e fal\u00ebnderoi Kryeministrit Berisha p\u00ebr kontributin e qeveris\u00eb shqiptare p\u00ebrsa i p\u00ebrket plot\u00ebsimit t\u00eb standarteve t\u00eb t\u00eb drejtave e lirive t\u00eb njeriut t\u00eb qytetareve shqiptar\u00eb me origjin\u00eb nga Mal i Zi.<\/p>\n<p>N\u00eb takim, dy personalitetet diskutuan edhe lidhur me zhvillimet n\u00eb rajon. Kryeministri Berisha shfryt\u00ebzoi rastin p\u00ebr t\u00eb shprehur mir\u00ebnjohjen e tij p\u00ebr mb\u00ebshtetjen q\u00eb Mali i Zi i ka dh\u00ebn\u00eb n\u00eb vij\u00ebm\u00ebsi \u00e7\u00ebshtjes s\u00eb shqiptar\u00ebve n\u00eb Kosov\u00eb dhe njohjes s\u00eb Republik\u00ebs s\u00eb Kosov\u00ebs duke e konsideruar at\u00eb si nj\u00eb kontribut n\u00eb sh\u00ebrbim t\u00eb paqes, stabilitetit dhe siguris\u00eb n\u00eb rajon. \u201cPavarsia e Malit t\u00eb Zi dhe e Republik\u00ebs s\u00eb Kosov\u00ebs e ka b\u00ebr\u00eb Rajonin e Ballkanit m\u00eb t\u00eb lir\u00eb se kurr\u00eb\u201d, theksoi kryeministri Berisha.<\/p>\n<p>N\u00eb p\u00ebrfundim t\u00eb takimit, Kryeministri Berisha e ftoi Presidentin malazez, zotin Filip Vujanovi\u0107, p\u00ebr t\u00eb vizituar Shqip\u00ebrin\u00eb, ftes\u00eb e cila u mir\u00ebprit me k\u00ebnaq\u00ebsi.<\/p>\n<p><strong>Keshilli i Ministrave.al<\/strong><br \/>\n<!--YouTube Error: bad URL entered--><\/p>\n","protected":false},"excerpt":{"rendered":"<p>Sot ne ora 9:00 ne kalimin kufitar te Sukobin\u00ebs arriti Kryeministri i Shqip\u00ebris\u00eb zot\u00ebri Sali Berisha. N\u00eb kufi e prit\u00ebn Kryetari i Kuvendit Milazim Mustafa dhe nenkryetari i komun\u00ebs s\u00eb Ulqinit Xhaudet Cakuli. Kryeministri Berisha u nis sot p\u00ebr nj\u00eb vizit\u00eb zyrtare nj\u00ebditore n\u00eb Mal t\u00eb Zi, me ftes\u00eb t\u00eb Kryeministrit malazez z.Igor Luk\u0161i\u0107. Kryeministri [&hellip;]<\/p>\n","protected":false},"author":1,"featured_media":0,"comment_status":"open","ping_status":"closed","sticky":false,"template":"","format":"standard","meta":{"spay_email":"","jetpack_publicize_message":"","jetpack_is_tweetstorm":false,"jetpack_publicize_feature_enabled":true},"categories":[1,6950],"tags":[16003,2801,13771,2224,213,200,18],"jetpack_publicize_connections":[],"yoast_head":"<!-- This site is optimized with the Yoast SEO plugin v19.1 - https:\/\/yoast.com\/wordpress\/plugins\/seo\/ -->\n<title>Vizita e Sali Berishes ne Mal t\u00eb Zi dhe Ulqin - Foto - Video - Lajme nga Ulqini<\/title>\n<meta name=\"description\" content=\"Sot ne ora 9:00 ne kalimin kufitar te Sukobin\u00ebs arriti Kryeministri i Shqip\u00ebris\u00eb zot\u00ebri Sali Berisha. N\u00eb kufi e prit\u00ebn Kryetari i Kuvendit Milazim Mustafa\" \/>\n<meta name=\"robots\" content=\"index, follow, max-snippet:-1, max-image-preview:large, max-video-preview:-1\" \/>\n<link rel=\"canonical\" href=\"https:\/\/www.visit-ulcinj.com\/blog\/2012\/01\/25\/vizita-e-sali-berishes-ne-mal-te-zi-dhe-ulqin-foto-video\/\" \/>\n<meta property=\"og:locale\" content=\"en_US\" \/>\n<meta property=\"og:type\" content=\"article\" \/>\n<meta property=\"og:title\" content=\"Vizita e Sali Berishes ne Mal t\u00eb Zi dhe Ulqin - Foto - Video - Lajme nga Ulqini\" \/>\n<meta property=\"og:description\" content=\"Sot ne ora 9:00 ne kalimin kufitar te Sukobin\u00ebs arriti Kryeministri i Shqip\u00ebris\u00eb zot\u00ebri Sali Berisha. N\u00eb kufi e prit\u00ebn Kryetari i Kuvendit Milazim Mustafa\" \/>\n<meta property=\"og:url\" content=\"https:\/\/www.visit-ulcinj.com\/blog\/2012\/01\/25\/vizita-e-sali-berishes-ne-mal-te-zi-dhe-ulqin-foto-video\/\" \/>\n<meta property=\"og:site_name\" content=\"Lajme nga Ulqini\" \/>\n<meta property=\"article:published_time\" content=\"2012-01-25T10:43:21+00:00\" \/>\n<meta property=\"article:modified_time\" content=\"2012-01-26T14:06:54+00:00\" \/>\n<meta property=\"og:image\" content=\"http:\/\/www.visit-ulcinj.com\/blog\/wp-content\/uploads\/2012\/01\/Pritja-e-Sali-Berishes-ne-kufi-nga-Milazim-Mustafa-_Xhaudet-Cakuli.jpg\" \/>\n<meta name=\"twitter:label1\" content=\"Written by\" \/>\n\t<meta name=\"twitter:data1\" content=\"ulqini\" \/>\n\t<meta name=\"twitter:label2\" content=\"Est. reading time\" \/>\n\t<meta name=\"twitter:data2\" content=\"8 minutes\" \/>\n<script type=\"application\/ld+json\" class=\"yoast-schema-graph\">{\"@context\":\"https:\/\/schema.org\",\"@graph\":[{\"@type\":\"WebSite\",\"@id\":\"https:\/\/www.visit-ulcinj.com\/blog\/#website\",\"url\":\"https:\/\/www.visit-ulcinj.com\/blog\/\",\"name\":\"Lajme nga Ulqini\",\"description\":\"Lajme,Vijesti,Ulqini,Ulqin,Crna Gora,Mali i Zi\",\"potentialAction\":[{\"@type\":\"SearchAction\",\"target\":{\"@type\":\"EntryPoint\",\"urlTemplate\":\"https:\/\/www.visit-ulcinj.com\/blog\/?s={search_term_string}\"},\"query-input\":\"required name=search_term_string\"}],\"inLanguage\":\"en-US\"},{\"@type\":\"ImageObject\",\"inLanguage\":\"en-US\",\"@id\":\"https:\/\/www.visit-ulcinj.com\/blog\/2012\/01\/25\/vizita-e-sali-berishes-ne-mal-te-zi-dhe-ulqin-foto-video\/#primaryimage\",\"url\":\"https:\/\/www.visit-ulcinj.com\/blog\/wp-content\/uploads\/2012\/01\/Pritja-e-Sali-Berishes-ne-kufi-nga-Milazim-Mustafa-_Xhaudet-Cakuli.jpg\",\"contentUrl\":\"https:\/\/www.visit-ulcinj.com\/blog\/wp-content\/uploads\/2012\/01\/Pritja-e-Sali-Berishes-ne-kufi-nga-Milazim-Mustafa-_Xhaudet-Cakuli.jpg\",\"width\":\"640\",\"height\":\"428\"},{\"@type\":\"WebPage\",\"@id\":\"https:\/\/www.visit-ulcinj.com\/blog\/2012\/01\/25\/vizita-e-sali-berishes-ne-mal-te-zi-dhe-ulqin-foto-video\/#webpage\",\"url\":\"https:\/\/www.visit-ulcinj.com\/blog\/2012\/01\/25\/vizita-e-sali-berishes-ne-mal-te-zi-dhe-ulqin-foto-video\/\",\"name\":\"Vizita e Sali Berishes ne Mal t\u00eb Zi dhe Ulqin - Foto - Video - Lajme nga Ulqini\",\"isPartOf\":{\"@id\":\"https:\/\/www.visit-ulcinj.com\/blog\/#website\"},\"primaryImageOfPage\":{\"@id\":\"https:\/\/www.visit-ulcinj.com\/blog\/2012\/01\/25\/vizita-e-sali-berishes-ne-mal-te-zi-dhe-ulqin-foto-video\/#primaryimage\"},\"datePublished\":\"2012-01-25T10:43:21+00:00\",\"dateModified\":\"2012-01-26T14:06:54+00:00\",\"author\":{\"@id\":\"https:\/\/www.visit-ulcinj.com\/blog\/#\/schema\/person\/dcab619c614d3038751c63bc2aadc06d\"},\"description\":\"Sot ne ora 9:00 ne kalimin kufitar te Sukobin\u00ebs arriti Kryeministri i Shqip\u00ebris\u00eb zot\u00ebri Sali Berisha. N\u00eb kufi e prit\u00ebn Kryetari i Kuvendit Milazim Mustafa\",\"breadcrumb\":{\"@id\":\"https:\/\/www.visit-ulcinj.com\/blog\/2012\/01\/25\/vizita-e-sali-berishes-ne-mal-te-zi-dhe-ulqin-foto-video\/#breadcrumb\"},\"inLanguage\":\"en-US\",\"potentialAction\":[{\"@type\":\"ReadAction\",\"target\":[\"https:\/\/www.visit-ulcinj.com\/blog\/2012\/01\/25\/vizita-e-sali-berishes-ne-mal-te-zi-dhe-ulqin-foto-video\/\"]}]},{\"@type\":\"BreadcrumbList\",\"@id\":\"https:\/\/www.visit-ulcinj.com\/blog\/2012\/01\/25\/vizita-e-sali-berishes-ne-mal-te-zi-dhe-ulqin-foto-video\/#breadcrumb\",\"itemListElement\":[{\"@type\":\"ListItem\",\"position\":1,\"name\":\"Vizita e Sali Berishes ne Mal t\u00eb Zi dhe Ulqin &#8211; Foto &#8211; Video\"}]},{\"@type\":\"Person\",\"@id\":\"https:\/\/www.visit-ulcinj.com\/blog\/#\/schema\/person\/dcab619c614d3038751c63bc2aadc06d\",\"name\":\"ulqini\",\"sameAs\":[\"http:\/\/www.visit-ulcinj.com\"],\"url\":\"https:\/\/www.visit-ulcinj.com\/blog\/author\/admin\/\"}]}<\/script>\n<!-- \/ Yoast SEO plugin. -->","yoast_head_json":{"title":"Vizita e Sali Berishes ne Mal t\u00eb Zi dhe Ulqin - Foto - Video - Lajme nga Ulqini","description":"Sot ne ora 9:00 ne kalimin kufitar te Sukobin\u00ebs arriti Kryeministri i Shqip\u00ebris\u00eb zot\u00ebri Sali Berisha. N\u00eb kufi e prit\u00ebn Kryetari i Kuvendit Milazim Mustafa","robots":{"index":"index","follow":"follow","max-snippet":"max-snippet:-1","max-image-preview":"max-image-preview:large","max-video-preview":"max-video-preview:-1"},"canonical":"https:\/\/www.visit-ulcinj.com\/blog\/2012\/01\/25\/vizita-e-sali-berishes-ne-mal-te-zi-dhe-ulqin-foto-video\/","og_locale":"en_US","og_type":"article","og_title":"Vizita e Sali Berishes ne Mal t\u00eb Zi dhe Ulqin - Foto - Video - Lajme nga Ulqini","og_description":"Sot ne ora 9:00 ne kalimin kufitar te Sukobin\u00ebs arriti Kryeministri i Shqip\u00ebris\u00eb zot\u00ebri Sali Berisha. N\u00eb kufi e prit\u00ebn Kryetari i Kuvendit Milazim Mustafa","og_url":"https:\/\/www.visit-ulcinj.com\/blog\/2012\/01\/25\/vizita-e-sali-berishes-ne-mal-te-zi-dhe-ulqin-foto-video\/","og_site_name":"Lajme nga Ulqini","article_published_time":"2012-01-25T10:43:21+00:00","article_modified_time":"2012-01-26T14:06:54+00:00","og_image":[{"url":"http:\/\/www.visit-ulcinj.com\/blog\/wp-content\/uploads\/2012\/01\/Pritja-e-Sali-Berishes-ne-kufi-nga-Milazim-Mustafa-_Xhaudet-Cakuli.jpg"}],"twitter_misc":{"Written by":"ulqini","Est. reading time":"8 minutes"},"schema":{"@context":"https:\/\/schema.org","@graph":[{"@type":"WebSite","@id":"https:\/\/www.visit-ulcinj.com\/blog\/#website","url":"https:\/\/www.visit-ulcinj.com\/blog\/","name":"Lajme nga Ulqini","description":"Lajme,Vijesti,Ulqini,Ulqin,Crna Gora,Mali i Zi","potentialAction":[{"@type":"SearchAction","target":{"@type":"EntryPoint","urlTemplate":"https:\/\/www.visit-ulcinj.com\/blog\/?s={search_term_string}"},"query-input":"required name=search_term_string"}],"inLanguage":"en-US"},{"@type":"ImageObject","inLanguage":"en-US","@id":"https:\/\/www.visit-ulcinj.com\/blog\/2012\/01\/25\/vizita-e-sali-berishes-ne-mal-te-zi-dhe-ulqin-foto-video\/#primaryimage","url":"https:\/\/www.visit-ulcinj.com\/blog\/wp-content\/uploads\/2012\/01\/Pritja-e-Sali-Berishes-ne-kufi-nga-Milazim-Mustafa-_Xhaudet-Cakuli.jpg","contentUrl":"https:\/\/www.visit-ulcinj.com\/blog\/wp-content\/uploads\/2012\/01\/Pritja-e-Sali-Berishes-ne-kufi-nga-Milazim-Mustafa-_Xhaudet-Cakuli.jpg","width":"640","height":"428"},{"@type":"WebPage","@id":"https:\/\/www.visit-ulcinj.com\/blog\/2012\/01\/25\/vizita-e-sali-berishes-ne-mal-te-zi-dhe-ulqin-foto-video\/#webpage","url":"https:\/\/www.visit-ulcinj.com\/blog\/2012\/01\/25\/vizita-e-sali-berishes-ne-mal-te-zi-dhe-ulqin-foto-video\/","name":"Vizita e Sali Berishes ne Mal t\u00eb Zi dhe Ulqin - Foto - Video - Lajme nga Ulqini","isPartOf":{"@id":"https:\/\/www.visit-ulcinj.com\/blog\/#website"},"primaryImageOfPage":{"@id":"https:\/\/www.visit-ulcinj.com\/blog\/2012\/01\/25\/vizita-e-sali-berishes-ne-mal-te-zi-dhe-ulqin-foto-video\/#primaryimage"},"datePublished":"2012-01-25T10:43:21+00:00","dateModified":"2012-01-26T14:06:54+00:00","author":{"@id":"https:\/\/www.visit-ulcinj.com\/blog\/#\/schema\/person\/dcab619c614d3038751c63bc2aadc06d"},"description":"Sot ne ora 9:00 ne kalimin kufitar te Sukobin\u00ebs arriti Kryeministri i Shqip\u00ebris\u00eb zot\u00ebri Sali Berisha. N\u00eb kufi e prit\u00ebn Kryetari i Kuvendit Milazim Mustafa","breadcrumb":{"@id":"https:\/\/www.visit-ulcinj.com\/blog\/2012\/01\/25\/vizita-e-sali-berishes-ne-mal-te-zi-dhe-ulqin-foto-video\/#breadcrumb"},"inLanguage":"en-US","potentialAction":[{"@type":"ReadAction","target":["https:\/\/www.visit-ulcinj.com\/blog\/2012\/01\/25\/vizita-e-sali-berishes-ne-mal-te-zi-dhe-ulqin-foto-video\/"]}]},{"@type":"BreadcrumbList","@id":"https:\/\/www.visit-ulcinj.com\/blog\/2012\/01\/25\/vizita-e-sali-berishes-ne-mal-te-zi-dhe-ulqin-foto-video\/#breadcrumb","itemListElement":[{"@type":"ListItem","position":1,"name":"Vizita e Sali Berishes ne Mal t\u00eb Zi dhe Ulqin &#8211; Foto &#8211; Video"}]},{"@type":"Person","@id":"https:\/\/www.visit-ulcinj.com\/blog\/#\/schema\/person\/dcab619c614d3038751c63bc2aadc06d","name":"ulqini","sameAs":["http:\/\/www.visit-ulcinj.com"],"url":"https:\/\/www.visit-ulcinj.com\/blog\/author\/admin\/"}]}},"jetpack_featured_media_url":"","jetpack_sharing_enabled":true,"jetpack_shortlink":"https:\/\/wp.me\/pe6lTn-eEt","_links":{"self":[{"href":"https:\/\/www.visit-ulcinj.com\/blog\/wp-json\/wp\/v2\/posts\/56325"}],"collection":[{"href":"https:\/\/www.visit-ulcinj.com\/blog\/wp-json\/wp\/v2\/posts"}],"about":[{"href":"https:\/\/www.visit-ulcinj.com\/blog\/wp-json\/wp\/v2\/types\/post"}],"author":[{"embeddable":true,"href":"https:\/\/www.visit-ulcinj.com\/blog\/wp-json\/wp\/v2\/users\/1"}],"replies":[{"embeddable":true,"href":"https:\/\/www.visit-ulcinj.com\/blog\/wp-json\/wp\/v2\/comments?post=56325"}],"version-history":[{"count":27,"href":"https:\/\/www.visit-ulcinj.com\/blog\/wp-json\/wp\/v2\/posts\/56325\/revisions"}],"predecessor-version":[{"id":56398,"href":"https:\/\/www.visit-ulcinj.com\/blog\/wp-json\/wp\/v2\/posts\/56325\/revisions\/56398"}],"wp:attachment":[{"href":"https:\/\/www.visit-ulcinj.com\/blog\/wp-json\/wp\/v2\/media?parent=56325"}],"wp:term":[{"taxonomy":"category","embeddable":true,"href":"https:\/\/www.visit-ulcinj.com\/blog\/wp-json\/wp\/v2\/categories?post=56325"},{"taxonomy":"post_tag","embeddable":true,"href":"https:\/\/www.visit-ulcinj.com\/blog\/wp-json\/wp\/v2\/tags?post=56325"}],"curies":[{"name":"wp","href":"https:\/\/api.w.org\/{rel}","templated":true}]}}