{"id":5638,"date":"2008-11-07T15:59:32","date_gmt":"2008-11-07T20:59:32","guid":{"rendered":"http:\/\/www.visit-ulcinj.com\/blog\/?p=5638"},"modified":"2008-11-07T15:59:32","modified_gmt":"2008-11-07T20:59:32","slug":"be-thirrje-ballkanitluftoni-krimin-ose-ska-anetaresim","status":"publish","type":"post","link":"https:\/\/www.visit-ulcinj.com\/blog\/2008\/11\/07\/be-thirrje-ballkanitluftoni-krimin-ose-ska-anetaresim\/","title":{"rendered":"BE thirrje Ballkanit:Luftoni krimin ose s&#8217;ka an\u00ebtar\u00ebsim"},"content":{"rendered":"<p><a href=\"http:\/\/www.visit-ulcinj.com\/blog\/wp-content\/uploads\/2008\/11\/konferenca-e-eu-ne-zagreb.jpg\"><img loading=\"lazy\" class=\"alignleft size-medium wp-image-5639\" title=\"KONFERENCA E EU N\u00cb ZAGREB\" src=\"http:\/\/www.visit-ulcinj.com\/blog\/wp-content\/uploads\/2008\/11\/konferenca-e-eu-ne-zagreb-300x174.jpg\" alt=\"\" width=\"300\" height=\"174\" \/><\/a>Bashkimi Evropian u tha shtat\u00eb vendeve ballkanike q\u00eb ta luftojn\u00eb korrupsionin dhe krimin e organizuar n\u00ebse duan t\u00eb b\u00ebhen pjes\u00eb e BE-s\u00eb.&#8221;N\u00eb mbar\u00eb rajonin \u00ebsht\u00eb b\u00ebr\u00eb shum\u00eb progres.<br \/>\nPor, sfidave t\u00eb p\u00ebrbashk\u00ebta, si forcimi i luft\u00ebs kund\u00ebr krimit t\u00eb organizuar dhe korrupsionit, duhet t&#8217;u kushtohet kujdes i duhur&#8221;, tha eurokomisionari p\u00ebr Drejt\u00ebsi i BE-s\u00eb, Jacques Barrot.<br \/>\nKosov\u00ebs, Shqip\u00ebris\u00eb, Kroacis\u00eb, Maqedonis\u00eb, Bosnj\u00ebs, Serbis\u00eb dhe Malit t\u00eb Zi, thirrja p\u00ebr t\u00eb shtypur krimin u \u00ebsht\u00eb b\u00ebr\u00eb n\u00eb samitin e ministrave t\u00eb drejt\u00ebsis\u00eb dhe t\u00eb pun\u00ebve t\u00eb brendshme q\u00eb mbahet n\u00eb Zagreb.<br \/>\n<strong>Burimi \/ Evropa e Lir\u00eb<\/strong><\/p>\n","protected":false},"excerpt":{"rendered":"<p>Bashkimi Evropian u tha shtat\u00eb vendeve ballkanike q\u00eb ta luftojn\u00eb korrupsionin dhe krimin e organizuar n\u00ebse duan t\u00eb b\u00ebhen pjes\u00eb e BE-s\u00eb.&#8221;N\u00eb mbar\u00eb rajonin \u00ebsht\u00eb b\u00ebr\u00eb shum\u00eb progres. Por, sfidave t\u00eb p\u00ebrbashk\u00ebta, si forcimi i luft\u00ebs kund\u00ebr krimit t\u00eb organizuar dhe korrupsionit, duhet t&#8217;u kushtohet kujdes i duhur&#8221;, tha eurokomisionari p\u00ebr Drejt\u00ebsi i BE-s\u00eb, Jacques [&hellip;]<\/p>\n","protected":false},"author":1,"featured_media":0,"comment_status":"open","ping_status":"closed","sticky":false,"template":"","format":"standard","meta":{"spay_email":"","jetpack_publicize_message":"","jetpack_is_tweetstorm":false,"jetpack_publicize_feature_enabled":true},"categories":[14],"tags":[4963,3147,95],"jetpack_publicize_connections":[],"yoast_head":"<!-- This site is optimized with the Yoast SEO plugin v19.1 - https:\/\/yoast.com\/wordpress\/plugins\/seo\/ -->\n<title>BE thirrje Ballkanit:Luftoni krimin ose s&#039;ka an\u00ebtar\u00ebsim - Lajme nga Ulqini<\/title>\n<meta name=\"description\" content=\"Bashkimi Evropian u tha shtat\u00eb vendeve ballkanike q\u00eb ta luftojn\u00eb korrupsionin dhe krimin e organizuar n\u00ebse duan t\u00eb b\u00ebhen pjes\u00eb e BE-s\u00eb.&quot;N\u00eb mbar\u00eb rajonin\" \/>\n<meta name=\"robots\" content=\"index, follow, max-snippet:-1, max-image-preview:large, max-video-preview:-1\" \/>\n<link rel=\"canonical\" href=\"https:\/\/www.visit-ulcinj.com\/blog\/2008\/11\/07\/be-thirrje-ballkanitluftoni-krimin-ose-ska-anetaresim\/\" \/>\n<meta property=\"og:locale\" content=\"en_US\" \/>\n<meta property=\"og:type\" content=\"article\" \/>\n<meta property=\"og:title\" content=\"BE thirrje Ballkanit:Luftoni krimin ose s&#039;ka an\u00ebtar\u00ebsim - Lajme nga Ulqini\" \/>\n<meta property=\"og:description\" content=\"Bashkimi Evropian u tha shtat\u00eb vendeve ballkanike q\u00eb ta luftojn\u00eb korrupsionin dhe krimin e organizuar n\u00ebse duan t\u00eb b\u00ebhen pjes\u00eb e BE-s\u00eb.&quot;N\u00eb mbar\u00eb rajonin\" \/>\n<meta property=\"og:url\" content=\"https:\/\/www.visit-ulcinj.com\/blog\/2008\/11\/07\/be-thirrje-ballkanitluftoni-krimin-ose-ska-anetaresim\/\" \/>\n<meta property=\"og:site_name\" content=\"Lajme nga Ulqini\" \/>\n<meta property=\"article:published_time\" content=\"2008-11-07T20:59:32+00:00\" \/>\n<meta property=\"og:image\" content=\"http:\/\/www.visit-ulcinj.com\/blog\/wp-content\/uploads\/2008\/11\/konferenca-e-eu-ne-zagreb-300x174.jpg\" \/>\n<meta name=\"twitter:label1\" content=\"Written by\" \/>\n\t<meta name=\"twitter:data1\" content=\"ulqini\" \/>\n\t<meta name=\"twitter:label2\" content=\"Est. reading time\" \/>\n\t<meta name=\"twitter:data2\" content=\"1 minute\" \/>\n<script type=\"application\/ld+json\" class=\"yoast-schema-graph\">{\"@context\":\"https:\/\/schema.org\",\"@graph\":[{\"@type\":\"WebSite\",\"@id\":\"https:\/\/www.visit-ulcinj.com\/blog\/#website\",\"url\":\"https:\/\/www.visit-ulcinj.com\/blog\/\",\"name\":\"Lajme nga Ulqini\",\"description\":\"Lajme,Vijesti,Ulqini,Ulqin,Crna Gora,Mali i Zi\",\"potentialAction\":[{\"@type\":\"SearchAction\",\"target\":{\"@type\":\"EntryPoint\",\"urlTemplate\":\"https:\/\/www.visit-ulcinj.com\/blog\/?s={search_term_string}\"},\"query-input\":\"required name=search_term_string\"}],\"inLanguage\":\"en-US\"},{\"@type\":\"ImageObject\",\"inLanguage\":\"en-US\",\"@id\":\"https:\/\/www.visit-ulcinj.com\/blog\/2008\/11\/07\/be-thirrje-ballkanitluftoni-krimin-ose-ska-anetaresim\/#primaryimage\",\"url\":\"http:\/\/www.visit-ulcinj.com\/blog\/wp-content\/uploads\/2008\/11\/konferenca-e-eu-ne-zagreb-300x174.jpg\",\"contentUrl\":\"http:\/\/www.visit-ulcinj.com\/blog\/wp-content\/uploads\/2008\/11\/konferenca-e-eu-ne-zagreb-300x174.jpg\"},{\"@type\":\"WebPage\",\"@id\":\"https:\/\/www.visit-ulcinj.com\/blog\/2008\/11\/07\/be-thirrje-ballkanitluftoni-krimin-ose-ska-anetaresim\/#webpage\",\"url\":\"https:\/\/www.visit-ulcinj.com\/blog\/2008\/11\/07\/be-thirrje-ballkanitluftoni-krimin-ose-ska-anetaresim\/\",\"name\":\"BE thirrje Ballkanit:Luftoni krimin ose s'ka an\u00ebtar\u00ebsim - Lajme nga Ulqini\",\"isPartOf\":{\"@id\":\"https:\/\/www.visit-ulcinj.com\/blog\/#website\"},\"primaryImageOfPage\":{\"@id\":\"https:\/\/www.visit-ulcinj.com\/blog\/2008\/11\/07\/be-thirrje-ballkanitluftoni-krimin-ose-ska-anetaresim\/#primaryimage\"},\"datePublished\":\"2008-11-07T20:59:32+00:00\",\"dateModified\":\"2008-11-07T20:59:32+00:00\",\"author\":{\"@id\":\"https:\/\/www.visit-ulcinj.com\/blog\/#\/schema\/person\/dcab619c614d3038751c63bc2aadc06d\"},\"description\":\"Bashkimi Evropian u tha shtat\u00eb vendeve ballkanike q\u00eb ta luftojn\u00eb korrupsionin dhe krimin e organizuar n\u00ebse duan t\u00eb b\u00ebhen pjes\u00eb e BE-s\u00eb.\\\"N\u00eb mbar\u00eb rajonin\",\"breadcrumb\":{\"@id\":\"https:\/\/www.visit-ulcinj.com\/blog\/2008\/11\/07\/be-thirrje-ballkanitluftoni-krimin-ose-ska-anetaresim\/#breadcrumb\"},\"inLanguage\":\"en-US\",\"potentialAction\":[{\"@type\":\"ReadAction\",\"target\":[\"https:\/\/www.visit-ulcinj.com\/blog\/2008\/11\/07\/be-thirrje-ballkanitluftoni-krimin-ose-ska-anetaresim\/\"]}]},{\"@type\":\"BreadcrumbList\",\"@id\":\"https:\/\/www.visit-ulcinj.com\/blog\/2008\/11\/07\/be-thirrje-ballkanitluftoni-krimin-ose-ska-anetaresim\/#breadcrumb\",\"itemListElement\":[{\"@type\":\"ListItem\",\"position\":1,\"name\":\"BE thirrje Ballkanit:Luftoni krimin ose s&#8217;ka an\u00ebtar\u00ebsim\"}]},{\"@type\":\"Person\",\"@id\":\"https:\/\/www.visit-ulcinj.com\/blog\/#\/schema\/person\/dcab619c614d3038751c63bc2aadc06d\",\"name\":\"ulqini\",\"sameAs\":[\"http:\/\/www.visit-ulcinj.com\"],\"url\":\"https:\/\/www.visit-ulcinj.com\/blog\/author\/admin\/\"}]}<\/script>\n<!-- \/ Yoast SEO plugin. -->","yoast_head_json":{"title":"BE thirrje Ballkanit:Luftoni krimin ose s'ka an\u00ebtar\u00ebsim - Lajme nga Ulqini","description":"Bashkimi Evropian u tha shtat\u00eb vendeve ballkanike q\u00eb ta luftojn\u00eb korrupsionin dhe krimin e organizuar n\u00ebse duan t\u00eb b\u00ebhen pjes\u00eb e BE-s\u00eb.\"N\u00eb mbar\u00eb rajonin","robots":{"index":"index","follow":"follow","max-snippet":"max-snippet:-1","max-image-preview":"max-image-preview:large","max-video-preview":"max-video-preview:-1"},"canonical":"https:\/\/www.visit-ulcinj.com\/blog\/2008\/11\/07\/be-thirrje-ballkanitluftoni-krimin-ose-ska-anetaresim\/","og_locale":"en_US","og_type":"article","og_title":"BE thirrje Ballkanit:Luftoni krimin ose s'ka an\u00ebtar\u00ebsim - Lajme nga Ulqini","og_description":"Bashkimi Evropian u tha shtat\u00eb vendeve ballkanike q\u00eb ta luftojn\u00eb korrupsionin dhe krimin e organizuar n\u00ebse duan t\u00eb b\u00ebhen pjes\u00eb e BE-s\u00eb.\"N\u00eb mbar\u00eb rajonin","og_url":"https:\/\/www.visit-ulcinj.com\/blog\/2008\/11\/07\/be-thirrje-ballkanitluftoni-krimin-ose-ska-anetaresim\/","og_site_name":"Lajme nga Ulqini","article_published_time":"2008-11-07T20:59:32+00:00","og_image":[{"url":"http:\/\/www.visit-ulcinj.com\/blog\/wp-content\/uploads\/2008\/11\/konferenca-e-eu-ne-zagreb-300x174.jpg"}],"twitter_misc":{"Written by":"ulqini","Est. reading time":"1 minute"},"schema":{"@context":"https:\/\/schema.org","@graph":[{"@type":"WebSite","@id":"https:\/\/www.visit-ulcinj.com\/blog\/#website","url":"https:\/\/www.visit-ulcinj.com\/blog\/","name":"Lajme nga Ulqini","description":"Lajme,Vijesti,Ulqini,Ulqin,Crna Gora,Mali i Zi","potentialAction":[{"@type":"SearchAction","target":{"@type":"EntryPoint","urlTemplate":"https:\/\/www.visit-ulcinj.com\/blog\/?s={search_term_string}"},"query-input":"required name=search_term_string"}],"inLanguage":"en-US"},{"@type":"ImageObject","inLanguage":"en-US","@id":"https:\/\/www.visit-ulcinj.com\/blog\/2008\/11\/07\/be-thirrje-ballkanitluftoni-krimin-ose-ska-anetaresim\/#primaryimage","url":"http:\/\/www.visit-ulcinj.com\/blog\/wp-content\/uploads\/2008\/11\/konferenca-e-eu-ne-zagreb-300x174.jpg","contentUrl":"http:\/\/www.visit-ulcinj.com\/blog\/wp-content\/uploads\/2008\/11\/konferenca-e-eu-ne-zagreb-300x174.jpg"},{"@type":"WebPage","@id":"https:\/\/www.visit-ulcinj.com\/blog\/2008\/11\/07\/be-thirrje-ballkanitluftoni-krimin-ose-ska-anetaresim\/#webpage","url":"https:\/\/www.visit-ulcinj.com\/blog\/2008\/11\/07\/be-thirrje-ballkanitluftoni-krimin-ose-ska-anetaresim\/","name":"BE thirrje Ballkanit:Luftoni krimin ose s'ka an\u00ebtar\u00ebsim - Lajme nga Ulqini","isPartOf":{"@id":"https:\/\/www.visit-ulcinj.com\/blog\/#website"},"primaryImageOfPage":{"@id":"https:\/\/www.visit-ulcinj.com\/blog\/2008\/11\/07\/be-thirrje-ballkanitluftoni-krimin-ose-ska-anetaresim\/#primaryimage"},"datePublished":"2008-11-07T20:59:32+00:00","dateModified":"2008-11-07T20:59:32+00:00","author":{"@id":"https:\/\/www.visit-ulcinj.com\/blog\/#\/schema\/person\/dcab619c614d3038751c63bc2aadc06d"},"description":"Bashkimi Evropian u tha shtat\u00eb vendeve ballkanike q\u00eb ta luftojn\u00eb korrupsionin dhe krimin e organizuar n\u00ebse duan t\u00eb b\u00ebhen pjes\u00eb e BE-s\u00eb.\"N\u00eb mbar\u00eb rajonin","breadcrumb":{"@id":"https:\/\/www.visit-ulcinj.com\/blog\/2008\/11\/07\/be-thirrje-ballkanitluftoni-krimin-ose-ska-anetaresim\/#breadcrumb"},"inLanguage":"en-US","potentialAction":[{"@type":"ReadAction","target":["https:\/\/www.visit-ulcinj.com\/blog\/2008\/11\/07\/be-thirrje-ballkanitluftoni-krimin-ose-ska-anetaresim\/"]}]},{"@type":"BreadcrumbList","@id":"https:\/\/www.visit-ulcinj.com\/blog\/2008\/11\/07\/be-thirrje-ballkanitluftoni-krimin-ose-ska-anetaresim\/#breadcrumb","itemListElement":[{"@type":"ListItem","position":1,"name":"BE thirrje Ballkanit:Luftoni krimin ose s&#8217;ka an\u00ebtar\u00ebsim"}]},{"@type":"Person","@id":"https:\/\/www.visit-ulcinj.com\/blog\/#\/schema\/person\/dcab619c614d3038751c63bc2aadc06d","name":"ulqini","sameAs":["http:\/\/www.visit-ulcinj.com"],"url":"https:\/\/www.visit-ulcinj.com\/blog\/author\/admin\/"}]}},"jetpack_featured_media_url":"","jetpack_sharing_enabled":true,"jetpack_shortlink":"https:\/\/wp.me\/pe6lTn-1sW","_links":{"self":[{"href":"https:\/\/www.visit-ulcinj.com\/blog\/wp-json\/wp\/v2\/posts\/5638"}],"collection":[{"href":"https:\/\/www.visit-ulcinj.com\/blog\/wp-json\/wp\/v2\/posts"}],"about":[{"href":"https:\/\/www.visit-ulcinj.com\/blog\/wp-json\/wp\/v2\/types\/post"}],"author":[{"embeddable":true,"href":"https:\/\/www.visit-ulcinj.com\/blog\/wp-json\/wp\/v2\/users\/1"}],"replies":[{"embeddable":true,"href":"https:\/\/www.visit-ulcinj.com\/blog\/wp-json\/wp\/v2\/comments?post=5638"}],"version-history":[{"count":0,"href":"https:\/\/www.visit-ulcinj.com\/blog\/wp-json\/wp\/v2\/posts\/5638\/revisions"}],"wp:attachment":[{"href":"https:\/\/www.visit-ulcinj.com\/blog\/wp-json\/wp\/v2\/media?parent=5638"}],"wp:term":[{"taxonomy":"category","embeddable":true,"href":"https:\/\/www.visit-ulcinj.com\/blog\/wp-json\/wp\/v2\/categories?post=5638"},{"taxonomy":"post_tag","embeddable":true,"href":"https:\/\/www.visit-ulcinj.com\/blog\/wp-json\/wp\/v2\/tags?post=5638"}],"curies":[{"name":"wp","href":"https:\/\/api.w.org\/{rel}","templated":true}]}}