{"id":56392,"date":"2012-01-26T15:03:12","date_gmt":"2012-01-26T14:03:12","guid":{"rendered":"http:\/\/www.visit-ulcinj.com\/blog\/?p=56392"},"modified":"2012-01-27T19:31:44","modified_gmt":"2012-01-27T18:31:44","slug":"takimi-udsh-me-kryeministrin-sale-berishen","status":"publish","type":"post","link":"https:\/\/www.visit-ulcinj.com\/blog\/2012\/01\/26\/takimi-udsh-me-kryeministrin-sale-berishen\/","title":{"rendered":"Takimi UDSH me Kryeministrin Sal\u00eb Berish\u00ebn"},"content":{"rendered":"<p><a href=\"http:\/\/www.visit-ulcinj.com\/blog\/wp-content\/uploads\/2012\/01\/Takimi-UDSH_Mehmet-Zenka-me-Kryeministrin-Sal\u00eb-Berish\u00ebn.jpg\"><img loading=\"lazy\" class=\"alignleft  wp-image-56393\" title=\"Takimi UDSH_Mehmet Zenka me Kryeministrin Sal\u00eb Berish\u00ebn\" src=\"http:\/\/www.visit-ulcinj.com\/blog\/wp-content\/uploads\/2012\/01\/Takimi-UDSH_Mehmet-Zenka-me-Kryeministrin-Sal\u00eb-Berish\u00ebn.jpg\" alt=\"\" width=\"508\" height=\"380\" \/><\/a>Sot ne\u00a0 \u201cVilen Gorica\u201d, u takuan delegacioni i Unionit Demokratik te Shqiptar\u00ebve i kryesuar nga kryetari Met Zenka me Kryeministrin e Republik\u00ebs s\u00eb Shqip\u00ebris\u00eb, zotin Sali Berisha. Ne delegacionin e UDSH-s\u00eb b\u00ebnin pjese z\u00ebdh\u00ebn\u00ebsi Hamdi Hasani, si edhe pjes\u00ebtaret e Forumit Rinor.<\/p>\n<p>Kryetari i UDSH-s\u00eb, zoti Met Zenka, shprehu k\u00ebnaq\u00ebsin\u00eb p\u00ebr takimin me Kryeministrin Berisha dhe e faleminderoi at\u00eb p\u00ebr p\u00ebrkrahjen e vazhdueshme qe Kryeministri Shqip\u00ebris\u00eb\u00a0 i jep k\u00ebtij subjekti politik. N\u00eb vazhdim e njohu p\u00ebr historikun dhe aktivitetin e UDSH-s\u00eb, si dhe p\u00ebr projektet t\u00eb cil\u00ebt jan\u00eb p\u00ebrfunduar me iniciativ\u00ebn e UDSH-s\u00eb dhe n\u00eb bashk\u00ebpunim me institucionet e pushtetit aktual.<br \/>\n<a href=\"http:\/\/www.visit-ulcinj.com\/blog\/wp-content\/uploads\/2012\/01\/Takimi-UDSH_Mehmet-Zenka-me-Kryeministrin-Sal\u00eb-Berish\u00ebn.1.jpg\"><img loading=\"lazy\" class=\"alignleft size-full wp-image-56394\" title=\"Takimi UDSH_Mehmet Zenka me Kryeministrin Sal\u00eb Berish\u00ebn.1\" src=\"http:\/\/www.visit-ulcinj.com\/blog\/wp-content\/uploads\/2012\/01\/Takimi-UDSH_Mehmet-Zenka-me-Kryeministrin-Sal\u00eb-Berish\u00ebn.1.jpg\" alt=\"\" width=\"508\" height=\"300\" \/><\/a><\/p>\n<p>Kryeministri Berisha shprehu vler\u00ebsimin e pal\u00ebkundur p\u00ebr rolin e Unionit Demokratik te Shqiptar\u00ebve n\u00eb p\u00ebrparimin e t\u00eb drejtave dhe lirive te shqiptar\u00ebve n\u00eb Mal te Zi. Ai theksoi se \u00ebsht\u00eb d\u00ebshmitar i p\u00ebrpjekjeve 20 vje\u00e7are te UDSH-s\u00eb, p\u00ebrpjekje k\u00ebto q\u00eb sot kan\u00eb si rezultat pozit\u00ebn shum\u00eb m\u00eb t\u00eb mir\u00eb t\u00eb shqiptar\u00ebve n\u00eb Mal t\u00eb ZI.<\/p>\n<p>Kryeministri Berisha tha se\u00a0 pjes\u00ebmarrja e UDSH-s\u00eb n\u00eb Qeverin\u00eb e Malit te Zi \u00ebsht\u00eb n\u00eb interes t\u00eb shqiptar\u00ebve, duke theksuar rolin e UDSH-s\u00eb si parti e referendumit p\u00ebr pavar\u00ebsin\u00eb e Malit t\u00eb Zi.<\/p>\n<p>Kryeministri Berisha vazhdoi duke n\u00ebnvizuar se n\u00eb takimet me autoritetet e Malit te Zi, hasi ne mir\u00ebkuptim lidhur me \u00e7\u00ebshtjen e komun\u00ebs se Tuzit, po ashtu projekt i UDSH-s\u00eb q\u00eb pritet t\u00eb realizohet s\u00eb shpejti.<\/p>\n<p>Ne fund te k\u00ebtij takimi, Kryeministri Berisha e ftoi Kryetarin e UDSH-s\u00eb, zotin Met Zenka me bashk\u00ebpun\u00ebtoret e tij, q\u00eb n\u00eb nje t\u00eb ardhme t\u00eb af\u00ebrt te vije p\u00ebr vizite ne Tirane p\u00ebr te zhvilluar \u00a0takimin e tyre t\u00eb radh\u00ebs.<\/p>\n<p>&nbsp;<\/p>\n<p>&nbsp;<\/p>\n<p><strong>Sh\u00ebrbimi informativ i UDSH-se<\/strong><\/p>\n","protected":false},"excerpt":{"rendered":"<p>Sot ne\u00a0 \u201cVilen Gorica\u201d, u takuan delegacioni i Unionit Demokratik te Shqiptar\u00ebve i kryesuar nga kryetari Met Zenka me Kryeministrin e Republik\u00ebs s\u00eb Shqip\u00ebris\u00eb, zotin Sali Berisha. Ne delegacionin e UDSH-s\u00eb b\u00ebnin pjese z\u00ebdh\u00ebn\u00ebsi Hamdi Hasani, si edhe pjes\u00ebtaret e Forumit Rinor. Kryetari i UDSH-s\u00eb, zoti Met Zenka, shprehu k\u00ebnaq\u00ebsin\u00eb p\u00ebr takimin me Kryeministrin Berisha [&hellip;]<\/p>\n","protected":false},"author":1,"featured_media":0,"comment_status":"open","ping_status":"closed","sticky":false,"template":"","format":"standard","meta":{"spay_email":"","jetpack_publicize_message":"","jetpack_is_tweetstorm":false,"jetpack_publicize_feature_enabled":true},"categories":[12],"tags":[17414,95,3371,2224,4680,200],"jetpack_publicize_connections":[],"yoast_head":"<!-- This site is optimized with the Yoast SEO plugin v19.1 - https:\/\/yoast.com\/wordpress\/plugins\/seo\/ -->\n<title>Takimi UDSH me Kryeministrin Sal\u00eb Berish\u00ebn - Lajme nga Ulqini<\/title>\n<meta name=\"description\" content=\"Sot ne\u00a0 \u201cVilen Gorica\u201d, u takuan delegacioni i Unionit Demokratik te Shqiptar\u00ebve i kryesuar nga kryetari Met Zenka me Kryeministrin e Republik\u00ebs s\u00eb\" \/>\n<meta name=\"robots\" content=\"index, follow, max-snippet:-1, max-image-preview:large, max-video-preview:-1\" \/>\n<link rel=\"canonical\" href=\"https:\/\/www.visit-ulcinj.com\/blog\/2012\/01\/26\/takimi-udsh-me-kryeministrin-sale-berishen\/\" \/>\n<meta property=\"og:locale\" content=\"en_US\" \/>\n<meta property=\"og:type\" content=\"article\" \/>\n<meta property=\"og:title\" content=\"Takimi UDSH me Kryeministrin Sal\u00eb Berish\u00ebn - Lajme nga Ulqini\" \/>\n<meta property=\"og:description\" content=\"Sot ne\u00a0 \u201cVilen Gorica\u201d, u takuan delegacioni i Unionit Demokratik te Shqiptar\u00ebve i kryesuar nga kryetari Met Zenka me Kryeministrin e Republik\u00ebs s\u00eb\" \/>\n<meta property=\"og:url\" content=\"https:\/\/www.visit-ulcinj.com\/blog\/2012\/01\/26\/takimi-udsh-me-kryeministrin-sale-berishen\/\" \/>\n<meta property=\"og:site_name\" content=\"Lajme nga Ulqini\" \/>\n<meta property=\"article:published_time\" content=\"2012-01-26T14:03:12+00:00\" \/>\n<meta property=\"article:modified_time\" content=\"2012-01-27T18:31:44+00:00\" \/>\n<meta name=\"twitter:label1\" content=\"Written by\" \/>\n\t<meta name=\"twitter:data1\" content=\"ulqini\" \/>\n\t<meta name=\"twitter:label2\" content=\"Est. reading time\" \/>\n\t<meta name=\"twitter:data2\" content=\"2 minutes\" \/>\n<script type=\"application\/ld+json\" class=\"yoast-schema-graph\">{\"@context\":\"https:\/\/schema.org\",\"@graph\":[{\"@type\":\"WebSite\",\"@id\":\"https:\/\/www.visit-ulcinj.com\/blog\/#website\",\"url\":\"https:\/\/www.visit-ulcinj.com\/blog\/\",\"name\":\"Lajme nga Ulqini\",\"description\":\"Lajme,Vijesti,Ulqini,Ulqin,Crna Gora,Mali i Zi\",\"potentialAction\":[{\"@type\":\"SearchAction\",\"target\":{\"@type\":\"EntryPoint\",\"urlTemplate\":\"https:\/\/www.visit-ulcinj.com\/blog\/?s={search_term_string}\"},\"query-input\":\"required name=search_term_string\"}],\"inLanguage\":\"en-US\"},{\"@type\":\"WebPage\",\"@id\":\"https:\/\/www.visit-ulcinj.com\/blog\/2012\/01\/26\/takimi-udsh-me-kryeministrin-sale-berishen\/#webpage\",\"url\":\"https:\/\/www.visit-ulcinj.com\/blog\/2012\/01\/26\/takimi-udsh-me-kryeministrin-sale-berishen\/\",\"name\":\"Takimi UDSH me Kryeministrin Sal\u00eb Berish\u00ebn - Lajme nga Ulqini\",\"isPartOf\":{\"@id\":\"https:\/\/www.visit-ulcinj.com\/blog\/#website\"},\"datePublished\":\"2012-01-26T14:03:12+00:00\",\"dateModified\":\"2012-01-27T18:31:44+00:00\",\"author\":{\"@id\":\"https:\/\/www.visit-ulcinj.com\/blog\/#\/schema\/person\/dcab619c614d3038751c63bc2aadc06d\"},\"description\":\"Sot ne\u00a0 \u201cVilen Gorica\u201d, u takuan delegacioni i Unionit Demokratik te Shqiptar\u00ebve i kryesuar nga kryetari Met Zenka me Kryeministrin e Republik\u00ebs s\u00eb\",\"breadcrumb\":{\"@id\":\"https:\/\/www.visit-ulcinj.com\/blog\/2012\/01\/26\/takimi-udsh-me-kryeministrin-sale-berishen\/#breadcrumb\"},\"inLanguage\":\"en-US\",\"potentialAction\":[{\"@type\":\"ReadAction\",\"target\":[\"https:\/\/www.visit-ulcinj.com\/blog\/2012\/01\/26\/takimi-udsh-me-kryeministrin-sale-berishen\/\"]}]},{\"@type\":\"BreadcrumbList\",\"@id\":\"https:\/\/www.visit-ulcinj.com\/blog\/2012\/01\/26\/takimi-udsh-me-kryeministrin-sale-berishen\/#breadcrumb\",\"itemListElement\":[{\"@type\":\"ListItem\",\"position\":1,\"name\":\"Takimi UDSH me Kryeministrin Sal\u00eb Berish\u00ebn\"}]},{\"@type\":\"Person\",\"@id\":\"https:\/\/www.visit-ulcinj.com\/blog\/#\/schema\/person\/dcab619c614d3038751c63bc2aadc06d\",\"name\":\"ulqini\",\"sameAs\":[\"http:\/\/www.visit-ulcinj.com\"],\"url\":\"https:\/\/www.visit-ulcinj.com\/blog\/author\/admin\/\"}]}<\/script>\n<!-- \/ Yoast SEO plugin. -->","yoast_head_json":{"title":"Takimi UDSH me Kryeministrin Sal\u00eb Berish\u00ebn - Lajme nga Ulqini","description":"Sot ne\u00a0 \u201cVilen Gorica\u201d, u takuan delegacioni i Unionit Demokratik te Shqiptar\u00ebve i kryesuar nga kryetari Met Zenka me Kryeministrin e Republik\u00ebs s\u00eb","robots":{"index":"index","follow":"follow","max-snippet":"max-snippet:-1","max-image-preview":"max-image-preview:large","max-video-preview":"max-video-preview:-1"},"canonical":"https:\/\/www.visit-ulcinj.com\/blog\/2012\/01\/26\/takimi-udsh-me-kryeministrin-sale-berishen\/","og_locale":"en_US","og_type":"article","og_title":"Takimi UDSH me Kryeministrin Sal\u00eb Berish\u00ebn - Lajme nga Ulqini","og_description":"Sot ne\u00a0 \u201cVilen Gorica\u201d, u takuan delegacioni i Unionit Demokratik te Shqiptar\u00ebve i kryesuar nga kryetari Met Zenka me Kryeministrin e Republik\u00ebs s\u00eb","og_url":"https:\/\/www.visit-ulcinj.com\/blog\/2012\/01\/26\/takimi-udsh-me-kryeministrin-sale-berishen\/","og_site_name":"Lajme nga Ulqini","article_published_time":"2012-01-26T14:03:12+00:00","article_modified_time":"2012-01-27T18:31:44+00:00","twitter_misc":{"Written by":"ulqini","Est. reading time":"2 minutes"},"schema":{"@context":"https:\/\/schema.org","@graph":[{"@type":"WebSite","@id":"https:\/\/www.visit-ulcinj.com\/blog\/#website","url":"https:\/\/www.visit-ulcinj.com\/blog\/","name":"Lajme nga Ulqini","description":"Lajme,Vijesti,Ulqini,Ulqin,Crna Gora,Mali i Zi","potentialAction":[{"@type":"SearchAction","target":{"@type":"EntryPoint","urlTemplate":"https:\/\/www.visit-ulcinj.com\/blog\/?s={search_term_string}"},"query-input":"required name=search_term_string"}],"inLanguage":"en-US"},{"@type":"WebPage","@id":"https:\/\/www.visit-ulcinj.com\/blog\/2012\/01\/26\/takimi-udsh-me-kryeministrin-sale-berishen\/#webpage","url":"https:\/\/www.visit-ulcinj.com\/blog\/2012\/01\/26\/takimi-udsh-me-kryeministrin-sale-berishen\/","name":"Takimi UDSH me Kryeministrin Sal\u00eb Berish\u00ebn - Lajme nga Ulqini","isPartOf":{"@id":"https:\/\/www.visit-ulcinj.com\/blog\/#website"},"datePublished":"2012-01-26T14:03:12+00:00","dateModified":"2012-01-27T18:31:44+00:00","author":{"@id":"https:\/\/www.visit-ulcinj.com\/blog\/#\/schema\/person\/dcab619c614d3038751c63bc2aadc06d"},"description":"Sot ne\u00a0 \u201cVilen Gorica\u201d, u takuan delegacioni i Unionit Demokratik te Shqiptar\u00ebve i kryesuar nga kryetari Met Zenka me Kryeministrin e Republik\u00ebs s\u00eb","breadcrumb":{"@id":"https:\/\/www.visit-ulcinj.com\/blog\/2012\/01\/26\/takimi-udsh-me-kryeministrin-sale-berishen\/#breadcrumb"},"inLanguage":"en-US","potentialAction":[{"@type":"ReadAction","target":["https:\/\/www.visit-ulcinj.com\/blog\/2012\/01\/26\/takimi-udsh-me-kryeministrin-sale-berishen\/"]}]},{"@type":"BreadcrumbList","@id":"https:\/\/www.visit-ulcinj.com\/blog\/2012\/01\/26\/takimi-udsh-me-kryeministrin-sale-berishen\/#breadcrumb","itemListElement":[{"@type":"ListItem","position":1,"name":"Takimi UDSH me Kryeministrin Sal\u00eb Berish\u00ebn"}]},{"@type":"Person","@id":"https:\/\/www.visit-ulcinj.com\/blog\/#\/schema\/person\/dcab619c614d3038751c63bc2aadc06d","name":"ulqini","sameAs":["http:\/\/www.visit-ulcinj.com"],"url":"https:\/\/www.visit-ulcinj.com\/blog\/author\/admin\/"}]}},"jetpack_featured_media_url":"","jetpack_sharing_enabled":true,"jetpack_shortlink":"https:\/\/wp.me\/pe6lTn-eFy","_links":{"self":[{"href":"https:\/\/www.visit-ulcinj.com\/blog\/wp-json\/wp\/v2\/posts\/56392"}],"collection":[{"href":"https:\/\/www.visit-ulcinj.com\/blog\/wp-json\/wp\/v2\/posts"}],"about":[{"href":"https:\/\/www.visit-ulcinj.com\/blog\/wp-json\/wp\/v2\/types\/post"}],"author":[{"embeddable":true,"href":"https:\/\/www.visit-ulcinj.com\/blog\/wp-json\/wp\/v2\/users\/1"}],"replies":[{"embeddable":true,"href":"https:\/\/www.visit-ulcinj.com\/blog\/wp-json\/wp\/v2\/comments?post=56392"}],"version-history":[{"count":2,"href":"https:\/\/www.visit-ulcinj.com\/blog\/wp-json\/wp\/v2\/posts\/56392\/revisions"}],"predecessor-version":[{"id":56412,"href":"https:\/\/www.visit-ulcinj.com\/blog\/wp-json\/wp\/v2\/posts\/56392\/revisions\/56412"}],"wp:attachment":[{"href":"https:\/\/www.visit-ulcinj.com\/blog\/wp-json\/wp\/v2\/media?parent=56392"}],"wp:term":[{"taxonomy":"category","embeddable":true,"href":"https:\/\/www.visit-ulcinj.com\/blog\/wp-json\/wp\/v2\/categories?post=56392"},{"taxonomy":"post_tag","embeddable":true,"href":"https:\/\/www.visit-ulcinj.com\/blog\/wp-json\/wp\/v2\/tags?post=56392"}],"curies":[{"name":"wp","href":"https:\/\/api.w.org\/{rel}","templated":true}]}}