{"id":56399,"date":"2012-01-27T17:02:41","date_gmt":"2012-01-27T16:02:41","guid":{"rendered":"http:\/\/www.visit-ulcinj.com\/blog\/?p=56399"},"modified":"2012-01-27T17:02:41","modified_gmt":"2012-01-27T16:02:41","slug":"protest-na-rijeci-bojani-28-01-2012","status":"publish","type":"post","link":"https:\/\/www.visit-ulcinj.com\/blog\/2012\/01\/27\/protest-na-rijeci-bojani-28-01-2012\/","title":{"rendered":"Protest na rijeci Bojani 28. 01. 2012"},"content":{"rendered":"<p><a href=\"http:\/\/www.visit-ulcinj.com\/blog\/wp-content\/uploads\/2012\/01\/NVO-MogUL-Ulcinj.jpg\"><img loading=\"lazy\" class=\"wp-image-56400 aligncenter\" title=\"NVO MogUL Ulcinj\" src=\"http:\/\/www.visit-ulcinj.com\/blog\/wp-content\/uploads\/2012\/01\/NVO-MogUL-Ulcinj.jpg\" alt=\"\" width=\"253\" height=\"98\" \/><\/a><\/p>\n<p style=\"text-align: center;\"><strong>POZIV<\/strong><br \/>\n<strong> Na Protest ulcinjskih ribolovaca<\/strong><\/p>\n<p><a href=\"http:\/\/www.visit-ulcinj.com\/blog\/wp-content\/uploads\/2012\/01\/Protest-na-rijeci-Bojani-28.-01.-2012-Ulcinj.jpg\"><img loading=\"lazy\" class=\"alignleft  wp-image-56401\" title=\"Protest na rijeci Bojani 28. 01. 2012- Ulcinj\" src=\"http:\/\/www.visit-ulcinj.com\/blog\/wp-content\/uploads\/2012\/01\/Protest-na-rijeci-Bojani-28.-01.-2012-Ulcinj.jpg\" alt=\"\" width=\"340\" height=\"440\" \/><\/a>Po\u0161tovani,<br \/>\nPozivamo Vas da dana 28. 01. 2012 godine (subota), sa po\u010detkom u 11.30h, prisustvujete protestnom okupljanju povodom odluke Vlade Crne Gore o izjedna\u010davanju ribarskih ku\u0107ica sa komercijalno turisti\u010dkim objektima i novom tarifiranju za pla\u0107anje zakupnina istih.<br \/>\nNa protestu \u0107e se javno pro\u010ditati zahtjevi koji \u0107e biti proslije\u0111eni Ministarstvu turizma i odr\u017eivog razvoja, JP Morsko Dobro i Op\u0161tini Ulcinj.<br \/>\n\u010citanje zahtjeva \u0107e se obaviti na mostu na rijeci Bojani gdje je i mjesto protesta.<br \/>\n<strong>Konatakt broj za detaljnije informacije +382 69 937 367<\/strong><\/p>\n<p>S po\u0161tovanjem,<br \/>\nZa vlasnike ribarskih ku\u0107ica\/ koliba, u ime inicijalnog odbora i NVO koje podr\u017eavaju protest<br \/>\nIzvr\u0161ni direktor NVO MogUL<br \/>\nD\u017eemal Perovi\u0107<\/p>\n","protected":false},"excerpt":{"rendered":"<p>POZIV Na Protest ulcinjskih ribolovaca Po\u0161tovani, Pozivamo Vas da dana 28. 01. 2012 godine (subota), sa po\u010detkom u 11.30h, prisustvujete protestnom okupljanju povodom odluke Vlade Crne Gore o izjedna\u010davanju ribarskih ku\u0107ica sa komercijalno turisti\u010dkim objektima i novom tarifiranju za pla\u0107anje zakupnina istih. Na protestu \u0107e se javno pro\u010ditati zahtjevi koji \u0107e biti proslije\u0111eni Ministarstvu turizma [&hellip;]<\/p>\n","protected":false},"author":1,"featured_media":0,"comment_status":"open","ping_status":"closed","sticky":false,"template":"","format":"standard","meta":{"spay_email":"","jetpack_publicize_message":"","jetpack_is_tweetstorm":false,"jetpack_publicize_feature_enabled":true},"categories":[8337],"tags":[138,2367,17345,19908,19906,19907,408,19],"jetpack_publicize_connections":[],"yoast_head":"<!-- This site is optimized with the Yoast SEO plugin v19.1 - https:\/\/yoast.com\/wordpress\/plugins\/seo\/ -->\n<title>Protest na rijeci Bojani 28. 01. 2012 - Lajme nga Ulqini<\/title>\n<meta name=\"description\" content=\"POZIV Na Protest ulcinjskih ribolovaca Po\u0161tovani, Pozivamo Vas da dana 28. 01. 2012 godine (subota), sa po\u010detkom u 11.30h, prisustvujete protestnom\" \/>\n<meta name=\"robots\" content=\"index, follow, max-snippet:-1, max-image-preview:large, max-video-preview:-1\" \/>\n<link rel=\"canonical\" href=\"https:\/\/www.visit-ulcinj.com\/blog\/2012\/01\/27\/protest-na-rijeci-bojani-28-01-2012\/\" \/>\n<meta property=\"og:locale\" content=\"en_US\" \/>\n<meta property=\"og:type\" content=\"article\" \/>\n<meta property=\"og:title\" content=\"Protest na rijeci Bojani 28. 01. 2012 - Lajme nga Ulqini\" \/>\n<meta property=\"og:description\" content=\"POZIV Na Protest ulcinjskih ribolovaca Po\u0161tovani, Pozivamo Vas da dana 28. 01. 2012 godine (subota), sa po\u010detkom u 11.30h, prisustvujete protestnom\" \/>\n<meta property=\"og:url\" content=\"https:\/\/www.visit-ulcinj.com\/blog\/2012\/01\/27\/protest-na-rijeci-bojani-28-01-2012\/\" \/>\n<meta property=\"og:site_name\" content=\"Lajme nga Ulqini\" \/>\n<meta property=\"article:published_time\" content=\"2012-01-27T16:02:41+00:00\" \/>\n<meta property=\"og:image\" content=\"http:\/\/www.visit-ulcinj.com\/blog\/wp-content\/uploads\/2012\/01\/NVO-MogUL-Ulcinj.jpg\" \/>\n<meta name=\"twitter:label1\" content=\"Written by\" \/>\n\t<meta name=\"twitter:data1\" content=\"ulqini\" \/>\n\t<meta name=\"twitter:label2\" content=\"Est. reading time\" \/>\n\t<meta name=\"twitter:data2\" content=\"1 minute\" \/>\n<script type=\"application\/ld+json\" class=\"yoast-schema-graph\">{\"@context\":\"https:\/\/schema.org\",\"@graph\":[{\"@type\":\"WebSite\",\"@id\":\"https:\/\/www.visit-ulcinj.com\/blog\/#website\",\"url\":\"https:\/\/www.visit-ulcinj.com\/blog\/\",\"name\":\"Lajme nga Ulqini\",\"description\":\"Lajme,Vijesti,Ulqini,Ulqin,Crna Gora,Mali i Zi\",\"potentialAction\":[{\"@type\":\"SearchAction\",\"target\":{\"@type\":\"EntryPoint\",\"urlTemplate\":\"https:\/\/www.visit-ulcinj.com\/blog\/?s={search_term_string}\"},\"query-input\":\"required name=search_term_string\"}],\"inLanguage\":\"en-US\"},{\"@type\":\"ImageObject\",\"inLanguage\":\"en-US\",\"@id\":\"https:\/\/www.visit-ulcinj.com\/blog\/2012\/01\/27\/protest-na-rijeci-bojani-28-01-2012\/#primaryimage\",\"url\":\"https:\/\/www.visit-ulcinj.com\/blog\/wp-content\/uploads\/2012\/01\/NVO-MogUL-Ulcinj.jpg\",\"contentUrl\":\"https:\/\/www.visit-ulcinj.com\/blog\/wp-content\/uploads\/2012\/01\/NVO-MogUL-Ulcinj.jpg\",\"width\":\"253\",\"height\":\"98\"},{\"@type\":\"WebPage\",\"@id\":\"https:\/\/www.visit-ulcinj.com\/blog\/2012\/01\/27\/protest-na-rijeci-bojani-28-01-2012\/#webpage\",\"url\":\"https:\/\/www.visit-ulcinj.com\/blog\/2012\/01\/27\/protest-na-rijeci-bojani-28-01-2012\/\",\"name\":\"Protest na rijeci Bojani 28. 01. 2012 - Lajme nga Ulqini\",\"isPartOf\":{\"@id\":\"https:\/\/www.visit-ulcinj.com\/blog\/#website\"},\"primaryImageOfPage\":{\"@id\":\"https:\/\/www.visit-ulcinj.com\/blog\/2012\/01\/27\/protest-na-rijeci-bojani-28-01-2012\/#primaryimage\"},\"datePublished\":\"2012-01-27T16:02:41+00:00\",\"dateModified\":\"2012-01-27T16:02:41+00:00\",\"author\":{\"@id\":\"https:\/\/www.visit-ulcinj.com\/blog\/#\/schema\/person\/dcab619c614d3038751c63bc2aadc06d\"},\"description\":\"POZIV Na Protest ulcinjskih ribolovaca Po\u0161tovani, Pozivamo Vas da dana 28. 01. 2012 godine (subota), sa po\u010detkom u 11.30h, prisustvujete protestnom\",\"breadcrumb\":{\"@id\":\"https:\/\/www.visit-ulcinj.com\/blog\/2012\/01\/27\/protest-na-rijeci-bojani-28-01-2012\/#breadcrumb\"},\"inLanguage\":\"en-US\",\"potentialAction\":[{\"@type\":\"ReadAction\",\"target\":[\"https:\/\/www.visit-ulcinj.com\/blog\/2012\/01\/27\/protest-na-rijeci-bojani-28-01-2012\/\"]}]},{\"@type\":\"BreadcrumbList\",\"@id\":\"https:\/\/www.visit-ulcinj.com\/blog\/2012\/01\/27\/protest-na-rijeci-bojani-28-01-2012\/#breadcrumb\",\"itemListElement\":[{\"@type\":\"ListItem\",\"position\":1,\"name\":\"Protest na rijeci Bojani 28. 01. 2012\"}]},{\"@type\":\"Person\",\"@id\":\"https:\/\/www.visit-ulcinj.com\/blog\/#\/schema\/person\/dcab619c614d3038751c63bc2aadc06d\",\"name\":\"ulqini\",\"sameAs\":[\"http:\/\/www.visit-ulcinj.com\"],\"url\":\"https:\/\/www.visit-ulcinj.com\/blog\/author\/admin\/\"}]}<\/script>\n<!-- \/ Yoast SEO plugin. -->","yoast_head_json":{"title":"Protest na rijeci Bojani 28. 01. 2012 - Lajme nga Ulqini","description":"POZIV Na Protest ulcinjskih ribolovaca Po\u0161tovani, Pozivamo Vas da dana 28. 01. 2012 godine (subota), sa po\u010detkom u 11.30h, prisustvujete protestnom","robots":{"index":"index","follow":"follow","max-snippet":"max-snippet:-1","max-image-preview":"max-image-preview:large","max-video-preview":"max-video-preview:-1"},"canonical":"https:\/\/www.visit-ulcinj.com\/blog\/2012\/01\/27\/protest-na-rijeci-bojani-28-01-2012\/","og_locale":"en_US","og_type":"article","og_title":"Protest na rijeci Bojani 28. 01. 2012 - Lajme nga Ulqini","og_description":"POZIV Na Protest ulcinjskih ribolovaca Po\u0161tovani, Pozivamo Vas da dana 28. 01. 2012 godine (subota), sa po\u010detkom u 11.30h, prisustvujete protestnom","og_url":"https:\/\/www.visit-ulcinj.com\/blog\/2012\/01\/27\/protest-na-rijeci-bojani-28-01-2012\/","og_site_name":"Lajme nga Ulqini","article_published_time":"2012-01-27T16:02:41+00:00","og_image":[{"url":"http:\/\/www.visit-ulcinj.com\/blog\/wp-content\/uploads\/2012\/01\/NVO-MogUL-Ulcinj.jpg"}],"twitter_misc":{"Written by":"ulqini","Est. reading time":"1 minute"},"schema":{"@context":"https:\/\/schema.org","@graph":[{"@type":"WebSite","@id":"https:\/\/www.visit-ulcinj.com\/blog\/#website","url":"https:\/\/www.visit-ulcinj.com\/blog\/","name":"Lajme nga Ulqini","description":"Lajme,Vijesti,Ulqini,Ulqin,Crna Gora,Mali i Zi","potentialAction":[{"@type":"SearchAction","target":{"@type":"EntryPoint","urlTemplate":"https:\/\/www.visit-ulcinj.com\/blog\/?s={search_term_string}"},"query-input":"required name=search_term_string"}],"inLanguage":"en-US"},{"@type":"ImageObject","inLanguage":"en-US","@id":"https:\/\/www.visit-ulcinj.com\/blog\/2012\/01\/27\/protest-na-rijeci-bojani-28-01-2012\/#primaryimage","url":"https:\/\/www.visit-ulcinj.com\/blog\/wp-content\/uploads\/2012\/01\/NVO-MogUL-Ulcinj.jpg","contentUrl":"https:\/\/www.visit-ulcinj.com\/blog\/wp-content\/uploads\/2012\/01\/NVO-MogUL-Ulcinj.jpg","width":"253","height":"98"},{"@type":"WebPage","@id":"https:\/\/www.visit-ulcinj.com\/blog\/2012\/01\/27\/protest-na-rijeci-bojani-28-01-2012\/#webpage","url":"https:\/\/www.visit-ulcinj.com\/blog\/2012\/01\/27\/protest-na-rijeci-bojani-28-01-2012\/","name":"Protest na rijeci Bojani 28. 01. 2012 - Lajme nga Ulqini","isPartOf":{"@id":"https:\/\/www.visit-ulcinj.com\/blog\/#website"},"primaryImageOfPage":{"@id":"https:\/\/www.visit-ulcinj.com\/blog\/2012\/01\/27\/protest-na-rijeci-bojani-28-01-2012\/#primaryimage"},"datePublished":"2012-01-27T16:02:41+00:00","dateModified":"2012-01-27T16:02:41+00:00","author":{"@id":"https:\/\/www.visit-ulcinj.com\/blog\/#\/schema\/person\/dcab619c614d3038751c63bc2aadc06d"},"description":"POZIV Na Protest ulcinjskih ribolovaca Po\u0161tovani, Pozivamo Vas da dana 28. 01. 2012 godine (subota), sa po\u010detkom u 11.30h, prisustvujete protestnom","breadcrumb":{"@id":"https:\/\/www.visit-ulcinj.com\/blog\/2012\/01\/27\/protest-na-rijeci-bojani-28-01-2012\/#breadcrumb"},"inLanguage":"en-US","potentialAction":[{"@type":"ReadAction","target":["https:\/\/www.visit-ulcinj.com\/blog\/2012\/01\/27\/protest-na-rijeci-bojani-28-01-2012\/"]}]},{"@type":"BreadcrumbList","@id":"https:\/\/www.visit-ulcinj.com\/blog\/2012\/01\/27\/protest-na-rijeci-bojani-28-01-2012\/#breadcrumb","itemListElement":[{"@type":"ListItem","position":1,"name":"Protest na rijeci Bojani 28. 01. 2012"}]},{"@type":"Person","@id":"https:\/\/www.visit-ulcinj.com\/blog\/#\/schema\/person\/dcab619c614d3038751c63bc2aadc06d","name":"ulqini","sameAs":["http:\/\/www.visit-ulcinj.com"],"url":"https:\/\/www.visit-ulcinj.com\/blog\/author\/admin\/"}]}},"jetpack_featured_media_url":"","jetpack_sharing_enabled":true,"jetpack_shortlink":"https:\/\/wp.me\/pe6lTn-eFF","_links":{"self":[{"href":"https:\/\/www.visit-ulcinj.com\/blog\/wp-json\/wp\/v2\/posts\/56399"}],"collection":[{"href":"https:\/\/www.visit-ulcinj.com\/blog\/wp-json\/wp\/v2\/posts"}],"about":[{"href":"https:\/\/www.visit-ulcinj.com\/blog\/wp-json\/wp\/v2\/types\/post"}],"author":[{"embeddable":true,"href":"https:\/\/www.visit-ulcinj.com\/blog\/wp-json\/wp\/v2\/users\/1"}],"replies":[{"embeddable":true,"href":"https:\/\/www.visit-ulcinj.com\/blog\/wp-json\/wp\/v2\/comments?post=56399"}],"version-history":[{"count":1,"href":"https:\/\/www.visit-ulcinj.com\/blog\/wp-json\/wp\/v2\/posts\/56399\/revisions"}],"predecessor-version":[{"id":56402,"href":"https:\/\/www.visit-ulcinj.com\/blog\/wp-json\/wp\/v2\/posts\/56399\/revisions\/56402"}],"wp:attachment":[{"href":"https:\/\/www.visit-ulcinj.com\/blog\/wp-json\/wp\/v2\/media?parent=56399"}],"wp:term":[{"taxonomy":"category","embeddable":true,"href":"https:\/\/www.visit-ulcinj.com\/blog\/wp-json\/wp\/v2\/categories?post=56399"},{"taxonomy":"post_tag","embeddable":true,"href":"https:\/\/www.visit-ulcinj.com\/blog\/wp-json\/wp\/v2\/tags?post=56399"}],"curies":[{"name":"wp","href":"https:\/\/api.w.org\/{rel}","templated":true}]}}