{"id":56403,"date":"2012-01-27T19:09:44","date_gmt":"2012-01-27T18:09:44","guid":{"rendered":"http:\/\/www.visit-ulcinj.com\/blog\/?p=56403"},"modified":"2012-01-27T19:09:44","modified_gmt":"2012-01-27T18:09:44","slug":"prijete-smrcu-luidu-skrelji","status":"publish","type":"post","link":"https:\/\/www.visit-ulcinj.com\/blog\/2012\/01\/27\/prijete-smrcu-luidu-skrelji\/","title":{"rendered":"Prijete smr\u0107u Lui\u0111u \u0160krelji"},"content":{"rendered":"<p><strong><a href=\"http:\/\/www.visit-ulcinj.com\/blog\/wp-content\/uploads\/2012\/01\/LUIGJ-SHKRELI.jpg\"><img loading=\"lazy\" class=\"alignleft  wp-image-56404\" title=\"LUIGJ SHKRELI\" src=\"http:\/\/www.visit-ulcinj.com\/blog\/wp-content\/uploads\/2012\/01\/LUIGJ-SHKRELI.jpg\" alt=\"\" width=\"340\" height=\"440\" \/><\/a>Albanski politi\u010dari na meti \u201eEtni\u010dke Albanije\u201d<\/strong><\/p>\n<p>Poslaniku Skup\u0161tine Crne Gore i funkcioneru DPS-a Lui\u0111u \u0160krelji upu\u0107ene su prijetnje smr\u0107u preko dru\u0161tvene mre\u017ee \u201eFejsbuk\u201d. \u0160krelja je slu\u010daj prijavio policiji, a podnije\u0107e i krivi\u010dnu prijavu protiv NN lica koja se na \u201eFejsbuku\u201d predstavljaju kao \u201eShqipria etnike\u201d, \u0161to u prevodu sa albanskog jezika zna\u010di \u201eEtni\u010dka Albanija\u201d. Uvidom u profil na \u201eFejsbuku\u201d mo\u017ee se pro\u010ditati umrlica za \u0160krelju, objavljena na albanskom jeziku, kojom se \u201ejavnost obavje\u0161tava da je umro poslanik i antialbanac Lui\u0111 \u0160krelja, desna ruka Mila \u0110ukanovi\u0107a i izdajnik albanske zastave\u201d. U izjavi za na\u0161 list \u0160krelja je kazao da je prijetnje shvatio ozbiljno te da smatra da se radi o organizovanoj grupi koja ima upori\u0161te i van Crne Gore.<br \/>\n\u2013 Nije prvi put da mi se ovo de\u0161ava. Po\u010delo je s neprijatnostima poput bu\u0161enja guma i o\u0161te\u0107enja na vozilu na parkingu ispred zgrade op\u0161tine, glasinama da mi je oduzet automobil u Albaniji, pa, evo, nastavlja se s prijetnjama smr\u0107u i uvredama na \u201eFejsbuku\u201d. Objavili su da sam umro, u saobra\u0107ajnoj nesre\u0107i s ljubavnicom i da su o\u017ealo\u0161\u0107eni Milo \u0110ukanovi\u0107 i Filip Vujanovi\u0107, da \u0107e me sahraniti \u2013 baciti u rijeku Bojanu. Ka\u017eu da nijesu daleko, da su blizu, prijete mi likvidacijom, jer sam, tvrde, izdajnik koji je prodao Ulcinj, albanski narod, zastavu i interese Albanaca, te da sam produ\u017eena ruka asimilatorske i kolonizatorske vlasti Mila \u0110ukanovi\u0107a i aktuelne politike Crne Gore. Zbog toga sam, ka\u017eu, osu\u0111en na smrt i kona\u010dno 13. februara zakazuju sahranu \u2013 kazao je \u0160krelja.<br \/>\nPrema njegovim rije\u010dima, na pomenutom profilu na \u201eFejsbuku\u201d iznijeto je jo\u0161 mnogo uvreda na ra\u010dun njega i njegove porodice.<br \/>\n\u2013 Nije da se pla\u0161im, ali mi nije svejedno, jer mi pominju porodicu, mrtve roditelje, bizarne i neljudske stvari i kao javna li\u010dnost moram da reagujem na to, da za\u0161titim sebe i svoje najbli\u017ee \u2013 naglasio je \u0160krelja.<br \/>\nNa meti uvreda na\u0161li su se jo\u0161 neki albanski politi\u010dari, prije svih biv\u0161i predsjednik op\u0161tine Gzim Hajdinaga, koji je na fotomonta\u017ei prikazan u zagrljaju s predsjednikom Filipom Vujanovi\u0107em. Na nekoliko fotomonta\u017ea prikazani su sada\u0161nji predsjednik op\u0161tine Ulcinj Nazif Cungu, poslanik Force Genc Nimanbegu, budu\u0107i ambasador Crne Gore u Albaniji i biv\u0161i lider DUA Ferhat Dino\u0161a, biv\u0161i poslanik Amir Holaj, za koje se uz salve uvreda tvrdi da su izdali interese, rasprodali Ulcinj i obogatili se na ra\u010dun naroda. Predsjednik op\u0161tine Nazif Cungu nije ozbiljno shvatio objave na dru\u0161tvenoj mre\u017ei.<br \/>\n\u2013 Ne znam \u0161ta bih rekao. Sve mi izgleda kao dje\u010dja igra. Nemam drugi komentar \u2013 kazao je Cungu.<br \/>\nBiv\u0161i poslanik i lider gra\u0111anske liste Perspektiva Amir Holaj nije imao prilike da vidi sporni profil.<br \/>\n\u2013 Ako je istina to \u0161to je tamo objavljeno, onda to ne zaslu\u017euje komentar. Takve neslane \u0161ale to ne zaslu\u017euju. Ime profila ni\u0161ta mi ne zna\u010di, tako da \u0107u sve morati da pregledam prije nego \u0161to jo\u0161 ne\u0161to ka\u017eem \u2013 rekao je Holaj.<br \/>\nOstale albanske politi\u010dare koji su meta fotomonta\u017ea i uvreda nijesmo uspjeli da kontaktiramo. Interesantno je pomenuti da je na stranici s koje su do\u0161le prijetnje i uvrede objavljeno nekoliko video sadr\u017eaja u kojima se veli\u010da Oslobodili\u010dka vojska Kosova (OVK).<\/p>\n<p>FB prijatelji<\/p>\n<p>Me\u0111u mnogobrojnim prijateljima profila pod imenom \u201eEtni\u010dka Albanija\u201c nalaze se mnoge javne i poznate li\u010dnosti i organizacije Kosova, Albanije, Makedonije i albanske dijaspore. Tu su politi\u010dke partije, novinari, profesori univerziteta, funkcioneri u vladama pomenutih zemalja, biv\u0161i pripadnici OVK, pripadnici bezbjedonosih snaga i druge poznate li\u010dnosti i organizacije, \u0161to ukazuje da profil postoji du\u017ei vremenski period. Primjera radi, na listi prijatelja prona\u0161li smo predsjednika Albanije Bamira Topija, lidera pokreta Samopredjeljenje s Kosova Albina Kurtija, \u0161efa kabineta Ministarstva za lokalnu samoupravu u Vladi Makedonije Arianta Reku, poslanike u Skup\u0161tini Kosova Arsima Bajramija i Dritu Mali\u0107i, poslanika u Skup\u0161tini Kosova Ejrona Bracea, Gramoza Ru\u010dija iz Socijalisti\u010dke partije Albanije, koordinatora kancelarije za odnose sa javno\u0161\u0107u kosovske vlade Ismeta Caki\u0107ija ..<\/p>\n<p><strong>Izvor\u00a0: DAN<\/strong><\/p>\n","protected":false},"excerpt":{"rendered":"<p>Albanski politi\u010dari na meti \u201eEtni\u010dke Albanije\u201d Poslaniku Skup\u0161tine Crne Gore i funkcioneru DPS-a Lui\u0111u \u0160krelji upu\u0107ene su prijetnje smr\u0107u preko dru\u0161tvene mre\u017ee \u201eFejsbuk\u201d. \u0160krelja je slu\u010daj prijavio policiji, a podnije\u0107e i krivi\u010dnu prijavu protiv NN lica koja se na \u201eFejsbuku\u201d predstavljaju kao \u201eShqipria etnike\u201d, \u0161to u prevodu sa albanskog jezika zna\u010di \u201eEtni\u010dka Albanija\u201d. Uvidom u [&hellip;]<\/p>\n","protected":false},"author":1,"featured_media":0,"comment_status":"open","ping_status":"closed","sticky":false,"template":"","format":"standard","meta":{"spay_email":"","jetpack_publicize_message":"","jetpack_is_tweetstorm":false,"jetpack_publicize_feature_enabled":true},"categories":[8337],"tags":[729,19],"jetpack_publicize_connections":[],"yoast_head":"<!-- This site is optimized with the Yoast SEO plugin v19.1 - https:\/\/yoast.com\/wordpress\/plugins\/seo\/ -->\n<title>Prijete smr\u0107u Lui\u0111u \u0160krelji - Lajme nga Ulqini<\/title>\n<meta name=\"description\" content=\"Albanski politi\u010dari na meti \u201eEtni\u010dke Albanije\u201d Poslaniku Skup\u0161tine Crne Gore i funkcioneru DPS-a Lui\u0111u \u0160krelji upu\u0107ene su prijetnje smr\u0107u preko dru\u0161tvene\" \/>\n<meta name=\"robots\" content=\"index, follow, max-snippet:-1, max-image-preview:large, max-video-preview:-1\" \/>\n<link rel=\"canonical\" href=\"https:\/\/www.visit-ulcinj.com\/blog\/2012\/01\/27\/prijete-smrcu-luidu-skrelji\/\" \/>\n<meta property=\"og:locale\" content=\"en_US\" \/>\n<meta property=\"og:type\" content=\"article\" \/>\n<meta property=\"og:title\" content=\"Prijete smr\u0107u Lui\u0111u \u0160krelji - Lajme nga Ulqini\" \/>\n<meta property=\"og:description\" content=\"Albanski politi\u010dari na meti \u201eEtni\u010dke Albanije\u201d Poslaniku Skup\u0161tine Crne Gore i funkcioneru DPS-a Lui\u0111u \u0160krelji upu\u0107ene su prijetnje smr\u0107u preko dru\u0161tvene\" \/>\n<meta property=\"og:url\" content=\"https:\/\/www.visit-ulcinj.com\/blog\/2012\/01\/27\/prijete-smrcu-luidu-skrelji\/\" \/>\n<meta property=\"og:site_name\" content=\"Lajme nga Ulqini\" \/>\n<meta property=\"article:published_time\" content=\"2012-01-27T18:09:44+00:00\" \/>\n<meta property=\"og:image\" content=\"http:\/\/www.visit-ulcinj.com\/blog\/wp-content\/uploads\/2012\/01\/LUIGJ-SHKRELI.jpg\" \/>\n<meta name=\"twitter:label1\" content=\"Written by\" \/>\n\t<meta name=\"twitter:data1\" content=\"ulqini\" \/>\n\t<meta name=\"twitter:label2\" content=\"Est. reading time\" \/>\n\t<meta name=\"twitter:data2\" content=\"4 minutes\" \/>\n<script type=\"application\/ld+json\" class=\"yoast-schema-graph\">{\"@context\":\"https:\/\/schema.org\",\"@graph\":[{\"@type\":\"WebSite\",\"@id\":\"https:\/\/www.visit-ulcinj.com\/blog\/#website\",\"url\":\"https:\/\/www.visit-ulcinj.com\/blog\/\",\"name\":\"Lajme nga Ulqini\",\"description\":\"Lajme,Vijesti,Ulqini,Ulqin,Crna Gora,Mali i Zi\",\"potentialAction\":[{\"@type\":\"SearchAction\",\"target\":{\"@type\":\"EntryPoint\",\"urlTemplate\":\"https:\/\/www.visit-ulcinj.com\/blog\/?s={search_term_string}\"},\"query-input\":\"required name=search_term_string\"}],\"inLanguage\":\"en-US\"},{\"@type\":\"ImageObject\",\"inLanguage\":\"en-US\",\"@id\":\"https:\/\/www.visit-ulcinj.com\/blog\/2012\/01\/27\/prijete-smrcu-luidu-skrelji\/#primaryimage\",\"url\":\"https:\/\/www.visit-ulcinj.com\/blog\/wp-content\/uploads\/2012\/01\/LUIGJ-SHKRELI.jpg\",\"contentUrl\":\"https:\/\/www.visit-ulcinj.com\/blog\/wp-content\/uploads\/2012\/01\/LUIGJ-SHKRELI.jpg\",\"width\":\"640\",\"height\":\"640\"},{\"@type\":\"WebPage\",\"@id\":\"https:\/\/www.visit-ulcinj.com\/blog\/2012\/01\/27\/prijete-smrcu-luidu-skrelji\/#webpage\",\"url\":\"https:\/\/www.visit-ulcinj.com\/blog\/2012\/01\/27\/prijete-smrcu-luidu-skrelji\/\",\"name\":\"Prijete smr\u0107u Lui\u0111u \u0160krelji - Lajme nga Ulqini\",\"isPartOf\":{\"@id\":\"https:\/\/www.visit-ulcinj.com\/blog\/#website\"},\"primaryImageOfPage\":{\"@id\":\"https:\/\/www.visit-ulcinj.com\/blog\/2012\/01\/27\/prijete-smrcu-luidu-skrelji\/#primaryimage\"},\"datePublished\":\"2012-01-27T18:09:44+00:00\",\"dateModified\":\"2012-01-27T18:09:44+00:00\",\"author\":{\"@id\":\"https:\/\/www.visit-ulcinj.com\/blog\/#\/schema\/person\/dcab619c614d3038751c63bc2aadc06d\"},\"description\":\"Albanski politi\u010dari na meti \u201eEtni\u010dke Albanije\u201d Poslaniku Skup\u0161tine Crne Gore i funkcioneru DPS-a Lui\u0111u \u0160krelji upu\u0107ene su prijetnje smr\u0107u preko dru\u0161tvene\",\"breadcrumb\":{\"@id\":\"https:\/\/www.visit-ulcinj.com\/blog\/2012\/01\/27\/prijete-smrcu-luidu-skrelji\/#breadcrumb\"},\"inLanguage\":\"en-US\",\"potentialAction\":[{\"@type\":\"ReadAction\",\"target\":[\"https:\/\/www.visit-ulcinj.com\/blog\/2012\/01\/27\/prijete-smrcu-luidu-skrelji\/\"]}]},{\"@type\":\"BreadcrumbList\",\"@id\":\"https:\/\/www.visit-ulcinj.com\/blog\/2012\/01\/27\/prijete-smrcu-luidu-skrelji\/#breadcrumb\",\"itemListElement\":[{\"@type\":\"ListItem\",\"position\":1,\"name\":\"Prijete smr\u0107u Lui\u0111u \u0160krelji\"}]},{\"@type\":\"Person\",\"@id\":\"https:\/\/www.visit-ulcinj.com\/blog\/#\/schema\/person\/dcab619c614d3038751c63bc2aadc06d\",\"name\":\"ulqini\",\"sameAs\":[\"http:\/\/www.visit-ulcinj.com\"],\"url\":\"https:\/\/www.visit-ulcinj.com\/blog\/author\/admin\/\"}]}<\/script>\n<!-- \/ Yoast SEO plugin. -->","yoast_head_json":{"title":"Prijete smr\u0107u Lui\u0111u \u0160krelji - Lajme nga Ulqini","description":"Albanski politi\u010dari na meti \u201eEtni\u010dke Albanije\u201d Poslaniku Skup\u0161tine Crne Gore i funkcioneru DPS-a Lui\u0111u \u0160krelji upu\u0107ene su prijetnje smr\u0107u preko dru\u0161tvene","robots":{"index":"index","follow":"follow","max-snippet":"max-snippet:-1","max-image-preview":"max-image-preview:large","max-video-preview":"max-video-preview:-1"},"canonical":"https:\/\/www.visit-ulcinj.com\/blog\/2012\/01\/27\/prijete-smrcu-luidu-skrelji\/","og_locale":"en_US","og_type":"article","og_title":"Prijete smr\u0107u Lui\u0111u \u0160krelji - Lajme nga Ulqini","og_description":"Albanski politi\u010dari na meti \u201eEtni\u010dke Albanije\u201d Poslaniku Skup\u0161tine Crne Gore i funkcioneru DPS-a Lui\u0111u \u0160krelji upu\u0107ene su prijetnje smr\u0107u preko dru\u0161tvene","og_url":"https:\/\/www.visit-ulcinj.com\/blog\/2012\/01\/27\/prijete-smrcu-luidu-skrelji\/","og_site_name":"Lajme nga Ulqini","article_published_time":"2012-01-27T18:09:44+00:00","og_image":[{"url":"http:\/\/www.visit-ulcinj.com\/blog\/wp-content\/uploads\/2012\/01\/LUIGJ-SHKRELI.jpg"}],"twitter_misc":{"Written by":"ulqini","Est. reading time":"4 minutes"},"schema":{"@context":"https:\/\/schema.org","@graph":[{"@type":"WebSite","@id":"https:\/\/www.visit-ulcinj.com\/blog\/#website","url":"https:\/\/www.visit-ulcinj.com\/blog\/","name":"Lajme nga Ulqini","description":"Lajme,Vijesti,Ulqini,Ulqin,Crna Gora,Mali i Zi","potentialAction":[{"@type":"SearchAction","target":{"@type":"EntryPoint","urlTemplate":"https:\/\/www.visit-ulcinj.com\/blog\/?s={search_term_string}"},"query-input":"required name=search_term_string"}],"inLanguage":"en-US"},{"@type":"ImageObject","inLanguage":"en-US","@id":"https:\/\/www.visit-ulcinj.com\/blog\/2012\/01\/27\/prijete-smrcu-luidu-skrelji\/#primaryimage","url":"https:\/\/www.visit-ulcinj.com\/blog\/wp-content\/uploads\/2012\/01\/LUIGJ-SHKRELI.jpg","contentUrl":"https:\/\/www.visit-ulcinj.com\/blog\/wp-content\/uploads\/2012\/01\/LUIGJ-SHKRELI.jpg","width":"640","height":"640"},{"@type":"WebPage","@id":"https:\/\/www.visit-ulcinj.com\/blog\/2012\/01\/27\/prijete-smrcu-luidu-skrelji\/#webpage","url":"https:\/\/www.visit-ulcinj.com\/blog\/2012\/01\/27\/prijete-smrcu-luidu-skrelji\/","name":"Prijete smr\u0107u Lui\u0111u \u0160krelji - Lajme nga Ulqini","isPartOf":{"@id":"https:\/\/www.visit-ulcinj.com\/blog\/#website"},"primaryImageOfPage":{"@id":"https:\/\/www.visit-ulcinj.com\/blog\/2012\/01\/27\/prijete-smrcu-luidu-skrelji\/#primaryimage"},"datePublished":"2012-01-27T18:09:44+00:00","dateModified":"2012-01-27T18:09:44+00:00","author":{"@id":"https:\/\/www.visit-ulcinj.com\/blog\/#\/schema\/person\/dcab619c614d3038751c63bc2aadc06d"},"description":"Albanski politi\u010dari na meti \u201eEtni\u010dke Albanije\u201d Poslaniku Skup\u0161tine Crne Gore i funkcioneru DPS-a Lui\u0111u \u0160krelji upu\u0107ene su prijetnje smr\u0107u preko dru\u0161tvene","breadcrumb":{"@id":"https:\/\/www.visit-ulcinj.com\/blog\/2012\/01\/27\/prijete-smrcu-luidu-skrelji\/#breadcrumb"},"inLanguage":"en-US","potentialAction":[{"@type":"ReadAction","target":["https:\/\/www.visit-ulcinj.com\/blog\/2012\/01\/27\/prijete-smrcu-luidu-skrelji\/"]}]},{"@type":"BreadcrumbList","@id":"https:\/\/www.visit-ulcinj.com\/blog\/2012\/01\/27\/prijete-smrcu-luidu-skrelji\/#breadcrumb","itemListElement":[{"@type":"ListItem","position":1,"name":"Prijete smr\u0107u Lui\u0111u \u0160krelji"}]},{"@type":"Person","@id":"https:\/\/www.visit-ulcinj.com\/blog\/#\/schema\/person\/dcab619c614d3038751c63bc2aadc06d","name":"ulqini","sameAs":["http:\/\/www.visit-ulcinj.com"],"url":"https:\/\/www.visit-ulcinj.com\/blog\/author\/admin\/"}]}},"jetpack_featured_media_url":"","jetpack_sharing_enabled":true,"jetpack_shortlink":"https:\/\/wp.me\/pe6lTn-eFJ","_links":{"self":[{"href":"https:\/\/www.visit-ulcinj.com\/blog\/wp-json\/wp\/v2\/posts\/56403"}],"collection":[{"href":"https:\/\/www.visit-ulcinj.com\/blog\/wp-json\/wp\/v2\/posts"}],"about":[{"href":"https:\/\/www.visit-ulcinj.com\/blog\/wp-json\/wp\/v2\/types\/post"}],"author":[{"embeddable":true,"href":"https:\/\/www.visit-ulcinj.com\/blog\/wp-json\/wp\/v2\/users\/1"}],"replies":[{"embeddable":true,"href":"https:\/\/www.visit-ulcinj.com\/blog\/wp-json\/wp\/v2\/comments?post=56403"}],"version-history":[{"count":1,"href":"https:\/\/www.visit-ulcinj.com\/blog\/wp-json\/wp\/v2\/posts\/56403\/revisions"}],"predecessor-version":[{"id":56405,"href":"https:\/\/www.visit-ulcinj.com\/blog\/wp-json\/wp\/v2\/posts\/56403\/revisions\/56405"}],"wp:attachment":[{"href":"https:\/\/www.visit-ulcinj.com\/blog\/wp-json\/wp\/v2\/media?parent=56403"}],"wp:term":[{"taxonomy":"category","embeddable":true,"href":"https:\/\/www.visit-ulcinj.com\/blog\/wp-json\/wp\/v2\/categories?post=56403"},{"taxonomy":"post_tag","embeddable":true,"href":"https:\/\/www.visit-ulcinj.com\/blog\/wp-json\/wp\/v2\/tags?post=56403"}],"curies":[{"name":"wp","href":"https:\/\/api.w.org\/{rel}","templated":true}]}}