{"id":5641,"date":"2008-11-07T16:25:56","date_gmt":"2008-11-07T21:25:56","guid":{"rendered":"http:\/\/www.visit-ulcinj.com\/blog\/?p=5641"},"modified":"2008-11-07T16:25:56","modified_gmt":"2008-11-07T21:25:56","slug":"rozana-radi-ne-%e2%80%98grande-fratello%e2%80%99","status":"publish","type":"post","link":"https:\/\/www.visit-ulcinj.com\/blog\/2008\/11\/07\/rozana-radi-ne-%e2%80%98grande-fratello%e2%80%99\/","title":{"rendered":"Rozana Radi n\u00eb \u2018Grande Fratello\u2019"},"content":{"rendered":"<p><a href=\"http:\/\/www.visit-ulcinj.com\/blog\/wp-content\/uploads\/2008\/11\/rozana-radi.jpg\"><img loading=\"lazy\" class=\"alignleft size-medium wp-image-5642\" title=\"rozana-radi\" src=\"http:\/\/www.visit-ulcinj.com\/blog\/wp-content\/uploads\/2008\/11\/rozana-radi.jpg\" alt=\"\" width=\"208\" height=\"300\" \/><\/a>Prej koh\u00ebsh njihet si nj\u00eb vajz\u00eb \u00e7apk\u00ebne, q\u00eb gjithmon\u00eb d\u00ebshiron t\u00eb \u00e7oj\u00eb deri n\u00eb fund at\u00eb q\u00eb merr p\u00ebrsip\u00ebr duke patur shum\u00eb \u00ebndrra q\u00eb pret t\u2019i realizoj\u00eb. D\u00ebshira t\u00eb m\u00ebdha q\u00eb shpesh hasin n\u00eb v\u00ebshtir\u00ebsi por p\u00ebrs\u00ebri ajo nuk ndalet. Kjo \u00ebsht\u00eb Rozana Rasi, e njohur nga t\u00eb gjith\u00eb miqt\u00eb si Rozi e cila p\u00ebr \u201cBluetooth\u201d rr\u00ebfen zhvillimet m\u00eb t\u00eb fundit rreth jet\u00ebs s\u00eb saj dhe ju sigurojm\u00eb se jan\u00eb v\u00ebrtet interesante.<\/p>\n<p>Rruga q\u00eb ka nd\u00ebrmarr\u00eb p\u00ebr t\u2019iu n\u00ebnshtruar nj\u00eb operacioni plastik e ka b\u00ebr\u00eb q\u00eb t\u00eb p\u00ebrballet me nj\u00eb tjet\u00ebr sfid\u00eb, k\u00ebt\u00eb her\u00eb edhe m\u00eb t\u00eb madhe. Nj\u00eb nd\u00ebrthurje mes frik\u00ebs dhe pasionit p\u00ebr t\u00eb arritur di\u00e7ka. Ndiqeni si vijon, rr\u00ebfimin e saj\u2026<\/p>\n<p><strong>Kemi m\u00ebsuar \u2018b\u00ebm\u00ebn\u2019 m\u00eb t\u00eb fundit n\u00eb lidhje me ty Rozi. D\u00ebshira p\u00ebr t\u00eb marr\u00eb pjes\u00eb n\u00eb \u2018Grande Fratello\u2019 q\u00eb zhvillohet n\u00eb Itali ku i je n\u00ebnshtruar dhe audicionit. Si t\u00eb lindi idea?<\/strong><br \/>\nN\u00eb t\u00eb v\u00ebrtet\u00eb isha nisur p\u00ebr t\u00eb par\u00eb n\u00eb nj\u00eb klinik\u00eb sesi b\u00ebheshin operacionet plastike. Kam shum\u00eb d\u00ebshir\u00eb t\u00eb b\u00ebj gjoksin dhe kjo jo p\u00ebr faktin se ndihem keq me gjoksin q\u00eb kam por e kam shum\u00eb t\u00eb v\u00ebshtir\u00eb t\u00eb p\u00ebrdor re\u00e7ipetat. Nuk i kam fare me qejf t\u2019i p\u00ebrdor. \u00cbsht\u00eb shum\u00eb e domosdoshme p\u00ebr t\u2019u dukur nj\u00eb dekolte e bukur dhe mendoj, pse t\u2019i vesh re\u00e7ipetat kur shum\u00eb mir\u00eb mund t\u00eb b\u00ebj gjoksin.<\/p>\n<p><strong>K\u00ebt\u00eb e ke menduar prej koh\u00ebsh?<\/strong><br \/>\nKam patur gjithmon\u00eb qejf pasi n\u00eb plazh nuk i p\u00ebrdor t\u00eb lartmet me fortes\u00eb, por aplikoj form\u00ebn trek\u00ebndore t\u00eb rroba-banjove. Normalisht nj\u00eb gjoks normal q\u00eb kam un\u00eb nuk duket aq bukur sa mund t\u00eb duket nj\u00eb gjoks i b\u00ebr\u00eb me selikon.<\/p>\n<p><strong>Ke frik\u00eb nga operacionet plastike?<\/strong><br \/>\nKam tmerr frik\u00eb dhe nuk di si do b\u00ebj. E r\u00ebnd\u00ebsishme \u00ebsht\u00eb t\u00eb hyj n\u00eb sall\u00eb. Po hyra n\u00eb sall\u00eb, ia dola. Kam shkuar tre-kat\u00ebr her\u00eb deri tani por nuk jam futur dot n\u00eb sall\u00eb, nuk m\u00eb ka l\u00ebn\u00eb frika. D\u00ebshir\u00ebn e kam shum\u00eb t\u00eb madhe dhe besoj se do e realizoj. Po u futa n\u00eb sall\u00eb, gjith\u00e7ka mbaroi.<\/p>\n<p><strong>Dhe le t\u2019i kthehemi si vendose t\u00eb marr\u00ebsh pjes\u00eb n\u00eb audicionin e \u2018Grande Fratellos\u2019\u2026?<\/strong><br \/>\nPra nga sa thash\u00eb m\u00eb lart, teksa tentoja t\u00eb realizoja k\u00ebt\u00eb, rast\u00ebsisht pash\u00eb reklam\u00ebn e \u2018Grande Fratellos\u2019. Audicioni zhvillohej n\u00eb Rimini nd\u00ebrsa un\u00eb isha n\u00eb Ancona. N\u00eb fakt kjo ka qen\u00eb gjithmon\u00eb nj\u00eb d\u00ebshir\u00eb e mamas\u00eb time q\u00eb un\u00eb t\u00eb merrja pjes\u00eb n\u00eb nj\u00eb reality sho\u00eb. Meq\u00ebn\u00ebse n\u00eb Shqip\u00ebri nuk ka nj\u00eb t\u00eb till\u00eb p\u00ebr artist\u00ebt, vendosa ta realizoj k\u00ebt\u00eb n\u00eb Itali dhe nuk di n\u00eb do arrij. Vet\u00ebm n\u00ebse rri 24 or\u00eb me njer\u00ebzit mund t\u2019i njoh\u00ebsh. Kam patur gjithmon\u00eb qejf t\u00eb njoh artist\u00ebt apo personat publik\u00eb por k\u00ebt\u00eb nuk mund ta b\u00ebj duke ndenjur nj\u00eb or\u00eb n\u00eb dit\u00eb apo duke pir\u00eb nj\u00eb kafe. Gjithsesi audicioni ku mora pjes\u00eb un\u00eb nuk ishte p\u00ebr artist\u00eb por p\u00ebr njer\u00ebz t\u00eb thjesht\u00eb. N\u00eb dit\u00ebn q\u00eb shkova un\u00eb ishin rreth 100 veta. U ndjeva v\u00ebrtet shum\u00eb mir\u00eb. Fal\u00eb zotit m\u00eb ndihmoi dhe gjuha italiane t\u00eb cil\u00ebn un\u00eb e flas mjaft mir\u00eb. M\u00eb shkoi shum\u00eb mir\u00eb. Por ka vet\u00ebm nj\u00eb problem. Un\u00eb nuk jam e paisur me dokumenta italiane dhe nuk di n\u00ebse kjo do t\u00eb jet\u00eb nj\u00eb penges\u00eb p\u00ebr mua. N\u00ebse nuk m\u00eb realizohet k\u00ebt\u00eb vit, vitin tjet\u00ebr patjet\u00ebr q\u00eb do ta b\u00ebj nj\u00eb gj\u00eb t\u00eb till\u00eb.<\/p>\n<p><strong>\u00c7far\u00eb p\u00ebrshtypjesh t\u00eb la audicioni. Si procedohej?<\/strong><br \/>\nT\u00eb gjith\u00ebve na dhan\u00eb t\u00eb mbushnim nga nj\u00eb formular n\u00eb t\u00eb cilin duhet t\u00eb shkruheshin t\u00eb dh\u00ebna rreth vetes si p\u00ebr shembull vendi ku banon, puna e prind\u00ebrve, \u00ebndrrat etj. Kur pan\u00eb sked\u00ebn time t\u00eb mbushur gj\u00ebja e par\u00eb q\u00eb m\u00eb than\u00eb ishte: Ti je shum\u00eb famoze n\u00eb qytetin t\u00ebnd. Pse e b\u00ebn nj\u00eb gj\u00eb t\u00eb till\u00eb? Dhe un\u00eb menj\u00ebher\u00eb iu p\u00ebrgjigja: Kam ardhur nga nj\u00eb familje q\u00eb e ka patur emrin prej koh\u00ebsh dhe n\u00ebse kam qen\u00eb talent n\u00eb 90%, 10% e kam patur nga mbiemri. Dua t\u2019ia nis nj\u00eb sfide nga fillimi pa k\u00ebt\u00eb mbiem\u00ebr t\u00eb njohur dhe vendi m\u00eb i mir\u00eb p\u00ebr ta b\u00ebr\u00eb k\u00ebt\u00eb \u00ebsht\u00eb Italia.<br \/>\nP\u00ebr m\u00eb tep\u00ebr q\u00eb i \u00ebsht\u00eb dh\u00ebn\u00eb mund\u00ebsia shum\u00eb t\u00eb tjer\u00ebve, artist\u00ebve shum\u00eb t\u00ebmir\u00eb q\u00eb kan\u00eb b\u00ebr\u00eb karrier\u00eb. M\u00eb p\u00eblqen televizioni italian.<\/p>\n<p><strong>Ka patur shum\u00eb t\u00eb interesuar p\u00ebr audicion dit\u00ebt e tjera?<\/strong><br \/>\nNj\u00eb hata me njer\u00ebz.<br \/>\nSa prite p\u00ebr t\u00eb biseduar me autor\u00ebt q\u00eb zhvillonin dhe pyet\u00ebsorin?<br \/>\nFat i madh ishte se un\u00eb u nisa n\u00eb or\u00ebn 4 t\u00eb m\u00ebngjesit nga Ancona dhe mb\u00ebrrita n\u00eb Rimini n\u00eb or\u00ebn 5:30. Audicioni filloi n\u00eb or\u00ebn 8. Nuk e ndjeva shum\u00eb pritjen sepse u b\u00ebm\u00eb miq me shum\u00eb t\u00eb rinj, bisedonim bashk\u00eb. Atyre nuk u b\u00ebnte p\u00ebrshtypje q\u00eb un\u00eb isha shqiptare. Mendova se do m\u00eb shihnin me sy tjet\u00ebr por p\u00ebrkundrazi.<br \/>\nIshte dhe nj\u00eb vajz\u00eb tjet\u00ebr shqiptare q\u00eb konkuronte bashk\u00eb me mua. Kishte rus, turq dhe t\u00eb komb\u00ebsive t\u00eb tjera q\u00eb jetonin dhe vazhdonin shkoll\u00ebn n\u00eb Itali.<\/p>\n<p><strong>Mendon se do t\u00eb p\u00ebrzgjidhesh?<\/strong><br \/>\nE vetmja gje q\u00eb m\u00eb b\u00ebn t\u00eb mendoj t\u00eb kund\u00ebrt\u00ebn \u00ebsht\u00eb mospasja e dokumentave italiane.<br \/>\nPra n\u00ebse do t\u00eb organizohej nj\u00eb reality show p\u00ebr VIP-a n\u00eb Shqip\u00ebri, do t\u00eb merrnit pjes\u00eb?<br \/>\nDo t\u00eb isha e para q\u00eb do shkoja. Do kasha shum\u00eb qejf.<\/p>\n<p><strong>Rozi, na thuaj \u00e7far\u00eb po ndodh me jet\u00ebn t\u00ebnde?<\/strong><br \/>\n(Qesh). Mir\u00eb. Jetoj vet\u00ebm me qenin tani p\u00ebr tani. Me an\u00ebn profesionale jam shum\u00eb e k\u00ebnaqur. P\u00ebrmend k\u00ebtu klipin tim m\u00eb t\u00eb fundit, k\u00ebnga me Adi Hil\u00ebn, Festivali Ballkanik dhe \u00e7mimi q\u00eb mor\u00ebm n\u00eb t\u00eb bashk\u00eb me Noizin. Po p\u00ebrgatitem nd\u00ebrkoh\u00eb p\u00ebr nj\u00eb k\u00ebng\u00eb t\u00eb re q\u00eb do ta nis shum\u00eb shpejt, p\u00ebrpara Vitit t\u00eb Ri. Them t\u00eb vij me nj\u00eb k\u00ebng\u00eb jugu. S\u2019kam k\u00ebnduar kurr\u00eb jug ngaq\u00eb i kam b\u00ebr\u00eb gjithmon\u00eb qejfin an\u00ebs s\u00eb babit duke k\u00ebnduar k\u00ebng\u00eb nga ana e shkodr\u00ebs. Dhe mami ka patur shum\u00eb qejf q\u00eb un\u00eb t\u00eb k\u00ebndoja nj\u00ebher\u00eb k\u00ebng\u00eb nga jugu. Do jet\u00eb nj\u00eb k\u00ebng\u00eb e p\u00ebrpunuar t\u00eb cil\u00ebn do ta realizoj\u00eb Adi Hila. Teksti i p\u00ebrket popullit, i rregulluar nga vet\u00eb Rozi.<br \/>\n<strong><\/strong><\/p>\n<p><strong>Po jeta private?<\/strong><br \/>\nJeta private nuk shkon shum\u00eb mir\u00eb. Kam filluar t\u00eb b\u00ebj shum\u00eb gabime me jet\u00ebn time. Jam shum\u00eb euforike dhe gjithmon\u00eb i kam filluar historit\u00eb e mia pa menduar shum\u00eb. Mendoj me zem\u00ebr p\u00ebrpara se t\u00eb mendoj me tru. Kam dashur shum\u00eb ta mbroj jet\u00ebn time private n\u00eb shtyp dhe gjithmon\u00eb pas p\u00ebrfundimit t\u00eb historis\u00eb time kat\u00ebr vje\u00e7are jam shprehur n\u00eb media se nuk kam patur t\u00eb dashur. Kam nj\u00eb vit q\u00eb aludoj: nuk kam t\u00eb dashur, nd\u00ebrkoh\u00eb q\u00eb ishte nj\u00eb histori tjet\u00ebr. Por tani me t\u00eb v\u00ebrtet\u00eb q\u00eb nuk \u00ebsht\u00eb askush n\u00eb jet\u00ebn time.<br \/>\n<strong><\/strong><\/p>\n<p><strong>Kur e mendon Rozi martes\u00ebn?<\/strong><br \/>\nShiko, un\u00eb isha martuar edhe nes\u00ebr po t\u00eb jet\u00eb p\u00ebr t\u2019u martuar. Un\u00eb e kam \u00ebnd\u00ebrr fustanin e bardh\u00eb, por problemi \u00ebsht\u00eb q\u00eb mir\u00eb se po martohem, por si mund t\u00eb hedh firm\u00eb p\u00ebr dashuri t\u00eb p\u00ebrjetshme me nj\u00eb njeri. K\u00ebtu \u00ebsht\u00eb e gjitha, puna e firm\u00ebs. Gjith\u00eb historit\u00eb e mia t\u00eb dashuris\u00eb q\u00eb kam patur, m\u00eb pas jan\u00eb venitur. Shpesh her\u00eb m\u00eb shkon mendja tek mami dhe babi dhe them me vete: Ky \u00e7ift kaq i bukur p\u00ebr mua, si n\u00eb shpirt dhe si n\u00eb historin\u00eb q\u00eb kan\u00eb patur, v\u00ebrtet jan\u00eb dashur p\u00ebr kaq shum\u00eb vjet q\u00eb kan\u00eb ndenjur bashk\u00eb?! Pastaj mendoj q\u00eb n\u00eb momentin q\u00eb humb dashuria, duhet t\u00eb vij\u00eb nj\u00eb f\u00ebmij\u00eb q\u00eb t\u00eb vazhdoj\u00eb kjo histori por nuk \u00ebsht\u00eb e th\u00ebn\u00eb q\u00eb p\u00ebr nj\u00eb f\u00ebmij\u00eb duhet t\u00eb rrish gjith\u00eb jet\u00ebn me nj\u00eb njeri q\u00eb nuk e do.<br \/>\n<strong><\/strong><\/p>\n<p><strong>Pra nga sa thua, nuk do t\u00eb martohesh asnj\u00ebher\u00eb?<\/strong><br \/>\nFustanin e bardh\u00eb do e vesh, por celebrim nuk do b\u00ebj asnj\u00ebher\u00eb. Firm\u00eb nuk hedh.<\/p>\n<p><strong><span style=\"color: #888888;\">Burimi \/ Gazeta Shqiptare<\/span><\/strong><\/p>\n<!--YouTube Error: bad URL entered-->\n","protected":false},"excerpt":{"rendered":"<p>Prej koh\u00ebsh njihet si nj\u00eb vajz\u00eb \u00e7apk\u00ebne, q\u00eb gjithmon\u00eb d\u00ebshiron t\u00eb \u00e7oj\u00eb deri n\u00eb fund at\u00eb q\u00eb merr p\u00ebrsip\u00ebr duke patur shum\u00eb \u00ebndrra q\u00eb pret t\u2019i realizoj\u00eb. D\u00ebshira t\u00eb m\u00ebdha q\u00eb shpesh hasin n\u00eb v\u00ebshtir\u00ebsi por p\u00ebrs\u00ebri ajo nuk ndalet. Kjo \u00ebsht\u00eb Rozana Rasi, e njohur nga t\u00eb gjith\u00eb miqt\u00eb si Rozi e cila p\u00ebr [&hellip;]<\/p>\n","protected":false},"author":1,"featured_media":0,"comment_status":"open","ping_status":"closed","sticky":false,"template":"","format":"standard","meta":{"spay_email":"","jetpack_publicize_message":"","jetpack_is_tweetstorm":false,"jetpack_publicize_feature_enabled":true},"categories":[1],"tags":[4964],"jetpack_publicize_connections":[],"yoast_head":"<!-- This site is optimized with the Yoast SEO plugin v19.1 - https:\/\/yoast.com\/wordpress\/plugins\/seo\/ -->\n<title>Rozana Radi n\u00eb \u2018Grande Fratello\u2019 - Lajme nga Ulqini<\/title>\n<meta name=\"description\" content=\"Prej koh\u00ebsh njihet si nj\u00eb vajz\u00eb \u00e7apk\u00ebne, q\u00eb gjithmon\u00eb d\u00ebshiron t\u00eb \u00e7oj\u00eb deri n\u00eb fund at\u00eb q\u00eb merr p\u00ebrsip\u00ebr duke patur shum\u00eb \u00ebndrra q\u00eb pret t\u2019i realizoj\u00eb.\" \/>\n<meta name=\"robots\" content=\"index, follow, max-snippet:-1, max-image-preview:large, max-video-preview:-1\" \/>\n<link rel=\"canonical\" href=\"https:\/\/www.visit-ulcinj.com\/blog\/2008\/11\/07\/rozana-radi-ne-\u2018grande-fratello\u2019\/\" \/>\n<meta property=\"og:locale\" content=\"en_US\" \/>\n<meta property=\"og:type\" content=\"article\" \/>\n<meta property=\"og:title\" content=\"Rozana Radi n\u00eb \u2018Grande Fratello\u2019 - Lajme nga Ulqini\" \/>\n<meta property=\"og:description\" content=\"Prej koh\u00ebsh njihet si nj\u00eb vajz\u00eb \u00e7apk\u00ebne, q\u00eb gjithmon\u00eb d\u00ebshiron t\u00eb \u00e7oj\u00eb deri n\u00eb fund at\u00eb q\u00eb merr p\u00ebrsip\u00ebr duke patur shum\u00eb \u00ebndrra q\u00eb pret t\u2019i realizoj\u00eb.\" \/>\n<meta property=\"og:url\" content=\"https:\/\/www.visit-ulcinj.com\/blog\/2008\/11\/07\/rozana-radi-ne-\u2018grande-fratello\u2019\/\" \/>\n<meta property=\"og:site_name\" content=\"Lajme nga Ulqini\" \/>\n<meta property=\"article:published_time\" content=\"2008-11-07T21:25:56+00:00\" \/>\n<meta property=\"og:image\" content=\"http:\/\/www.visit-ulcinj.com\/blog\/wp-content\/uploads\/2008\/11\/rozana-radi.jpg\" \/>\n<meta name=\"twitter:label1\" content=\"Written by\" \/>\n\t<meta name=\"twitter:data1\" content=\"ulqini\" \/>\n\t<meta name=\"twitter:label2\" content=\"Est. reading time\" \/>\n\t<meta name=\"twitter:data2\" content=\"7 minutes\" \/>\n<script type=\"application\/ld+json\" class=\"yoast-schema-graph\">{\"@context\":\"https:\/\/schema.org\",\"@graph\":[{\"@type\":\"WebSite\",\"@id\":\"https:\/\/www.visit-ulcinj.com\/blog\/#website\",\"url\":\"https:\/\/www.visit-ulcinj.com\/blog\/\",\"name\":\"Lajme nga Ulqini\",\"description\":\"Lajme,Vijesti,Ulqini,Ulqin,Crna Gora,Mali i Zi\",\"potentialAction\":[{\"@type\":\"SearchAction\",\"target\":{\"@type\":\"EntryPoint\",\"urlTemplate\":\"https:\/\/www.visit-ulcinj.com\/blog\/?s={search_term_string}\"},\"query-input\":\"required name=search_term_string\"}],\"inLanguage\":\"en-US\"},{\"@type\":\"ImageObject\",\"inLanguage\":\"en-US\",\"@id\":\"https:\/\/www.visit-ulcinj.com\/blog\/2008\/11\/07\/rozana-radi-ne-%e2%80%98grande-fratello%e2%80%99\/#primaryimage\",\"url\":\"http:\/\/www.visit-ulcinj.com\/blog\/wp-content\/uploads\/2008\/11\/rozana-radi.jpg\",\"contentUrl\":\"http:\/\/www.visit-ulcinj.com\/blog\/wp-content\/uploads\/2008\/11\/rozana-radi.jpg\"},{\"@type\":\"WebPage\",\"@id\":\"https:\/\/www.visit-ulcinj.com\/blog\/2008\/11\/07\/rozana-radi-ne-%e2%80%98grande-fratello%e2%80%99\/#webpage\",\"url\":\"https:\/\/www.visit-ulcinj.com\/blog\/2008\/11\/07\/rozana-radi-ne-%e2%80%98grande-fratello%e2%80%99\/\",\"name\":\"Rozana Radi n\u00eb \u2018Grande Fratello\u2019 - Lajme nga Ulqini\",\"isPartOf\":{\"@id\":\"https:\/\/www.visit-ulcinj.com\/blog\/#website\"},\"primaryImageOfPage\":{\"@id\":\"https:\/\/www.visit-ulcinj.com\/blog\/2008\/11\/07\/rozana-radi-ne-%e2%80%98grande-fratello%e2%80%99\/#primaryimage\"},\"datePublished\":\"2008-11-07T21:25:56+00:00\",\"dateModified\":\"2008-11-07T21:25:56+00:00\",\"author\":{\"@id\":\"https:\/\/www.visit-ulcinj.com\/blog\/#\/schema\/person\/dcab619c614d3038751c63bc2aadc06d\"},\"description\":\"Prej koh\u00ebsh njihet si nj\u00eb vajz\u00eb \u00e7apk\u00ebne, q\u00eb gjithmon\u00eb d\u00ebshiron t\u00eb \u00e7oj\u00eb deri n\u00eb fund at\u00eb q\u00eb merr p\u00ebrsip\u00ebr duke patur shum\u00eb \u00ebndrra q\u00eb pret t\u2019i realizoj\u00eb.\",\"breadcrumb\":{\"@id\":\"https:\/\/www.visit-ulcinj.com\/blog\/2008\/11\/07\/rozana-radi-ne-%e2%80%98grande-fratello%e2%80%99\/#breadcrumb\"},\"inLanguage\":\"en-US\",\"potentialAction\":[{\"@type\":\"ReadAction\",\"target\":[\"https:\/\/www.visit-ulcinj.com\/blog\/2008\/11\/07\/rozana-radi-ne-%e2%80%98grande-fratello%e2%80%99\/\"]}]},{\"@type\":\"BreadcrumbList\",\"@id\":\"https:\/\/www.visit-ulcinj.com\/blog\/2008\/11\/07\/rozana-radi-ne-%e2%80%98grande-fratello%e2%80%99\/#breadcrumb\",\"itemListElement\":[{\"@type\":\"ListItem\",\"position\":1,\"name\":\"Rozana Radi n\u00eb \u2018Grande Fratello\u2019\"}]},{\"@type\":\"Person\",\"@id\":\"https:\/\/www.visit-ulcinj.com\/blog\/#\/schema\/person\/dcab619c614d3038751c63bc2aadc06d\",\"name\":\"ulqini\",\"sameAs\":[\"http:\/\/www.visit-ulcinj.com\"],\"url\":\"https:\/\/www.visit-ulcinj.com\/blog\/author\/admin\/\"}]}<\/script>\n<!-- \/ Yoast SEO plugin. -->","yoast_head_json":{"title":"Rozana Radi n\u00eb \u2018Grande Fratello\u2019 - Lajme nga Ulqini","description":"Prej koh\u00ebsh njihet si nj\u00eb vajz\u00eb \u00e7apk\u00ebne, q\u00eb gjithmon\u00eb d\u00ebshiron t\u00eb \u00e7oj\u00eb deri n\u00eb fund at\u00eb q\u00eb merr p\u00ebrsip\u00ebr duke patur shum\u00eb \u00ebndrra q\u00eb pret t\u2019i realizoj\u00eb.","robots":{"index":"index","follow":"follow","max-snippet":"max-snippet:-1","max-image-preview":"max-image-preview:large","max-video-preview":"max-video-preview:-1"},"canonical":"https:\/\/www.visit-ulcinj.com\/blog\/2008\/11\/07\/rozana-radi-ne-\u2018grande-fratello\u2019\/","og_locale":"en_US","og_type":"article","og_title":"Rozana Radi n\u00eb \u2018Grande Fratello\u2019 - Lajme nga Ulqini","og_description":"Prej koh\u00ebsh njihet si nj\u00eb vajz\u00eb \u00e7apk\u00ebne, q\u00eb gjithmon\u00eb d\u00ebshiron t\u00eb \u00e7oj\u00eb deri n\u00eb fund at\u00eb q\u00eb merr p\u00ebrsip\u00ebr duke patur shum\u00eb \u00ebndrra q\u00eb pret t\u2019i realizoj\u00eb.","og_url":"https:\/\/www.visit-ulcinj.com\/blog\/2008\/11\/07\/rozana-radi-ne-\u2018grande-fratello\u2019\/","og_site_name":"Lajme nga Ulqini","article_published_time":"2008-11-07T21:25:56+00:00","og_image":[{"url":"http:\/\/www.visit-ulcinj.com\/blog\/wp-content\/uploads\/2008\/11\/rozana-radi.jpg"}],"twitter_misc":{"Written by":"ulqini","Est. reading time":"7 minutes"},"schema":{"@context":"https:\/\/schema.org","@graph":[{"@type":"WebSite","@id":"https:\/\/www.visit-ulcinj.com\/blog\/#website","url":"https:\/\/www.visit-ulcinj.com\/blog\/","name":"Lajme nga Ulqini","description":"Lajme,Vijesti,Ulqini,Ulqin,Crna Gora,Mali i Zi","potentialAction":[{"@type":"SearchAction","target":{"@type":"EntryPoint","urlTemplate":"https:\/\/www.visit-ulcinj.com\/blog\/?s={search_term_string}"},"query-input":"required name=search_term_string"}],"inLanguage":"en-US"},{"@type":"ImageObject","inLanguage":"en-US","@id":"https:\/\/www.visit-ulcinj.com\/blog\/2008\/11\/07\/rozana-radi-ne-%e2%80%98grande-fratello%e2%80%99\/#primaryimage","url":"http:\/\/www.visit-ulcinj.com\/blog\/wp-content\/uploads\/2008\/11\/rozana-radi.jpg","contentUrl":"http:\/\/www.visit-ulcinj.com\/blog\/wp-content\/uploads\/2008\/11\/rozana-radi.jpg"},{"@type":"WebPage","@id":"https:\/\/www.visit-ulcinj.com\/blog\/2008\/11\/07\/rozana-radi-ne-%e2%80%98grande-fratello%e2%80%99\/#webpage","url":"https:\/\/www.visit-ulcinj.com\/blog\/2008\/11\/07\/rozana-radi-ne-%e2%80%98grande-fratello%e2%80%99\/","name":"Rozana Radi n\u00eb \u2018Grande Fratello\u2019 - Lajme nga Ulqini","isPartOf":{"@id":"https:\/\/www.visit-ulcinj.com\/blog\/#website"},"primaryImageOfPage":{"@id":"https:\/\/www.visit-ulcinj.com\/blog\/2008\/11\/07\/rozana-radi-ne-%e2%80%98grande-fratello%e2%80%99\/#primaryimage"},"datePublished":"2008-11-07T21:25:56+00:00","dateModified":"2008-11-07T21:25:56+00:00","author":{"@id":"https:\/\/www.visit-ulcinj.com\/blog\/#\/schema\/person\/dcab619c614d3038751c63bc2aadc06d"},"description":"Prej koh\u00ebsh njihet si nj\u00eb vajz\u00eb \u00e7apk\u00ebne, q\u00eb gjithmon\u00eb d\u00ebshiron t\u00eb \u00e7oj\u00eb deri n\u00eb fund at\u00eb q\u00eb merr p\u00ebrsip\u00ebr duke patur shum\u00eb \u00ebndrra q\u00eb pret t\u2019i realizoj\u00eb.","breadcrumb":{"@id":"https:\/\/www.visit-ulcinj.com\/blog\/2008\/11\/07\/rozana-radi-ne-%e2%80%98grande-fratello%e2%80%99\/#breadcrumb"},"inLanguage":"en-US","potentialAction":[{"@type":"ReadAction","target":["https:\/\/www.visit-ulcinj.com\/blog\/2008\/11\/07\/rozana-radi-ne-%e2%80%98grande-fratello%e2%80%99\/"]}]},{"@type":"BreadcrumbList","@id":"https:\/\/www.visit-ulcinj.com\/blog\/2008\/11\/07\/rozana-radi-ne-%e2%80%98grande-fratello%e2%80%99\/#breadcrumb","itemListElement":[{"@type":"ListItem","position":1,"name":"Rozana Radi n\u00eb \u2018Grande Fratello\u2019"}]},{"@type":"Person","@id":"https:\/\/www.visit-ulcinj.com\/blog\/#\/schema\/person\/dcab619c614d3038751c63bc2aadc06d","name":"ulqini","sameAs":["http:\/\/www.visit-ulcinj.com"],"url":"https:\/\/www.visit-ulcinj.com\/blog\/author\/admin\/"}]}},"jetpack_featured_media_url":"","jetpack_sharing_enabled":true,"jetpack_shortlink":"https:\/\/wp.me\/pe6lTn-1sZ","_links":{"self":[{"href":"https:\/\/www.visit-ulcinj.com\/blog\/wp-json\/wp\/v2\/posts\/5641"}],"collection":[{"href":"https:\/\/www.visit-ulcinj.com\/blog\/wp-json\/wp\/v2\/posts"}],"about":[{"href":"https:\/\/www.visit-ulcinj.com\/blog\/wp-json\/wp\/v2\/types\/post"}],"author":[{"embeddable":true,"href":"https:\/\/www.visit-ulcinj.com\/blog\/wp-json\/wp\/v2\/users\/1"}],"replies":[{"embeddable":true,"href":"https:\/\/www.visit-ulcinj.com\/blog\/wp-json\/wp\/v2\/comments?post=5641"}],"version-history":[{"count":0,"href":"https:\/\/www.visit-ulcinj.com\/blog\/wp-json\/wp\/v2\/posts\/5641\/revisions"}],"wp:attachment":[{"href":"https:\/\/www.visit-ulcinj.com\/blog\/wp-json\/wp\/v2\/media?parent=5641"}],"wp:term":[{"taxonomy":"category","embeddable":true,"href":"https:\/\/www.visit-ulcinj.com\/blog\/wp-json\/wp\/v2\/categories?post=5641"},{"taxonomy":"post_tag","embeddable":true,"href":"https:\/\/www.visit-ulcinj.com\/blog\/wp-json\/wp\/v2\/tags?post=5641"}],"curies":[{"name":"wp","href":"https:\/\/api.w.org\/{rel}","templated":true}]}}