{"id":56414,"date":"2012-01-27T19:50:05","date_gmt":"2012-01-27T18:50:05","guid":{"rendered":"http:\/\/www.visit-ulcinj.com\/blog\/?p=56414"},"modified":"2012-01-27T19:52:42","modified_gmt":"2012-01-27T18:52:42","slug":"dual-nga-shtypi-libri-bojku-ne-ane-te-malit-te-autorit-shaqir-ismaili","status":"publish","type":"post","link":"https:\/\/www.visit-ulcinj.com\/blog\/2012\/01\/27\/dual-nga-shtypi-libri-bojku-ne-ane-te-malit-te-autorit-shaqir-ismaili\/","title":{"rendered":"Dual nga shtypi Libri \u201cBOJKU N\u00cb AN\u00cb T\u00cb MALIT\u201d t\u00eb autorit Shaqir Ismaili"},"content":{"rendered":"<p><a href=\"http:\/\/www.visit-ulcinj.com\/blog\/wp-content\/uploads\/2012\/01\/MONOGRAFIA-BOJKU-N\u00cb-AN\u00cb-T\u00cb-MALIT.jpg\"><img loading=\"lazy\" class=\"alignleft  wp-image-56415\" title=\"MONOGRAFIA - BOJKU N\u00cb AN\u00cb T\u00cb MALIT\" src=\"http:\/\/www.visit-ulcinj.com\/blog\/wp-content\/uploads\/2012\/01\/MONOGRAFIA-BOJKU-N\u00cb-AN\u00cb-T\u00cb-MALIT.jpg\" alt=\"\" width=\"508\" height=\"600\" \/><\/a>Ulqin,27 janar 2012- Dual nga shtypi monografia \u201cBOJKU N\u00cb AN\u00cb T\u00cb MALIT\u201d, t\u00eb autorit Shaqir Ismaili, i cili , krahas profesionit t\u00eb imamit, n\u00eb vitet 70- t\u00eb t\u00eb shekullit t\u00eb kaluar, \u00ebsht\u00eb interesuar mbi historin\u00eb e katundit t\u00eb vendlindjes, BOJK, duke u p\u00ebrqendruar n\u00eb gur\u00ebt e varreve,,mbishkrimet- epitafet me shkronja arabe \u2013 osmane t\u00eb vjetra, emrat e personave n\u00eb shekujt 19 dhe 20 ,pa t\u00eb cil\u00ebt, si\u00e7 shprehet Ismaili , nuk do t\u00eb ishte e mundur q\u00eb t\u00eb p\u00ebrshkruhet e kaluara e fshatit BOJK.<br \/>\nMonografina \u201cBOJKU N\u00cb ANE T\u00cb MALIT\u201d ndahet n\u00eb n\u00ebnt\u00eb cikle , t\u00eb cil\u00ebt sintetizohen n\u00eb nj\u00eb nj\u00ebsi edhe spikaten p\u00ebr informacionet e konsiderushem q\u00eb jepen nga kaptina e par\u00eb- Ana e Malit \u2013 krahin\u00eb e ve\u00e7ant\u00eb etnografike.<br \/>\nNj\u00eb vend t\u00eb posa\u00e7\u00ebm autori u ka kushtuar rrethanave shoq\u00ebrore-historike , pastaj kaptina mbulon periudh\u00ebn \u201cKoha e Shkjaut t\u00eb pare\u201c,dhe pasojn\u00eb e Luft\u00ebs ballkanike 1912- 1913, Koha e luft\u00ebs s\u00eb par\u00eb bot\u00ebrore, Periudha e sundimit t\u00eb dinastis\u00eb s\u00eb karagjorgjeviq\u00ebve, traditat dhe adetet, Lufta e dyt\u00eb bot\u00ebrore, p\u00ebr t\u00eb p\u00ebrfunduar me periudh\u00ebn pas luft\u00ebs s\u00eb dyt\u00eb bot\u00ebrore.<br \/>\nShaqir Ismaili shihet se ka p\u00ebrdorur nj\u00eb vist\u00ebr t\u00eb gjer\u00eb t\u00eb literatur\u00ebs shkencore q\u00eb nd\u00ebrlidhen me tem\u00ebn bosht, BOJKUN.<br \/>\nMonografia \u201cBOJKU N\u00cb AN\u00cb T\u00cb MALIT\u201d mban firm\u00ebn e<br \/>\nArt Club-it t\u00eb Ulqinit edhe redaktor i botimit \u00ebsht\u00eb Dr. Nail Draga.<br \/>\nPritet q\u00eb monografia s\u00eb shpejti t\u00eb p\u00ebrurohet n\u00eb An\u00eb t\u00eb Malit.<\/p>\n<p><a href=\"https:\/\/www.facebook.com\/profile.php?id=842313990\" target=\"_blank\"><strong>Sejdo Ismaili Facebook<\/strong><\/a><br \/>\n<!--YouTube Error: bad URL entered--><br \/>\n<a href=\"http:\/\/www.visit-ulcinj.com\/blog\/wp-content\/uploads\/2012\/01\/MONOGRAFIA-BOJKU-N\u00cb-AN\u00cb-T\u00cb-MALIT.1.jpg\"><img loading=\"lazy\" class=\"alignleft  wp-image-56418\" title=\"MONOGRAFIA - BOJKU N\u00cb AN\u00cb T\u00cb MALIT.1\" src=\"http:\/\/www.visit-ulcinj.com\/blog\/wp-content\/uploads\/2012\/01\/MONOGRAFIA-BOJKU-N\u00cb-AN\u00cb-T\u00cb-MALIT.1.jpg\" alt=\"\" width=\"508\" height=\"620\" \/><\/a><\/p>\n","protected":false},"excerpt":{"rendered":"<p>Ulqin,27 janar 2012- Dual nga shtypi monografia \u201cBOJKU N\u00cb AN\u00cb T\u00cb MALIT\u201d, t\u00eb autorit Shaqir Ismaili, i cili , krahas profesionit t\u00eb imamit, n\u00eb vitet 70- t\u00eb t\u00eb shekullit t\u00eb kaluar, \u00ebsht\u00eb interesuar mbi historin\u00eb e katundit t\u00eb vendlindjes, BOJK, duke u p\u00ebrqendruar n\u00eb gur\u00ebt e varreve,,mbishkrimet- epitafet me shkronja arabe \u2013 osmane t\u00eb vjetra, [&hellip;]<\/p>\n","protected":false},"author":1,"featured_media":0,"comment_status":"open","ping_status":"closed","sticky":false,"template":"","format":"standard","meta":{"spay_email":"","jetpack_publicize_message":"","jetpack_is_tweetstorm":false,"jetpack_publicize_feature_enabled":true},"categories":[4],"tags":[212,17828,17834,18370,17811,17831,18362,14353,19909,17808,14354,12340,17840,17839,18363,17835,17814,17810,17816,17071,17807,3516,14652,17837,17827,14358,222,17802,17812,17803,17820,17825,17817,17805,305,17823,17832,3506,17818,214,17680,14362,14363,18371,3507,17800,498,3500,115,14364,17799,3327,17841,17826,15213,18236,3512,17806,11648,18289,17838,95,17813,17804,15141,17836,14366,79,17073,18294,118,18368,18369,1653,1909,14367,17801,18360,17822,14368,14369,17824,14370,18291,14704,2083,3231,14371,41,3617,14372,17844,17821,18372,17830,17077,18295,14375,17833,17829,200,18,17819,17809,14376],"jetpack_publicize_connections":[],"yoast_head":"<!-- This site is optimized with the Yoast SEO plugin v19.1 - https:\/\/yoast.com\/wordpress\/plugins\/seo\/ -->\n<title>Dual nga shtypi Libri \u201cBOJKU N\u00cb AN\u00cb T\u00cb MALIT\u201d t\u00eb autorit Shaqir Ismaili - Lajme nga Ulqini<\/title>\n<meta name=\"description\" content=\"Ulqin,27 janar 2012- Dual nga shtypi monografia \u201cBOJKU N\u00cb AN\u00cb T\u00cb MALIT\u201d, t\u00eb autorit Shaqir Ismaili, i cili , krahas profesionit t\u00eb imamit, n\u00eb vitet 70- t\u00eb\" \/>\n<meta name=\"robots\" content=\"index, follow, max-snippet:-1, max-image-preview:large, max-video-preview:-1\" \/>\n<link rel=\"canonical\" href=\"https:\/\/www.visit-ulcinj.com\/blog\/2012\/01\/27\/dual-nga-shtypi-libri-bojku-ne-ane-te-malit-te-autorit-shaqir-ismaili\/\" \/>\n<meta property=\"og:locale\" content=\"en_US\" \/>\n<meta property=\"og:type\" content=\"article\" \/>\n<meta property=\"og:title\" content=\"Dual nga shtypi Libri \u201cBOJKU N\u00cb AN\u00cb T\u00cb MALIT\u201d t\u00eb autorit Shaqir Ismaili - Lajme nga Ulqini\" \/>\n<meta property=\"og:description\" content=\"Ulqin,27 janar 2012- Dual nga shtypi monografia \u201cBOJKU N\u00cb AN\u00cb T\u00cb MALIT\u201d, t\u00eb autorit Shaqir Ismaili, i cili , krahas profesionit t\u00eb imamit, n\u00eb vitet 70- t\u00eb\" \/>\n<meta property=\"og:url\" content=\"https:\/\/www.visit-ulcinj.com\/blog\/2012\/01\/27\/dual-nga-shtypi-libri-bojku-ne-ane-te-malit-te-autorit-shaqir-ismaili\/\" \/>\n<meta property=\"og:site_name\" content=\"Lajme nga Ulqini\" \/>\n<meta property=\"article:published_time\" content=\"2012-01-27T18:50:05+00:00\" \/>\n<meta property=\"article:modified_time\" content=\"2012-01-27T18:52:42+00:00\" \/>\n<meta name=\"twitter:label1\" content=\"Written by\" \/>\n\t<meta name=\"twitter:data1\" content=\"ulqini\" \/>\n\t<meta name=\"twitter:label2\" content=\"Est. reading time\" \/>\n\t<meta name=\"twitter:data2\" content=\"1 minute\" \/>\n<script type=\"application\/ld+json\" class=\"yoast-schema-graph\">{\"@context\":\"https:\/\/schema.org\",\"@graph\":[{\"@type\":\"WebSite\",\"@id\":\"https:\/\/www.visit-ulcinj.com\/blog\/#website\",\"url\":\"https:\/\/www.visit-ulcinj.com\/blog\/\",\"name\":\"Lajme nga Ulqini\",\"description\":\"Lajme,Vijesti,Ulqini,Ulqin,Crna Gora,Mali i Zi\",\"potentialAction\":[{\"@type\":\"SearchAction\",\"target\":{\"@type\":\"EntryPoint\",\"urlTemplate\":\"https:\/\/www.visit-ulcinj.com\/blog\/?s={search_term_string}\"},\"query-input\":\"required name=search_term_string\"}],\"inLanguage\":\"en-US\"},{\"@type\":\"WebPage\",\"@id\":\"https:\/\/www.visit-ulcinj.com\/blog\/2012\/01\/27\/dual-nga-shtypi-libri-bojku-ne-ane-te-malit-te-autorit-shaqir-ismaili\/#webpage\",\"url\":\"https:\/\/www.visit-ulcinj.com\/blog\/2012\/01\/27\/dual-nga-shtypi-libri-bojku-ne-ane-te-malit-te-autorit-shaqir-ismaili\/\",\"name\":\"Dual nga shtypi Libri \u201cBOJKU N\u00cb AN\u00cb T\u00cb MALIT\u201d t\u00eb autorit Shaqir Ismaili - Lajme nga Ulqini\",\"isPartOf\":{\"@id\":\"https:\/\/www.visit-ulcinj.com\/blog\/#website\"},\"datePublished\":\"2012-01-27T18:50:05+00:00\",\"dateModified\":\"2012-01-27T18:52:42+00:00\",\"author\":{\"@id\":\"https:\/\/www.visit-ulcinj.com\/blog\/#\/schema\/person\/dcab619c614d3038751c63bc2aadc06d\"},\"description\":\"Ulqin,27 janar 2012- Dual nga shtypi monografia \u201cBOJKU N\u00cb AN\u00cb T\u00cb MALIT\u201d, t\u00eb autorit Shaqir Ismaili, i cili , krahas profesionit t\u00eb imamit, n\u00eb vitet 70- t\u00eb\",\"breadcrumb\":{\"@id\":\"https:\/\/www.visit-ulcinj.com\/blog\/2012\/01\/27\/dual-nga-shtypi-libri-bojku-ne-ane-te-malit-te-autorit-shaqir-ismaili\/#breadcrumb\"},\"inLanguage\":\"en-US\",\"potentialAction\":[{\"@type\":\"ReadAction\",\"target\":[\"https:\/\/www.visit-ulcinj.com\/blog\/2012\/01\/27\/dual-nga-shtypi-libri-bojku-ne-ane-te-malit-te-autorit-shaqir-ismaili\/\"]}]},{\"@type\":\"BreadcrumbList\",\"@id\":\"https:\/\/www.visit-ulcinj.com\/blog\/2012\/01\/27\/dual-nga-shtypi-libri-bojku-ne-ane-te-malit-te-autorit-shaqir-ismaili\/#breadcrumb\",\"itemListElement\":[{\"@type\":\"ListItem\",\"position\":1,\"name\":\"Dual nga shtypi Libri \u201cBOJKU N\u00cb AN\u00cb T\u00cb MALIT\u201d t\u00eb autorit Shaqir Ismaili\"}]},{\"@type\":\"Person\",\"@id\":\"https:\/\/www.visit-ulcinj.com\/blog\/#\/schema\/person\/dcab619c614d3038751c63bc2aadc06d\",\"name\":\"ulqini\",\"sameAs\":[\"http:\/\/www.visit-ulcinj.com\"],\"url\":\"https:\/\/www.visit-ulcinj.com\/blog\/author\/admin\/\"}]}<\/script>\n<!-- \/ Yoast SEO plugin. -->","yoast_head_json":{"title":"Dual nga shtypi Libri \u201cBOJKU N\u00cb AN\u00cb T\u00cb MALIT\u201d t\u00eb autorit Shaqir Ismaili - Lajme nga Ulqini","description":"Ulqin,27 janar 2012- Dual nga shtypi monografia \u201cBOJKU N\u00cb AN\u00cb T\u00cb MALIT\u201d, t\u00eb autorit Shaqir Ismaili, i cili , krahas profesionit t\u00eb imamit, n\u00eb vitet 70- t\u00eb","robots":{"index":"index","follow":"follow","max-snippet":"max-snippet:-1","max-image-preview":"max-image-preview:large","max-video-preview":"max-video-preview:-1"},"canonical":"https:\/\/www.visit-ulcinj.com\/blog\/2012\/01\/27\/dual-nga-shtypi-libri-bojku-ne-ane-te-malit-te-autorit-shaqir-ismaili\/","og_locale":"en_US","og_type":"article","og_title":"Dual nga shtypi Libri \u201cBOJKU N\u00cb AN\u00cb T\u00cb MALIT\u201d t\u00eb autorit Shaqir Ismaili - Lajme nga Ulqini","og_description":"Ulqin,27 janar 2012- Dual nga shtypi monografia \u201cBOJKU N\u00cb AN\u00cb T\u00cb MALIT\u201d, t\u00eb autorit Shaqir Ismaili, i cili , krahas profesionit t\u00eb imamit, n\u00eb vitet 70- t\u00eb","og_url":"https:\/\/www.visit-ulcinj.com\/blog\/2012\/01\/27\/dual-nga-shtypi-libri-bojku-ne-ane-te-malit-te-autorit-shaqir-ismaili\/","og_site_name":"Lajme nga Ulqini","article_published_time":"2012-01-27T18:50:05+00:00","article_modified_time":"2012-01-27T18:52:42+00:00","twitter_misc":{"Written by":"ulqini","Est. reading time":"1 minute"},"schema":{"@context":"https:\/\/schema.org","@graph":[{"@type":"WebSite","@id":"https:\/\/www.visit-ulcinj.com\/blog\/#website","url":"https:\/\/www.visit-ulcinj.com\/blog\/","name":"Lajme nga Ulqini","description":"Lajme,Vijesti,Ulqini,Ulqin,Crna Gora,Mali i Zi","potentialAction":[{"@type":"SearchAction","target":{"@type":"EntryPoint","urlTemplate":"https:\/\/www.visit-ulcinj.com\/blog\/?s={search_term_string}"},"query-input":"required name=search_term_string"}],"inLanguage":"en-US"},{"@type":"WebPage","@id":"https:\/\/www.visit-ulcinj.com\/blog\/2012\/01\/27\/dual-nga-shtypi-libri-bojku-ne-ane-te-malit-te-autorit-shaqir-ismaili\/#webpage","url":"https:\/\/www.visit-ulcinj.com\/blog\/2012\/01\/27\/dual-nga-shtypi-libri-bojku-ne-ane-te-malit-te-autorit-shaqir-ismaili\/","name":"Dual nga shtypi Libri \u201cBOJKU N\u00cb AN\u00cb T\u00cb MALIT\u201d t\u00eb autorit Shaqir Ismaili - Lajme nga Ulqini","isPartOf":{"@id":"https:\/\/www.visit-ulcinj.com\/blog\/#website"},"datePublished":"2012-01-27T18:50:05+00:00","dateModified":"2012-01-27T18:52:42+00:00","author":{"@id":"https:\/\/www.visit-ulcinj.com\/blog\/#\/schema\/person\/dcab619c614d3038751c63bc2aadc06d"},"description":"Ulqin,27 janar 2012- Dual nga shtypi monografia \u201cBOJKU N\u00cb AN\u00cb T\u00cb MALIT\u201d, t\u00eb autorit Shaqir Ismaili, i cili , krahas profesionit t\u00eb imamit, n\u00eb vitet 70- t\u00eb","breadcrumb":{"@id":"https:\/\/www.visit-ulcinj.com\/blog\/2012\/01\/27\/dual-nga-shtypi-libri-bojku-ne-ane-te-malit-te-autorit-shaqir-ismaili\/#breadcrumb"},"inLanguage":"en-US","potentialAction":[{"@type":"ReadAction","target":["https:\/\/www.visit-ulcinj.com\/blog\/2012\/01\/27\/dual-nga-shtypi-libri-bojku-ne-ane-te-malit-te-autorit-shaqir-ismaili\/"]}]},{"@type":"BreadcrumbList","@id":"https:\/\/www.visit-ulcinj.com\/blog\/2012\/01\/27\/dual-nga-shtypi-libri-bojku-ne-ane-te-malit-te-autorit-shaqir-ismaili\/#breadcrumb","itemListElement":[{"@type":"ListItem","position":1,"name":"Dual nga shtypi Libri \u201cBOJKU N\u00cb AN\u00cb T\u00cb MALIT\u201d t\u00eb autorit Shaqir Ismaili"}]},{"@type":"Person","@id":"https:\/\/www.visit-ulcinj.com\/blog\/#\/schema\/person\/dcab619c614d3038751c63bc2aadc06d","name":"ulqini","sameAs":["http:\/\/www.visit-ulcinj.com"],"url":"https:\/\/www.visit-ulcinj.com\/blog\/author\/admin\/"}]}},"jetpack_featured_media_url":"","jetpack_sharing_enabled":true,"jetpack_shortlink":"https:\/\/wp.me\/pe6lTn-eFU","_links":{"self":[{"href":"https:\/\/www.visit-ulcinj.com\/blog\/wp-json\/wp\/v2\/posts\/56414"}],"collection":[{"href":"https:\/\/www.visit-ulcinj.com\/blog\/wp-json\/wp\/v2\/posts"}],"about":[{"href":"https:\/\/www.visit-ulcinj.com\/blog\/wp-json\/wp\/v2\/types\/post"}],"author":[{"embeddable":true,"href":"https:\/\/www.visit-ulcinj.com\/blog\/wp-json\/wp\/v2\/users\/1"}],"replies":[{"embeddable":true,"href":"https:\/\/www.visit-ulcinj.com\/blog\/wp-json\/wp\/v2\/comments?post=56414"}],"version-history":[{"count":3,"href":"https:\/\/www.visit-ulcinj.com\/blog\/wp-json\/wp\/v2\/posts\/56414\/revisions"}],"predecessor-version":[{"id":56417,"href":"https:\/\/www.visit-ulcinj.com\/blog\/wp-json\/wp\/v2\/posts\/56414\/revisions\/56417"}],"wp:attachment":[{"href":"https:\/\/www.visit-ulcinj.com\/blog\/wp-json\/wp\/v2\/media?parent=56414"}],"wp:term":[{"taxonomy":"category","embeddable":true,"href":"https:\/\/www.visit-ulcinj.com\/blog\/wp-json\/wp\/v2\/categories?post=56414"},{"taxonomy":"post_tag","embeddable":true,"href":"https:\/\/www.visit-ulcinj.com\/blog\/wp-json\/wp\/v2\/tags?post=56414"}],"curies":[{"name":"wp","href":"https:\/\/api.w.org\/{rel}","templated":true}]}}