{"id":5645,"date":"2008-11-07T16:53:24","date_gmt":"2008-11-07T21:53:24","guid":{"rendered":"http:\/\/www.visit-ulcinj.com\/blog\/?p=5645"},"modified":"2008-11-07T16:53:24","modified_gmt":"2008-11-07T21:53:24","slug":"fejohet-nora-istrefi-me-robertin","status":"publish","type":"post","link":"https:\/\/www.visit-ulcinj.com\/blog\/2008\/11\/07\/fejohet-nora-istrefi-me-robertin\/","title":{"rendered":"Fejohet Nora Istrefi me Robertin"},"content":{"rendered":"<p><a href=\"http:\/\/www.visit-ulcinj.com\/blog\/wp-content\/uploads\/2008\/11\/nora-istrefi-dhe-roberti.jpg\"><img loading=\"lazy\" class=\"size-medium wp-image-5646 alignleft\" title=\"nora-istrefi-dhe-roberti\" src=\"http:\/\/www.visit-ulcinj.com\/blog\/wp-content\/uploads\/2008\/11\/nora-istrefi-dhe-roberti.jpg\" alt=\"\" width=\"321\" height=\"213\" \/><\/a>Pas nj\u00eb kohe relativisht t\u00eb gjat\u00eb t\u00eb lidhjes s\u00eb\u00a0saj me Robertin, k\u00ebng\u00ebtarja Nora Istrefi duket se ka\u00a0vendosur q\u00eb lidhjen ta forcoj\u00eb duke b\u00ebr\u00eb nj\u00eb hap\u00a0para e duke shpallur fejes\u00ebn. Miqt\u00eb e Nor\u00ebs kan\u00eb\u00a0folur se data e fejes\u00ebs s\u00eb saj mund t\u00eb jet\u00eb 22 ose\u00a023 maji, por kjo nuk \u00ebsht\u00eb konfirmuar nga \u00e7ifti i\u00a0ri. Sipas k\u00ebtyre burimeve, Nora dhe Roberti kan\u00eb\u00a0vendosur q\u00eb rastin e fejes\u00ebs ta sh\u00ebnojn\u00eb me nj\u00eb\u00a0ceremoni, ku t\u00eb ftuar do t\u00eb jen\u00eb disa nga miqt\u00eb e\u00a0tyre m\u00eb t\u00eb af\u00ebrt. Duke marr\u00eb parasysh se \u00e7ifti ka\u00a0shum\u00eb njer\u00ebz me t\u00eb cil\u00ebt punojn\u00eb dhe ndajn\u00eb\u00a0koh\u00ebn m\u00eb t\u00eb madhe t\u00eb tyre, pritet q\u00eb ceremonia t\u00eb\u00a0mos jet\u00eb aq e vog\u00ebl sa p\u00ebr t\u00eb mos u v\u00ebn\u00eb\u00a0re.\u00a0Ata kan\u00eb zgjedhur nj\u00eb lokal t\u00eb\u00a0kryeqytetit ku do t\u00eb nd\u00ebrrojn\u00eb nishanet e fejes\u00ebs,\u00a0nd\u00ebrsa nuk dihet n\u00ebse do t\u00eb ket\u00eb ndonj\u00eb ceremoni\u00a0m\u00eb formale. Vet Nora nuk ka folur asnj\u00ebher\u00eb n\u00eb\u00a0publik p\u00ebr lidhjen e saj me Robertin, por nuk ka\u00a0mundur ta fshihte at\u00eb, derisa s\u00eb bashku shum\u00eb shpesh\u00a0kan\u00eb q\u00ebndruar n\u00eb lokalet m\u00eb t\u00eb frekuentuara t\u00eb\u00a0kryeqytetit. Sidoqoft\u00eb, ata ka koh\u00eb q\u00eb njihen, pasi\u00a0t\u00eb dy i takojn\u00eb t\u00eb nj\u00ebjtit profesion, derisa\u00a0Roberti luan n\u00eb organo (thon\u00eb se \u00ebsht\u00eb nj\u00eb\u00a0klaviaturist i mir\u00eb). Ai \u00ebsht\u00eb nj\u00ebri nga\u00a0bashk\u00ebpun\u00ebtor\u00ebt e ngusht\u00eb t\u00eb k\u00ebng\u00ebtarit Sinan\u00a0Vllasaliu, duke e shoq\u00ebruar at\u00eb gjithkund. Nga ana\u00a0tjet\u00ebr, Roberti njihet edhe si nj\u00eb zem\u00ebrthyes i\u00a0vajzave, p\u00ebr shkak t\u00eb sharmit dhe bukuris\u00eb q\u00eb ka.\u00a0Historia\u00a0N\u00eb intervistat e saj, kur i drejtohej\u00a0pyetja n\u00ebse \u00ebsht\u00eb e dashuruar dhe e lidhur me\u00a0ndok\u00ebnd, Nora p\u00ebrgjigjej se ishte sing\u00ebl dhe se do\u00a0t\u00eb donte t\u00eb q\u00ebndronte k\u00ebshtu p\u00ebr nj\u00eb far\u00eb kohe.\u00a0Por n\u00eb fakt nuk ishte e v\u00ebrtet\u00eb. \u201cBluetooth\u201d\u00a0arriti t\u00eb zbulonte muaj m\u00eb par\u00eb se kush ishte i\u00a0dashuri i Nora Istrefit. Robert Berisha, nj\u00eb djal\u00eb\u00a0nga Prishtina, i cili ashtu si edhe Nora merret me\u00a0muzik\u00eb. T\u00eb dy bashk\u00eb nis\u00ebn t\u00eb frekuentoheshin muaj\u00a0m\u00eb par\u00eb, n\u00eb kryeqytetin kosovar. Edhe pse Nora nuk\u00a0ka d\u00ebshiruar asnj\u00ebher\u00eb t\u00eb flas\u00eb p\u00ebr k\u00ebt\u00eb, ajo\u00a0nuk ka heziton q\u00eb me Robertin t\u00eb kaloj\u00eb \u00e7aste t\u00eb\u00a0bukura n\u00ebp\u00ebr lokalet n\u00eb qend\u00ebr t\u00eb Prishtin\u00ebs.\u00a0Nora Istrefi, m\u00eb sensuale se kurr\u00eb\u2026\u00a0Menj\u00ebher\u00eb sapo gjeti dhe t\u00eb dashurin e zemr\u00ebs,\u00a0pas nj\u00eb periudhe t\u00eb gjat\u00eb sing\u00ebl pas ndarjes me\u00a0Getoarin, Nora u shfaq m\u00eb sensuale se kurr\u00eb. Kjo u\u00a0duk m\u00eb s\u00eb shumti tek video e saj e re, \u201cMos m\u00eb\u00a0l\u00eb\u201d. Sapo doli, pjesa e par\u00eb e klipit u vu re q\u00eb\u00a0shoq\u00ebrohej nga imazhe jo t\u00eb zakonta nga \u00e7\u2019ka\u00a0realizuar Nora deri m\u00eb sot. T\u00eb ve\u00e7anta ishin\u00a0lishar\u00ebset ku tregohet se vajza \u00ebsht\u00eb v\u00ebrtet e\u00a0dashuruar. Gjat\u00eb gjith\u00eb k\u00ebng\u00ebs, vet\u00ebm n\u00eb rastet e\u00a0nd\u00ebrhyrjes s\u00eb l\u00ebkundjeve me lishar\u00ebse, k\u00ebng\u00ebtarja\u00a0kosovare k\u00ebndon n\u00ebn uj\u00eb dhe pas trupit t\u00eb saj, ku\u00a0duket vet\u00ebm pjesa e pasme e zhveshur, shihet qart\u00eb\u00a0tatuazhi ku \u00ebsht\u00eb shkruar titulli i k\u00ebng\u00ebs.\u00a0Kujtojm\u00eb q\u00eb p\u00ebr klipet e Nor\u00ebs nuk kujdeset vet\u00ebm\u00a0ajo, por edhe i fejuari i saj, Robert Berisha, i cili\u00a0nuk mund t\u00eb q\u00ebndroj\u00eb indiferent p\u00ebr dy arsye, s\u00eb\u00a0pari, sepse do maksimumin p\u00ebr t\u00eb fejuar\u00ebn e tij dhe\u00a0s\u00eb dyti, si\u00e7 tham\u00eb edhe m\u00eb lart, i p\u00ebrket t\u00eb\u00a0nj\u00ebjt\u00ebs fush\u00eb, asaj t\u00eb muzik\u00ebs.<\/p>\n<!--YouTube Error: bad URL entered-->\n","protected":false},"excerpt":{"rendered":"<p>Pas nj\u00eb kohe relativisht t\u00eb gjat\u00eb t\u00eb lidhjes s\u00eb\u00a0saj me Robertin, k\u00ebng\u00ebtarja Nora Istrefi duket se ka\u00a0vendosur q\u00eb lidhjen ta forcoj\u00eb duke b\u00ebr\u00eb nj\u00eb hap\u00a0para e duke shpallur fejes\u00ebn. Miqt\u00eb e Nor\u00ebs kan\u00eb\u00a0folur se data e fejes\u00ebs s\u00eb saj mund t\u00eb jet\u00eb 22 ose\u00a023 maji, por kjo nuk \u00ebsht\u00eb konfirmuar nga \u00e7ifti i\u00a0ri. Sipas k\u00ebtyre [&hellip;]<\/p>\n","protected":false},"author":1,"featured_media":0,"comment_status":"open","ping_status":"closed","sticky":false,"template":"","format":"standard","meta":{"spay_email":"","jetpack_publicize_message":"","jetpack_is_tweetstorm":false,"jetpack_publicize_feature_enabled":true},"categories":[1],"tags":[4965],"jetpack_publicize_connections":[],"yoast_head":"<!-- This site is optimized with the Yoast SEO plugin v19.1 - https:\/\/yoast.com\/wordpress\/plugins\/seo\/ -->\n<title>Fejohet Nora Istrefi me Robertin - Lajme nga Ulqini<\/title>\n<meta name=\"description\" content=\"Pas nj\u00eb kohe relativisht t\u00eb gjat\u00eb t\u00eb lidhjes s\u00eb\u00a0saj me Robertin, k\u00ebng\u00ebtarja Nora Istrefi duket se ka\u00a0vendosur q\u00eb lidhjen ta forcoj\u00eb duke b\u00ebr\u00eb nj\u00eb hap\u00a0para\" \/>\n<meta name=\"robots\" content=\"index, follow, max-snippet:-1, max-image-preview:large, max-video-preview:-1\" \/>\n<link rel=\"canonical\" href=\"https:\/\/www.visit-ulcinj.com\/blog\/2008\/11\/07\/fejohet-nora-istrefi-me-robertin\/\" \/>\n<meta property=\"og:locale\" content=\"en_US\" \/>\n<meta property=\"og:type\" content=\"article\" \/>\n<meta property=\"og:title\" content=\"Fejohet Nora Istrefi me Robertin - Lajme nga Ulqini\" \/>\n<meta property=\"og:description\" content=\"Pas nj\u00eb kohe relativisht t\u00eb gjat\u00eb t\u00eb lidhjes s\u00eb\u00a0saj me Robertin, k\u00ebng\u00ebtarja Nora Istrefi duket se ka\u00a0vendosur q\u00eb lidhjen ta forcoj\u00eb duke b\u00ebr\u00eb nj\u00eb hap\u00a0para\" \/>\n<meta property=\"og:url\" content=\"https:\/\/www.visit-ulcinj.com\/blog\/2008\/11\/07\/fejohet-nora-istrefi-me-robertin\/\" \/>\n<meta property=\"og:site_name\" content=\"Lajme nga Ulqini\" \/>\n<meta property=\"article:published_time\" content=\"2008-11-07T21:53:24+00:00\" \/>\n<meta property=\"og:image\" content=\"http:\/\/www.visit-ulcinj.com\/blog\/wp-content\/uploads\/2008\/11\/nora-istrefi-dhe-roberti.jpg\" \/>\n<meta name=\"twitter:label1\" content=\"Written by\" \/>\n\t<meta name=\"twitter:data1\" content=\"ulqini\" \/>\n\t<meta name=\"twitter:label2\" content=\"Est. reading time\" \/>\n\t<meta name=\"twitter:data2\" content=\"3 minutes\" \/>\n<script type=\"application\/ld+json\" class=\"yoast-schema-graph\">{\"@context\":\"https:\/\/schema.org\",\"@graph\":[{\"@type\":\"WebSite\",\"@id\":\"https:\/\/www.visit-ulcinj.com\/blog\/#website\",\"url\":\"https:\/\/www.visit-ulcinj.com\/blog\/\",\"name\":\"Lajme nga Ulqini\",\"description\":\"Lajme,Vijesti,Ulqini,Ulqin,Crna Gora,Mali i Zi\",\"potentialAction\":[{\"@type\":\"SearchAction\",\"target\":{\"@type\":\"EntryPoint\",\"urlTemplate\":\"https:\/\/www.visit-ulcinj.com\/blog\/?s={search_term_string}\"},\"query-input\":\"required name=search_term_string\"}],\"inLanguage\":\"en-US\"},{\"@type\":\"ImageObject\",\"inLanguage\":\"en-US\",\"@id\":\"https:\/\/www.visit-ulcinj.com\/blog\/2008\/11\/07\/fejohet-nora-istrefi-me-robertin\/#primaryimage\",\"url\":\"http:\/\/www.visit-ulcinj.com\/blog\/wp-content\/uploads\/2008\/11\/nora-istrefi-dhe-roberti.jpg\",\"contentUrl\":\"http:\/\/www.visit-ulcinj.com\/blog\/wp-content\/uploads\/2008\/11\/nora-istrefi-dhe-roberti.jpg\"},{\"@type\":\"WebPage\",\"@id\":\"https:\/\/www.visit-ulcinj.com\/blog\/2008\/11\/07\/fejohet-nora-istrefi-me-robertin\/#webpage\",\"url\":\"https:\/\/www.visit-ulcinj.com\/blog\/2008\/11\/07\/fejohet-nora-istrefi-me-robertin\/\",\"name\":\"Fejohet Nora Istrefi me Robertin - Lajme nga Ulqini\",\"isPartOf\":{\"@id\":\"https:\/\/www.visit-ulcinj.com\/blog\/#website\"},\"primaryImageOfPage\":{\"@id\":\"https:\/\/www.visit-ulcinj.com\/blog\/2008\/11\/07\/fejohet-nora-istrefi-me-robertin\/#primaryimage\"},\"datePublished\":\"2008-11-07T21:53:24+00:00\",\"dateModified\":\"2008-11-07T21:53:24+00:00\",\"author\":{\"@id\":\"https:\/\/www.visit-ulcinj.com\/blog\/#\/schema\/person\/dcab619c614d3038751c63bc2aadc06d\"},\"description\":\"Pas nj\u00eb kohe relativisht t\u00eb gjat\u00eb t\u00eb lidhjes s\u00eb\u00a0saj me Robertin, k\u00ebng\u00ebtarja Nora Istrefi duket se ka\u00a0vendosur q\u00eb lidhjen ta forcoj\u00eb duke b\u00ebr\u00eb nj\u00eb hap\u00a0para\",\"breadcrumb\":{\"@id\":\"https:\/\/www.visit-ulcinj.com\/blog\/2008\/11\/07\/fejohet-nora-istrefi-me-robertin\/#breadcrumb\"},\"inLanguage\":\"en-US\",\"potentialAction\":[{\"@type\":\"ReadAction\",\"target\":[\"https:\/\/www.visit-ulcinj.com\/blog\/2008\/11\/07\/fejohet-nora-istrefi-me-robertin\/\"]}]},{\"@type\":\"BreadcrumbList\",\"@id\":\"https:\/\/www.visit-ulcinj.com\/blog\/2008\/11\/07\/fejohet-nora-istrefi-me-robertin\/#breadcrumb\",\"itemListElement\":[{\"@type\":\"ListItem\",\"position\":1,\"name\":\"Fejohet Nora Istrefi me Robertin\"}]},{\"@type\":\"Person\",\"@id\":\"https:\/\/www.visit-ulcinj.com\/blog\/#\/schema\/person\/dcab619c614d3038751c63bc2aadc06d\",\"name\":\"ulqini\",\"sameAs\":[\"http:\/\/www.visit-ulcinj.com\"],\"url\":\"https:\/\/www.visit-ulcinj.com\/blog\/author\/admin\/\"}]}<\/script>\n<!-- \/ Yoast SEO plugin. -->","yoast_head_json":{"title":"Fejohet Nora Istrefi me Robertin - Lajme nga Ulqini","description":"Pas nj\u00eb kohe relativisht t\u00eb gjat\u00eb t\u00eb lidhjes s\u00eb\u00a0saj me Robertin, k\u00ebng\u00ebtarja Nora Istrefi duket se ka\u00a0vendosur q\u00eb lidhjen ta forcoj\u00eb duke b\u00ebr\u00eb nj\u00eb hap\u00a0para","robots":{"index":"index","follow":"follow","max-snippet":"max-snippet:-1","max-image-preview":"max-image-preview:large","max-video-preview":"max-video-preview:-1"},"canonical":"https:\/\/www.visit-ulcinj.com\/blog\/2008\/11\/07\/fejohet-nora-istrefi-me-robertin\/","og_locale":"en_US","og_type":"article","og_title":"Fejohet Nora Istrefi me Robertin - Lajme nga Ulqini","og_description":"Pas nj\u00eb kohe relativisht t\u00eb gjat\u00eb t\u00eb lidhjes s\u00eb\u00a0saj me Robertin, k\u00ebng\u00ebtarja Nora Istrefi duket se ka\u00a0vendosur q\u00eb lidhjen ta forcoj\u00eb duke b\u00ebr\u00eb nj\u00eb hap\u00a0para","og_url":"https:\/\/www.visit-ulcinj.com\/blog\/2008\/11\/07\/fejohet-nora-istrefi-me-robertin\/","og_site_name":"Lajme nga Ulqini","article_published_time":"2008-11-07T21:53:24+00:00","og_image":[{"url":"http:\/\/www.visit-ulcinj.com\/blog\/wp-content\/uploads\/2008\/11\/nora-istrefi-dhe-roberti.jpg"}],"twitter_misc":{"Written by":"ulqini","Est. reading time":"3 minutes"},"schema":{"@context":"https:\/\/schema.org","@graph":[{"@type":"WebSite","@id":"https:\/\/www.visit-ulcinj.com\/blog\/#website","url":"https:\/\/www.visit-ulcinj.com\/blog\/","name":"Lajme nga Ulqini","description":"Lajme,Vijesti,Ulqini,Ulqin,Crna Gora,Mali i Zi","potentialAction":[{"@type":"SearchAction","target":{"@type":"EntryPoint","urlTemplate":"https:\/\/www.visit-ulcinj.com\/blog\/?s={search_term_string}"},"query-input":"required name=search_term_string"}],"inLanguage":"en-US"},{"@type":"ImageObject","inLanguage":"en-US","@id":"https:\/\/www.visit-ulcinj.com\/blog\/2008\/11\/07\/fejohet-nora-istrefi-me-robertin\/#primaryimage","url":"http:\/\/www.visit-ulcinj.com\/blog\/wp-content\/uploads\/2008\/11\/nora-istrefi-dhe-roberti.jpg","contentUrl":"http:\/\/www.visit-ulcinj.com\/blog\/wp-content\/uploads\/2008\/11\/nora-istrefi-dhe-roberti.jpg"},{"@type":"WebPage","@id":"https:\/\/www.visit-ulcinj.com\/blog\/2008\/11\/07\/fejohet-nora-istrefi-me-robertin\/#webpage","url":"https:\/\/www.visit-ulcinj.com\/blog\/2008\/11\/07\/fejohet-nora-istrefi-me-robertin\/","name":"Fejohet Nora Istrefi me Robertin - Lajme nga Ulqini","isPartOf":{"@id":"https:\/\/www.visit-ulcinj.com\/blog\/#website"},"primaryImageOfPage":{"@id":"https:\/\/www.visit-ulcinj.com\/blog\/2008\/11\/07\/fejohet-nora-istrefi-me-robertin\/#primaryimage"},"datePublished":"2008-11-07T21:53:24+00:00","dateModified":"2008-11-07T21:53:24+00:00","author":{"@id":"https:\/\/www.visit-ulcinj.com\/blog\/#\/schema\/person\/dcab619c614d3038751c63bc2aadc06d"},"description":"Pas nj\u00eb kohe relativisht t\u00eb gjat\u00eb t\u00eb lidhjes s\u00eb\u00a0saj me Robertin, k\u00ebng\u00ebtarja Nora Istrefi duket se ka\u00a0vendosur q\u00eb lidhjen ta forcoj\u00eb duke b\u00ebr\u00eb nj\u00eb hap\u00a0para","breadcrumb":{"@id":"https:\/\/www.visit-ulcinj.com\/blog\/2008\/11\/07\/fejohet-nora-istrefi-me-robertin\/#breadcrumb"},"inLanguage":"en-US","potentialAction":[{"@type":"ReadAction","target":["https:\/\/www.visit-ulcinj.com\/blog\/2008\/11\/07\/fejohet-nora-istrefi-me-robertin\/"]}]},{"@type":"BreadcrumbList","@id":"https:\/\/www.visit-ulcinj.com\/blog\/2008\/11\/07\/fejohet-nora-istrefi-me-robertin\/#breadcrumb","itemListElement":[{"@type":"ListItem","position":1,"name":"Fejohet Nora Istrefi me Robertin"}]},{"@type":"Person","@id":"https:\/\/www.visit-ulcinj.com\/blog\/#\/schema\/person\/dcab619c614d3038751c63bc2aadc06d","name":"ulqini","sameAs":["http:\/\/www.visit-ulcinj.com"],"url":"https:\/\/www.visit-ulcinj.com\/blog\/author\/admin\/"}]}},"jetpack_featured_media_url":"","jetpack_sharing_enabled":true,"jetpack_shortlink":"https:\/\/wp.me\/pe6lTn-1t3","_links":{"self":[{"href":"https:\/\/www.visit-ulcinj.com\/blog\/wp-json\/wp\/v2\/posts\/5645"}],"collection":[{"href":"https:\/\/www.visit-ulcinj.com\/blog\/wp-json\/wp\/v2\/posts"}],"about":[{"href":"https:\/\/www.visit-ulcinj.com\/blog\/wp-json\/wp\/v2\/types\/post"}],"author":[{"embeddable":true,"href":"https:\/\/www.visit-ulcinj.com\/blog\/wp-json\/wp\/v2\/users\/1"}],"replies":[{"embeddable":true,"href":"https:\/\/www.visit-ulcinj.com\/blog\/wp-json\/wp\/v2\/comments?post=5645"}],"version-history":[{"count":0,"href":"https:\/\/www.visit-ulcinj.com\/blog\/wp-json\/wp\/v2\/posts\/5645\/revisions"}],"wp:attachment":[{"href":"https:\/\/www.visit-ulcinj.com\/blog\/wp-json\/wp\/v2\/media?parent=5645"}],"wp:term":[{"taxonomy":"category","embeddable":true,"href":"https:\/\/www.visit-ulcinj.com\/blog\/wp-json\/wp\/v2\/categories?post=5645"},{"taxonomy":"post_tag","embeddable":true,"href":"https:\/\/www.visit-ulcinj.com\/blog\/wp-json\/wp\/v2\/tags?post=5645"}],"curies":[{"name":"wp","href":"https:\/\/api.w.org\/{rel}","templated":true}]}}