{"id":56465,"date":"2012-01-28T18:36:54","date_gmt":"2012-01-28T17:36:54","guid":{"rendered":"http:\/\/www.visit-ulcinj.com\/blog\/?p=56465"},"modified":"2012-01-28T18:37:56","modified_gmt":"2012-01-28T17:37:56","slug":"dafina-dhe-ledri-i-kalojne-pushimet-se-bashku-ne-boge","status":"publish","type":"post","link":"https:\/\/www.visit-ulcinj.com\/blog\/2012\/01\/28\/dafina-dhe-ledri-i-kalojne-pushimet-se-bashku-ne-boge\/","title":{"rendered":"Dafina dhe Ledri i kalojn\u00eb pushimet s\u00eb bashku n\u00eb Bog\u00eb"},"content":{"rendered":"<p><a href=\"http:\/\/www.visit-ulcinj.com\/blog\/wp-content\/uploads\/2012\/01\/dafina-ledri.jpg\"><img loading=\"lazy\" class=\"alignleft  wp-image-56466\" title=\"dafina-ledri\" src=\"http:\/\/www.visit-ulcinj.com\/blog\/wp-content\/uploads\/2012\/01\/dafina-ledri.jpg\" alt=\"\" width=\"340\" height=\"360\" \/><\/a>K\u00ebng\u00ebtarja e mir\u00ebnjohur, Dafina Zeqiri dhe an\u00ebtari i grupit Skillz, Ledri Vula, kan\u00eb kaluar disa dit\u00eb pushimi s\u00eb bashku n\u00eb bjeshk\u00ebt e Rugov\u00ebs.<br \/>\nSipas disa burimeve t\u00eb af\u00ebrta me k\u00ebng\u00ebtar\u00ebt, ata tanim\u00eb jan\u00eb n\u00eb nj\u00eb lidhje.<br \/>\nNj\u00eb foto q\u00eb \u00ebsht\u00eb publikuar s\u00eb fundmi n\u00eb internet, ku ata jan\u00eb fotografuar me t\u00eb nj\u00ebjt\u00ebn foshnje n\u00eb krah, konfirmon t\u00eb gjitha z\u00ebrat q\u00eb jan\u00eb b\u00ebr\u00eb deri m\u00eb tani p\u00ebr nj\u00eb lidhje t\u00eb mundshme n\u00eb mes tyre.<br \/>\nPor ata nuk kan\u00eb qen\u00eb vet\u00ebm, sipas burimeve, s\u00eb bashku me ta ka qen\u00eb edhe familja e Ledrit, duke l\u00ebn\u00eb t\u00eb kuptohet q\u00eb lidhja e tyre \u00ebsht\u00eb marr\u00eb shum\u00eb seriozisht nga ta.<br \/>\n<strong>Vipat.info<\/strong><\/p>\n<!--YouTube Error: bad URL entered-->\n","protected":false},"excerpt":{"rendered":"<p>K\u00ebng\u00ebtarja e mir\u00ebnjohur, Dafina Zeqiri dhe an\u00ebtari i grupit Skillz, Ledri Vula, kan\u00eb kaluar disa dit\u00eb pushimi s\u00eb bashku n\u00eb bjeshk\u00ebt e Rugov\u00ebs. Sipas disa burimeve t\u00eb af\u00ebrta me k\u00ebng\u00ebtar\u00ebt, ata tanim\u00eb jan\u00eb n\u00eb nj\u00eb lidhje. Nj\u00eb foto q\u00eb \u00ebsht\u00eb publikuar s\u00eb fundmi n\u00eb internet, ku ata jan\u00eb fotografuar me t\u00eb nj\u00ebjt\u00ebn foshnje n\u00eb krah, [&hellip;]<\/p>\n","protected":false},"author":1,"featured_media":0,"comment_status":"open","ping_status":"closed","sticky":false,"template":"","format":"standard","meta":{"spay_email":"","jetpack_publicize_message":"","jetpack_is_tweetstorm":false,"jetpack_publicize_feature_enabled":true},"categories":[1],"tags":[19677,4926,19806,16036,19514,9004,19511,19513,6693,4684,19460],"jetpack_publicize_connections":[],"yoast_head":"<!-- This site is optimized with the Yoast SEO plugin v19.1 - https:\/\/yoast.com\/wordpress\/plugins\/seo\/ -->\n<title>Dafina dhe Ledri i kalojn\u00eb pushimet s\u00eb bashku n\u00eb Bog\u00eb - Lajme nga Ulqini<\/title>\n<meta name=\"description\" content=\"K\u00ebng\u00ebtarja e mir\u00ebnjohur, Dafina Zeqiri dhe an\u00ebtari i grupit Skillz, Ledri Vula, kan\u00eb kaluar disa dit\u00eb pushimi s\u00eb bashku n\u00eb bjeshk\u00ebt e Rugov\u00ebs. Sipas disa\" \/>\n<meta name=\"robots\" content=\"index, follow, max-snippet:-1, max-image-preview:large, max-video-preview:-1\" \/>\n<link rel=\"canonical\" href=\"https:\/\/www.visit-ulcinj.com\/blog\/2012\/01\/28\/dafina-dhe-ledri-i-kalojne-pushimet-se-bashku-ne-boge\/\" \/>\n<meta property=\"og:locale\" content=\"en_US\" \/>\n<meta property=\"og:type\" content=\"article\" \/>\n<meta property=\"og:title\" content=\"Dafina dhe Ledri i kalojn\u00eb pushimet s\u00eb bashku n\u00eb Bog\u00eb - Lajme nga Ulqini\" \/>\n<meta property=\"og:description\" content=\"K\u00ebng\u00ebtarja e mir\u00ebnjohur, Dafina Zeqiri dhe an\u00ebtari i grupit Skillz, Ledri Vula, kan\u00eb kaluar disa dit\u00eb pushimi s\u00eb bashku n\u00eb bjeshk\u00ebt e Rugov\u00ebs. Sipas disa\" \/>\n<meta property=\"og:url\" content=\"https:\/\/www.visit-ulcinj.com\/blog\/2012\/01\/28\/dafina-dhe-ledri-i-kalojne-pushimet-se-bashku-ne-boge\/\" \/>\n<meta property=\"og:site_name\" content=\"Lajme nga Ulqini\" \/>\n<meta property=\"article:published_time\" content=\"2012-01-28T17:36:54+00:00\" \/>\n<meta property=\"article:modified_time\" content=\"2012-01-28T17:37:56+00:00\" \/>\n<meta property=\"og:image\" content=\"http:\/\/www.visit-ulcinj.com\/blog\/wp-content\/uploads\/2012\/01\/dafina-ledri.jpg\" \/>\n<meta name=\"twitter:label1\" content=\"Written by\" \/>\n\t<meta name=\"twitter:data1\" content=\"ulqini\" \/>\n\t<meta name=\"twitter:label2\" content=\"Est. reading time\" \/>\n\t<meta name=\"twitter:data2\" content=\"1 minute\" \/>\n<script type=\"application\/ld+json\" class=\"yoast-schema-graph\">{\"@context\":\"https:\/\/schema.org\",\"@graph\":[{\"@type\":\"WebSite\",\"@id\":\"https:\/\/www.visit-ulcinj.com\/blog\/#website\",\"url\":\"https:\/\/www.visit-ulcinj.com\/blog\/\",\"name\":\"Lajme nga Ulqini\",\"description\":\"Lajme,Vijesti,Ulqini,Ulqin,Crna Gora,Mali i Zi\",\"potentialAction\":[{\"@type\":\"SearchAction\",\"target\":{\"@type\":\"EntryPoint\",\"urlTemplate\":\"https:\/\/www.visit-ulcinj.com\/blog\/?s={search_term_string}\"},\"query-input\":\"required name=search_term_string\"}],\"inLanguage\":\"en-US\"},{\"@type\":\"ImageObject\",\"inLanguage\":\"en-US\",\"@id\":\"https:\/\/www.visit-ulcinj.com\/blog\/2012\/01\/28\/dafina-dhe-ledri-i-kalojne-pushimet-se-bashku-ne-boge\/#primaryimage\",\"url\":\"http:\/\/www.visit-ulcinj.com\/blog\/wp-content\/uploads\/2012\/01\/dafina-ledri.jpg\",\"contentUrl\":\"http:\/\/www.visit-ulcinj.com\/blog\/wp-content\/uploads\/2012\/01\/dafina-ledri.jpg\"},{\"@type\":\"WebPage\",\"@id\":\"https:\/\/www.visit-ulcinj.com\/blog\/2012\/01\/28\/dafina-dhe-ledri-i-kalojne-pushimet-se-bashku-ne-boge\/#webpage\",\"url\":\"https:\/\/www.visit-ulcinj.com\/blog\/2012\/01\/28\/dafina-dhe-ledri-i-kalojne-pushimet-se-bashku-ne-boge\/\",\"name\":\"Dafina dhe Ledri i kalojn\u00eb pushimet s\u00eb bashku n\u00eb Bog\u00eb - Lajme nga Ulqini\",\"isPartOf\":{\"@id\":\"https:\/\/www.visit-ulcinj.com\/blog\/#website\"},\"primaryImageOfPage\":{\"@id\":\"https:\/\/www.visit-ulcinj.com\/blog\/2012\/01\/28\/dafina-dhe-ledri-i-kalojne-pushimet-se-bashku-ne-boge\/#primaryimage\"},\"datePublished\":\"2012-01-28T17:36:54+00:00\",\"dateModified\":\"2012-01-28T17:37:56+00:00\",\"author\":{\"@id\":\"https:\/\/www.visit-ulcinj.com\/blog\/#\/schema\/person\/dcab619c614d3038751c63bc2aadc06d\"},\"description\":\"K\u00ebng\u00ebtarja e mir\u00ebnjohur, Dafina Zeqiri dhe an\u00ebtari i grupit Skillz, Ledri Vula, kan\u00eb kaluar disa dit\u00eb pushimi s\u00eb bashku n\u00eb bjeshk\u00ebt e Rugov\u00ebs. Sipas disa\",\"breadcrumb\":{\"@id\":\"https:\/\/www.visit-ulcinj.com\/blog\/2012\/01\/28\/dafina-dhe-ledri-i-kalojne-pushimet-se-bashku-ne-boge\/#breadcrumb\"},\"inLanguage\":\"en-US\",\"potentialAction\":[{\"@type\":\"ReadAction\",\"target\":[\"https:\/\/www.visit-ulcinj.com\/blog\/2012\/01\/28\/dafina-dhe-ledri-i-kalojne-pushimet-se-bashku-ne-boge\/\"]}]},{\"@type\":\"BreadcrumbList\",\"@id\":\"https:\/\/www.visit-ulcinj.com\/blog\/2012\/01\/28\/dafina-dhe-ledri-i-kalojne-pushimet-se-bashku-ne-boge\/#breadcrumb\",\"itemListElement\":[{\"@type\":\"ListItem\",\"position\":1,\"name\":\"Dafina dhe Ledri i kalojn\u00eb pushimet s\u00eb bashku n\u00eb Bog\u00eb\"}]},{\"@type\":\"Person\",\"@id\":\"https:\/\/www.visit-ulcinj.com\/blog\/#\/schema\/person\/dcab619c614d3038751c63bc2aadc06d\",\"name\":\"ulqini\",\"sameAs\":[\"http:\/\/www.visit-ulcinj.com\"],\"url\":\"https:\/\/www.visit-ulcinj.com\/blog\/author\/admin\/\"}]}<\/script>\n<!-- \/ Yoast SEO plugin. -->","yoast_head_json":{"title":"Dafina dhe Ledri i kalojn\u00eb pushimet s\u00eb bashku n\u00eb Bog\u00eb - Lajme nga Ulqini","description":"K\u00ebng\u00ebtarja e mir\u00ebnjohur, Dafina Zeqiri dhe an\u00ebtari i grupit Skillz, Ledri Vula, kan\u00eb kaluar disa dit\u00eb pushimi s\u00eb bashku n\u00eb bjeshk\u00ebt e Rugov\u00ebs. Sipas disa","robots":{"index":"index","follow":"follow","max-snippet":"max-snippet:-1","max-image-preview":"max-image-preview:large","max-video-preview":"max-video-preview:-1"},"canonical":"https:\/\/www.visit-ulcinj.com\/blog\/2012\/01\/28\/dafina-dhe-ledri-i-kalojne-pushimet-se-bashku-ne-boge\/","og_locale":"en_US","og_type":"article","og_title":"Dafina dhe Ledri i kalojn\u00eb pushimet s\u00eb bashku n\u00eb Bog\u00eb - Lajme nga Ulqini","og_description":"K\u00ebng\u00ebtarja e mir\u00ebnjohur, Dafina Zeqiri dhe an\u00ebtari i grupit Skillz, Ledri Vula, kan\u00eb kaluar disa dit\u00eb pushimi s\u00eb bashku n\u00eb bjeshk\u00ebt e Rugov\u00ebs. Sipas disa","og_url":"https:\/\/www.visit-ulcinj.com\/blog\/2012\/01\/28\/dafina-dhe-ledri-i-kalojne-pushimet-se-bashku-ne-boge\/","og_site_name":"Lajme nga Ulqini","article_published_time":"2012-01-28T17:36:54+00:00","article_modified_time":"2012-01-28T17:37:56+00:00","og_image":[{"url":"http:\/\/www.visit-ulcinj.com\/blog\/wp-content\/uploads\/2012\/01\/dafina-ledri.jpg"}],"twitter_misc":{"Written by":"ulqini","Est. reading time":"1 minute"},"schema":{"@context":"https:\/\/schema.org","@graph":[{"@type":"WebSite","@id":"https:\/\/www.visit-ulcinj.com\/blog\/#website","url":"https:\/\/www.visit-ulcinj.com\/blog\/","name":"Lajme nga Ulqini","description":"Lajme,Vijesti,Ulqini,Ulqin,Crna Gora,Mali i Zi","potentialAction":[{"@type":"SearchAction","target":{"@type":"EntryPoint","urlTemplate":"https:\/\/www.visit-ulcinj.com\/blog\/?s={search_term_string}"},"query-input":"required name=search_term_string"}],"inLanguage":"en-US"},{"@type":"ImageObject","inLanguage":"en-US","@id":"https:\/\/www.visit-ulcinj.com\/blog\/2012\/01\/28\/dafina-dhe-ledri-i-kalojne-pushimet-se-bashku-ne-boge\/#primaryimage","url":"http:\/\/www.visit-ulcinj.com\/blog\/wp-content\/uploads\/2012\/01\/dafina-ledri.jpg","contentUrl":"http:\/\/www.visit-ulcinj.com\/blog\/wp-content\/uploads\/2012\/01\/dafina-ledri.jpg"},{"@type":"WebPage","@id":"https:\/\/www.visit-ulcinj.com\/blog\/2012\/01\/28\/dafina-dhe-ledri-i-kalojne-pushimet-se-bashku-ne-boge\/#webpage","url":"https:\/\/www.visit-ulcinj.com\/blog\/2012\/01\/28\/dafina-dhe-ledri-i-kalojne-pushimet-se-bashku-ne-boge\/","name":"Dafina dhe Ledri i kalojn\u00eb pushimet s\u00eb bashku n\u00eb Bog\u00eb - Lajme nga Ulqini","isPartOf":{"@id":"https:\/\/www.visit-ulcinj.com\/blog\/#website"},"primaryImageOfPage":{"@id":"https:\/\/www.visit-ulcinj.com\/blog\/2012\/01\/28\/dafina-dhe-ledri-i-kalojne-pushimet-se-bashku-ne-boge\/#primaryimage"},"datePublished":"2012-01-28T17:36:54+00:00","dateModified":"2012-01-28T17:37:56+00:00","author":{"@id":"https:\/\/www.visit-ulcinj.com\/blog\/#\/schema\/person\/dcab619c614d3038751c63bc2aadc06d"},"description":"K\u00ebng\u00ebtarja e mir\u00ebnjohur, Dafina Zeqiri dhe an\u00ebtari i grupit Skillz, Ledri Vula, kan\u00eb kaluar disa dit\u00eb pushimi s\u00eb bashku n\u00eb bjeshk\u00ebt e Rugov\u00ebs. Sipas disa","breadcrumb":{"@id":"https:\/\/www.visit-ulcinj.com\/blog\/2012\/01\/28\/dafina-dhe-ledri-i-kalojne-pushimet-se-bashku-ne-boge\/#breadcrumb"},"inLanguage":"en-US","potentialAction":[{"@type":"ReadAction","target":["https:\/\/www.visit-ulcinj.com\/blog\/2012\/01\/28\/dafina-dhe-ledri-i-kalojne-pushimet-se-bashku-ne-boge\/"]}]},{"@type":"BreadcrumbList","@id":"https:\/\/www.visit-ulcinj.com\/blog\/2012\/01\/28\/dafina-dhe-ledri-i-kalojne-pushimet-se-bashku-ne-boge\/#breadcrumb","itemListElement":[{"@type":"ListItem","position":1,"name":"Dafina dhe Ledri i kalojn\u00eb pushimet s\u00eb bashku n\u00eb Bog\u00eb"}]},{"@type":"Person","@id":"https:\/\/www.visit-ulcinj.com\/blog\/#\/schema\/person\/dcab619c614d3038751c63bc2aadc06d","name":"ulqini","sameAs":["http:\/\/www.visit-ulcinj.com"],"url":"https:\/\/www.visit-ulcinj.com\/blog\/author\/admin\/"}]}},"jetpack_featured_media_url":"","jetpack_sharing_enabled":true,"jetpack_shortlink":"https:\/\/wp.me\/pe6lTn-eGJ","_links":{"self":[{"href":"https:\/\/www.visit-ulcinj.com\/blog\/wp-json\/wp\/v2\/posts\/56465"}],"collection":[{"href":"https:\/\/www.visit-ulcinj.com\/blog\/wp-json\/wp\/v2\/posts"}],"about":[{"href":"https:\/\/www.visit-ulcinj.com\/blog\/wp-json\/wp\/v2\/types\/post"}],"author":[{"embeddable":true,"href":"https:\/\/www.visit-ulcinj.com\/blog\/wp-json\/wp\/v2\/users\/1"}],"replies":[{"embeddable":true,"href":"https:\/\/www.visit-ulcinj.com\/blog\/wp-json\/wp\/v2\/comments?post=56465"}],"version-history":[{"count":2,"href":"https:\/\/www.visit-ulcinj.com\/blog\/wp-json\/wp\/v2\/posts\/56465\/revisions"}],"predecessor-version":[{"id":56468,"href":"https:\/\/www.visit-ulcinj.com\/blog\/wp-json\/wp\/v2\/posts\/56465\/revisions\/56468"}],"wp:attachment":[{"href":"https:\/\/www.visit-ulcinj.com\/blog\/wp-json\/wp\/v2\/media?parent=56465"}],"wp:term":[{"taxonomy":"category","embeddable":true,"href":"https:\/\/www.visit-ulcinj.com\/blog\/wp-json\/wp\/v2\/categories?post=56465"},{"taxonomy":"post_tag","embeddable":true,"href":"https:\/\/www.visit-ulcinj.com\/blog\/wp-json\/wp\/v2\/tags?post=56465"}],"curies":[{"name":"wp","href":"https:\/\/api.w.org\/{rel}","templated":true}]}}