{"id":56472,"date":"2012-01-28T19:40:56","date_gmt":"2012-01-28T18:40:56","guid":{"rendered":"http:\/\/www.visit-ulcinj.com\/blog\/?p=56472"},"modified":"2012-01-28T19:50:27","modified_gmt":"2012-01-28T18:50:27","slug":"adelina-ismajli-eksplozivin-ne-koncert-ma-vuri-kengetarja-e-lidhur-me-politiken","status":"publish","type":"post","link":"https:\/\/www.visit-ulcinj.com\/blog\/2012\/01\/28\/adelina-ismajli-eksplozivin-ne-koncert-ma-vuri-kengetarja-e-lidhur-me-politiken\/","title":{"rendered":"Adelina Ismajli: Eksplozivin n\u00eb koncert ma vuri k\u00ebng\u00ebtarja e lidhur me politik\u00ebn &#8211; Video"},"content":{"rendered":"<p><a href=\"http:\/\/www.visit-ulcinj.com\/blog\/wp-content\/uploads\/2012\/01\/RUBIKON-PA-KRAVAT\u00cb_ADELINA-ISMAILI.jpg\"><img loading=\"lazy\" class=\"alignleft  wp-image-56473\" title=\"RUBIKON PA KRAVAT\u00cb_ADELINA ISMAILI\" src=\"http:\/\/www.visit-ulcinj.com\/blog\/wp-content\/uploads\/2012\/01\/RUBIKON-PA-KRAVAT\u00cb_ADELINA-ISMAILI.jpg\" alt=\"\" width=\"508\" height=\"380\" \/><\/a>Ka preferuar q\u00eb t\u00eb flas\u00eb hapur dhe pa asnj\u00eb ekuivok n\u00eb nj\u00eb program televiziv n\u00eb Kosov\u00eb, duke pohuar me goj\u00ebn e saj disa t\u00eb v\u00ebrteta trondit\u00ebse. Adelina Ismajli \u00ebsht\u00eb k\u00ebng\u00ebtarja p\u00ebr t\u00eb cil\u00ebn flitet gjithmon\u00eb, edhe kur nuk sjell di\u00e7ka t\u00eb re n\u00eb muzik\u00eb. Madje, lajmet jasht\u00eb muzik\u00ebs mbi t\u00eb shpesh kan\u00eb qen\u00eb edhe m\u00eb atraktive. Ja \u00e7far\u00eb deklaron ajo n\u00eb k\u00ebt\u00eb emision.<strong><\/strong><\/p>\n<p><strong>Ti je nj\u00eb rugoviste e deklaruar, pse ke qen\u00eb kaq e zjarrt\u00eb n\u00eb k\u00ebt\u00eb aspekt?<\/strong><br \/>\nKam m\u00ebsuar shum\u00eb nga Ibrahim Rugova, por vet\u00ebm di\u00e7ka nuk e m\u00ebsova dot prej tij,\u00a0 gjuh\u00ebn e paqes. Kam folur shpesh n\u00eb m\u00ebnyr\u00eb primitive p\u00ebr t\u2019u kuptuar. Gjuha e dhun\u00ebs \u00ebsht\u00eb e p\u00ebrdorur m\u00eb s\u00eb shumti te ne. N\u00ebse dikush nuk di vet\u00ebm k\u00ebt\u00eb gjuh\u00eb, un\u00eb nuk mund t\u00eb kaloj gjith\u00eb jet\u00ebn time duke i shpjeguar atij q\u00eb ti nuk e ke mir\u00eb. Prandaj, e kam shprehur edhe n\u00eb k\u00ebng\u00eb se un\u00eb si rugoviste di me kthy faqen tjet\u00ebr, k\u00ebshtu q\u00eb mos\u00a0 m\u00eb detyroni. Faktikisht m\u00eb kan\u00eb detyruar.<br \/>\n<strong>Kaq e apasionuar mbas LDK-s\u00eb, a do t\u00eb p\u00ebrfshihesh n\u00eb politik\u00eb?<\/strong><br \/>\nNuk mendoj se do futem ndonj\u00ebher\u00eb n\u00eb politik\u00eb, LDK m\u00eb ka t\u00ebrhequr thjesht si ideologji. Politika \u00ebsht\u00eb lavirja m\u00eb e madhe dhe gjithmon\u00eb kthehet kund\u00ebr atij q\u00eb \u00ebsht\u00eb lart. Jemi d\u00ebshmitar\u00eb se \u00e7far\u00eb po ndodh koh\u00ebve t\u00eb fundit, njer\u00ebz q\u00eb kemi menduar se jan\u00eb t\u00eb pal\u00ebkundur, po l\u00ebkunden dhe shum\u00eb shpejt.<br \/>\n<strong>P\u00ebr gjuh\u00ebn t\u00ebnde t\u00eb drejtp\u00ebrdrejt\u00eb ti ke paguar edhe nj\u00eb far\u00eb kostoje, madje ke pasur edhe alarme p\u00ebr bomba n\u00eb koncert\u00ebt e tua. Na trego di\u00e7ka m\u00eb shum\u00eb.<\/strong><br \/>\nMund t\u00eb them se ato kan\u00eb qen\u00eb gj\u00ebja m\u00eb e vog\u00ebl q\u00eb m\u00eb ka ndodhur. Dhe ka pasur tri arsye: e para se un\u00eb dola hapur dhe me nj\u00eb far\u00eb agresiviteti duke th\u00ebn\u00eb se jam rugoviane, e dyta se popullariteti im u rrit aq shum\u00eb, sa edhe un\u00eb vet\u00eb nuk po e p\u00ebrballoja dot; Dhe e treta, n\u00ebse shkruan n\u00eb nj\u00eb titull gazete q\u00eb Adelin\u00ebs iu vu bomb\u00eb n\u00eb koncert, askush nuk do lexoj\u00eb n\u00eb at\u00eb gazet\u00eb se shteti ka vjedhur 70 milion\u00eb euro tender, pra t\u00ebrhiqet vemendja nga problemet e v\u00ebrteta. Dhe ky nuk \u00ebsht\u00eb mendimi im, por ma kan\u00eb th\u00ebn\u00eb njer\u00ebz q\u00eb merren me mediat. Pra, mediat m\u00eb kan\u00eb p\u00ebrdorur p\u00ebr t\u00eb mbuluar lajme t\u00eb tjera. T\u00eb jesh fem\u00ebr e fuqishme n\u00eb Kosov\u00eb \u00ebsht\u00eb e pakonceptueshme, nuk mund t\u00eb jesh edhe e talentuar, edhe e bukur, edhe e men\u00e7ur, prandaj duhen shpikur teori konspirative. N\u00ebse kam pasur presione prej politikan\u00ebve, at\u00ebher\u00eb kam patur trefish prej koleg\u00ebve, t\u00eb cil\u00ebt kan\u00eb shfryt\u00ebzuar rastin. M\u00eb pas, k\u00ebto presione jan\u00eb nd\u00ebrthurur me nj\u00ebri-tjetrin, sa edhe sot nuk jam e qart\u00eb se si ka funksionuar.<br \/>\n<strong>Na rr\u00ebfe nj\u00eb rast.<\/strong><br \/>\nPo shkoja n\u00eb nj\u00eb koncert rreth pes\u00eb vite m\u00eb par\u00eb dhe m\u00eb erdhi nj\u00eb SMS nga nj\u00eb num\u00ebr i verifikuesh\u00ebm, m\u00eb tha mos shko se do p\u00ebndohesh. M\u00eb pas kur e verifikuam, ishte numri i nj\u00eb k\u00ebng\u00ebtareje e lidhur me pushtetin. Dhe ne gjet\u00ebm m\u00eb pas t\u00eb vendosur eksploziv tek vendi i koncertit. Nuk m\u00eb ka p\u00eblqyer t\u00eb flas p\u00ebr k\u00ebto gj\u00ebra q\u00eb t\u00eb mos b\u00ebj viktim\u00ebn, por ka shum\u00eb si k\u00ebto raste. Jam e bindur se gjith\u00e7ka do dal\u00eb, madje kan\u00eb filluar t\u00eb dalin. I keni dhe n\u00eb youtube se kush ka qen\u00eb dashnore e kujt, kur jam akuzuar un\u00eb, po hapen dosjet, k\u00ebshtu q\u00eb tani marr guxim t\u00eb flas se gj\u00ebrat po dalin. Por mund t\u00eb them se gjithkush n\u00eb rastin tim do ishte dor\u00ebzuar. Un\u00eb, fal\u00eb Zotit, nuk e kam b\u00ebr\u00eb. Kam edhe fatin e madh q\u00eb Vali i merr me sportivitet t\u00eb gjitha k\u00ebto situata dhe kjo m\u00eb ka ndihmuar shum\u00eb.<\/p>\n<p><strong>PanoramaPlus<\/strong><br \/>\n<!--YouTube Error: bad URL entered--><\/p>\n","protected":false},"excerpt":{"rendered":"<p>Ka preferuar q\u00eb t\u00eb flas\u00eb hapur dhe pa asnj\u00eb ekuivok n\u00eb nj\u00eb program televiziv n\u00eb Kosov\u00eb, duke pohuar me goj\u00ebn e saj disa t\u00eb v\u00ebrteta trondit\u00ebse. Adelina Ismajli \u00ebsht\u00eb k\u00ebng\u00ebtarja p\u00ebr t\u00eb cil\u00ebn flitet gjithmon\u00eb, edhe kur nuk sjell di\u00e7ka t\u00eb re n\u00eb muzik\u00eb. Madje, lajmet jasht\u00eb muzik\u00ebs mbi t\u00eb shpesh kan\u00eb qen\u00eb edhe m\u00eb [&hellip;]<\/p>\n","protected":false},"author":1,"featured_media":0,"comment_status":"open","ping_status":"closed","sticky":false,"template":"","format":"standard","meta":{"spay_email":"","jetpack_publicize_message":"","jetpack_is_tweetstorm":false,"jetpack_publicize_feature_enabled":true},"categories":[1],"tags":[4988,19677,19806,16036,19514,19511,4684,19460],"jetpack_publicize_connections":[],"yoast_head":"<!-- This site is optimized with the Yoast SEO plugin v19.1 - https:\/\/yoast.com\/wordpress\/plugins\/seo\/ -->\n<title>Adelina Ismajli: Eksplozivin n\u00eb koncert ma vuri k\u00ebng\u00ebtarja e lidhur me politik\u00ebn - Video - Lajme nga Ulqini<\/title>\n<meta name=\"description\" content=\"Ka preferuar q\u00eb t\u00eb flas\u00eb hapur dhe pa asnj\u00eb ekuivok n\u00eb nj\u00eb program televiziv n\u00eb Kosov\u00eb, duke pohuar me goj\u00ebn e saj disa t\u00eb v\u00ebrteta trondit\u00ebse. Adelina\" \/>\n<meta name=\"robots\" content=\"index, follow, max-snippet:-1, max-image-preview:large, max-video-preview:-1\" \/>\n<link rel=\"canonical\" href=\"https:\/\/www.visit-ulcinj.com\/blog\/2012\/01\/28\/adelina-ismajli-eksplozivin-ne-koncert-ma-vuri-kengetarja-e-lidhur-me-politiken\/\" \/>\n<meta property=\"og:locale\" content=\"en_US\" \/>\n<meta property=\"og:type\" content=\"article\" \/>\n<meta property=\"og:title\" content=\"Adelina Ismajli: Eksplozivin n\u00eb koncert ma vuri k\u00ebng\u00ebtarja e lidhur me politik\u00ebn - Video - Lajme nga Ulqini\" \/>\n<meta property=\"og:description\" content=\"Ka preferuar q\u00eb t\u00eb flas\u00eb hapur dhe pa asnj\u00eb ekuivok n\u00eb nj\u00eb program televiziv n\u00eb Kosov\u00eb, duke pohuar me goj\u00ebn e saj disa t\u00eb v\u00ebrteta trondit\u00ebse. Adelina\" \/>\n<meta property=\"og:url\" content=\"https:\/\/www.visit-ulcinj.com\/blog\/2012\/01\/28\/adelina-ismajli-eksplozivin-ne-koncert-ma-vuri-kengetarja-e-lidhur-me-politiken\/\" \/>\n<meta property=\"og:site_name\" content=\"Lajme nga Ulqini\" \/>\n<meta property=\"article:published_time\" content=\"2012-01-28T18:40:56+00:00\" \/>\n<meta property=\"article:modified_time\" content=\"2012-01-28T18:50:27+00:00\" \/>\n<meta name=\"twitter:label1\" content=\"Written by\" \/>\n\t<meta name=\"twitter:data1\" content=\"ulqini\" \/>\n\t<meta name=\"twitter:label2\" content=\"Est. reading time\" \/>\n\t<meta name=\"twitter:data2\" content=\"3 minutes\" \/>\n<script type=\"application\/ld+json\" class=\"yoast-schema-graph\">{\"@context\":\"https:\/\/schema.org\",\"@graph\":[{\"@type\":\"WebSite\",\"@id\":\"https:\/\/www.visit-ulcinj.com\/blog\/#website\",\"url\":\"https:\/\/www.visit-ulcinj.com\/blog\/\",\"name\":\"Lajme nga Ulqini\",\"description\":\"Lajme,Vijesti,Ulqini,Ulqin,Crna Gora,Mali i Zi\",\"potentialAction\":[{\"@type\":\"SearchAction\",\"target\":{\"@type\":\"EntryPoint\",\"urlTemplate\":\"https:\/\/www.visit-ulcinj.com\/blog\/?s={search_term_string}\"},\"query-input\":\"required name=search_term_string\"}],\"inLanguage\":\"en-US\"},{\"@type\":\"WebPage\",\"@id\":\"https:\/\/www.visit-ulcinj.com\/blog\/2012\/01\/28\/adelina-ismajli-eksplozivin-ne-koncert-ma-vuri-kengetarja-e-lidhur-me-politiken\/#webpage\",\"url\":\"https:\/\/www.visit-ulcinj.com\/blog\/2012\/01\/28\/adelina-ismajli-eksplozivin-ne-koncert-ma-vuri-kengetarja-e-lidhur-me-politiken\/\",\"name\":\"Adelina Ismajli: Eksplozivin n\u00eb koncert ma vuri k\u00ebng\u00ebtarja e lidhur me politik\u00ebn - Video - Lajme nga Ulqini\",\"isPartOf\":{\"@id\":\"https:\/\/www.visit-ulcinj.com\/blog\/#website\"},\"datePublished\":\"2012-01-28T18:40:56+00:00\",\"dateModified\":\"2012-01-28T18:50:27+00:00\",\"author\":{\"@id\":\"https:\/\/www.visit-ulcinj.com\/blog\/#\/schema\/person\/dcab619c614d3038751c63bc2aadc06d\"},\"description\":\"Ka preferuar q\u00eb t\u00eb flas\u00eb hapur dhe pa asnj\u00eb ekuivok n\u00eb nj\u00eb program televiziv n\u00eb Kosov\u00eb, duke pohuar me goj\u00ebn e saj disa t\u00eb v\u00ebrteta trondit\u00ebse. Adelina\",\"breadcrumb\":{\"@id\":\"https:\/\/www.visit-ulcinj.com\/blog\/2012\/01\/28\/adelina-ismajli-eksplozivin-ne-koncert-ma-vuri-kengetarja-e-lidhur-me-politiken\/#breadcrumb\"},\"inLanguage\":\"en-US\",\"potentialAction\":[{\"@type\":\"ReadAction\",\"target\":[\"https:\/\/www.visit-ulcinj.com\/blog\/2012\/01\/28\/adelina-ismajli-eksplozivin-ne-koncert-ma-vuri-kengetarja-e-lidhur-me-politiken\/\"]}]},{\"@type\":\"BreadcrumbList\",\"@id\":\"https:\/\/www.visit-ulcinj.com\/blog\/2012\/01\/28\/adelina-ismajli-eksplozivin-ne-koncert-ma-vuri-kengetarja-e-lidhur-me-politiken\/#breadcrumb\",\"itemListElement\":[{\"@type\":\"ListItem\",\"position\":1,\"name\":\"Adelina Ismajli: Eksplozivin n\u00eb koncert ma vuri k\u00ebng\u00ebtarja e lidhur me politik\u00ebn &#8211; Video\"}]},{\"@type\":\"Person\",\"@id\":\"https:\/\/www.visit-ulcinj.com\/blog\/#\/schema\/person\/dcab619c614d3038751c63bc2aadc06d\",\"name\":\"ulqini\",\"sameAs\":[\"http:\/\/www.visit-ulcinj.com\"],\"url\":\"https:\/\/www.visit-ulcinj.com\/blog\/author\/admin\/\"}]}<\/script>\n<!-- \/ Yoast SEO plugin. -->","yoast_head_json":{"title":"Adelina Ismajli: Eksplozivin n\u00eb koncert ma vuri k\u00ebng\u00ebtarja e lidhur me politik\u00ebn - Video - Lajme nga Ulqini","description":"Ka preferuar q\u00eb t\u00eb flas\u00eb hapur dhe pa asnj\u00eb ekuivok n\u00eb nj\u00eb program televiziv n\u00eb Kosov\u00eb, duke pohuar me goj\u00ebn e saj disa t\u00eb v\u00ebrteta trondit\u00ebse. Adelina","robots":{"index":"index","follow":"follow","max-snippet":"max-snippet:-1","max-image-preview":"max-image-preview:large","max-video-preview":"max-video-preview:-1"},"canonical":"https:\/\/www.visit-ulcinj.com\/blog\/2012\/01\/28\/adelina-ismajli-eksplozivin-ne-koncert-ma-vuri-kengetarja-e-lidhur-me-politiken\/","og_locale":"en_US","og_type":"article","og_title":"Adelina Ismajli: Eksplozivin n\u00eb koncert ma vuri k\u00ebng\u00ebtarja e lidhur me politik\u00ebn - Video - Lajme nga Ulqini","og_description":"Ka preferuar q\u00eb t\u00eb flas\u00eb hapur dhe pa asnj\u00eb ekuivok n\u00eb nj\u00eb program televiziv n\u00eb Kosov\u00eb, duke pohuar me goj\u00ebn e saj disa t\u00eb v\u00ebrteta trondit\u00ebse. Adelina","og_url":"https:\/\/www.visit-ulcinj.com\/blog\/2012\/01\/28\/adelina-ismajli-eksplozivin-ne-koncert-ma-vuri-kengetarja-e-lidhur-me-politiken\/","og_site_name":"Lajme nga Ulqini","article_published_time":"2012-01-28T18:40:56+00:00","article_modified_time":"2012-01-28T18:50:27+00:00","twitter_misc":{"Written by":"ulqini","Est. reading time":"3 minutes"},"schema":{"@context":"https:\/\/schema.org","@graph":[{"@type":"WebSite","@id":"https:\/\/www.visit-ulcinj.com\/blog\/#website","url":"https:\/\/www.visit-ulcinj.com\/blog\/","name":"Lajme nga Ulqini","description":"Lajme,Vijesti,Ulqini,Ulqin,Crna Gora,Mali i Zi","potentialAction":[{"@type":"SearchAction","target":{"@type":"EntryPoint","urlTemplate":"https:\/\/www.visit-ulcinj.com\/blog\/?s={search_term_string}"},"query-input":"required name=search_term_string"}],"inLanguage":"en-US"},{"@type":"WebPage","@id":"https:\/\/www.visit-ulcinj.com\/blog\/2012\/01\/28\/adelina-ismajli-eksplozivin-ne-koncert-ma-vuri-kengetarja-e-lidhur-me-politiken\/#webpage","url":"https:\/\/www.visit-ulcinj.com\/blog\/2012\/01\/28\/adelina-ismajli-eksplozivin-ne-koncert-ma-vuri-kengetarja-e-lidhur-me-politiken\/","name":"Adelina Ismajli: Eksplozivin n\u00eb koncert ma vuri k\u00ebng\u00ebtarja e lidhur me politik\u00ebn - Video - Lajme nga Ulqini","isPartOf":{"@id":"https:\/\/www.visit-ulcinj.com\/blog\/#website"},"datePublished":"2012-01-28T18:40:56+00:00","dateModified":"2012-01-28T18:50:27+00:00","author":{"@id":"https:\/\/www.visit-ulcinj.com\/blog\/#\/schema\/person\/dcab619c614d3038751c63bc2aadc06d"},"description":"Ka preferuar q\u00eb t\u00eb flas\u00eb hapur dhe pa asnj\u00eb ekuivok n\u00eb nj\u00eb program televiziv n\u00eb Kosov\u00eb, duke pohuar me goj\u00ebn e saj disa t\u00eb v\u00ebrteta trondit\u00ebse. Adelina","breadcrumb":{"@id":"https:\/\/www.visit-ulcinj.com\/blog\/2012\/01\/28\/adelina-ismajli-eksplozivin-ne-koncert-ma-vuri-kengetarja-e-lidhur-me-politiken\/#breadcrumb"},"inLanguage":"en-US","potentialAction":[{"@type":"ReadAction","target":["https:\/\/www.visit-ulcinj.com\/blog\/2012\/01\/28\/adelina-ismajli-eksplozivin-ne-koncert-ma-vuri-kengetarja-e-lidhur-me-politiken\/"]}]},{"@type":"BreadcrumbList","@id":"https:\/\/www.visit-ulcinj.com\/blog\/2012\/01\/28\/adelina-ismajli-eksplozivin-ne-koncert-ma-vuri-kengetarja-e-lidhur-me-politiken\/#breadcrumb","itemListElement":[{"@type":"ListItem","position":1,"name":"Adelina Ismajli: Eksplozivin n\u00eb koncert ma vuri k\u00ebng\u00ebtarja e lidhur me politik\u00ebn &#8211; Video"}]},{"@type":"Person","@id":"https:\/\/www.visit-ulcinj.com\/blog\/#\/schema\/person\/dcab619c614d3038751c63bc2aadc06d","name":"ulqini","sameAs":["http:\/\/www.visit-ulcinj.com"],"url":"https:\/\/www.visit-ulcinj.com\/blog\/author\/admin\/"}]}},"jetpack_featured_media_url":"","jetpack_sharing_enabled":true,"jetpack_shortlink":"https:\/\/wp.me\/pe6lTn-eGQ","_links":{"self":[{"href":"https:\/\/www.visit-ulcinj.com\/blog\/wp-json\/wp\/v2\/posts\/56472"}],"collection":[{"href":"https:\/\/www.visit-ulcinj.com\/blog\/wp-json\/wp\/v2\/posts"}],"about":[{"href":"https:\/\/www.visit-ulcinj.com\/blog\/wp-json\/wp\/v2\/types\/post"}],"author":[{"embeddable":true,"href":"https:\/\/www.visit-ulcinj.com\/blog\/wp-json\/wp\/v2\/users\/1"}],"replies":[{"embeddable":true,"href":"https:\/\/www.visit-ulcinj.com\/blog\/wp-json\/wp\/v2\/comments?post=56472"}],"version-history":[{"count":5,"href":"https:\/\/www.visit-ulcinj.com\/blog\/wp-json\/wp\/v2\/posts\/56472\/revisions"}],"predecessor-version":[{"id":56478,"href":"https:\/\/www.visit-ulcinj.com\/blog\/wp-json\/wp\/v2\/posts\/56472\/revisions\/56478"}],"wp:attachment":[{"href":"https:\/\/www.visit-ulcinj.com\/blog\/wp-json\/wp\/v2\/media?parent=56472"}],"wp:term":[{"taxonomy":"category","embeddable":true,"href":"https:\/\/www.visit-ulcinj.com\/blog\/wp-json\/wp\/v2\/categories?post=56472"},{"taxonomy":"post_tag","embeddable":true,"href":"https:\/\/www.visit-ulcinj.com\/blog\/wp-json\/wp\/v2\/tags?post=56472"}],"curies":[{"name":"wp","href":"https:\/\/api.w.org\/{rel}","templated":true}]}}